{"id":2413,"date":"2026-07-10T11:59:35","date_gmt":"2026-07-10T14:59:35","guid":{"rendered":"https:\/\/www.encontrafeiradesantana.com.br\/sobre\/seinfra-identifica-danos-causados-por-obras-da-embasa-em-vias-do-centro-e-do-ponto-central\/"},"modified":"2026-07-10T11:59:35","modified_gmt":"2026-07-10T14:59:35","slug":"seinfra-identifica-danos-causados-por-obras-da-embasa-em-vias-do-centro-e-do-ponto-central","status":"publish","type":"post","link":"https:\/\/www.encontrafeiradesantana.com.br\/sobre\/seinfra-identifica-danos-causados-por-obras-da-embasa-em-vias-do-centro-e-do-ponto-central\/","title":{"rendered":"Seinfra identifica danos causados por obras da Embasa em vias do Centro e do Ponto Central"},"content":{"rendered":"<div class=\"3f468104ad11f00a3c9ac948316f4265\" data-index=\"1\" style=\"float: none; margin:0px;\">\n<ins class=\"adsbygoogle\"\r\n     style=\"display:block\"\r\n     data-ad-client=\"ca-pub-8585364105181520\"\r\n     data-ad-slot=\"8789329856\"\r\n     data-ad-format=\"auto\"\r\n     data-full-width-responsive=\"true\"><\/ins>\r\n<script>\r\n     (adsbygoogle = window.adsbygoogle || []).push({});\r\n<\/script>\r\n\n<\/div>\n<h2>O Que Aconteceu nas Vias?<\/h2>\n<p>No dia 19 de junho de 2026, a Secretaria Municipal de Infraestrutura (Seinfra) reportou a identifica\u00e7\u00e3o de danos significativos nas vias centrais de Feira de Santana. Essas situa\u00e7\u00f5es s\u00e3o resultado de interven\u00e7\u00f5es realizadas pela Empresa Baiana de \u00c1guas e Saneamento (Embasa) para o saneamento da rede de \u00e1gua, mas sem a devida recupera\u00e7\u00e3o das \u00e1reas impactadas. As ruas afetadas t\u00eam apresentado problemas que dificultam o tr\u00e1fego e a mobilidade urbana.<\/p>\n<h2>Relatos de Pedestres e Comerciantes<\/h2>\n<p>Os comerciantes e pedestres da rua Sales Barbosa, uma das principais do centro comercial, t\u00eam relatado as dificuldades enfrentadas ap\u00f3s as obras da Embasa. Segundo os moradores e trabalhadores da localidade, a falta de recomposi\u00e7\u00e3o do piso intertravado tem causado transtornos di\u00e1rios, dificultando a passagem e minando o fluxo de clientes para os estabelecimentos na \u00e1rea. A situa\u00e7\u00e3o \u00e9 alarmante e demanda a\u00e7\u00e3o imediata da empresa respons\u00e1vel.<\/p>\n<h2>A Resposta da Seinfra<\/h2>\n<p>Jo\u00e3o Vianey, o secret\u00e1rio municipal de Infraestrutura, destacou que o problema foi oficialmente comunicado \u00e0 Ag\u00eancia Reguladora de Feira de Santana, respons\u00e1vel por fiscalizar as atividades da Embasa. Vianey enfatizou que a prefeitura exige as devidas repara\u00e7\u00f5es nas vias afetadas e que a popula\u00e7\u00e3o n\u00e3o deve arcar com as consequ\u00eancias de interven\u00e7\u00f5es inacabadas.<\/p>\n<p><img decoding=\"async\" src=\"https:\/\/www.encontrafeiradesantana.com.br\/sobre\/wp-content\/uploads\/2026\/07\/seinfra-identifica-danos-causados-por-obras-da-embasa-em-vias-do-centro-e-do-ponto-central.webp\" alt=\"danos causados por obras da Embasa em vias do Centro\" loading=\"lazy\" \/><\/p>\n<h2>Interfer\u00eancias na Mobilidade Urbana<\/h2>\n<p>A interrup\u00e7\u00e3o do tr\u00e1fego fluido, devido a obras n\u00e3o finalizadas, reflete diretamente na mobilidade urbana da cidade. Vias essenciais como as ruas Cara\u00edbas, General Mendes Pereira e Jos\u00e9 Bonif\u00e1cio, localizadas no bairro Ponto Central, tamb\u00e9m foram afetadas. Com a realiza\u00e7\u00e3o de perfura\u00e7\u00f5es e interven\u00e7\u00f5es para solucionar vazamentos, a Embasa deixou trechos sem a necess\u00e1ria recupera\u00e7\u00e3o, criando um cen\u00e1rio de inseguran\u00e7a e desconforto para os motoristas e pedestres.<\/p>\n<h2>Recomposi\u00e7\u00e3o do Piso Intertravado<\/h2>\n<p>Na rua Sales Barbosa, a recomposi\u00e7\u00e3o do piso intertravado se tornou um ponto cr\u00edtico de discuss\u00e3o. A falta de medidas para restaurar a infraestrutura danificada impede que a \u00e1rea mantenha sua funcionalidade. O secret\u00e1rio de Infraestrutura refor\u00e7ou que o acompanhamento das a\u00e7\u00f5es da Embasa ser\u00e1 constante para garantir que as devidas melhorias sejam efetuadas o mais r\u00e1pido poss\u00edvel, visando a seguran\u00e7a dos cidad\u00e3os.<\/p>\n<h2>Impacto no Bairro Ponto Central<\/h2>\n<p>No bairro Ponto Central, os relatos de danos se estendem \u00e0s ruas respons\u00e1veis pela liga\u00e7\u00e3o entre diversos pontos da cidade. Os transtornos t\u00eam prejudicado tamb\u00e9m o com\u00e9rcio local, uma vez que a dificuldade no tr\u00e2nsito desestimula a visita\u00e7\u00e3o e o consumo nas lojas. O impacto negativo se faz sentir tanto no setor comercial, quanto na din\u00e2mica de vida dos moradores da regi\u00e3o.<\/p>\n<h2>Interven\u00e7\u00f5es e Vazamentos na Rede<\/h2>\n<p>As recentes interven\u00e7\u00f5es da Embasa t\u00eam sido direcionadas principalmente \u00e0 realiza\u00e7\u00e3o de servi\u00e7os que visam corrigir vazamentos na rede, no entanto, a falta de conclus\u00e3o das obras resulta em desdobramentos duvidosos. A equipe t\u00e9cnica da Seinfra observou que a empresa n\u00e3o est\u00e1 finalizando os trabalhos de recupera\u00e7\u00e3o das vias, deixando-as em um estado que compromete a mobilidade e a seguran\u00e7a.<\/p>\n<h2>Notifica\u00e7\u00e3o \u00e0 Ag\u00eancia Reguladora<\/h2>\n<p>Conforme o exposto pelo secret\u00e1rio Jo\u00e3o Vianey, a Ag\u00eancia Reguladora de Feira de Santana receber\u00e1 uma notifica\u00e7\u00e3o formal exigindo que a Embasa tome provid\u00eancias imediatas para resolver os danos causados. A expectativa \u00e9 que a regulamenta\u00e7\u00e3o e fiscaliza\u00e7\u00e3o das obras sejam intensificadas para evitar que situa\u00e7\u00f5es semelhantes ocorram futuramente.<\/p>\n<h2>Compromissos da Seinfra para o Futuro<\/h2>\n<p>A Secretaria de Infraestrutura tem se comprometido a acompanhar de perto todos os desdobramentos relacionados \u00e0s obras da Embasa. O objetivo \u00e9 garantir que todos os trabalhos sejam finalizados de forma adequada, assegurando n\u00e3o somente a qualidade das vias, mas tamb\u00e9m a satisfa\u00e7\u00e3o e seguran\u00e7a da popula\u00e7\u00e3o que utiliza esses espa\u00e7os diariamente.<\/p>\n<h2>A Import\u00e2ncia da Conclus\u00e3o das Obras<\/h2>\n<p>A conclus\u00e3o correta das obras \u00e9 fundamental n\u00e3o apenas para a preserva\u00e7\u00e3o da infraestrutura p\u00fablica, mas tamb\u00e9m para a manuten\u00e7\u00e3o da confian\u00e7a da popula\u00e7\u00e3o nas institui\u00e7\u00f5es. Envolver-se ativamente na fiscaliza\u00e7\u00e3o e garantir a pronta adequa\u00e7\u00e3o das condi\u00e7\u00f5es das vias p\u00fablicas \u00e9 um passo essencial para evitar transtornos e promover um ambiente mais seguro e acess\u00edvel para todos os cidad\u00e3os.<\/p>\n\n<div style=\"font-size: 0px; height: 0px; line-height: 0px; margin: 0; padding: 0; clear: both;\"><\/div>","protected":false},"excerpt":{"rendered":"<p>Seinfra aponta danos significativos em vias do Centro causados por interven\u00e7\u00f5es recentes.<\/p>\n","protected":false},"author":1,"featured_media":2412,"comment_status":"open","ping_status":"closed","sticky":false,"template":"","format":"standard","meta":{"footnotes":""},"categories":[6],"tags":[],"class_list":["post-2413","post","type-post","status-publish","format-standard","has-post-thumbnail","hentry","category-noticias-em-feira-de-santana","has_thumb"],"aioseo_notices":[],"aioseo_head":"\n\t\t<!-- All in One SEO 5.0.0.1 - aioseo.com -->\n\t<meta name=\"description\" content=\"Seinfra aponta danos significativos em vias do Centro causados por interven\u00e7\u00f5es recentes.\" \/>\n\t<meta name=\"robots\" content=\"max-image-preview:large\" \/>\n\t<meta name=\"author\" content=\"Encontra Feira de Santana\"\/>\n\t<link rel=\"canonical\" href=\"https:\/\/www.encontrafeiradesantana.com.br\/sobre\/seinfra-identifica-danos-causados-por-obras-da-embasa-em-vias-do-centro-e-do-ponto-central\/\" \/>\n\t<meta name=\"generator\" content=\"All in One SEO (AIOSEO) 5.0.0.1\" \/>\n\t\t<meta property=\"og:locale\" content=\"pt_BR\" \/>\n\t\t<meta property=\"og:site_name\" content=\"Encontra Feira de Santana | Not\u00edcias, eventos, informa\u00e7\u00f5es e dicas na cidade Feira de Santana e regi\u00e3o.\" \/>\n\t\t<meta property=\"og:type\" content=\"article\" \/>\n\t\t<meta property=\"og:title\" content=\"Seinfra identifica danos causados por obras da Embasa em vias do Centro e do Ponto Central | Encontra Feira de Santana\" \/>\n\t\t<meta property=\"og:description\" content=\"Seinfra aponta danos significativos em vias do Centro causados por interven\u00e7\u00f5es recentes.\" \/>\n\t\t<meta property=\"og:url\" content=\"https:\/\/www.encontrafeiradesantana.com.br\/sobre\/seinfra-identifica-danos-causados-por-obras-da-embasa-em-vias-do-centro-e-do-ponto-central\/\" \/>\n\t\t<meta property=\"article:published_time\" content=\"2026-07-10T14:59:35+00:00\" \/>\n\t\t<meta property=\"article:modified_time\" content=\"2026-07-10T14:59:35+00:00\" \/>\n\t\t<meta name=\"twitter:card\" content=\"summary\" \/>\n\t\t<meta name=\"twitter:title\" content=\"Seinfra identifica danos causados por obras da Embasa em vias do Centro e do Ponto Central | Encontra Feira de Santana\" \/>\n\t\t<meta name=\"twitter:description\" content=\"Seinfra aponta danos significativos em vias do Centro causados por interven\u00e7\u00f5es recentes.\" \/>\n\t\t<script type=\"application\/ld+json\" class=\"aioseo-schema\">\n\t\t\t{\"@context\":\"https:\\\/\\\/schema.org\",\"@graph\":[{\"@type\":\"Article\",\"@id\":\"https:\\\/\\\/www.encontrafeiradesantana.com.br\\\/sobre\\\/seinfra-identifica-danos-causados-por-obras-da-embasa-em-vias-do-centro-e-do-ponto-central\\\/#article\",\"name\":\"Seinfra identifica danos causados por obras da Embasa em vias do Centro e do Ponto Central | Encontra Feira de Santana\",\"headline\":\"Seinfra identifica danos causados por obras da Embasa em vias do Centro e do Ponto Central\",\"author\":{\"@id\":\"https:\\\/\\\/www.encontrafeiradesantana.com.br\\\/sobre\\\/author\\\/efeiradesantana\\\/#author\"},\"publisher\":{\"@id\":\"https:\\\/\\\/www.encontrafeiradesantana.com.br\\\/sobre\\\/#organization\"},\"image\":{\"@type\":\"ImageObject\",\"url\":\"https:\\\/\\\/www.encontrafeiradesantana.com.br\\\/sobre\\\/wp-content\\\/uploads\\\/2026\\\/07\\\/seinfra-identifica-danos-causados-por-obras-da-embasa-em-vias-do-centro-e-do-ponto-central.webp\",\"width\":280,\"height\":280,\"caption\":\"danos causados por obras da Embasa em vias do Centro\"},\"datePublished\":\"2026-07-10T11:59:35-03:00\",\"dateModified\":\"2026-07-10T11:59:35-03:00\",\"inLanguage\":\"pt-BR\",\"mainEntityOfPage\":{\"@id\":\"https:\\\/\\\/www.encontrafeiradesantana.com.br\\\/sobre\\\/seinfra-identifica-danos-causados-por-obras-da-embasa-em-vias-do-centro-e-do-ponto-central\\\/#webpage\"},\"isPartOf\":{\"@id\":\"https:\\\/\\\/www.encontrafeiradesantana.com.br\\\/sobre\\\/seinfra-identifica-danos-causados-por-obras-da-embasa-em-vias-do-centro-e-do-ponto-central\\\/#webpage\"},\"articleSection\":\"Not\\u00edcias Feira de Santana\"},{\"@type\":\"BreadcrumbList\",\"@id\":\"https:\\\/\\\/www.encontrafeiradesantana.com.br\\\/sobre\\\/seinfra-identifica-danos-causados-por-obras-da-embasa-em-vias-do-centro-e-do-ponto-central\\\/#breadcrumblist\",\"itemListElement\":[{\"@type\":\"ListItem\",\"@id\":\"https:\\\/\\\/www.encontrafeiradesantana.com.br\\\/sobre#listItem\",\"position\":1,\"name\":\"In\\u00edcio\",\"item\":\"https:\\\/\\\/www.encontrafeiradesantana.com.br\\\/sobre\",\"nextItem\":{\"@type\":\"ListItem\",\"@id\":\"https:\\\/\\\/www.encontrafeiradesantana.com.br\\\/sobre\\\/noticias-em-feira-de-santana\\\/#listItem\",\"name\":\"Not\\u00edcias Feira de Santana\"}},{\"@type\":\"ListItem\",\"@id\":\"https:\\\/\\\/www.encontrafeiradesantana.com.br\\\/sobre\\\/noticias-em-feira-de-santana\\\/#listItem\",\"position\":2,\"name\":\"Not\\u00edcias Feira de Santana\",\"item\":\"https:\\\/\\\/www.encontrafeiradesantana.com.br\\\/sobre\\\/noticias-em-feira-de-santana\\\/\",\"nextItem\":{\"@type\":\"ListItem\",\"@id\":\"https:\\\/\\\/www.encontrafeiradesantana.com.br\\\/sobre\\\/seinfra-identifica-danos-causados-por-obras-da-embasa-em-vias-do-centro-e-do-ponto-central\\\/#listItem\",\"name\":\"Seinfra identifica danos causados por obras da Embasa em vias do Centro e do Ponto Central\"},\"previousItem\":{\"@type\":\"ListItem\",\"@id\":\"https:\\\/\\\/www.encontrafeiradesantana.com.br\\\/sobre#listItem\",\"name\":\"In\\u00edcio\"}},{\"@type\":\"ListItem\",\"@id\":\"https:\\\/\\\/www.encontrafeiradesantana.com.br\\\/sobre\\\/seinfra-identifica-danos-causados-por-obras-da-embasa-em-vias-do-centro-e-do-ponto-central\\\/#listItem\",\"position\":3,\"name\":\"Seinfra identifica danos causados por obras da Embasa em vias do Centro e do Ponto Central\",\"previousItem\":{\"@type\":\"ListItem\",\"@id\":\"https:\\\/\\\/www.encontrafeiradesantana.com.br\\\/sobre\\\/noticias-em-feira-de-santana\\\/#listItem\",\"name\":\"Not\\u00edcias Feira de Santana\"}}]},{\"@type\":\"Organization\",\"@id\":\"https:\\\/\\\/www.encontrafeiradesantana.com.br\\\/sobre\\\/#organization\",\"name\":\"Encontra Feira de Santana\",\"description\":\"Not\\u00edcias, eventos, informa\\u00e7\\u00f5es e dicas na cidade Feira de Santana e regi\\u00e3o.\",\"url\":\"https:\\\/\\\/www.encontrafeiradesantana.com.br\\\/sobre\\\/\"},{\"@type\":\"Person\",\"@id\":\"https:\\\/\\\/www.encontrafeiradesantana.com.br\\\/sobre\\\/author\\\/efeiradesantana\\\/#author\",\"url\":\"https:\\\/\\\/www.encontrafeiradesantana.com.br\\\/sobre\\\/author\\\/efeiradesantana\\\/\",\"name\":\"Encontra Feira de Santana\",\"image\":{\"@type\":\"ImageObject\",\"@id\":\"https:\\\/\\\/www.encontrafeiradesantana.com.br\\\/sobre\\\/seinfra-identifica-danos-causados-por-obras-da-embasa-em-vias-do-centro-e-do-ponto-central\\\/#authorImage\",\"url\":\"https:\\\/\\\/secure.gravatar.com\\\/avatar\\\/507340682b8270222e1f208e23198b6ae7e2c6a1033ae84e99bc6bce4f82a387?s=96&d=mm&r=g\",\"width\":96,\"height\":96,\"caption\":\"Encontra Feira de Santana\"}},{\"@type\":\"WebPage\",\"@id\":\"https:\\\/\\\/www.encontrafeiradesantana.com.br\\\/sobre\\\/seinfra-identifica-danos-causados-por-obras-da-embasa-em-vias-do-centro-e-do-ponto-central\\\/#webpage\",\"url\":\"https:\\\/\\\/www.encontrafeiradesantana.com.br\\\/sobre\\\/seinfra-identifica-danos-causados-por-obras-da-embasa-em-vias-do-centro-e-do-ponto-central\\\/\",\"name\":\"Seinfra identifica danos causados por obras da Embasa em vias do Centro e do Ponto Central | Encontra Feira de Santana\",\"description\":\"Seinfra aponta danos significativos em vias do Centro causados por interven\\u00e7\\u00f5es recentes.\",\"inLanguage\":\"pt-BR\",\"isPartOf\":{\"@id\":\"https:\\\/\\\/www.encontrafeiradesantana.com.br\\\/sobre\\\/#website\"},\"breadcrumb\":{\"@id\":\"https:\\\/\\\/www.encontrafeiradesantana.com.br\\\/sobre\\\/seinfra-identifica-danos-causados-por-obras-da-embasa-em-vias-do-centro-e-do-ponto-central\\\/#breadcrumblist\"},\"author\":{\"@id\":\"https:\\\/\\\/www.encontrafeiradesantana.com.br\\\/sobre\\\/author\\\/efeiradesantana\\\/#author\"},\"creator\":{\"@id\":\"https:\\\/\\\/www.encontrafeiradesantana.com.br\\\/sobre\\\/author\\\/efeiradesantana\\\/#author\"},\"image\":{\"@type\":\"ImageObject\",\"url\":\"https:\\\/\\\/www.encontrafeiradesantana.com.br\\\/sobre\\\/wp-content\\\/uploads\\\/2026\\\/07\\\/seinfra-identifica-danos-causados-por-obras-da-embasa-em-vias-do-centro-e-do-ponto-central.webp\",\"@id\":\"https:\\\/\\\/www.encontrafeiradesantana.com.br\\\/sobre\\\/seinfra-identifica-danos-causados-por-obras-da-embasa-em-vias-do-centro-e-do-ponto-central\\\/#mainImage\",\"width\":280,\"height\":280,\"caption\":\"danos causados por obras da Embasa em vias do Centro\"},\"primaryImageOfPage\":{\"@id\":\"https:\\\/\\\/www.encontrafeiradesantana.com.br\\\/sobre\\\/seinfra-identifica-danos-causados-por-obras-da-embasa-em-vias-do-centro-e-do-ponto-central\\\/#mainImage\"},\"datePublished\":\"2026-07-10T11:59:35-03:00\",\"dateModified\":\"2026-07-10T11:59:35-03:00\"},{\"@type\":\"WebSite\",\"@id\":\"https:\\\/\\\/www.encontrafeiradesantana.com.br\\\/sobre\\\/#website\",\"url\":\"https:\\\/\\\/www.encontrafeiradesantana.com.br\\\/sobre\\\/\",\"name\":\"Encontra Feira de Santana\",\"description\":\"Not\\u00edcias, eventos, informa\\u00e7\\u00f5es e dicas na cidade Feira de Santana e regi\\u00e3o.\",\"inLanguage\":\"pt-BR\",\"publisher\":{\"@id\":\"https:\\\/\\\/www.encontrafeiradesantana.com.br\\\/sobre\\\/#organization\"}}]}\n\t\t<\/script>\n\t\t<!-- All in One SEO -->\n\n","aioseo_head_json":{"title":"Seinfra identifica danos causados por obras da Embasa em vias do Centro e do Ponto Central | Encontra Feira de Santana","description":"Seinfra aponta danos significativos em vias do Centro causados por interven\u00e7\u00f5es recentes.","canonical_url":"https:\/\/www.encontrafeiradesantana.com.br\/sobre\/seinfra-identifica-danos-causados-por-obras-da-embasa-em-vias-do-centro-e-do-ponto-central\/","robots":"max-image-preview:large","keywords":"","webmasterTools":{"miscellaneous":""},"schema":{"@context":"https:\/\/schema.org","@graph":[{"@type":"Article","@id":"https:\/\/www.encontrafeiradesantana.com.br\/sobre\/seinfra-identifica-danos-causados-por-obras-da-embasa-em-vias-do-centro-e-do-ponto-central\/#article","name":"Seinfra identifica danos causados por obras da Embasa em vias do Centro e do Ponto Central | Encontra Feira de Santana","headline":"Seinfra identifica danos causados por obras da Embasa em vias do Centro e do Ponto Central","author":{"@id":"https:\/\/www.encontrafeiradesantana.com.br\/sobre\/author\/efeiradesantana\/#author"},"publisher":{"@id":"https:\/\/www.encontrafeiradesantana.com.br\/sobre\/#organization"},"image":{"@type":"ImageObject","url":"https:\/\/www.encontrafeiradesantana.com.br\/sobre\/wp-content\/uploads\/2026\/07\/seinfra-identifica-danos-causados-por-obras-da-embasa-em-vias-do-centro-e-do-ponto-central.webp","width":280,"height":280,"caption":"danos causados por obras da Embasa em vias do Centro"},"datePublished":"2026-07-10T11:59:35-03:00","dateModified":"2026-07-10T11:59:35-03:00","inLanguage":"pt-BR","mainEntityOfPage":{"@id":"https:\/\/www.encontrafeiradesantana.com.br\/sobre\/seinfra-identifica-danos-causados-por-obras-da-embasa-em-vias-do-centro-e-do-ponto-central\/#webpage"},"isPartOf":{"@id":"https:\/\/www.encontrafeiradesantana.com.br\/sobre\/seinfra-identifica-danos-causados-por-obras-da-embasa-em-vias-do-centro-e-do-ponto-central\/#webpage"},"articleSection":"Not\u00edcias Feira de Santana"},{"@type":"BreadcrumbList","@id":"https:\/\/www.encontrafeiradesantana.com.br\/sobre\/seinfra-identifica-danos-causados-por-obras-da-embasa-em-vias-do-centro-e-do-ponto-central\/#breadcrumblist","itemListElement":[{"@type":"ListItem","@id":"https:\/\/www.encontrafeiradesantana.com.br\/sobre#listItem","position":1,"name":"In\u00edcio","item":"https:\/\/www.encontrafeiradesantana.com.br\/sobre","nextItem":{"@type":"ListItem","@id":"https:\/\/www.encontrafeiradesantana.com.br\/sobre\/noticias-em-feira-de-santana\/#listItem","name":"Not\u00edcias Feira de Santana"}},{"@type":"ListItem","@id":"https:\/\/www.encontrafeiradesantana.com.br\/sobre\/noticias-em-feira-de-santana\/#listItem","position":2,"name":"Not\u00edcias Feira de Santana","item":"https:\/\/www.encontrafeiradesantana.com.br\/sobre\/noticias-em-feira-de-santana\/","nextItem":{"@type":"ListItem","@id":"https:\/\/www.encontrafeiradesantana.com.br\/sobre\/seinfra-identifica-danos-causados-por-obras-da-embasa-em-vias-do-centro-e-do-ponto-central\/#listItem","name":"Seinfra identifica danos causados por obras da Embasa em vias do Centro e do Ponto Central"},"previousItem":{"@type":"ListItem","@id":"https:\/\/www.encontrafeiradesantana.com.br\/sobre#listItem","name":"In\u00edcio"}},{"@type":"ListItem","@id":"https:\/\/www.encontrafeiradesantana.com.br\/sobre\/seinfra-identifica-danos-causados-por-obras-da-embasa-em-vias-do-centro-e-do-ponto-central\/#listItem","position":3,"name":"Seinfra identifica danos causados por obras da Embasa em vias do Centro e do Ponto Central","previousItem":{"@type":"ListItem","@id":"https:\/\/www.encontrafeiradesantana.com.br\/sobre\/noticias-em-feira-de-santana\/#listItem","name":"Not\u00edcias Feira de Santana"}}]},{"@type":"Organization","@id":"https:\/\/www.encontrafeiradesantana.com.br\/sobre\/#organization","name":"Encontra Feira de Santana","description":"Not\u00edcias, eventos, informa\u00e7\u00f5es e dicas na cidade Feira de Santana e regi\u00e3o.","url":"https:\/\/www.encontrafeiradesantana.com.br\/sobre\/"},{"@type":"Person","@id":"https:\/\/www.encontrafeiradesantana.com.br\/sobre\/author\/efeiradesantana\/#author","url":"https:\/\/www.encontrafeiradesantana.com.br\/sobre\/author\/efeiradesantana\/","name":"Encontra Feira de Santana","image":{"@type":"ImageObject","@id":"https:\/\/www.encontrafeiradesantana.com.br\/sobre\/seinfra-identifica-danos-causados-por-obras-da-embasa-em-vias-do-centro-e-do-ponto-central\/#authorImage","url":"https:\/\/secure.gravatar.com\/avatar\/507340682b8270222e1f208e23198b6ae7e2c6a1033ae84e99bc6bce4f82a387?s=96&d=mm&r=g","width":96,"height":96,"caption":"Encontra Feira de Santana"}},{"@type":"WebPage","@id":"https:\/\/www.encontrafeiradesantana.com.br\/sobre\/seinfra-identifica-danos-causados-por-obras-da-embasa-em-vias-do-centro-e-do-ponto-central\/#webpage","url":"https:\/\/www.encontrafeiradesantana.com.br\/sobre\/seinfra-identifica-danos-causados-por-obras-da-embasa-em-vias-do-centro-e-do-ponto-central\/","name":"Seinfra identifica danos causados por obras da Embasa em vias do Centro e do Ponto Central | Encontra Feira de Santana","description":"Seinfra aponta danos significativos em vias do Centro causados por interven\u00e7\u00f5es recentes.","inLanguage":"pt-BR","isPartOf":{"@id":"https:\/\/www.encontrafeiradesantana.com.br\/sobre\/#website"},"breadcrumb":{"@id":"https:\/\/www.encontrafeiradesantana.com.br\/sobre\/seinfra-identifica-danos-causados-por-obras-da-embasa-em-vias-do-centro-e-do-ponto-central\/#breadcrumblist"},"author":{"@id":"https:\/\/www.encontrafeiradesantana.com.br\/sobre\/author\/efeiradesantana\/#author"},"creator":{"@id":"https:\/\/www.encontrafeiradesantana.com.br\/sobre\/author\/efeiradesantana\/#author"},"image":{"@type":"ImageObject","url":"https:\/\/www.encontrafeiradesantana.com.br\/sobre\/wp-content\/uploads\/2026\/07\/seinfra-identifica-danos-causados-por-obras-da-embasa-em-vias-do-centro-e-do-ponto-central.webp","@id":"https:\/\/www.encontrafeiradesantana.com.br\/sobre\/seinfra-identifica-danos-causados-por-obras-da-embasa-em-vias-do-centro-e-do-ponto-central\/#mainImage","width":280,"height":280,"caption":"danos causados por obras da Embasa em vias do Centro"},"primaryImageOfPage":{"@id":"https:\/\/www.encontrafeiradesantana.com.br\/sobre\/seinfra-identifica-danos-causados-por-obras-da-embasa-em-vias-do-centro-e-do-ponto-central\/#mainImage"},"datePublished":"2026-07-10T11:59:35-03:00","dateModified":"2026-07-10T11:59:35-03:00"},{"@type":"WebSite","@id":"https:\/\/www.encontrafeiradesantana.com.br\/sobre\/#website","url":"https:\/\/www.encontrafeiradesantana.com.br\/sobre\/","name":"Encontra Feira de Santana","description":"Not\u00edcias, eventos, informa\u00e7\u00f5es e dicas na cidade Feira de Santana e regi\u00e3o.","inLanguage":"pt-BR","publisher":{"@id":"https:\/\/www.encontrafeiradesantana.com.br\/sobre\/#organization"}}]},"og:locale":"pt_BR","og:site_name":"Encontra Feira de Santana | Not\u00edcias, eventos, informa\u00e7\u00f5es e dicas na cidade Feira de Santana e regi\u00e3o.","og:type":"article","og:title":"Seinfra identifica danos causados por obras da Embasa em vias do Centro e do Ponto Central | Encontra Feira de Santana","og:description":"Seinfra aponta danos significativos em vias do Centro causados por interven\u00e7\u00f5es recentes.","og:url":"https:\/\/www.encontrafeiradesantana.com.br\/sobre\/seinfra-identifica-danos-causados-por-obras-da-embasa-em-vias-do-centro-e-do-ponto-central\/","article:published_time":"2026-07-10T14:59:35+00:00","article:modified_time":"2026-07-10T14:59:35+00:00","twitter:card":"summary","twitter:title":"Seinfra identifica danos causados por obras da Embasa em vias do Centro e do Ponto Central | Encontra Feira de Santana","twitter:description":"Seinfra aponta danos significativos em vias do Centro causados por interven\u00e7\u00f5es recentes."},"aioseo_meta_data":{"post_id":"2413","title":null,"description":null,"keywords":null,"keyphrases":null,"primary_term":null,"canonical_url":null,"og_title":null,"og_description":null,"og_object_type":"default","og_image_type":"default","og_image_url":null,"og_image_width":null,"og_image_height":null,"og_image_custom_url":null,"og_image_custom_fields":null,"og_video":null,"og_custom_url":null,"og_article_section":null,"og_article_tags":null,"twitter_use_og":false,"twitter_card":"default","twitter_image_type":"default","twitter_image_url":null,"twitter_image_custom_url":null,"twitter_image_custom_fields":null,"twitter_title":null,"twitter_description":null,"schema":{"blockGraphs":[],"customGraphs":[],"default":{"data":{"Article":[],"Course":[],"Dataset":[],"FAQPage":[],"Movie":[],"Person":[],"Product":[],"ProductReview":[],"Car":[],"Recipe":[],"Service":[],"SoftwareApplication":[],"WebPage":[]},"graphName":"Article","isEnabled":true},"graphs":[]},"schema_type":"default","schema_type_options":null,"pillar_content":false,"robots_default":true,"robots_noindex":false,"robots_noarchive":false,"robots_nosnippet":false,"robots_nofollow":false,"robots_noimageindex":false,"robots_noodp":false,"robots_notranslate":false,"robots_max_snippet":null,"robots_max_videopreview":null,"robots_max_imagepreview":"large","priority":null,"frequency":null,"local_seo":null,"breadcrumb_settings":null,"limit_modified_date":false,"ai":null,"created":"2026-07-10 14:59:36","updated":"2026-07-10 15:00:38","focus_keyword":null,"additional_keywords":null,"truseo_locale":null,"seo_analyzer_scan_date":null},"aioseo_breadcrumb":"<div class=\"aioseo-breadcrumbs\"><span class=\"aioseo-breadcrumb\">\n\t\t\t<a href=\"https:\/\/www.encontrafeiradesantana.com.br\/sobre\" title=\"In\u00edcio\">In\u00edcio<\/a>\n\t\t<\/span><span class=\"aioseo-breadcrumb-separator\">&raquo;<\/span><span class=\"aioseo-breadcrumb\">\n\t\t\t<a href=\"https:\/\/www.encontrafeiradesantana.com.br\/sobre\/noticias-em-feira-de-santana\/\" title=\"Not\u00edcias Feira de Santana\">Not\u00edcias Feira de Santana<\/a>\n\t\t<\/span><span class=\"aioseo-breadcrumb-separator\">&raquo;<\/span><span class=\"aioseo-breadcrumb\">\n\t\t\tSeinfra identifica danos causados por obras da Embasa em vias do Centro e do Ponto Central\n\t\t<\/span><\/div>","aioseo_breadcrumb_json":[{"label":"In\u00edcio","link":"https:\/\/www.encontrafeiradesantana.com.br\/sobre"},{"label":"Not\u00edcias Feira de Santana","link":"https:\/\/www.encontrafeiradesantana.com.br\/sobre\/noticias-em-feira-de-santana\/"},{"label":"Seinfra identifica danos causados por obras da Embasa em vias do Centro e do Ponto Central","link":"https:\/\/www.encontrafeiradesantana.com.br\/sobre\/seinfra-identifica-danos-causados-por-obras-da-embasa-em-vias-do-centro-e-do-ponto-central\/"}],"_links":{"self":[{"href":"https:\/\/www.encontrafeiradesantana.com.br\/sobre\/wp-json\/wp\/v2\/posts\/2413","targetHints":{"allow":["GET"]}}],"collection":[{"href":"https:\/\/www.encontrafeiradesantana.com.br\/sobre\/wp-json\/wp\/v2\/posts"}],"about":[{"href":"https:\/\/www.encontrafeiradesantana.com.br\/sobre\/wp-json\/wp\/v2\/types\/post"}],"author":[{"embeddable":true,"href":"https:\/\/www.encontrafeiradesantana.com.br\/sobre\/wp-json\/wp\/v2\/users\/1"}],"replies":[{"embeddable":true,"href":"https:\/\/www.encontrafeiradesantana.com.br\/sobre\/wp-json\/wp\/v2\/comments?post=2413"}],"version-history":[{"count":0,"href":"https:\/\/www.encontrafeiradesantana.com.br\/sobre\/wp-json\/wp\/v2\/posts\/2413\/revisions"}],"wp:featuredmedia":[{"embeddable":true,"href":"https:\/\/www.encontrafeiradesantana.com.br\/sobre\/wp-json\/wp\/v2\/media\/2412"}],"wp:attachment":[{"href":"https:\/\/www.encontrafeiradesantana.com.br\/sobre\/wp-json\/wp\/v2\/media?parent=2413"}],"wp:term":[{"taxonomy":"category","embeddable":true,"href":"https:\/\/www.encontrafeiradesantana.com.br\/sobre\/wp-json\/wp\/v2\/categories?post=2413"},{"taxonomy":"post_tag","embeddable":true,"href":"https:\/\/www.encontrafeiradesantana.com.br\/sobre\/wp-json\/wp\/v2\/tags?post=2413"}],"curies":[{"name":"wp","href":"https:\/\/api.w.org\/{rel}","templated":true}]}}