{"id":2411,"date":"2026-07-10T11:58:24","date_gmt":"2026-07-10T14:58:24","guid":{"rendered":"https:\/\/www.encontrafeiradesantana.com.br\/sobre\/settdec-projeta-acordos-internacionais-para-impulsionar-ecossistema-de-inovacao-em-feira\/"},"modified":"2026-07-10T11:58:24","modified_gmt":"2026-07-10T14:58:24","slug":"settdec-projeta-acordos-internacionais-para-impulsionar-ecossistema-de-inovacao-em-feira","status":"publish","type":"post","link":"https:\/\/www.encontrafeiradesantana.com.br\/sobre\/settdec-projeta-acordos-internacionais-para-impulsionar-ecossistema-de-inovacao-em-feira\/","title":{"rendered":"Settdec projeta acordos internacionais para impulsionar ecossistema de inova\u00e7\u00e3o em Feira"},"content":{"rendered":"<div class=\"3f468104ad11f00a3c9ac948316f4265\" data-index=\"1\" style=\"float: none; margin:0px;\">\n<ins class=\"adsbygoogle\"\r\n     style=\"display:block\"\r\n     data-ad-client=\"ca-pub-8585364105181520\"\r\n     data-ad-slot=\"8789329856\"\r\n     data-ad-format=\"auto\"\r\n     data-full-width-responsive=\"true\"><\/ins>\r\n<script>\r\n     (adsbygoogle = window.adsbygoogle || []).push({});\r\n<\/script>\r\n\n<\/div>\n<h2>O que \u00e9 a Settdec e sua miss\u00e3o<\/h2>\n<p>A Secretaria Municipal de Trabalho, Turismo e Desenvolvimento Econ\u00f4mico (SETTDEC) tem como principal objetivo promover o desenvolvimento econ\u00f4mico e social em Feira de Santana. Seu papel \u00e9 fundamental na articula\u00e7\u00e3o entre os setores p\u00fablico e privado, al\u00e9m de buscar parcerias que possam beneficiar a economia local. A miss\u00e3o daSETTDEC \u00e9 fomentar um ambiente prop\u00edcio para a inova\u00e7\u00e3o e atrair investimentos que fortale\u00e7am o com\u00e9rcio, o turismo e o setor produtivo da regi\u00e3o.<\/p>\n<h2>Import\u00e2ncia da inova\u00e7\u00e3o para Feira de Santana<\/h2>\n<p>Inova\u00e7\u00e3o \u00e9 uma palavra-chave no desenvolvimento econ\u00f4mico. Em Feira de Santana, a inova\u00e7\u00e3o desempenha um papel crucial na capacidade das empresas de se adaptarem \u00e0s novas demandas e tecnologias do mercado. A cidade, ao investir em inova\u00e7\u00e3o, proporciona oportunidades para o surgimento de novas empresas, o aumento da competitividade e a melhoria da qualidade de vida dos seus habitantes. Al\u00e9m disso, a inova\u00e7\u00e3o contribui para a diversifica\u00e7\u00e3o da economia, tornando-a menos vulner\u00e1vel a crises setoriais.<\/p>\n<h2>Como os acordos internacionais podem ajudar<\/h2>\n<p>Os acordos internacionais representam uma oportunidade valiosa para Feira de Santana expandir seu horizonte econ\u00f4mico. Eles podem facilitar a entrada de empresas internacionais na regi\u00e3o, trazendo tecnologias e conhecimentos que podem ser adaptados ao contexto local. Tais acordos estimulam a troca de experi\u00eancias e a realiza\u00e7\u00e3o de projetos conjuntos, fortalecendo o ecossistema de inova\u00e7\u00e3o e contribuindo para a atra\u00e7\u00e3o de investimentos. A coopera\u00e7\u00e3o t\u00e9cnica, promovida por esses acordos, \u00e9 essencial para o desenvolvimento de habilidades e compet\u00eancias que a m\u00e3o de obra local precisa para se destacar no mercado global.<\/p>\n<p><img decoding=\"async\" src=\"https:\/\/www.encontrafeiradesantana.com.br\/sobre\/wp-content\/uploads\/2026\/07\/settdec-projeta-acordos-internacionais-para-impulsionar-ecossistema-de-inovacao-em-feira.webp\" alt=\"Settdec\" loading=\"lazy\" \/><\/p>\n<h2>Participa\u00e7\u00e3o do setor p\u00fablico no evento<\/h2>\n<p>A participa\u00e7\u00e3o do setor p\u00fablico em eventos voltados \u00e0 coopera\u00e7\u00e3o internacional \u00e9 de suma import\u00e2ncia para a constru\u00e7\u00e3o de uma rede de contatos e para o fortalecimento das pol\u00edticas locais. No \u00faltimo encontro realizado em Feira de Santana, a Prefeitura, por meio da SETTDEC, esteve representada por Moema Franco, a diretora da secretaria. Sua presen\u00e7a foi significativa para demonstrar o comprometimento do munic\u00edpio em estabelecer parcerias que promovam o desenvolvimento. O setor p\u00fablico atua n\u00e3o s\u00f3 como facilitador, mas tamb\u00e9m como mediador entre as iniciativas privadas e o corpo acad\u00eamico, garantindo que os interesses locais sejam sempre considerados nas tratativas.<\/p>\n<h2>Expectativas para o ecossistema de inova\u00e7\u00e3o<\/h2>\n<p>Com as intera\u00e7\u00f5es recentes realizadas entre a C\u00e2mara de Com\u00e9rcio e Ind\u00fastria Norte e Nordeste\u2013Israel e a Prefeitura de Feira de Santana, h\u00e1 uma expectativa crescente em torno do avan\u00e7o do ecossistema de inova\u00e7\u00e3o. As reuni\u00f5es trazem a esperan\u00e7a de assinatura de memorandos de entendimento que poder\u00e3o concretizar parcerias duradouras. A expectativa \u00e9 que esses acordos resultem na cria\u00e7\u00e3o de incubadoras de empresas e em projetos que englobem diferentes setores, contribuindo para a forma\u00e7\u00e3o de um ambiente vibrante e repleto de oportunidades para empreendedores locais e novos investidores.<\/p>\n<h2>Parcerias com universidades locais<\/h2>\n<p>As universidades desempenham um papel essencial no fomento \u00e0 inova\u00e7\u00e3o. A aproxima\u00e7\u00e3o da SETTDEC com institui\u00e7\u00f5es de ensino superior pode resultar em projetos de pesquisa e desenvolvimento que tragam solu\u00e7\u00f5es criativas para desafios locais. A colabora\u00e7\u00e3o entre o setor p\u00fablico e as universidades pode potencializar o conhecimento acad\u00eamico, transformando-o em inova\u00e7\u00f5es pr\u00e1ticas que atendam \u00e0s demandas do mercado. Al\u00e9m disso, essa parceria proporciona um ambiente de aprendizado que incentiva os estudantes a se adaptarem ao mercado de trabalho, criando uma for\u00e7a de trabalho mais qualificada.<\/p>\n<h2>Proje\u00e7\u00f5es de investimentos e tecnologia<\/h2>\n<p>As proje\u00e7\u00f5es de investimentos em Feira de Santana est\u00e3o cada vez mais positivas com o fortalecimento das parcerias e acordos internacionais. A cidade tem se mostrado um polo atrativo para investimentos em tecnologia e inova\u00e7\u00e3o. A expectativa de crescimento no setor \u00e9 alta, o que pode levar \u00e0 cria\u00e7\u00e3o de novos empregos e ao aumento da receita municipal. A atra\u00e7\u00e3o de empresas de tecnologia \u00e9 crucial, pois n\u00e3o apenas gera emprego, mas tamb\u00e9m impulsiona a moderniza\u00e7\u00e3o dos servi\u00e7os p\u00fablicos e do setor produtivo, melhorando a competitividade da cidade.<\/p>\n<h2>Desenvolvimento econ\u00f4mico na regi\u00e3o<\/h2>\n<p>O desenvolvimento econ\u00f4mico de Feira de Santana passa pela melhoria da infraestrutura, capacita\u00e7\u00e3o profissional e atra\u00e7\u00e3o de talentos. Iniciativas que promovam o desenvolvimento sustent\u00e1vel e o uso respons\u00e1vel dos recursos s\u00e3o fundamentais para garantir que o crescimento econ\u00f4mico aconte\u00e7a de forma equilibrada. As a\u00e7\u00f5es da SETTDEC, aliadas ao surgimento de novas startups, visam transformar a cidade em um centro de inova\u00e7\u00f5es, rivalizando com outras regi\u00f5es do pa\u00eds que j\u00e1 se destacam nesse campo.<\/p>\n<h2>Entrevista com a diretora Moema Franco<\/h2>\n<p>Durante o encontro, a diretora Moema Franco destacou a import\u00e2ncia da colabora\u00e7\u00e3o entre diferentes setores para alcan\u00e7ar os objetivos propostos. Para ela, &#8220;a aproxima\u00e7\u00e3o com a C\u00e2mara de Com\u00e9rcio \u00e9 um passo vital para o fortalecimento das pequenas e m\u00e9dias empresas. Isto n\u00e3o s\u00f3 alavanca a inova\u00e7\u00e3o, mas prepara o terreno para que novas tecnologias sejam implementadas em nossa cidade&#8221;. Sua vis\u00e3o otimista reflete um comprometimento em transformar Feira de Santana em um hub de inova\u00e7\u00f5es, o que s\u00f3 ser\u00e1 poss\u00edvel com a participa\u00e7\u00e3o ativa de todos os envolvidos.<\/p>\n<h2>Pr\u00f3ximos passos para a implementa\u00e7\u00e3o dos acordos<\/h2>\n<p>Os pr\u00f3ximos passos para a implementa\u00e7\u00e3o dos acordos discutidos incluem a formaliza\u00e7\u00e3o dos memorandos de entendimento e a defini\u00e7\u00e3o de um cronograma de a\u00e7\u00f5es. \u00c9 fundamental que todos os stakeholders estejam envolvidos nesse processo para garantir a efetividade das parcerias estabelecidas. A transpar\u00eancia nas negocia\u00e7\u00f5es e a presta\u00e7\u00e3o de contas ser\u00e3o essenciais para manter a confian\u00e7a entre as partes e o suporte da comunidade local. A expectativa \u00e9 que, com o apoio cont\u00ednuo do setor p\u00fablico e de iniciativas privadas, Feira de Santana possa colher os frutos dessas tratativas nos pr\u00f3ximos meses.<\/p>\n\n<div style=\"font-size: 0px; height: 0px; line-height: 0px; margin: 0; padding: 0; clear: both;\"><\/div>","protected":false},"excerpt":{"rendered":"<p>Settdec promove acordos internacionais para fortalecer a inova\u00e7\u00e3o em Feira de Santana.<\/p>\n","protected":false},"author":1,"featured_media":2410,"comment_status":"open","ping_status":"closed","sticky":false,"template":"","format":"standard","meta":{"footnotes":""},"categories":[26],"tags":[],"class_list":["post-2411","post","type-post","status-publish","format-standard","has-post-thumbnail","hentry","category-cultura-em-feira-de-santana","has_thumb"],"aioseo_notices":[],"aioseo_head":"\n\t\t<!-- All in One SEO 5.0.0.1 - aioseo.com -->\n\t<meta name=\"description\" content=\"Settdec promove acordos internacionais para fortalecer a inova\u00e7\u00e3o em Feira de Santana.\" \/>\n\t<meta name=\"robots\" content=\"max-image-preview:large\" \/>\n\t<meta name=\"author\" content=\"Encontra Feira de Santana\"\/>\n\t<link rel=\"canonical\" href=\"https:\/\/www.encontrafeiradesantana.com.br\/sobre\/settdec-projeta-acordos-internacionais-para-impulsionar-ecossistema-de-inovacao-em-feira\/\" \/>\n\t<meta name=\"generator\" content=\"All in One SEO (AIOSEO) 5.0.0.1\" \/>\n\t\t<meta property=\"og:locale\" content=\"pt_BR\" \/>\n\t\t<meta property=\"og:site_name\" content=\"Encontra Feira de Santana | Not\u00edcias, eventos, informa\u00e7\u00f5es e dicas na cidade Feira de Santana e regi\u00e3o.\" \/>\n\t\t<meta property=\"og:type\" content=\"article\" \/>\n\t\t<meta property=\"og:title\" content=\"Settdec projeta acordos internacionais para impulsionar ecossistema de inova\u00e7\u00e3o em Feira | Encontra Feira de Santana\" \/>\n\t\t<meta property=\"og:description\" content=\"Settdec promove acordos internacionais para fortalecer a inova\u00e7\u00e3o em Feira de Santana.\" \/>\n\t\t<meta property=\"og:url\" content=\"https:\/\/www.encontrafeiradesantana.com.br\/sobre\/settdec-projeta-acordos-internacionais-para-impulsionar-ecossistema-de-inovacao-em-feira\/\" \/>\n\t\t<meta property=\"article:published_time\" content=\"2026-07-10T14:58:24+00:00\" \/>\n\t\t<meta property=\"article:modified_time\" content=\"2026-07-10T14:58:24+00:00\" \/>\n\t\t<meta name=\"twitter:card\" content=\"summary\" \/>\n\t\t<meta name=\"twitter:title\" content=\"Settdec projeta acordos internacionais para impulsionar ecossistema de inova\u00e7\u00e3o em Feira | Encontra Feira de Santana\" \/>\n\t\t<meta name=\"twitter:description\" content=\"Settdec promove acordos internacionais para fortalecer a inova\u00e7\u00e3o em Feira de Santana.\" \/>\n\t\t<script type=\"application\/ld+json\" class=\"aioseo-schema\">\n\t\t\t{\"@context\":\"https:\\\/\\\/schema.org\",\"@graph\":[{\"@type\":\"Article\",\"@id\":\"https:\\\/\\\/www.encontrafeiradesantana.com.br\\\/sobre\\\/settdec-projeta-acordos-internacionais-para-impulsionar-ecossistema-de-inovacao-em-feira\\\/#article\",\"name\":\"Settdec projeta acordos internacionais para impulsionar ecossistema de inova\\u00e7\\u00e3o em Feira | Encontra Feira de Santana\",\"headline\":\"Settdec projeta acordos internacionais para impulsionar ecossistema de inova\\u00e7\\u00e3o em Feira\",\"author\":{\"@id\":\"https:\\\/\\\/www.encontrafeiradesantana.com.br\\\/sobre\\\/author\\\/efeiradesantana\\\/#author\"},\"publisher\":{\"@id\":\"https:\\\/\\\/www.encontrafeiradesantana.com.br\\\/sobre\\\/#organization\"},\"image\":{\"@type\":\"ImageObject\",\"url\":\"https:\\\/\\\/www.encontrafeiradesantana.com.br\\\/sobre\\\/wp-content\\\/uploads\\\/2026\\\/07\\\/settdec-projeta-acordos-internacionais-para-impulsionar-ecossistema-de-inovacao-em-feira.webp\",\"width\":280,\"height\":280,\"caption\":\"Settdec\"},\"datePublished\":\"2026-07-10T11:58:24-03:00\",\"dateModified\":\"2026-07-10T11:58:24-03:00\",\"inLanguage\":\"pt-BR\",\"mainEntityOfPage\":{\"@id\":\"https:\\\/\\\/www.encontrafeiradesantana.com.br\\\/sobre\\\/settdec-projeta-acordos-internacionais-para-impulsionar-ecossistema-de-inovacao-em-feira\\\/#webpage\"},\"isPartOf\":{\"@id\":\"https:\\\/\\\/www.encontrafeiradesantana.com.br\\\/sobre\\\/settdec-projeta-acordos-internacionais-para-impulsionar-ecossistema-de-inovacao-em-feira\\\/#webpage\"},\"articleSection\":\"Cultura Feira de Santana\"},{\"@type\":\"BreadcrumbList\",\"@id\":\"https:\\\/\\\/www.encontrafeiradesantana.com.br\\\/sobre\\\/settdec-projeta-acordos-internacionais-para-impulsionar-ecossistema-de-inovacao-em-feira\\\/#breadcrumblist\",\"itemListElement\":[{\"@type\":\"ListItem\",\"@id\":\"https:\\\/\\\/www.encontrafeiradesantana.com.br\\\/sobre#listItem\",\"position\":1,\"name\":\"In\\u00edcio\",\"item\":\"https:\\\/\\\/www.encontrafeiradesantana.com.br\\\/sobre\",\"nextItem\":{\"@type\":\"ListItem\",\"@id\":\"https:\\\/\\\/www.encontrafeiradesantana.com.br\\\/sobre\\\/cultura-em-feira-de-santana\\\/#listItem\",\"name\":\"Cultura Feira de Santana\"}},{\"@type\":\"ListItem\",\"@id\":\"https:\\\/\\\/www.encontrafeiradesantana.com.br\\\/sobre\\\/cultura-em-feira-de-santana\\\/#listItem\",\"position\":2,\"name\":\"Cultura Feira de Santana\",\"item\":\"https:\\\/\\\/www.encontrafeiradesantana.com.br\\\/sobre\\\/cultura-em-feira-de-santana\\\/\",\"nextItem\":{\"@type\":\"ListItem\",\"@id\":\"https:\\\/\\\/www.encontrafeiradesantana.com.br\\\/sobre\\\/settdec-projeta-acordos-internacionais-para-impulsionar-ecossistema-de-inovacao-em-feira\\\/#listItem\",\"name\":\"Settdec projeta acordos internacionais para impulsionar ecossistema de inova\\u00e7\\u00e3o em Feira\"},\"previousItem\":{\"@type\":\"ListItem\",\"@id\":\"https:\\\/\\\/www.encontrafeiradesantana.com.br\\\/sobre#listItem\",\"name\":\"In\\u00edcio\"}},{\"@type\":\"ListItem\",\"@id\":\"https:\\\/\\\/www.encontrafeiradesantana.com.br\\\/sobre\\\/settdec-projeta-acordos-internacionais-para-impulsionar-ecossistema-de-inovacao-em-feira\\\/#listItem\",\"position\":3,\"name\":\"Settdec projeta acordos internacionais para impulsionar ecossistema de inova\\u00e7\\u00e3o em Feira\",\"previousItem\":{\"@type\":\"ListItem\",\"@id\":\"https:\\\/\\\/www.encontrafeiradesantana.com.br\\\/sobre\\\/cultura-em-feira-de-santana\\\/#listItem\",\"name\":\"Cultura Feira de Santana\"}}]},{\"@type\":\"Organization\",\"@id\":\"https:\\\/\\\/www.encontrafeiradesantana.com.br\\\/sobre\\\/#organization\",\"name\":\"Encontra Feira de Santana\",\"description\":\"Not\\u00edcias, eventos, informa\\u00e7\\u00f5es e dicas na cidade Feira de Santana e regi\\u00e3o.\",\"url\":\"https:\\\/\\\/www.encontrafeiradesantana.com.br\\\/sobre\\\/\"},{\"@type\":\"Person\",\"@id\":\"https:\\\/\\\/www.encontrafeiradesantana.com.br\\\/sobre\\\/author\\\/efeiradesantana\\\/#author\",\"url\":\"https:\\\/\\\/www.encontrafeiradesantana.com.br\\\/sobre\\\/author\\\/efeiradesantana\\\/\",\"name\":\"Encontra Feira de Santana\",\"image\":{\"@type\":\"ImageObject\",\"@id\":\"https:\\\/\\\/www.encontrafeiradesantana.com.br\\\/sobre\\\/settdec-projeta-acordos-internacionais-para-impulsionar-ecossistema-de-inovacao-em-feira\\\/#authorImage\",\"url\":\"https:\\\/\\\/secure.gravatar.com\\\/avatar\\\/507340682b8270222e1f208e23198b6ae7e2c6a1033ae84e99bc6bce4f82a387?s=96&d=mm&r=g\",\"width\":96,\"height\":96,\"caption\":\"Encontra Feira de Santana\"}},{\"@type\":\"WebPage\",\"@id\":\"https:\\\/\\\/www.encontrafeiradesantana.com.br\\\/sobre\\\/settdec-projeta-acordos-internacionais-para-impulsionar-ecossistema-de-inovacao-em-feira\\\/#webpage\",\"url\":\"https:\\\/\\\/www.encontrafeiradesantana.com.br\\\/sobre\\\/settdec-projeta-acordos-internacionais-para-impulsionar-ecossistema-de-inovacao-em-feira\\\/\",\"name\":\"Settdec projeta acordos internacionais para impulsionar ecossistema de inova\\u00e7\\u00e3o em Feira | Encontra Feira de Santana\",\"description\":\"Settdec promove acordos internacionais para fortalecer a inova\\u00e7\\u00e3o em Feira de Santana.\",\"inLanguage\":\"pt-BR\",\"isPartOf\":{\"@id\":\"https:\\\/\\\/www.encontrafeiradesantana.com.br\\\/sobre\\\/#website\"},\"breadcrumb\":{\"@id\":\"https:\\\/\\\/www.encontrafeiradesantana.com.br\\\/sobre\\\/settdec-projeta-acordos-internacionais-para-impulsionar-ecossistema-de-inovacao-em-feira\\\/#breadcrumblist\"},\"author\":{\"@id\":\"https:\\\/\\\/www.encontrafeiradesantana.com.br\\\/sobre\\\/author\\\/efeiradesantana\\\/#author\"},\"creator\":{\"@id\":\"https:\\\/\\\/www.encontrafeiradesantana.com.br\\\/sobre\\\/author\\\/efeiradesantana\\\/#author\"},\"image\":{\"@type\":\"ImageObject\",\"url\":\"https:\\\/\\\/www.encontrafeiradesantana.com.br\\\/sobre\\\/wp-content\\\/uploads\\\/2026\\\/07\\\/settdec-projeta-acordos-internacionais-para-impulsionar-ecossistema-de-inovacao-em-feira.webp\",\"@id\":\"https:\\\/\\\/www.encontrafeiradesantana.com.br\\\/sobre\\\/settdec-projeta-acordos-internacionais-para-impulsionar-ecossistema-de-inovacao-em-feira\\\/#mainImage\",\"width\":280,\"height\":280,\"caption\":\"Settdec\"},\"primaryImageOfPage\":{\"@id\":\"https:\\\/\\\/www.encontrafeiradesantana.com.br\\\/sobre\\\/settdec-projeta-acordos-internacionais-para-impulsionar-ecossistema-de-inovacao-em-feira\\\/#mainImage\"},\"datePublished\":\"2026-07-10T11:58:24-03:00\",\"dateModified\":\"2026-07-10T11:58:24-03:00\"},{\"@type\":\"WebSite\",\"@id\":\"https:\\\/\\\/www.encontrafeiradesantana.com.br\\\/sobre\\\/#website\",\"url\":\"https:\\\/\\\/www.encontrafeiradesantana.com.br\\\/sobre\\\/\",\"name\":\"Encontra Feira de Santana\",\"description\":\"Not\\u00edcias, eventos, informa\\u00e7\\u00f5es e dicas na cidade Feira de Santana e regi\\u00e3o.\",\"inLanguage\":\"pt-BR\",\"publisher\":{\"@id\":\"https:\\\/\\\/www.encontrafeiradesantana.com.br\\\/sobre\\\/#organization\"}}]}\n\t\t<\/script>\n\t\t<!-- All in One SEO -->\n\n","aioseo_head_json":{"title":"Settdec projeta acordos internacionais para impulsionar ecossistema de inova\u00e7\u00e3o em Feira | Encontra Feira de Santana","description":"Settdec promove acordos internacionais para fortalecer a inova\u00e7\u00e3o em Feira de Santana.","canonical_url":"https:\/\/www.encontrafeiradesantana.com.br\/sobre\/settdec-projeta-acordos-internacionais-para-impulsionar-ecossistema-de-inovacao-em-feira\/","robots":"max-image-preview:large","keywords":"","webmasterTools":{"miscellaneous":""},"schema":{"@context":"https:\/\/schema.org","@graph":[{"@type":"Article","@id":"https:\/\/www.encontrafeiradesantana.com.br\/sobre\/settdec-projeta-acordos-internacionais-para-impulsionar-ecossistema-de-inovacao-em-feira\/#article","name":"Settdec projeta acordos internacionais para impulsionar ecossistema de inova\u00e7\u00e3o em Feira | Encontra Feira de Santana","headline":"Settdec projeta acordos internacionais para impulsionar ecossistema de inova\u00e7\u00e3o em Feira","author":{"@id":"https:\/\/www.encontrafeiradesantana.com.br\/sobre\/author\/efeiradesantana\/#author"},"publisher":{"@id":"https:\/\/www.encontrafeiradesantana.com.br\/sobre\/#organization"},"image":{"@type":"ImageObject","url":"https:\/\/www.encontrafeiradesantana.com.br\/sobre\/wp-content\/uploads\/2026\/07\/settdec-projeta-acordos-internacionais-para-impulsionar-ecossistema-de-inovacao-em-feira.webp","width":280,"height":280,"caption":"Settdec"},"datePublished":"2026-07-10T11:58:24-03:00","dateModified":"2026-07-10T11:58:24-03:00","inLanguage":"pt-BR","mainEntityOfPage":{"@id":"https:\/\/www.encontrafeiradesantana.com.br\/sobre\/settdec-projeta-acordos-internacionais-para-impulsionar-ecossistema-de-inovacao-em-feira\/#webpage"},"isPartOf":{"@id":"https:\/\/www.encontrafeiradesantana.com.br\/sobre\/settdec-projeta-acordos-internacionais-para-impulsionar-ecossistema-de-inovacao-em-feira\/#webpage"},"articleSection":"Cultura Feira de Santana"},{"@type":"BreadcrumbList","@id":"https:\/\/www.encontrafeiradesantana.com.br\/sobre\/settdec-projeta-acordos-internacionais-para-impulsionar-ecossistema-de-inovacao-em-feira\/#breadcrumblist","itemListElement":[{"@type":"ListItem","@id":"https:\/\/www.encontrafeiradesantana.com.br\/sobre#listItem","position":1,"name":"In\u00edcio","item":"https:\/\/www.encontrafeiradesantana.com.br\/sobre","nextItem":{"@type":"ListItem","@id":"https:\/\/www.encontrafeiradesantana.com.br\/sobre\/cultura-em-feira-de-santana\/#listItem","name":"Cultura Feira de Santana"}},{"@type":"ListItem","@id":"https:\/\/www.encontrafeiradesantana.com.br\/sobre\/cultura-em-feira-de-santana\/#listItem","position":2,"name":"Cultura Feira de Santana","item":"https:\/\/www.encontrafeiradesantana.com.br\/sobre\/cultura-em-feira-de-santana\/","nextItem":{"@type":"ListItem","@id":"https:\/\/www.encontrafeiradesantana.com.br\/sobre\/settdec-projeta-acordos-internacionais-para-impulsionar-ecossistema-de-inovacao-em-feira\/#listItem","name":"Settdec projeta acordos internacionais para impulsionar ecossistema de inova\u00e7\u00e3o em Feira"},"previousItem":{"@type":"ListItem","@id":"https:\/\/www.encontrafeiradesantana.com.br\/sobre#listItem","name":"In\u00edcio"}},{"@type":"ListItem","@id":"https:\/\/www.encontrafeiradesantana.com.br\/sobre\/settdec-projeta-acordos-internacionais-para-impulsionar-ecossistema-de-inovacao-em-feira\/#listItem","position":3,"name":"Settdec projeta acordos internacionais para impulsionar ecossistema de inova\u00e7\u00e3o em Feira","previousItem":{"@type":"ListItem","@id":"https:\/\/www.encontrafeiradesantana.com.br\/sobre\/cultura-em-feira-de-santana\/#listItem","name":"Cultura Feira de Santana"}}]},{"@type":"Organization","@id":"https:\/\/www.encontrafeiradesantana.com.br\/sobre\/#organization","name":"Encontra Feira de Santana","description":"Not\u00edcias, eventos, informa\u00e7\u00f5es e dicas na cidade Feira de Santana e regi\u00e3o.","url":"https:\/\/www.encontrafeiradesantana.com.br\/sobre\/"},{"@type":"Person","@id":"https:\/\/www.encontrafeiradesantana.com.br\/sobre\/author\/efeiradesantana\/#author","url":"https:\/\/www.encontrafeiradesantana.com.br\/sobre\/author\/efeiradesantana\/","name":"Encontra Feira de Santana","image":{"@type":"ImageObject","@id":"https:\/\/www.encontrafeiradesantana.com.br\/sobre\/settdec-projeta-acordos-internacionais-para-impulsionar-ecossistema-de-inovacao-em-feira\/#authorImage","url":"https:\/\/secure.gravatar.com\/avatar\/507340682b8270222e1f208e23198b6ae7e2c6a1033ae84e99bc6bce4f82a387?s=96&d=mm&r=g","width":96,"height":96,"caption":"Encontra Feira de Santana"}},{"@type":"WebPage","@id":"https:\/\/www.encontrafeiradesantana.com.br\/sobre\/settdec-projeta-acordos-internacionais-para-impulsionar-ecossistema-de-inovacao-em-feira\/#webpage","url":"https:\/\/www.encontrafeiradesantana.com.br\/sobre\/settdec-projeta-acordos-internacionais-para-impulsionar-ecossistema-de-inovacao-em-feira\/","name":"Settdec projeta acordos internacionais para impulsionar ecossistema de inova\u00e7\u00e3o em Feira | Encontra Feira de Santana","description":"Settdec promove acordos internacionais para fortalecer a inova\u00e7\u00e3o em Feira de Santana.","inLanguage":"pt-BR","isPartOf":{"@id":"https:\/\/www.encontrafeiradesantana.com.br\/sobre\/#website"},"breadcrumb":{"@id":"https:\/\/www.encontrafeiradesantana.com.br\/sobre\/settdec-projeta-acordos-internacionais-para-impulsionar-ecossistema-de-inovacao-em-feira\/#breadcrumblist"},"author":{"@id":"https:\/\/www.encontrafeiradesantana.com.br\/sobre\/author\/efeiradesantana\/#author"},"creator":{"@id":"https:\/\/www.encontrafeiradesantana.com.br\/sobre\/author\/efeiradesantana\/#author"},"image":{"@type":"ImageObject","url":"https:\/\/www.encontrafeiradesantana.com.br\/sobre\/wp-content\/uploads\/2026\/07\/settdec-projeta-acordos-internacionais-para-impulsionar-ecossistema-de-inovacao-em-feira.webp","@id":"https:\/\/www.encontrafeiradesantana.com.br\/sobre\/settdec-projeta-acordos-internacionais-para-impulsionar-ecossistema-de-inovacao-em-feira\/#mainImage","width":280,"height":280,"caption":"Settdec"},"primaryImageOfPage":{"@id":"https:\/\/www.encontrafeiradesantana.com.br\/sobre\/settdec-projeta-acordos-internacionais-para-impulsionar-ecossistema-de-inovacao-em-feira\/#mainImage"},"datePublished":"2026-07-10T11:58:24-03:00","dateModified":"2026-07-10T11:58:24-03:00"},{"@type":"WebSite","@id":"https:\/\/www.encontrafeiradesantana.com.br\/sobre\/#website","url":"https:\/\/www.encontrafeiradesantana.com.br\/sobre\/","name":"Encontra Feira de Santana","description":"Not\u00edcias, eventos, informa\u00e7\u00f5es e dicas na cidade Feira de Santana e regi\u00e3o.","inLanguage":"pt-BR","publisher":{"@id":"https:\/\/www.encontrafeiradesantana.com.br\/sobre\/#organization"}}]},"og:locale":"pt_BR","og:site_name":"Encontra Feira de Santana | Not\u00edcias, eventos, informa\u00e7\u00f5es e dicas na cidade Feira de Santana e regi\u00e3o.","og:type":"article","og:title":"Settdec projeta acordos internacionais para impulsionar ecossistema de inova\u00e7\u00e3o em Feira | Encontra Feira de Santana","og:description":"Settdec promove acordos internacionais para fortalecer a inova\u00e7\u00e3o em Feira de Santana.","og:url":"https:\/\/www.encontrafeiradesantana.com.br\/sobre\/settdec-projeta-acordos-internacionais-para-impulsionar-ecossistema-de-inovacao-em-feira\/","article:published_time":"2026-07-10T14:58:24+00:00","article:modified_time":"2026-07-10T14:58:24+00:00","twitter:card":"summary","twitter:title":"Settdec projeta acordos internacionais para impulsionar ecossistema de inova\u00e7\u00e3o em Feira | Encontra Feira de Santana","twitter:description":"Settdec promove acordos internacionais para fortalecer a inova\u00e7\u00e3o em Feira de Santana."},"aioseo_meta_data":{"post_id":"2411","title":null,"description":null,"keywords":null,"keyphrases":null,"primary_term":null,"canonical_url":null,"og_title":null,"og_description":null,"og_object_type":"default","og_image_type":"default","og_image_url":null,"og_image_width":null,"og_image_height":null,"og_image_custom_url":null,"og_image_custom_fields":null,"og_video":null,"og_custom_url":null,"og_article_section":null,"og_article_tags":null,"twitter_use_og":false,"twitter_card":"default","twitter_image_type":"default","twitter_image_url":null,"twitter_image_custom_url":null,"twitter_image_custom_fields":null,"twitter_title":null,"twitter_description":null,"schema":{"blockGraphs":[],"customGraphs":[],"default":{"data":{"Article":[],"Course":[],"Dataset":[],"FAQPage":[],"Movie":[],"Person":[],"Product":[],"ProductReview":[],"Car":[],"Recipe":[],"Service":[],"SoftwareApplication":[],"WebPage":[]},"graphName":"Article","isEnabled":true},"graphs":[]},"schema_type":"default","schema_type_options":null,"pillar_content":false,"robots_default":true,"robots_noindex":false,"robots_noarchive":false,"robots_nosnippet":false,"robots_nofollow":false,"robots_noimageindex":false,"robots_noodp":false,"robots_notranslate":false,"robots_max_snippet":null,"robots_max_videopreview":null,"robots_max_imagepreview":"large","priority":null,"frequency":null,"local_seo":null,"breadcrumb_settings":null,"limit_modified_date":false,"ai":null,"created":"2026-07-10 14:58:25","updated":"2026-07-10 14:59:34","focus_keyword":null,"additional_keywords":null,"truseo_locale":null,"seo_analyzer_scan_date":null},"aioseo_breadcrumb":"<div class=\"aioseo-breadcrumbs\"><span class=\"aioseo-breadcrumb\">\n\t\t\t<a href=\"https:\/\/www.encontrafeiradesantana.com.br\/sobre\" title=\"In\u00edcio\">In\u00edcio<\/a>\n\t\t<\/span><span class=\"aioseo-breadcrumb-separator\">&raquo;<\/span><span class=\"aioseo-breadcrumb\">\n\t\t\t<a href=\"https:\/\/www.encontrafeiradesantana.com.br\/sobre\/cultura-em-feira-de-santana\/\" title=\"Cultura Feira de Santana\">Cultura Feira de Santana<\/a>\n\t\t<\/span><span class=\"aioseo-breadcrumb-separator\">&raquo;<\/span><span class=\"aioseo-breadcrumb\">\n\t\t\tSettdec projeta acordos internacionais para impulsionar ecossistema de inova\u00e7\u00e3o em Feira\n\t\t<\/span><\/div>","aioseo_breadcrumb_json":[{"label":"In\u00edcio","link":"https:\/\/www.encontrafeiradesantana.com.br\/sobre"},{"label":"Cultura Feira de Santana","link":"https:\/\/www.encontrafeiradesantana.com.br\/sobre\/cultura-em-feira-de-santana\/"},{"label":"Settdec projeta acordos internacionais para impulsionar ecossistema de inova\u00e7\u00e3o em Feira","link":"https:\/\/www.encontrafeiradesantana.com.br\/sobre\/settdec-projeta-acordos-internacionais-para-impulsionar-ecossistema-de-inovacao-em-feira\/"}],"_links":{"self":[{"href":"https:\/\/www.encontrafeiradesantana.com.br\/sobre\/wp-json\/wp\/v2\/posts\/2411","targetHints":{"allow":["GET"]}}],"collection":[{"href":"https:\/\/www.encontrafeiradesantana.com.br\/sobre\/wp-json\/wp\/v2\/posts"}],"about":[{"href":"https:\/\/www.encontrafeiradesantana.com.br\/sobre\/wp-json\/wp\/v2\/types\/post"}],"author":[{"embeddable":true,"href":"https:\/\/www.encontrafeiradesantana.com.br\/sobre\/wp-json\/wp\/v2\/users\/1"}],"replies":[{"embeddable":true,"href":"https:\/\/www.encontrafeiradesantana.com.br\/sobre\/wp-json\/wp\/v2\/comments?post=2411"}],"version-history":[{"count":0,"href":"https:\/\/www.encontrafeiradesantana.com.br\/sobre\/wp-json\/wp\/v2\/posts\/2411\/revisions"}],"wp:featuredmedia":[{"embeddable":true,"href":"https:\/\/www.encontrafeiradesantana.com.br\/sobre\/wp-json\/wp\/v2\/media\/2410"}],"wp:attachment":[{"href":"https:\/\/www.encontrafeiradesantana.com.br\/sobre\/wp-json\/wp\/v2\/media?parent=2411"}],"wp:term":[{"taxonomy":"category","embeddable":true,"href":"https:\/\/www.encontrafeiradesantana.com.br\/sobre\/wp-json\/wp\/v2\/categories?post=2411"},{"taxonomy":"post_tag","embeddable":true,"href":"https:\/\/www.encontrafeiradesantana.com.br\/sobre\/wp-json\/wp\/v2\/tags?post=2411"}],"curies":[{"name":"wp","href":"https:\/\/api.w.org\/{rel}","templated":true}]}}