{"id":2399,"date":"2026-07-09T06:03:56","date_gmt":"2026-07-09T09:03:56","guid":{"rendered":"https:\/\/www.encontrafeiradesantana.com.br\/sobre\/confira-programacao-completa-da-festa-de-senhora-santana-2026-em-feira-de-santana\/"},"modified":"2026-07-09T06:03:56","modified_gmt":"2026-07-09T09:03:56","slug":"confira-programacao-completa-da-festa-de-senhora-santana-2026-em-feira-de-santana","status":"publish","type":"post","link":"https:\/\/www.encontrafeiradesantana.com.br\/sobre\/confira-programacao-completa-da-festa-de-senhora-santana-2026-em-feira-de-santana\/","title":{"rendered":"Confira programa\u00e7\u00e3o completa da Festa de Senhora Sant\u2019Ana 2026 em Feira de Santana"},"content":{"rendered":"<div class=\"3f468104ad11f00a3c9ac948316f4265\" data-index=\"1\" style=\"float: none; margin:0px;\">\n<ins class=\"adsbygoogle\"\r\n     style=\"display:block\"\r\n     data-ad-client=\"ca-pub-8585364105181520\"\r\n     data-ad-slot=\"8789329856\"\r\n     data-ad-format=\"auto\"\r\n     data-full-width-responsive=\"true\"><\/ins>\r\n<script>\r\n     (adsbygoogle = window.adsbygoogle || []).push({});\r\n<\/script>\r\n\n<\/div>\n<h2>Programa\u00e7\u00e3o Especial da Festa<\/h2>\n<p>A Festa de Senhora Sant\u2019Ana, uma das celebra\u00e7\u00f5es mais significativas na regi\u00e3o de Feira de Santana, acontecer\u00e1 entre os dias 17 e 26 de julho de 2026. Ao longo de dez dias, a Catedral Metropolitana se tornar\u00e1 o centro de atividades religiosas e culturais, reunindo fi\u00e9is de v\u00e1rias localidades. O evento deste ano \u00e9 bastante especial, j\u00e1 que marca o 180\u00ba anivers\u00e1rio da Par\u00f3quia de Senhora Sant\u2019Ana. Com uma programa\u00e7\u00e3o diversificada, a festa ser\u00e1 repleta de novenas, missas, e celebra\u00e7\u00f5es que honrar\u00e3o a padroeira, atraindo um grande n\u00famero de devotos e visitantes.<\/p>\n<h2>Hist\u00f3ria da Par\u00f3quia de Senhora Sant\u2019Ana<\/h2>\n<p>A Par\u00f3quia de Senhora Sant\u2019Ana foi criada em 1846 e, desde ent\u00e3o, tem sido um pilar espiritual para a comunidade local. Sua hist\u00f3ria est\u00e1 entrela\u00e7ada com a evolu\u00e7\u00e3o da cidade e da Diocese de Feira de Santana, a qual foi elevada a Arquidiocese em 2002. A festa anual n\u00e3o \u00e9 apenas um momento de devo\u00e7\u00e3o, mas tamb\u00e9m celebra a rica heran\u00e7a cultural e religiosa que ela representa, unindo pessoas de diferentes gera\u00e7\u00f5es em um esp\u00edrito comum de f\u00e9.<\/p>\n<h2>Noven\u00e1rio e Missas<\/h2>\n<p>O noven\u00e1rio, que come\u00e7a no dia 17 de julho com a abertura solene, ser\u00e1 uma das principais atra\u00e7\u00f5es. Cada noite contar\u00e1 com a presen\u00e7a de diferentes pregadores, que abordar\u00e3o temas ligados \u00e0 f\u00e9 e \u00e0 hist\u00f3ria da par\u00f3quia. As celebra\u00e7\u00f5es eucar\u00edsticas di\u00e1rias proporcionar\u00e3o aos fi\u00e9is uma oportunidade de refletir e renovar sua f\u00e9, culminando em uma grandiosa missa no dia 26, data em que a comunidade homenageia sua padroeira de maneira especial, com ora\u00e7\u00f5es e sempre muita devo\u00e7\u00e3o.<\/p>\n<p><img decoding=\"async\" src=\"https:\/\/www.encontrafeiradesantana.com.br\/sobre\/wp-content\/uploads\/2026\/07\/confira-programacao-completa-da-festa-de-senhora-sant-ana-2026-em-feira-de-santana.webp\" alt=\"\" loading=\"lazy\" \/><\/p>\n<h2>Atividades Culturais na Catedral<\/h2>\n<p>A Festa Senhora Sant\u2019Ana vai al\u00e9m das celebra\u00e7\u00f5es religiosas, oferecendo um espa\u00e7o para atividades culturais ricas. Durante a festividade, apresenta\u00e7\u00f5es de grupos folcl\u00f3ricos, exposi\u00e7\u00f5es de arte e mostras culturais est\u00e3o programadas. Estas atividades visam promover a cultura local e integrar a comunidade, reunindo pessoas para celebrar n\u00e3o apenas a f\u00e9, mas tamb\u00e9m as tradi\u00e7\u00f5es que fazem parte da identidade regional.<\/p>\n<h2>Dia da Padroeira<\/h2>\n<p>O dia 26 de julho ser\u00e1 o ponto alto da festa, conhecido como o Dia da Padroeira. Este dia \u00e9 um feriado municipal, e a programa\u00e7\u00e3o incluir\u00e1 uma alvorada festiva \u00e0s 5h da manh\u00e3, seguidas de celebra\u00e7\u00f5es eucar\u00edsticas ao longo do dia. A emo\u00e7\u00e3o culminar\u00e1 com a missa solene e a tradicional prociss\u00e3o, onde os fi\u00e9is ter\u00e3o a oportunidade de expressar seu carinho e devo\u00e7\u00e3o a Senhora Sant\u2019Ana.<\/p>\n<h2>Prociss\u00e3o em Homenagem a Sant\u2019Ana<\/h2>\n<p>Um dos momentos mais aguardados da festa \u00e9 a prociss\u00e3o em honra a Senhora Sant\u2019Ana. Esta celebra\u00e7\u00e3o ocorrer\u00e1 ao final do dia 26, reunindo par\u00f3quias da Arquidiocese de Feira de Santana e seus padroeiros, em um bel\u00edssimo desfile de f\u00e9 e devo\u00e7\u00e3o. Os fi\u00e9is levar\u00e3o a imagem de Sant\u2019Ana pelas ruas, acompanhados por c\u00e2nticos e ora\u00e7\u00f5es, refor\u00e7ando ainda mais o v\u00ednculo da comunidade com sua padroeira.<\/p>\n<h2>Devotos de Sant\u2019Ana<\/h2>\n<p>A Festa de Senhora Sant\u2019Ana n\u00e3o \u00e9 somente uma celebra\u00e7\u00e3o religiosa, mas tamb\u00e9m uma grande reuni\u00e3o de devotos. Um clima de unidade e partilha toma conta da Catedral e das ruas da cidade, onde muitos v\u00eam de longe em busca de b\u00ean\u00e7\u00e3os e renova\u00e7\u00e3o espiritual. As testemunhas de f\u00e9 e milagres s\u00e3o muitas, e isso fortalece ainda mais a cren\u00e7a e a tradi\u00e7\u00e3o que move esta festividade.<\/p>\n<h2>Celebra\u00e7\u00f5es Eucar\u00edsticas<\/h2>\n<p>As celebra\u00e7\u00f5es eucar\u00edsticas que ocorrer\u00e3o durante os dez dias de festa s\u00e3o momentos fundamentais para a popula\u00e7\u00e3o. Essas missas di\u00e1rias n\u00e3o apenas proporcionam um espa\u00e7o de adora\u00e7\u00e3o, mas tamb\u00e9m s\u00e3o uma oportunidade para os fi\u00e9is se reunirem em comunh\u00e3o, refletindo sobre os ensinamentos da f\u00e9 e renovando seu compromisso espiritual. Cada missa tem um tema espec\u00edfico, refletindo as tradi\u00e7\u00f5es e os valores da comunidade.<\/p>\n<h2>Import\u00e2ncia da Festa para a Comunidade<\/h2>\n<p>A Festa de Senhora Sant\u2019Ana \u00e9 considerada como um dos eventos mais importantes na vida da comunidade de Feira de Santana. N\u00e3o \u00e9 apenas um evento religioso; tamb\u00e9m representa um grande momento de resgate das tradi\u00e7\u00f5es culturais e sociais da regi\u00e3o. Este encontro anual incentiva a solidariedade e promove la\u00e7os comunit\u00e1rios fortes, trazendo uma sensa\u00e7\u00e3o de pertencimento entre os moradores e os visitantes.<\/p>\n<h2>Dicas para Participar da Festa<\/h2>\n<p>Para aqueles que desejam participar da Festa de Senhora Sant\u2019Ana, \u00e9 recomend\u00e1vel chegar cedo, especialmente no dia da padroeira, para conseguir um bom lugar na igreja e participar efetivamente das celebra\u00e7\u00f5es. Tamb\u00e9m \u00e9 importante se hidratar e se alimentar bem, pois a agita\u00e7\u00e3o dos eventos pode ser intensa. Vestir-se de forma confort\u00e1vel e respeitosa, em um clima que favorece a espiritualidade, \u00e9 essencial. N\u00e3o se esque\u00e7a de registrar esses momentos com fotos, mas sempre respeitando o ambiente e os momentos sagrados.<\/p>\n<p>Participar desta festa \u00e9 uma experi\u00eancia enriquecedora, que promete deixar mem\u00f3rias duradouras para todos os envolvidos. Com um calend\u00e1rio repleto de atividades e uma forte atmosfera de f\u00e9 e cultura, a festa da Senhora Sant\u2019Ana em 2026 ser\u00e1, sem d\u00favida, um evento para ser lembrado.<\/p>\n\n<div style=\"font-size: 0px; height: 0px; line-height: 0px; margin: 0; padding: 0; clear: both;\"><\/div>","protected":false},"excerpt":{"rendered":"<p>Festa de Senhora Sant\u2019Ana 2026: celebra\u00e7\u00f5es e atividades na BA.<\/p>\n","protected":false},"author":1,"featured_media":2398,"comment_status":"open","ping_status":"closed","sticky":false,"template":"","format":"standard","meta":{"footnotes":""},"categories":[26],"tags":[],"class_list":["post-2399","post","type-post","status-publish","format-standard","has-post-thumbnail","hentry","category-cultura-em-feira-de-santana","has_thumb"],"aioseo_notices":[],"aioseo_head":"\n\t\t<!-- All in One SEO 5.0.0.1 - aioseo.com -->\n\t<meta name=\"description\" content=\"Festa de Senhora Sant\u2019Ana 2026: celebra\u00e7\u00f5es e atividades na BA.\" \/>\n\t<meta name=\"robots\" content=\"max-image-preview:large\" \/>\n\t<meta name=\"author\" content=\"Encontra Feira de Santana\"\/>\n\t<link rel=\"canonical\" href=\"https:\/\/www.encontrafeiradesantana.com.br\/sobre\/confira-programacao-completa-da-festa-de-senhora-santana-2026-em-feira-de-santana\/\" \/>\n\t<meta name=\"generator\" content=\"All in One SEO (AIOSEO) 5.0.0.1\" \/>\n\t\t<meta property=\"og:locale\" content=\"pt_BR\" \/>\n\t\t<meta property=\"og:site_name\" content=\"Encontra Feira de Santana | Not\u00edcias, eventos, informa\u00e7\u00f5es e dicas na cidade Feira de Santana e regi\u00e3o.\" \/>\n\t\t<meta property=\"og:type\" content=\"article\" \/>\n\t\t<meta property=\"og:title\" content=\"Confira programa\u00e7\u00e3o completa da Festa de Senhora Sant\u2019Ana 2026 em Feira de Santana | Encontra Feira de Santana\" \/>\n\t\t<meta property=\"og:description\" content=\"Festa de Senhora Sant\u2019Ana 2026: celebra\u00e7\u00f5es e atividades na BA.\" \/>\n\t\t<meta property=\"og:url\" content=\"https:\/\/www.encontrafeiradesantana.com.br\/sobre\/confira-programacao-completa-da-festa-de-senhora-santana-2026-em-feira-de-santana\/\" \/>\n\t\t<meta property=\"article:published_time\" content=\"2026-07-09T09:03:56+00:00\" \/>\n\t\t<meta property=\"article:modified_time\" content=\"2026-07-09T09:03:56+00:00\" \/>\n\t\t<meta name=\"twitter:card\" content=\"summary\" \/>\n\t\t<meta name=\"twitter:title\" content=\"Confira programa\u00e7\u00e3o completa da Festa de Senhora Sant\u2019Ana 2026 em Feira de Santana | Encontra Feira de Santana\" \/>\n\t\t<meta name=\"twitter:description\" content=\"Festa de Senhora Sant\u2019Ana 2026: celebra\u00e7\u00f5es e atividades na BA.\" \/>\n\t\t<script type=\"application\/ld+json\" class=\"aioseo-schema\">\n\t\t\t{\"@context\":\"https:\\\/\\\/schema.org\",\"@graph\":[{\"@type\":\"Article\",\"@id\":\"https:\\\/\\\/www.encontrafeiradesantana.com.br\\\/sobre\\\/confira-programacao-completa-da-festa-de-senhora-santana-2026-em-feira-de-santana\\\/#article\",\"name\":\"Confira programa\\u00e7\\u00e3o completa da Festa de Senhora Sant\\u2019Ana 2026 em Feira de Santana | Encontra Feira de Santana\",\"headline\":\"Confira programa\\u00e7\\u00e3o completa da Festa de Senhora Sant\\u2019Ana 2026 em Feira de Santana\",\"author\":{\"@id\":\"https:\\\/\\\/www.encontrafeiradesantana.com.br\\\/sobre\\\/author\\\/efeiradesantana\\\/#author\"},\"publisher\":{\"@id\":\"https:\\\/\\\/www.encontrafeiradesantana.com.br\\\/sobre\\\/#organization\"},\"image\":{\"@type\":\"ImageObject\",\"url\":\"https:\\\/\\\/www.encontrafeiradesantana.com.br\\\/sobre\\\/wp-content\\\/uploads\\\/2026\\\/07\\\/confira-programacao-completa-da-festa-de-senhora-sant-ana-2026-em-feira-de-santana.webp\",\"width\":280,\"height\":280},\"datePublished\":\"2026-07-09T06:03:56-03:00\",\"dateModified\":\"2026-07-09T06:03:56-03:00\",\"inLanguage\":\"pt-BR\",\"mainEntityOfPage\":{\"@id\":\"https:\\\/\\\/www.encontrafeiradesantana.com.br\\\/sobre\\\/confira-programacao-completa-da-festa-de-senhora-santana-2026-em-feira-de-santana\\\/#webpage\"},\"isPartOf\":{\"@id\":\"https:\\\/\\\/www.encontrafeiradesantana.com.br\\\/sobre\\\/confira-programacao-completa-da-festa-de-senhora-santana-2026-em-feira-de-santana\\\/#webpage\"},\"articleSection\":\"Cultura Feira de Santana\"},{\"@type\":\"BreadcrumbList\",\"@id\":\"https:\\\/\\\/www.encontrafeiradesantana.com.br\\\/sobre\\\/confira-programacao-completa-da-festa-de-senhora-santana-2026-em-feira-de-santana\\\/#breadcrumblist\",\"itemListElement\":[{\"@type\":\"ListItem\",\"@id\":\"https:\\\/\\\/www.encontrafeiradesantana.com.br\\\/sobre#listItem\",\"position\":1,\"name\":\"In\\u00edcio\",\"item\":\"https:\\\/\\\/www.encontrafeiradesantana.com.br\\\/sobre\",\"nextItem\":{\"@type\":\"ListItem\",\"@id\":\"https:\\\/\\\/www.encontrafeiradesantana.com.br\\\/sobre\\\/cultura-em-feira-de-santana\\\/#listItem\",\"name\":\"Cultura Feira de Santana\"}},{\"@type\":\"ListItem\",\"@id\":\"https:\\\/\\\/www.encontrafeiradesantana.com.br\\\/sobre\\\/cultura-em-feira-de-santana\\\/#listItem\",\"position\":2,\"name\":\"Cultura Feira de Santana\",\"item\":\"https:\\\/\\\/www.encontrafeiradesantana.com.br\\\/sobre\\\/cultura-em-feira-de-santana\\\/\",\"nextItem\":{\"@type\":\"ListItem\",\"@id\":\"https:\\\/\\\/www.encontrafeiradesantana.com.br\\\/sobre\\\/confira-programacao-completa-da-festa-de-senhora-santana-2026-em-feira-de-santana\\\/#listItem\",\"name\":\"Confira programa\\u00e7\\u00e3o completa da Festa de Senhora Sant\\u2019Ana 2026 em Feira de Santana\"},\"previousItem\":{\"@type\":\"ListItem\",\"@id\":\"https:\\\/\\\/www.encontrafeiradesantana.com.br\\\/sobre#listItem\",\"name\":\"In\\u00edcio\"}},{\"@type\":\"ListItem\",\"@id\":\"https:\\\/\\\/www.encontrafeiradesantana.com.br\\\/sobre\\\/confira-programacao-completa-da-festa-de-senhora-santana-2026-em-feira-de-santana\\\/#listItem\",\"position\":3,\"name\":\"Confira programa\\u00e7\\u00e3o completa da Festa de Senhora Sant\\u2019Ana 2026 em Feira de Santana\",\"previousItem\":{\"@type\":\"ListItem\",\"@id\":\"https:\\\/\\\/www.encontrafeiradesantana.com.br\\\/sobre\\\/cultura-em-feira-de-santana\\\/#listItem\",\"name\":\"Cultura Feira de Santana\"}}]},{\"@type\":\"Organization\",\"@id\":\"https:\\\/\\\/www.encontrafeiradesantana.com.br\\\/sobre\\\/#organization\",\"name\":\"Encontra Feira de Santana\",\"description\":\"Not\\u00edcias, eventos, informa\\u00e7\\u00f5es e dicas na cidade Feira de Santana e regi\\u00e3o.\",\"url\":\"https:\\\/\\\/www.encontrafeiradesantana.com.br\\\/sobre\\\/\"},{\"@type\":\"Person\",\"@id\":\"https:\\\/\\\/www.encontrafeiradesantana.com.br\\\/sobre\\\/author\\\/efeiradesantana\\\/#author\",\"url\":\"https:\\\/\\\/www.encontrafeiradesantana.com.br\\\/sobre\\\/author\\\/efeiradesantana\\\/\",\"name\":\"Encontra Feira de Santana\",\"image\":{\"@type\":\"ImageObject\",\"@id\":\"https:\\\/\\\/www.encontrafeiradesantana.com.br\\\/sobre\\\/confira-programacao-completa-da-festa-de-senhora-santana-2026-em-feira-de-santana\\\/#authorImage\",\"url\":\"https:\\\/\\\/secure.gravatar.com\\\/avatar\\\/507340682b8270222e1f208e23198b6ae7e2c6a1033ae84e99bc6bce4f82a387?s=96&d=mm&r=g\",\"width\":96,\"height\":96,\"caption\":\"Encontra Feira de Santana\"}},{\"@type\":\"WebPage\",\"@id\":\"https:\\\/\\\/www.encontrafeiradesantana.com.br\\\/sobre\\\/confira-programacao-completa-da-festa-de-senhora-santana-2026-em-feira-de-santana\\\/#webpage\",\"url\":\"https:\\\/\\\/www.encontrafeiradesantana.com.br\\\/sobre\\\/confira-programacao-completa-da-festa-de-senhora-santana-2026-em-feira-de-santana\\\/\",\"name\":\"Confira programa\\u00e7\\u00e3o completa da Festa de Senhora Sant\\u2019Ana 2026 em Feira de Santana | Encontra Feira de Santana\",\"description\":\"Festa de Senhora Sant\\u2019Ana 2026: celebra\\u00e7\\u00f5es e atividades na BA.\",\"inLanguage\":\"pt-BR\",\"isPartOf\":{\"@id\":\"https:\\\/\\\/www.encontrafeiradesantana.com.br\\\/sobre\\\/#website\"},\"breadcrumb\":{\"@id\":\"https:\\\/\\\/www.encontrafeiradesantana.com.br\\\/sobre\\\/confira-programacao-completa-da-festa-de-senhora-santana-2026-em-feira-de-santana\\\/#breadcrumblist\"},\"author\":{\"@id\":\"https:\\\/\\\/www.encontrafeiradesantana.com.br\\\/sobre\\\/author\\\/efeiradesantana\\\/#author\"},\"creator\":{\"@id\":\"https:\\\/\\\/www.encontrafeiradesantana.com.br\\\/sobre\\\/author\\\/efeiradesantana\\\/#author\"},\"image\":{\"@type\":\"ImageObject\",\"url\":\"https:\\\/\\\/www.encontrafeiradesantana.com.br\\\/sobre\\\/wp-content\\\/uploads\\\/2026\\\/07\\\/confira-programacao-completa-da-festa-de-senhora-sant-ana-2026-em-feira-de-santana.webp\",\"@id\":\"https:\\\/\\\/www.encontrafeiradesantana.com.br\\\/sobre\\\/confira-programacao-completa-da-festa-de-senhora-santana-2026-em-feira-de-santana\\\/#mainImage\",\"width\":280,\"height\":280},\"primaryImageOfPage\":{\"@id\":\"https:\\\/\\\/www.encontrafeiradesantana.com.br\\\/sobre\\\/confira-programacao-completa-da-festa-de-senhora-santana-2026-em-feira-de-santana\\\/#mainImage\"},\"datePublished\":\"2026-07-09T06:03:56-03:00\",\"dateModified\":\"2026-07-09T06:03:56-03:00\"},{\"@type\":\"WebSite\",\"@id\":\"https:\\\/\\\/www.encontrafeiradesantana.com.br\\\/sobre\\\/#website\",\"url\":\"https:\\\/\\\/www.encontrafeiradesantana.com.br\\\/sobre\\\/\",\"name\":\"Encontra Feira de Santana\",\"description\":\"Not\\u00edcias, eventos, informa\\u00e7\\u00f5es e dicas na cidade Feira de Santana e regi\\u00e3o.\",\"inLanguage\":\"pt-BR\",\"publisher\":{\"@id\":\"https:\\\/\\\/www.encontrafeiradesantana.com.br\\\/sobre\\\/#organization\"}}]}\n\t\t<\/script>\n\t\t<!-- All in One SEO -->\n\n","aioseo_head_json":{"title":"Confira programa\u00e7\u00e3o completa da Festa de Senhora Sant\u2019Ana 2026 em Feira de Santana | Encontra Feira de Santana","description":"Festa de Senhora Sant\u2019Ana 2026: celebra\u00e7\u00f5es e atividades na BA.","canonical_url":"https:\/\/www.encontrafeiradesantana.com.br\/sobre\/confira-programacao-completa-da-festa-de-senhora-santana-2026-em-feira-de-santana\/","robots":"max-image-preview:large","keywords":"","webmasterTools":{"miscellaneous":""},"schema":{"@context":"https:\/\/schema.org","@graph":[{"@type":"Article","@id":"https:\/\/www.encontrafeiradesantana.com.br\/sobre\/confira-programacao-completa-da-festa-de-senhora-santana-2026-em-feira-de-santana\/#article","name":"Confira programa\u00e7\u00e3o completa da Festa de Senhora Sant\u2019Ana 2026 em Feira de Santana | Encontra Feira de Santana","headline":"Confira programa\u00e7\u00e3o completa da Festa de Senhora Sant\u2019Ana 2026 em Feira de Santana","author":{"@id":"https:\/\/www.encontrafeiradesantana.com.br\/sobre\/author\/efeiradesantana\/#author"},"publisher":{"@id":"https:\/\/www.encontrafeiradesantana.com.br\/sobre\/#organization"},"image":{"@type":"ImageObject","url":"https:\/\/www.encontrafeiradesantana.com.br\/sobre\/wp-content\/uploads\/2026\/07\/confira-programacao-completa-da-festa-de-senhora-sant-ana-2026-em-feira-de-santana.webp","width":280,"height":280},"datePublished":"2026-07-09T06:03:56-03:00","dateModified":"2026-07-09T06:03:56-03:00","inLanguage":"pt-BR","mainEntityOfPage":{"@id":"https:\/\/www.encontrafeiradesantana.com.br\/sobre\/confira-programacao-completa-da-festa-de-senhora-santana-2026-em-feira-de-santana\/#webpage"},"isPartOf":{"@id":"https:\/\/www.encontrafeiradesantana.com.br\/sobre\/confira-programacao-completa-da-festa-de-senhora-santana-2026-em-feira-de-santana\/#webpage"},"articleSection":"Cultura Feira de Santana"},{"@type":"BreadcrumbList","@id":"https:\/\/www.encontrafeiradesantana.com.br\/sobre\/confira-programacao-completa-da-festa-de-senhora-santana-2026-em-feira-de-santana\/#breadcrumblist","itemListElement":[{"@type":"ListItem","@id":"https:\/\/www.encontrafeiradesantana.com.br\/sobre#listItem","position":1,"name":"In\u00edcio","item":"https:\/\/www.encontrafeiradesantana.com.br\/sobre","nextItem":{"@type":"ListItem","@id":"https:\/\/www.encontrafeiradesantana.com.br\/sobre\/cultura-em-feira-de-santana\/#listItem","name":"Cultura Feira de Santana"}},{"@type":"ListItem","@id":"https:\/\/www.encontrafeiradesantana.com.br\/sobre\/cultura-em-feira-de-santana\/#listItem","position":2,"name":"Cultura Feira de Santana","item":"https:\/\/www.encontrafeiradesantana.com.br\/sobre\/cultura-em-feira-de-santana\/","nextItem":{"@type":"ListItem","@id":"https:\/\/www.encontrafeiradesantana.com.br\/sobre\/confira-programacao-completa-da-festa-de-senhora-santana-2026-em-feira-de-santana\/#listItem","name":"Confira programa\u00e7\u00e3o completa da Festa de Senhora Sant\u2019Ana 2026 em Feira de Santana"},"previousItem":{"@type":"ListItem","@id":"https:\/\/www.encontrafeiradesantana.com.br\/sobre#listItem","name":"In\u00edcio"}},{"@type":"ListItem","@id":"https:\/\/www.encontrafeiradesantana.com.br\/sobre\/confira-programacao-completa-da-festa-de-senhora-santana-2026-em-feira-de-santana\/#listItem","position":3,"name":"Confira programa\u00e7\u00e3o completa da Festa de Senhora Sant\u2019Ana 2026 em Feira de Santana","previousItem":{"@type":"ListItem","@id":"https:\/\/www.encontrafeiradesantana.com.br\/sobre\/cultura-em-feira-de-santana\/#listItem","name":"Cultura Feira de Santana"}}]},{"@type":"Organization","@id":"https:\/\/www.encontrafeiradesantana.com.br\/sobre\/#organization","name":"Encontra Feira de Santana","description":"Not\u00edcias, eventos, informa\u00e7\u00f5es e dicas na cidade Feira de Santana e regi\u00e3o.","url":"https:\/\/www.encontrafeiradesantana.com.br\/sobre\/"},{"@type":"Person","@id":"https:\/\/www.encontrafeiradesantana.com.br\/sobre\/author\/efeiradesantana\/#author","url":"https:\/\/www.encontrafeiradesantana.com.br\/sobre\/author\/efeiradesantana\/","name":"Encontra Feira de Santana","image":{"@type":"ImageObject","@id":"https:\/\/www.encontrafeiradesantana.com.br\/sobre\/confira-programacao-completa-da-festa-de-senhora-santana-2026-em-feira-de-santana\/#authorImage","url":"https:\/\/secure.gravatar.com\/avatar\/507340682b8270222e1f208e23198b6ae7e2c6a1033ae84e99bc6bce4f82a387?s=96&d=mm&r=g","width":96,"height":96,"caption":"Encontra Feira de Santana"}},{"@type":"WebPage","@id":"https:\/\/www.encontrafeiradesantana.com.br\/sobre\/confira-programacao-completa-da-festa-de-senhora-santana-2026-em-feira-de-santana\/#webpage","url":"https:\/\/www.encontrafeiradesantana.com.br\/sobre\/confira-programacao-completa-da-festa-de-senhora-santana-2026-em-feira-de-santana\/","name":"Confira programa\u00e7\u00e3o completa da Festa de Senhora Sant\u2019Ana 2026 em Feira de Santana | Encontra Feira de Santana","description":"Festa de Senhora Sant\u2019Ana 2026: celebra\u00e7\u00f5es e atividades na BA.","inLanguage":"pt-BR","isPartOf":{"@id":"https:\/\/www.encontrafeiradesantana.com.br\/sobre\/#website"},"breadcrumb":{"@id":"https:\/\/www.encontrafeiradesantana.com.br\/sobre\/confira-programacao-completa-da-festa-de-senhora-santana-2026-em-feira-de-santana\/#breadcrumblist"},"author":{"@id":"https:\/\/www.encontrafeiradesantana.com.br\/sobre\/author\/efeiradesantana\/#author"},"creator":{"@id":"https:\/\/www.encontrafeiradesantana.com.br\/sobre\/author\/efeiradesantana\/#author"},"image":{"@type":"ImageObject","url":"https:\/\/www.encontrafeiradesantana.com.br\/sobre\/wp-content\/uploads\/2026\/07\/confira-programacao-completa-da-festa-de-senhora-sant-ana-2026-em-feira-de-santana.webp","@id":"https:\/\/www.encontrafeiradesantana.com.br\/sobre\/confira-programacao-completa-da-festa-de-senhora-santana-2026-em-feira-de-santana\/#mainImage","width":280,"height":280},"primaryImageOfPage":{"@id":"https:\/\/www.encontrafeiradesantana.com.br\/sobre\/confira-programacao-completa-da-festa-de-senhora-santana-2026-em-feira-de-santana\/#mainImage"},"datePublished":"2026-07-09T06:03:56-03:00","dateModified":"2026-07-09T06:03:56-03:00"},{"@type":"WebSite","@id":"https:\/\/www.encontrafeiradesantana.com.br\/sobre\/#website","url":"https:\/\/www.encontrafeiradesantana.com.br\/sobre\/","name":"Encontra Feira de Santana","description":"Not\u00edcias, eventos, informa\u00e7\u00f5es e dicas na cidade Feira de Santana e regi\u00e3o.","inLanguage":"pt-BR","publisher":{"@id":"https:\/\/www.encontrafeiradesantana.com.br\/sobre\/#organization"}}]},"og:locale":"pt_BR","og:site_name":"Encontra Feira de Santana | Not\u00edcias, eventos, informa\u00e7\u00f5es e dicas na cidade Feira de Santana e regi\u00e3o.","og:type":"article","og:title":"Confira programa\u00e7\u00e3o completa da Festa de Senhora Sant\u2019Ana 2026 em Feira de Santana | Encontra Feira de Santana","og:description":"Festa de Senhora Sant\u2019Ana 2026: celebra\u00e7\u00f5es e atividades na BA.","og:url":"https:\/\/www.encontrafeiradesantana.com.br\/sobre\/confira-programacao-completa-da-festa-de-senhora-santana-2026-em-feira-de-santana\/","article:published_time":"2026-07-09T09:03:56+00:00","article:modified_time":"2026-07-09T09:03:56+00:00","twitter:card":"summary","twitter:title":"Confira programa\u00e7\u00e3o completa da Festa de Senhora Sant\u2019Ana 2026 em Feira de Santana | Encontra Feira de Santana","twitter:description":"Festa de Senhora Sant\u2019Ana 2026: celebra\u00e7\u00f5es e atividades na BA."},"aioseo_meta_data":{"post_id":"2399","title":null,"description":null,"keywords":null,"keyphrases":null,"primary_term":null,"canonical_url":null,"og_title":null,"og_description":null,"og_object_type":"default","og_image_type":"default","og_image_url":null,"og_image_width":null,"og_image_height":null,"og_image_custom_url":null,"og_image_custom_fields":null,"og_video":null,"og_custom_url":null,"og_article_section":null,"og_article_tags":null,"twitter_use_og":false,"twitter_card":"default","twitter_image_type":"default","twitter_image_url":null,"twitter_image_custom_url":null,"twitter_image_custom_fields":null,"twitter_title":null,"twitter_description":null,"schema":{"blockGraphs":[],"customGraphs":[],"default":{"data":{"Article":[],"Course":[],"Dataset":[],"FAQPage":[],"Movie":[],"Person":[],"Product":[],"ProductReview":[],"Car":[],"Recipe":[],"Service":[],"SoftwareApplication":[],"WebPage":[]},"graphName":"Article","isEnabled":true},"graphs":[]},"schema_type":"default","schema_type_options":null,"pillar_content":false,"robots_default":true,"robots_noindex":false,"robots_noarchive":false,"robots_nosnippet":false,"robots_nofollow":false,"robots_noimageindex":false,"robots_noodp":false,"robots_notranslate":false,"robots_max_snippet":null,"robots_max_videopreview":null,"robots_max_imagepreview":"large","priority":null,"frequency":null,"local_seo":null,"breadcrumb_settings":null,"limit_modified_date":false,"ai":null,"created":"2026-07-09 09:03:58","updated":"2026-07-09 09:04:28","focus_keyword":null,"additional_keywords":null,"truseo_locale":null,"seo_analyzer_scan_date":null},"aioseo_breadcrumb":"<div class=\"aioseo-breadcrumbs\"><span class=\"aioseo-breadcrumb\">\n\t\t\t<a href=\"https:\/\/www.encontrafeiradesantana.com.br\/sobre\" title=\"In\u00edcio\">In\u00edcio<\/a>\n\t\t<\/span><span class=\"aioseo-breadcrumb-separator\">&raquo;<\/span><span class=\"aioseo-breadcrumb\">\n\t\t\t<a href=\"https:\/\/www.encontrafeiradesantana.com.br\/sobre\/cultura-em-feira-de-santana\/\" title=\"Cultura Feira de Santana\">Cultura Feira de Santana<\/a>\n\t\t<\/span><span class=\"aioseo-breadcrumb-separator\">&raquo;<\/span><span class=\"aioseo-breadcrumb\">\n\t\t\tConfira programa\u00e7\u00e3o completa da Festa de Senhora Sant\u2019Ana 2026 em Feira de Santana\n\t\t<\/span><\/div>","aioseo_breadcrumb_json":[{"label":"In\u00edcio","link":"https:\/\/www.encontrafeiradesantana.com.br\/sobre"},{"label":"Cultura Feira de Santana","link":"https:\/\/www.encontrafeiradesantana.com.br\/sobre\/cultura-em-feira-de-santana\/"},{"label":"Confira programa\u00e7\u00e3o completa da Festa de Senhora Sant\u2019Ana 2026 em Feira de Santana","link":"https:\/\/www.encontrafeiradesantana.com.br\/sobre\/confira-programacao-completa-da-festa-de-senhora-santana-2026-em-feira-de-santana\/"}],"_links":{"self":[{"href":"https:\/\/www.encontrafeiradesantana.com.br\/sobre\/wp-json\/wp\/v2\/posts\/2399","targetHints":{"allow":["GET"]}}],"collection":[{"href":"https:\/\/www.encontrafeiradesantana.com.br\/sobre\/wp-json\/wp\/v2\/posts"}],"about":[{"href":"https:\/\/www.encontrafeiradesantana.com.br\/sobre\/wp-json\/wp\/v2\/types\/post"}],"author":[{"embeddable":true,"href":"https:\/\/www.encontrafeiradesantana.com.br\/sobre\/wp-json\/wp\/v2\/users\/1"}],"replies":[{"embeddable":true,"href":"https:\/\/www.encontrafeiradesantana.com.br\/sobre\/wp-json\/wp\/v2\/comments?post=2399"}],"version-history":[{"count":0,"href":"https:\/\/www.encontrafeiradesantana.com.br\/sobre\/wp-json\/wp\/v2\/posts\/2399\/revisions"}],"wp:featuredmedia":[{"embeddable":true,"href":"https:\/\/www.encontrafeiradesantana.com.br\/sobre\/wp-json\/wp\/v2\/media\/2398"}],"wp:attachment":[{"href":"https:\/\/www.encontrafeiradesantana.com.br\/sobre\/wp-json\/wp\/v2\/media?parent=2399"}],"wp:term":[{"taxonomy":"category","embeddable":true,"href":"https:\/\/www.encontrafeiradesantana.com.br\/sobre\/wp-json\/wp\/v2\/categories?post=2399"},{"taxonomy":"post_tag","embeddable":true,"href":"https:\/\/www.encontrafeiradesantana.com.br\/sobre\/wp-json\/wp\/v2\/tags?post=2399"}],"curies":[{"name":"wp","href":"https:\/\/api.w.org\/{rel}","templated":true}]}}