{"id":2381,"date":"2026-07-07T20:23:07","date_gmt":"2026-07-07T23:23:07","guid":{"rendered":"https:\/\/www.encontrafeiradesantana.com.br\/sobre\/prefeitura-de-feira-anuncia-projetos-para-expansao-da-fundacao-egberto-costa-nos-seus-21-anos-de-criacao\/"},"modified":"2026-07-07T20:23:07","modified_gmt":"2026-07-07T23:23:07","slug":"prefeitura-de-feira-anuncia-projetos-para-expansao-da-fundacao-egberto-costa-nos-seus-21-anos-de-criacao","status":"publish","type":"post","link":"https:\/\/www.encontrafeiradesantana.com.br\/sobre\/prefeitura-de-feira-anuncia-projetos-para-expansao-da-fundacao-egberto-costa-nos-seus-21-anos-de-criacao\/","title":{"rendered":"Prefeitura de Feira anuncia projetos para expans\u00e3o da Funda\u00e7\u00e3o Egberto Costa nos seus 21 anos de cria\u00e7\u00e3o"},"content":{"rendered":"<div class=\"3f468104ad11f00a3c9ac948316f4265\" data-index=\"1\" style=\"float: none; margin:0px;\">\n<ins class=\"adsbygoogle\"\r\n     style=\"display:block\"\r\n     data-ad-client=\"ca-pub-8585364105181520\"\r\n     data-ad-slot=\"8789329856\"\r\n     data-ad-format=\"auto\"\r\n     data-full-width-responsive=\"true\"><\/ins>\r\n<script>\r\n     (adsbygoogle = window.adsbygoogle || []).push({});\r\n<\/script>\r\n\n<\/div>\n<h2>Hist\u00f3ria da Funda\u00e7\u00e3o Egberto Costa<\/h2>\n<p>A Funda\u00e7\u00e3o Municipal de Ci\u00eancia e Tecnologia Egberto Tavares Costa, tamb\u00e9m conhecida como Funtitec, foi estabelecida no in\u00edcio do segundo mandato do prefeito Jos\u00e9 Ronaldo de Carvalho. Desde sua cria\u00e7\u00e3o, a funda\u00e7\u00e3o se dedicou a promover iniciativas voltadas para o desenvolvimento cultural, tecnol\u00f3gico e cient\u00edfico em Feira de Santana. O nome da funda\u00e7\u00e3o \u00e9 uma homenagem ao renomado jornalista Egberto Tavares Costa, reconhecido pela sua seriedade, \u00e9tica e compromisso durante anos de atua\u00e7\u00e3o na m\u00eddia.<\/p>\n<h2>Comemora\u00e7\u00f5es dos 21 Anos<\/h2>\n<p>No dia 7 de julho de 2026, a Funtitec celebrou seu 21\u00ba anivers\u00e1rio com uma cerim\u00f4nia significativa, onde foram hasteadas as bandeiras do Brasil, da Bahia e de Feira de Santana. O evento contou com a presen\u00e7a do prefeito Jos\u00e9 Ronaldo e do vice-prefeito Pablo Roberto, que destacou a import\u00e2ncia do anivers\u00e1rio da institui\u00e7\u00e3o. O prefeito lembrou que a funda\u00e7\u00e3o come\u00e7ou focada na cultura, mas ao longo dos anos evoluiu para incluir \u00e1reas como ci\u00eancia e tecnologia, ampliando sua atua\u00e7\u00e3o e relev\u00e2ncia na comunidade.<\/p>\n<h2>Projetos Futuros para a Funtitec<\/h2>\n<p>Durante a comemora\u00e7\u00e3o dos 21 anos da Funtitec, o prefeito Jos\u00e9 Ronaldo anunciou planos para a constru\u00e7\u00e3o da segunda etapa da funda\u00e7\u00e3o. Essa expans\u00e3o incluir\u00e1 a amplia\u00e7\u00e3o do Museu Parque do Saber Dival da Silva Pitombo, que j\u00e1 faz parte das iniciativas da Funtitec. Os estudos para essa nova etapa est\u00e3o em andamento, seguindo a filosofia de integrar ci\u00eancia e tecnologia em suas pr\u00e1ticas. O prefeito expressou confian\u00e7a em que em breve ser\u00e3o divulgadas novas informa\u00e7\u00f5es sobre essa amplia\u00e7\u00e3o.<\/p>\n<p><img decoding=\"async\" src=\"https:\/\/www.encontrafeiradesantana.com.br\/sobre\/wp-content\/uploads\/2026\/07\/prefeitura-de-feira-anuncia-projetos-para-expansao-da-fundacao-egberto-costa-nos-seus-21-anos-de-cri.webp\" alt=\"Funda\u00e7\u00e3o Egberto Costa\" loading=\"lazy\" \/><\/p>\n<h2>Import\u00e2ncia da Ci\u00eancia e Tecnologia<\/h2>\n<p>Cabe ressaltar que a atua\u00e7\u00e3o da Funtitec tem sido crucial para a dissemina\u00e7\u00e3o do conhecimento cient\u00edfico e tecnol\u00f3gico na popula\u00e7\u00e3o. A funda\u00e7\u00e3o se empenha em produzir eventos, workshops e cursos que visam capacitar os cidad\u00e3os, proporcionando acesso \u00e0 informa\u00e7\u00e3o e ferramentas que estimulem o pensamento cr\u00edtico e a inova\u00e7\u00e3o. Essa abordagem \u00e9 vital em um mundo cada vez mais interconectado, onde a tecnologia desempenha um papel central na sociedade.<\/p>\n<h2>Benef\u00edcios da Expans\u00e3o da Funda\u00e7\u00e3o<\/h2>\n<p>A expans\u00e3o da Funtitec traz consigo uma s\u00e9rie de benef\u00edcios para a comunidade. A integra\u00e7\u00e3o de novas instala\u00e7\u00f5es permitir\u00e1 a cria\u00e7\u00e3o de mais programas e o oferecimento de servi\u00e7os diversificados, atendendo melhor as necessidades dos cidad\u00e3os. Al\u00e9m disso, a funda\u00e7\u00e3o prospecta aumentar sua capacidade de proporcionar acesso \u00e0 educa\u00e7\u00e3o e informa\u00e7\u00e3o atrav\u00e9s de tecnologias modernas, o que eleva o padr\u00e3o de qualidade de vida da popula\u00e7\u00e3o local.<\/p>\n<h2>Depoimentos do Prefeito Jos\u00e9 Ronaldo<\/h2>\n<p>Jos\u00e9 Ronaldo, durante o evento comemorativo, enfatizou o legado que a Funtitec tem deixado ao longo de seus anos de atividade. Ele destacou o orgulho que sente ao ver a funda\u00e7\u00e3o se expandindo e se tornando um pilar essencial para a educa\u00e7\u00e3o e inova\u00e7\u00e3o em Feira de Santana. Seu comprometimento com a institui\u00e7\u00e3o \u00e9 vis\u00edvel, e ele reitera constantemente a import\u00e2ncia de investir em ci\u00eancia e tecnologia para o futuro da cidade.<\/p>\n<h2>Programa de Internet Feira Digital<\/h2>\n<p>Um dos projetos mais destacados da Funtitec \u00e9 o programa Feira Digital, que oferece acesso \u00e0 internet gratuito em 250 escolas da rede p\u00fablica municipal, al\u00e9m de postos de sa\u00fade e Unidades de Pronto Atendimento (UPAs). Essa iniciativa tem um impacto profundo na inclus\u00e3o digital, proporcionando igualdade de oportunidades para todos, especialmente nas \u00e1reas rurais, onde o acesso \u00e0 tecnologia \u00e9 frequentemente limitado. O presidente da Funtitec, Ant\u00f4nio Carlos Coelho, marcou esse programa como um legado importante da funda\u00e7\u00e3o.<\/p>\n<h2>Eventos e Homenagens na Cerim\u00f4nia<\/h2>\n<p>Na celebra\u00e7\u00e3o de 21 anos da Funtitec, foram homenageadas 15 personalidades, entre funcion\u00e1rios p\u00fablicos, colaboradores, membros da comunidade e jornalistas, que contribu\u00edram para o desenvolvimento da funda\u00e7\u00e3o. Certificados de reconhecimento foram entregues durante a cerim\u00f4nia, refletindo o apre\u00e7o da funda\u00e7\u00e3o por aqueles que desempenharam um papel ativo no avan\u00e7o de suas iniciativas. Estas homenagens demonstram o esp\u00edrito comunit\u00e1rio e a valoriza\u00e7\u00e3o do esfor\u00e7o coletivo em prol da educa\u00e7\u00e3o e ci\u00eancia.<\/p>\n<h2>Contribui\u00e7\u00f5es da Funda\u00e7\u00e3o para a Educa\u00e7\u00e3o<\/h2>\n<p>No cen\u00e1rio educacional, a Funtitec tem mostrado um papel proativo ao introduzir novas abordagens e tecnol\u00f3gicas inovadoras. Al\u00e9m de prover acesso \u00e0 internet, a funda\u00e7\u00e3o tem promovido cursos e atividades que buscam o aprimoramento das habilidades dos alunos. Essas a\u00e7\u00f5es n\u00e3o s\u00f3 elevam o n\u00edvel de ensino, mas tamb\u00e9m despertam o interesse dos jovens por \u00e1reas como ci\u00eancia, tecnologia, engenharia e matem\u00e1tica, \u00e1reas fundamentais para o desenvolvimento da sociedade.<\/p>\n<h2>O Legado de Egberto Tavares Costa<\/h2>\n<p>A Funda\u00e7\u00e3o Egberto Tavares Costa n\u00e3o \u00e9 apenas uma institui\u00e7\u00e3o de ensino e cultura, mas um s\u00edmbolo de um legado que visa aprimorar a qualifica\u00e7\u00e3o e a inclus\u00e3o social atrav\u00e9s da educa\u00e7\u00e3o tecnol\u00f3gica. A escolha do nome da funda\u00e7\u00e3o visa reconhecer a contribui\u00e7\u00e3o de Egberto Tavares Costa \u00e0 sociedade, servindo tamb\u00e9m como um incentivo para que as novas gera\u00e7\u00f5es sigam seus passos com honestidade e dedica\u00e7\u00e3o. Ao celebrar seus 21 anos, a funda\u00e7\u00e3o reafirma seu compromisso com a \u00e9tica, responsabilidade e a busca constante pelo conhecimento.<\/p>\n\n<div style=\"font-size: 0px; height: 0px; line-height: 0px; margin: 0; padding: 0; clear: both;\"><\/div>","protected":false},"excerpt":{"rendered":"<p>A Funda\u00e7\u00e3o Egberto Costa anuncia expans\u00f5es importantes para promover ci\u00eancia e tecnologia.<\/p>\n","protected":false},"author":1,"featured_media":2380,"comment_status":"open","ping_status":"closed","sticky":false,"template":"","format":"standard","meta":{"footnotes":""},"categories":[26],"tags":[],"class_list":["post-2381","post","type-post","status-publish","format-standard","has-post-thumbnail","hentry","category-cultura-em-feira-de-santana","has_thumb"],"aioseo_notices":[],"aioseo_head":"\n\t\t<!-- All in One SEO 5.0.0.1 - aioseo.com -->\n\t<meta name=\"description\" content=\"A Funda\u00e7\u00e3o Egberto Costa anuncia expans\u00f5es importantes para promover ci\u00eancia e tecnologia.\" \/>\n\t<meta name=\"robots\" content=\"max-image-preview:large\" \/>\n\t<meta name=\"author\" content=\"Encontra Feira de Santana\"\/>\n\t<link rel=\"canonical\" href=\"https:\/\/www.encontrafeiradesantana.com.br\/sobre\/prefeitura-de-feira-anuncia-projetos-para-expansao-da-fundacao-egberto-costa-nos-seus-21-anos-de-criacao\/\" \/>\n\t<meta name=\"generator\" content=\"All in One SEO (AIOSEO) 5.0.0.1\" \/>\n\t\t<meta property=\"og:locale\" content=\"pt_BR\" \/>\n\t\t<meta property=\"og:site_name\" content=\"Encontra Feira de Santana | Not\u00edcias, eventos, informa\u00e7\u00f5es e dicas na cidade Feira de Santana e regi\u00e3o.\" \/>\n\t\t<meta property=\"og:type\" content=\"article\" \/>\n\t\t<meta property=\"og:title\" content=\"Prefeitura de Feira anuncia projetos para expans\u00e3o da Funda\u00e7\u00e3o Egberto Costa nos seus 21 anos de cria\u00e7\u00e3o | Encontra Feira de Santana\" \/>\n\t\t<meta property=\"og:description\" content=\"A Funda\u00e7\u00e3o Egberto Costa anuncia expans\u00f5es importantes para promover ci\u00eancia e tecnologia.\" \/>\n\t\t<meta property=\"og:url\" content=\"https:\/\/www.encontrafeiradesantana.com.br\/sobre\/prefeitura-de-feira-anuncia-projetos-para-expansao-da-fundacao-egberto-costa-nos-seus-21-anos-de-criacao\/\" \/>\n\t\t<meta property=\"article:published_time\" content=\"2026-07-07T23:23:07+00:00\" \/>\n\t\t<meta property=\"article:modified_time\" content=\"2026-07-07T23:23:07+00:00\" \/>\n\t\t<meta name=\"twitter:card\" content=\"summary\" \/>\n\t\t<meta name=\"twitter:title\" content=\"Prefeitura de Feira anuncia projetos para expans\u00e3o da Funda\u00e7\u00e3o Egberto Costa nos seus 21 anos de cria\u00e7\u00e3o | Encontra Feira de Santana\" \/>\n\t\t<meta name=\"twitter:description\" content=\"A Funda\u00e7\u00e3o Egberto Costa anuncia expans\u00f5es importantes para promover ci\u00eancia e tecnologia.\" \/>\n\t\t<script type=\"application\/ld+json\" class=\"aioseo-schema\">\n\t\t\t{\"@context\":\"https:\\\/\\\/schema.org\",\"@graph\":[{\"@type\":\"Article\",\"@id\":\"https:\\\/\\\/www.encontrafeiradesantana.com.br\\\/sobre\\\/prefeitura-de-feira-anuncia-projetos-para-expansao-da-fundacao-egberto-costa-nos-seus-21-anos-de-criacao\\\/#article\",\"name\":\"Prefeitura de Feira anuncia projetos para expans\\u00e3o da Funda\\u00e7\\u00e3o Egberto Costa nos seus 21 anos de cria\\u00e7\\u00e3o | Encontra Feira de Santana\",\"headline\":\"Prefeitura de Feira anuncia projetos para expans\\u00e3o da Funda\\u00e7\\u00e3o Egberto Costa nos seus 21 anos de cria\\u00e7\\u00e3o\",\"author\":{\"@id\":\"https:\\\/\\\/www.encontrafeiradesantana.com.br\\\/sobre\\\/author\\\/efeiradesantana\\\/#author\"},\"publisher\":{\"@id\":\"https:\\\/\\\/www.encontrafeiradesantana.com.br\\\/sobre\\\/#organization\"},\"image\":{\"@type\":\"ImageObject\",\"url\":\"https:\\\/\\\/www.encontrafeiradesantana.com.br\\\/sobre\\\/wp-content\\\/uploads\\\/2026\\\/07\\\/prefeitura-de-feira-anuncia-projetos-para-expansao-da-fundacao-egberto-costa-nos-seus-21-anos-de-cri.webp\",\"width\":280,\"height\":280,\"caption\":\"Funda\\u00e7\\u00e3o Egberto Costa\"},\"datePublished\":\"2026-07-07T20:23:07-03:00\",\"dateModified\":\"2026-07-07T20:23:07-03:00\",\"inLanguage\":\"pt-BR\",\"mainEntityOfPage\":{\"@id\":\"https:\\\/\\\/www.encontrafeiradesantana.com.br\\\/sobre\\\/prefeitura-de-feira-anuncia-projetos-para-expansao-da-fundacao-egberto-costa-nos-seus-21-anos-de-criacao\\\/#webpage\"},\"isPartOf\":{\"@id\":\"https:\\\/\\\/www.encontrafeiradesantana.com.br\\\/sobre\\\/prefeitura-de-feira-anuncia-projetos-para-expansao-da-fundacao-egberto-costa-nos-seus-21-anos-de-criacao\\\/#webpage\"},\"articleSection\":\"Cultura Feira de Santana\"},{\"@type\":\"BreadcrumbList\",\"@id\":\"https:\\\/\\\/www.encontrafeiradesantana.com.br\\\/sobre\\\/prefeitura-de-feira-anuncia-projetos-para-expansao-da-fundacao-egberto-costa-nos-seus-21-anos-de-criacao\\\/#breadcrumblist\",\"itemListElement\":[{\"@type\":\"ListItem\",\"@id\":\"https:\\\/\\\/www.encontrafeiradesantana.com.br\\\/sobre#listItem\",\"position\":1,\"name\":\"In\\u00edcio\",\"item\":\"https:\\\/\\\/www.encontrafeiradesantana.com.br\\\/sobre\",\"nextItem\":{\"@type\":\"ListItem\",\"@id\":\"https:\\\/\\\/www.encontrafeiradesantana.com.br\\\/sobre\\\/cultura-em-feira-de-santana\\\/#listItem\",\"name\":\"Cultura Feira de Santana\"}},{\"@type\":\"ListItem\",\"@id\":\"https:\\\/\\\/www.encontrafeiradesantana.com.br\\\/sobre\\\/cultura-em-feira-de-santana\\\/#listItem\",\"position\":2,\"name\":\"Cultura Feira de Santana\",\"item\":\"https:\\\/\\\/www.encontrafeiradesantana.com.br\\\/sobre\\\/cultura-em-feira-de-santana\\\/\",\"nextItem\":{\"@type\":\"ListItem\",\"@id\":\"https:\\\/\\\/www.encontrafeiradesantana.com.br\\\/sobre\\\/prefeitura-de-feira-anuncia-projetos-para-expansao-da-fundacao-egberto-costa-nos-seus-21-anos-de-criacao\\\/#listItem\",\"name\":\"Prefeitura de Feira anuncia projetos para expans\\u00e3o da Funda\\u00e7\\u00e3o Egberto Costa nos seus 21 anos de cria\\u00e7\\u00e3o\"},\"previousItem\":{\"@type\":\"ListItem\",\"@id\":\"https:\\\/\\\/www.encontrafeiradesantana.com.br\\\/sobre#listItem\",\"name\":\"In\\u00edcio\"}},{\"@type\":\"ListItem\",\"@id\":\"https:\\\/\\\/www.encontrafeiradesantana.com.br\\\/sobre\\\/prefeitura-de-feira-anuncia-projetos-para-expansao-da-fundacao-egberto-costa-nos-seus-21-anos-de-criacao\\\/#listItem\",\"position\":3,\"name\":\"Prefeitura de Feira anuncia projetos para expans\\u00e3o da Funda\\u00e7\\u00e3o Egberto Costa nos seus 21 anos de cria\\u00e7\\u00e3o\",\"previousItem\":{\"@type\":\"ListItem\",\"@id\":\"https:\\\/\\\/www.encontrafeiradesantana.com.br\\\/sobre\\\/cultura-em-feira-de-santana\\\/#listItem\",\"name\":\"Cultura Feira de Santana\"}}]},{\"@type\":\"Organization\",\"@id\":\"https:\\\/\\\/www.encontrafeiradesantana.com.br\\\/sobre\\\/#organization\",\"name\":\"Encontra Feira de Santana\",\"description\":\"Not\\u00edcias, eventos, informa\\u00e7\\u00f5es e dicas na cidade Feira de Santana e regi\\u00e3o.\",\"url\":\"https:\\\/\\\/www.encontrafeiradesantana.com.br\\\/sobre\\\/\"},{\"@type\":\"Person\",\"@id\":\"https:\\\/\\\/www.encontrafeiradesantana.com.br\\\/sobre\\\/author\\\/efeiradesantana\\\/#author\",\"url\":\"https:\\\/\\\/www.encontrafeiradesantana.com.br\\\/sobre\\\/author\\\/efeiradesantana\\\/\",\"name\":\"Encontra Feira de Santana\",\"image\":{\"@type\":\"ImageObject\",\"@id\":\"https:\\\/\\\/www.encontrafeiradesantana.com.br\\\/sobre\\\/prefeitura-de-feira-anuncia-projetos-para-expansao-da-fundacao-egberto-costa-nos-seus-21-anos-de-criacao\\\/#authorImage\",\"url\":\"https:\\\/\\\/secure.gravatar.com\\\/avatar\\\/507340682b8270222e1f208e23198b6ae7e2c6a1033ae84e99bc6bce4f82a387?s=96&d=mm&r=g\",\"width\":96,\"height\":96,\"caption\":\"Encontra Feira de Santana\"}},{\"@type\":\"WebPage\",\"@id\":\"https:\\\/\\\/www.encontrafeiradesantana.com.br\\\/sobre\\\/prefeitura-de-feira-anuncia-projetos-para-expansao-da-fundacao-egberto-costa-nos-seus-21-anos-de-criacao\\\/#webpage\",\"url\":\"https:\\\/\\\/www.encontrafeiradesantana.com.br\\\/sobre\\\/prefeitura-de-feira-anuncia-projetos-para-expansao-da-fundacao-egberto-costa-nos-seus-21-anos-de-criacao\\\/\",\"name\":\"Prefeitura de Feira anuncia projetos para expans\\u00e3o da Funda\\u00e7\\u00e3o Egberto Costa nos seus 21 anos de cria\\u00e7\\u00e3o | Encontra Feira de Santana\",\"description\":\"A Funda\\u00e7\\u00e3o Egberto Costa anuncia expans\\u00f5es importantes para promover ci\\u00eancia e tecnologia.\",\"inLanguage\":\"pt-BR\",\"isPartOf\":{\"@id\":\"https:\\\/\\\/www.encontrafeiradesantana.com.br\\\/sobre\\\/#website\"},\"breadcrumb\":{\"@id\":\"https:\\\/\\\/www.encontrafeiradesantana.com.br\\\/sobre\\\/prefeitura-de-feira-anuncia-projetos-para-expansao-da-fundacao-egberto-costa-nos-seus-21-anos-de-criacao\\\/#breadcrumblist\"},\"author\":{\"@id\":\"https:\\\/\\\/www.encontrafeiradesantana.com.br\\\/sobre\\\/author\\\/efeiradesantana\\\/#author\"},\"creator\":{\"@id\":\"https:\\\/\\\/www.encontrafeiradesantana.com.br\\\/sobre\\\/author\\\/efeiradesantana\\\/#author\"},\"image\":{\"@type\":\"ImageObject\",\"url\":\"https:\\\/\\\/www.encontrafeiradesantana.com.br\\\/sobre\\\/wp-content\\\/uploads\\\/2026\\\/07\\\/prefeitura-de-feira-anuncia-projetos-para-expansao-da-fundacao-egberto-costa-nos-seus-21-anos-de-cri.webp\",\"@id\":\"https:\\\/\\\/www.encontrafeiradesantana.com.br\\\/sobre\\\/prefeitura-de-feira-anuncia-projetos-para-expansao-da-fundacao-egberto-costa-nos-seus-21-anos-de-criacao\\\/#mainImage\",\"width\":280,\"height\":280,\"caption\":\"Funda\\u00e7\\u00e3o Egberto Costa\"},\"primaryImageOfPage\":{\"@id\":\"https:\\\/\\\/www.encontrafeiradesantana.com.br\\\/sobre\\\/prefeitura-de-feira-anuncia-projetos-para-expansao-da-fundacao-egberto-costa-nos-seus-21-anos-de-criacao\\\/#mainImage\"},\"datePublished\":\"2026-07-07T20:23:07-03:00\",\"dateModified\":\"2026-07-07T20:23:07-03:00\"},{\"@type\":\"WebSite\",\"@id\":\"https:\\\/\\\/www.encontrafeiradesantana.com.br\\\/sobre\\\/#website\",\"url\":\"https:\\\/\\\/www.encontrafeiradesantana.com.br\\\/sobre\\\/\",\"name\":\"Encontra Feira de Santana\",\"description\":\"Not\\u00edcias, eventos, informa\\u00e7\\u00f5es e dicas na cidade Feira de Santana e regi\\u00e3o.\",\"inLanguage\":\"pt-BR\",\"publisher\":{\"@id\":\"https:\\\/\\\/www.encontrafeiradesantana.com.br\\\/sobre\\\/#organization\"}}]}\n\t\t<\/script>\n\t\t<!-- All in One SEO -->\n\n","aioseo_head_json":{"title":"Prefeitura de Feira anuncia projetos para expans\u00e3o da Funda\u00e7\u00e3o Egberto Costa nos seus 21 anos de cria\u00e7\u00e3o | Encontra Feira de Santana","description":"A Funda\u00e7\u00e3o Egberto Costa anuncia expans\u00f5es importantes para promover ci\u00eancia e tecnologia.","canonical_url":"https:\/\/www.encontrafeiradesantana.com.br\/sobre\/prefeitura-de-feira-anuncia-projetos-para-expansao-da-fundacao-egberto-costa-nos-seus-21-anos-de-criacao\/","robots":"max-image-preview:large","keywords":"","webmasterTools":{"miscellaneous":""},"schema":{"@context":"https:\/\/schema.org","@graph":[{"@type":"Article","@id":"https:\/\/www.encontrafeiradesantana.com.br\/sobre\/prefeitura-de-feira-anuncia-projetos-para-expansao-da-fundacao-egberto-costa-nos-seus-21-anos-de-criacao\/#article","name":"Prefeitura de Feira anuncia projetos para expans\u00e3o da Funda\u00e7\u00e3o Egberto Costa nos seus 21 anos de cria\u00e7\u00e3o | Encontra Feira de Santana","headline":"Prefeitura de Feira anuncia projetos para expans\u00e3o da Funda\u00e7\u00e3o Egberto Costa nos seus 21 anos de cria\u00e7\u00e3o","author":{"@id":"https:\/\/www.encontrafeiradesantana.com.br\/sobre\/author\/efeiradesantana\/#author"},"publisher":{"@id":"https:\/\/www.encontrafeiradesantana.com.br\/sobre\/#organization"},"image":{"@type":"ImageObject","url":"https:\/\/www.encontrafeiradesantana.com.br\/sobre\/wp-content\/uploads\/2026\/07\/prefeitura-de-feira-anuncia-projetos-para-expansao-da-fundacao-egberto-costa-nos-seus-21-anos-de-cri.webp","width":280,"height":280,"caption":"Funda\u00e7\u00e3o Egberto Costa"},"datePublished":"2026-07-07T20:23:07-03:00","dateModified":"2026-07-07T20:23:07-03:00","inLanguage":"pt-BR","mainEntityOfPage":{"@id":"https:\/\/www.encontrafeiradesantana.com.br\/sobre\/prefeitura-de-feira-anuncia-projetos-para-expansao-da-fundacao-egberto-costa-nos-seus-21-anos-de-criacao\/#webpage"},"isPartOf":{"@id":"https:\/\/www.encontrafeiradesantana.com.br\/sobre\/prefeitura-de-feira-anuncia-projetos-para-expansao-da-fundacao-egberto-costa-nos-seus-21-anos-de-criacao\/#webpage"},"articleSection":"Cultura Feira de Santana"},{"@type":"BreadcrumbList","@id":"https:\/\/www.encontrafeiradesantana.com.br\/sobre\/prefeitura-de-feira-anuncia-projetos-para-expansao-da-fundacao-egberto-costa-nos-seus-21-anos-de-criacao\/#breadcrumblist","itemListElement":[{"@type":"ListItem","@id":"https:\/\/www.encontrafeiradesantana.com.br\/sobre#listItem","position":1,"name":"In\u00edcio","item":"https:\/\/www.encontrafeiradesantana.com.br\/sobre","nextItem":{"@type":"ListItem","@id":"https:\/\/www.encontrafeiradesantana.com.br\/sobre\/cultura-em-feira-de-santana\/#listItem","name":"Cultura Feira de Santana"}},{"@type":"ListItem","@id":"https:\/\/www.encontrafeiradesantana.com.br\/sobre\/cultura-em-feira-de-santana\/#listItem","position":2,"name":"Cultura Feira de Santana","item":"https:\/\/www.encontrafeiradesantana.com.br\/sobre\/cultura-em-feira-de-santana\/","nextItem":{"@type":"ListItem","@id":"https:\/\/www.encontrafeiradesantana.com.br\/sobre\/prefeitura-de-feira-anuncia-projetos-para-expansao-da-fundacao-egberto-costa-nos-seus-21-anos-de-criacao\/#listItem","name":"Prefeitura de Feira anuncia projetos para expans\u00e3o da Funda\u00e7\u00e3o Egberto Costa nos seus 21 anos de cria\u00e7\u00e3o"},"previousItem":{"@type":"ListItem","@id":"https:\/\/www.encontrafeiradesantana.com.br\/sobre#listItem","name":"In\u00edcio"}},{"@type":"ListItem","@id":"https:\/\/www.encontrafeiradesantana.com.br\/sobre\/prefeitura-de-feira-anuncia-projetos-para-expansao-da-fundacao-egberto-costa-nos-seus-21-anos-de-criacao\/#listItem","position":3,"name":"Prefeitura de Feira anuncia projetos para expans\u00e3o da Funda\u00e7\u00e3o Egberto Costa nos seus 21 anos de cria\u00e7\u00e3o","previousItem":{"@type":"ListItem","@id":"https:\/\/www.encontrafeiradesantana.com.br\/sobre\/cultura-em-feira-de-santana\/#listItem","name":"Cultura Feira de Santana"}}]},{"@type":"Organization","@id":"https:\/\/www.encontrafeiradesantana.com.br\/sobre\/#organization","name":"Encontra Feira de Santana","description":"Not\u00edcias, eventos, informa\u00e7\u00f5es e dicas na cidade Feira de Santana e regi\u00e3o.","url":"https:\/\/www.encontrafeiradesantana.com.br\/sobre\/"},{"@type":"Person","@id":"https:\/\/www.encontrafeiradesantana.com.br\/sobre\/author\/efeiradesantana\/#author","url":"https:\/\/www.encontrafeiradesantana.com.br\/sobre\/author\/efeiradesantana\/","name":"Encontra Feira de Santana","image":{"@type":"ImageObject","@id":"https:\/\/www.encontrafeiradesantana.com.br\/sobre\/prefeitura-de-feira-anuncia-projetos-para-expansao-da-fundacao-egberto-costa-nos-seus-21-anos-de-criacao\/#authorImage","url":"https:\/\/secure.gravatar.com\/avatar\/507340682b8270222e1f208e23198b6ae7e2c6a1033ae84e99bc6bce4f82a387?s=96&d=mm&r=g","width":96,"height":96,"caption":"Encontra Feira de Santana"}},{"@type":"WebPage","@id":"https:\/\/www.encontrafeiradesantana.com.br\/sobre\/prefeitura-de-feira-anuncia-projetos-para-expansao-da-fundacao-egberto-costa-nos-seus-21-anos-de-criacao\/#webpage","url":"https:\/\/www.encontrafeiradesantana.com.br\/sobre\/prefeitura-de-feira-anuncia-projetos-para-expansao-da-fundacao-egberto-costa-nos-seus-21-anos-de-criacao\/","name":"Prefeitura de Feira anuncia projetos para expans\u00e3o da Funda\u00e7\u00e3o Egberto Costa nos seus 21 anos de cria\u00e7\u00e3o | Encontra Feira de Santana","description":"A Funda\u00e7\u00e3o Egberto Costa anuncia expans\u00f5es importantes para promover ci\u00eancia e tecnologia.","inLanguage":"pt-BR","isPartOf":{"@id":"https:\/\/www.encontrafeiradesantana.com.br\/sobre\/#website"},"breadcrumb":{"@id":"https:\/\/www.encontrafeiradesantana.com.br\/sobre\/prefeitura-de-feira-anuncia-projetos-para-expansao-da-fundacao-egberto-costa-nos-seus-21-anos-de-criacao\/#breadcrumblist"},"author":{"@id":"https:\/\/www.encontrafeiradesantana.com.br\/sobre\/author\/efeiradesantana\/#author"},"creator":{"@id":"https:\/\/www.encontrafeiradesantana.com.br\/sobre\/author\/efeiradesantana\/#author"},"image":{"@type":"ImageObject","url":"https:\/\/www.encontrafeiradesantana.com.br\/sobre\/wp-content\/uploads\/2026\/07\/prefeitura-de-feira-anuncia-projetos-para-expansao-da-fundacao-egberto-costa-nos-seus-21-anos-de-cri.webp","@id":"https:\/\/www.encontrafeiradesantana.com.br\/sobre\/prefeitura-de-feira-anuncia-projetos-para-expansao-da-fundacao-egberto-costa-nos-seus-21-anos-de-criacao\/#mainImage","width":280,"height":280,"caption":"Funda\u00e7\u00e3o Egberto Costa"},"primaryImageOfPage":{"@id":"https:\/\/www.encontrafeiradesantana.com.br\/sobre\/prefeitura-de-feira-anuncia-projetos-para-expansao-da-fundacao-egberto-costa-nos-seus-21-anos-de-criacao\/#mainImage"},"datePublished":"2026-07-07T20:23:07-03:00","dateModified":"2026-07-07T20:23:07-03:00"},{"@type":"WebSite","@id":"https:\/\/www.encontrafeiradesantana.com.br\/sobre\/#website","url":"https:\/\/www.encontrafeiradesantana.com.br\/sobre\/","name":"Encontra Feira de Santana","description":"Not\u00edcias, eventos, informa\u00e7\u00f5es e dicas na cidade Feira de Santana e regi\u00e3o.","inLanguage":"pt-BR","publisher":{"@id":"https:\/\/www.encontrafeiradesantana.com.br\/sobre\/#organization"}}]},"og:locale":"pt_BR","og:site_name":"Encontra Feira de Santana | Not\u00edcias, eventos, informa\u00e7\u00f5es e dicas na cidade Feira de Santana e regi\u00e3o.","og:type":"article","og:title":"Prefeitura de Feira anuncia projetos para expans\u00e3o da Funda\u00e7\u00e3o Egberto Costa nos seus 21 anos de cria\u00e7\u00e3o | Encontra Feira de Santana","og:description":"A Funda\u00e7\u00e3o Egberto Costa anuncia expans\u00f5es importantes para promover ci\u00eancia e tecnologia.","og:url":"https:\/\/www.encontrafeiradesantana.com.br\/sobre\/prefeitura-de-feira-anuncia-projetos-para-expansao-da-fundacao-egberto-costa-nos-seus-21-anos-de-criacao\/","article:published_time":"2026-07-07T23:23:07+00:00","article:modified_time":"2026-07-07T23:23:07+00:00","twitter:card":"summary","twitter:title":"Prefeitura de Feira anuncia projetos para expans\u00e3o da Funda\u00e7\u00e3o Egberto Costa nos seus 21 anos de cria\u00e7\u00e3o | Encontra Feira de Santana","twitter:description":"A Funda\u00e7\u00e3o Egberto Costa anuncia expans\u00f5es importantes para promover ci\u00eancia e tecnologia."},"aioseo_meta_data":{"post_id":"2381","title":null,"description":null,"keywords":null,"keyphrases":null,"primary_term":null,"canonical_url":null,"og_title":null,"og_description":null,"og_object_type":"default","og_image_type":"default","og_image_url":null,"og_image_width":null,"og_image_height":null,"og_image_custom_url":null,"og_image_custom_fields":null,"og_video":null,"og_custom_url":null,"og_article_section":null,"og_article_tags":null,"twitter_use_og":false,"twitter_card":"default","twitter_image_type":"default","twitter_image_url":null,"twitter_image_custom_url":null,"twitter_image_custom_fields":null,"twitter_title":null,"twitter_description":null,"schema":{"blockGraphs":[],"customGraphs":[],"default":{"data":{"Article":[],"Course":[],"Dataset":[],"FAQPage":[],"Movie":[],"Person":[],"Product":[],"ProductReview":[],"Car":[],"Recipe":[],"Service":[],"SoftwareApplication":[],"WebPage":[]},"graphName":"Article","isEnabled":true},"graphs":[]},"schema_type":"default","schema_type_options":null,"pillar_content":false,"robots_default":true,"robots_noindex":false,"robots_noarchive":false,"robots_nosnippet":false,"robots_nofollow":false,"robots_noimageindex":false,"robots_noodp":false,"robots_notranslate":false,"robots_max_snippet":null,"robots_max_videopreview":null,"robots_max_imagepreview":"large","priority":null,"frequency":null,"local_seo":null,"breadcrumb_settings":null,"limit_modified_date":false,"ai":null,"created":"2026-07-07 23:23:08","updated":"2026-07-07 23:24:25","focus_keyword":null,"additional_keywords":null,"truseo_locale":null,"seo_analyzer_scan_date":null},"aioseo_breadcrumb":"<div class=\"aioseo-breadcrumbs\"><span class=\"aioseo-breadcrumb\">\n\t\t\t<a href=\"https:\/\/www.encontrafeiradesantana.com.br\/sobre\" title=\"In\u00edcio\">In\u00edcio<\/a>\n\t\t<\/span><span class=\"aioseo-breadcrumb-separator\">&raquo;<\/span><span class=\"aioseo-breadcrumb\">\n\t\t\t<a href=\"https:\/\/www.encontrafeiradesantana.com.br\/sobre\/cultura-em-feira-de-santana\/\" title=\"Cultura Feira de Santana\">Cultura Feira de Santana<\/a>\n\t\t<\/span><span class=\"aioseo-breadcrumb-separator\">&raquo;<\/span><span class=\"aioseo-breadcrumb\">\n\t\t\tPrefeitura de Feira anuncia projetos para expans\u00e3o da Funda\u00e7\u00e3o Egberto Costa nos seus 21 anos de cria\u00e7\u00e3o\n\t\t<\/span><\/div>","aioseo_breadcrumb_json":[{"label":"In\u00edcio","link":"https:\/\/www.encontrafeiradesantana.com.br\/sobre"},{"label":"Cultura Feira de Santana","link":"https:\/\/www.encontrafeiradesantana.com.br\/sobre\/cultura-em-feira-de-santana\/"},{"label":"Prefeitura de Feira anuncia projetos para expans\u00e3o da Funda\u00e7\u00e3o Egberto Costa nos seus 21 anos de cria\u00e7\u00e3o","link":"https:\/\/www.encontrafeiradesantana.com.br\/sobre\/prefeitura-de-feira-anuncia-projetos-para-expansao-da-fundacao-egberto-costa-nos-seus-21-anos-de-criacao\/"}],"_links":{"self":[{"href":"https:\/\/www.encontrafeiradesantana.com.br\/sobre\/wp-json\/wp\/v2\/posts\/2381","targetHints":{"allow":["GET"]}}],"collection":[{"href":"https:\/\/www.encontrafeiradesantana.com.br\/sobre\/wp-json\/wp\/v2\/posts"}],"about":[{"href":"https:\/\/www.encontrafeiradesantana.com.br\/sobre\/wp-json\/wp\/v2\/types\/post"}],"author":[{"embeddable":true,"href":"https:\/\/www.encontrafeiradesantana.com.br\/sobre\/wp-json\/wp\/v2\/users\/1"}],"replies":[{"embeddable":true,"href":"https:\/\/www.encontrafeiradesantana.com.br\/sobre\/wp-json\/wp\/v2\/comments?post=2381"}],"version-history":[{"count":0,"href":"https:\/\/www.encontrafeiradesantana.com.br\/sobre\/wp-json\/wp\/v2\/posts\/2381\/revisions"}],"wp:featuredmedia":[{"embeddable":true,"href":"https:\/\/www.encontrafeiradesantana.com.br\/sobre\/wp-json\/wp\/v2\/media\/2380"}],"wp:attachment":[{"href":"https:\/\/www.encontrafeiradesantana.com.br\/sobre\/wp-json\/wp\/v2\/media?parent=2381"}],"wp:term":[{"taxonomy":"category","embeddable":true,"href":"https:\/\/www.encontrafeiradesantana.com.br\/sobre\/wp-json\/wp\/v2\/categories?post=2381"},{"taxonomy":"post_tag","embeddable":true,"href":"https:\/\/www.encontrafeiradesantana.com.br\/sobre\/wp-json\/wp\/v2\/tags?post=2381"}],"curies":[{"name":"wp","href":"https:\/\/api.w.org\/{rel}","templated":true}]}}