{"id":2363,"date":"2026-07-06T20:14:13","date_gmt":"2026-07-06T23:14:13","guid":{"rendered":"https:\/\/www.encontrafeiradesantana.com.br\/sobre\/semmam-promove-1o-forum-socioambiental-de-feira-de-santana-com-foco-na-emergencia-climatica\/"},"modified":"2026-07-06T20:14:13","modified_gmt":"2026-07-06T23:14:13","slug":"semmam-promove-1o-forum-socioambiental-de-feira-de-santana-com-foco-na-emergencia-climatica","status":"publish","type":"post","link":"https:\/\/www.encontrafeiradesantana.com.br\/sobre\/semmam-promove-1o-forum-socioambiental-de-feira-de-santana-com-foco-na-emergencia-climatica\/","title":{"rendered":"SEMMAM promove 1\u00ba F\u00f3rum Socioambiental de Feira de Santana com foco na emerg\u00eancia clim\u00e1tica"},"content":{"rendered":"<div class=\"3f468104ad11f00a3c9ac948316f4265\" data-index=\"1\" style=\"float: none; margin:0px;\">\n<ins class=\"adsbygoogle\"\r\n     style=\"display:block\"\r\n     data-ad-client=\"ca-pub-8585364105181520\"\r\n     data-ad-slot=\"8789329856\"\r\n     data-ad-format=\"auto\"\r\n     data-full-width-responsive=\"true\"><\/ins>\r\n<script>\r\n     (adsbygoogle = window.adsbygoogle || []).push({});\r\n<\/script>\r\n\n<\/div>\n<h2>O que \u00e9 o F\u00f3rum Socioambiental de Feira de Santana<\/h2>\n<p>O <strong>F\u00f3rum Socioambiental de Feira de Santana<\/strong> \u00e9 um evento promovido pela Secretaria Municipal de Meio Ambiente e Recursos Naturais (SEMMAM) destinado a criar um espa\u00e7o amplo para que diversos atores sociais possam se reunir e discutir quest\u00f5es ambientais prementes. O evento, que ocorrer\u00e1 pela primeira vez no dia 14 de julho, tem como prop\u00f3sito central abordar e propor solu\u00e7\u00f5es referentes \u00e0 emerg\u00eancia clim\u00e1tica que afeta a cidade e, por extens\u00e3o, o planeta.<\/p>\n<h2>Objetivos do F\u00f3rum: Di\u00e1logo e A\u00e7\u00e3o Coletiva<\/h2>\n<p>Este f\u00f3rum busca promover o interc\u00e2mbio de ideias entre m\u00faltiplos setores da sociedade, incluindo representantes do governo, universidades, setores produtivos e a comunidade em geral. O objetivo \u00e9 gerar um di\u00e1logo aberto que facilite a troca de experi\u00eancias e a constru\u00e7\u00e3o de pol\u00edticas p\u00fablicas que sejam sustent\u00e1veis e eficazes.<\/p>\n<p>Entre seus principais objetivos est\u00e3o: <\/p>\n<p><img decoding=\"async\" src=\"https:\/\/www.encontrafeiradesantana.com.br\/sobre\/wp-content\/uploads\/2026\/07\/semmam-promove-1-forum-socioambiental-de-feira-de-santana-com-foco-na-emergencia-climatica.webp\" alt=\"F\u00f3rum Socioambiental de Feira de Santana\" loading=\"lazy\" \/><\/p>\n<ul>\n<li>Fomentar a discuss\u00e3o sobre mudan\u00e7as clim\u00e1ticas e suas implica\u00e7\u00f5es locais.<\/li>\n<li>Estabelecer um canal de comunica\u00e7\u00e3o entre a administra\u00e7\u00e3o p\u00fablica e a sociedade civil.<\/li>\n<li>Estimular a participa\u00e7\u00e3o cidad\u00e3 na elabora\u00e7\u00e3o de pol\u00edticas ambientais.<\/li>\n<li>Identificar solu\u00e7\u00f5es criativas e coletivas para os desafios ambientais da cidade.<\/li>\n<\/ul>\n<h2>Tem\u00e1ticas Abordadas: Emerg\u00eancia Clim\u00e1tica e Sustentabilidade<\/h2>\n<p>O evento ter\u00e1 como tema central &#8220;<strong>Emerg\u00eancia Clim\u00e1tica Requer Mudan\u00e7as<\/strong>&#8220;, focando em estrat\u00e9gias que podem ser implementadas para mitigar os efeitos das mudan\u00e7as clim\u00e1ticas. As \u00e1reas de discuss\u00e3o ser\u00e3o divididas em quatro eixos tem\u00e1ticos:<\/p>\n<ul>\n<li><strong>Adapta Cidade:<\/strong> estrat\u00e9gias para adaptar a estrutura urbana \u00e0s mudan\u00e7as clim\u00e1ticas.<\/li>\n<li><strong>Transi\u00e7\u00e3o Energ\u00e9tica Justa:<\/strong> como promover uma transi\u00e7\u00e3o para energias renov\u00e1veis de forma acess\u00edvel para todos.<\/li>\n<li><strong>Educa\u00e7\u00e3o Ambiental:<\/strong> a import\u00e2ncia de educar a popula\u00e7\u00e3o sobre pr\u00e1ticas sustent\u00e1veis.<\/li>\n<li><strong>Mitiga\u00e7\u00e3o dos Efeitos das Enchentes e Secas:<\/strong> abordagens para lidar com problemas h\u00eddricos que afetam a cidade.<\/li>\n<\/ul>\n<h2>Palestrantes Confirmados: Quem S\u00e3o os Especialistas?<\/h2>\n<p>O f\u00f3rum contar\u00e1 com a participa\u00e7\u00e3o de renomados especialistas na \u00e1rea ambiental. Entre os palestrantes confirmados, destacam-se:<\/p>\n<ul>\n<li>Dr. S\u00f3stenes Macedo, Secret\u00e1rio de Desenvolvimento Urbano.<\/li>\n<li>Profa. Dra. Cristine Nascimento, representante da Associa\u00e7\u00e3o de Pescadores.<\/li>\n<li>Prof. Dr. Gilberto Mendon\u00e7a, da Universidade Estadual de Feira de Santana (UEFS).<\/li>\n<\/ul>\n<h2>A Import\u00e2ncia da Participa\u00e7\u00e3o da Sociedade Civil<\/h2>\n<p>A participa\u00e7\u00e3o da sociedade civil \u00e9 considerada fundamental para o sucesso do <strong>F\u00f3rum Socioambiental<\/strong>. \u00c9 um momento essencial em que cidad\u00e3os comuns, estudantes, profissionais da \u00e1rea, pesquisadores e institui\u00e7\u00f5es s\u00e3o convidados a se unir e contribuir com suas vozes e experi\u00eancias. A secret\u00e1ria municipal de Meio Ambiente e Recursos Naturais, Jaciara Costa, enfatiza a relev\u00e2ncia desse envolvimento:<\/p>\n<blockquote><p>\n    &#8220;Esperamos que toda a popula\u00e7\u00e3o se una a n\u00f3s nesse evento significativo. A colabora\u00e7\u00e3o de todos \u00e9 crucial para construirmos solu\u00e7\u00f5es que considerem as mudan\u00e7as clim\u00e1ticas tanto em \u00e2mbito local quanto global.&#8221;\n<\/p><\/blockquote>\n<h2>Programa\u00e7\u00e3o do Evento: Eixos Tem\u00e1ticos de Discuss\u00e3o<\/h2>\n<p>A programa\u00e7\u00e3o do evento ser\u00e1 realizada durante todo o dia 14 de julho e incluir\u00e1 pain\u00e9is de discuss\u00e3o, mesas-redondas e apresenta\u00e7\u00f5es de solu\u00e7\u00f5es bem-sucedidas implementadas por institui\u00e7\u00f5es convidadas. O evento est\u00e1 previsto para ocorrer no Audit\u00f3rio da Secretaria Municipal de Educa\u00e7\u00e3o (SEDUC), com hor\u00e1rios espec\u00edficos para cada parte da programa\u00e7\u00e3o:<\/p>\n<ul>\n<li>Manh\u00e3: das 8h \u00e0s 11h30<\/li>\n<li>Tarde: das 14h \u00e0s 16h30<\/li>\n<\/ul>\n<p>Ao todo, o f\u00f3rum ter\u00e1 oito horas de atividades, oferecendo aos participantes uma experi\u00eancia rica em aprendizado e troca de conhecimento.<\/p>\n<h2>Inscri\u00e7\u00f5es Abertas: Como Participar?<\/h2>\n<p>A participa\u00e7\u00e3o no <strong>F\u00f3rum Socioambiental de Feira de Santana<\/strong> \u00e9 gratuita e as inscri\u00e7\u00f5es podem ser feitas por meio de um formul\u00e1rio online disponibilizado pela SEMMAM. Os interessados devem se inscrever antecipadamente para garantir sua participa\u00e7\u00e3o.<\/p>\n<h2>Certifica\u00e7\u00e3o para Participantes: Um Reconhecimento Valioso<\/h2>\n<p>Os participantes que completarem a programa\u00e7\u00e3o do evento receber\u00e3o um certificado com carga hor\u00e1ria de 8 horas. Esse reconhecimento n\u00e3o apenas valida a participa\u00e7\u00e3o, mas tamb\u00e9m incentiva a continuidade do envolvimento em quest\u00f5es ambientais e pr\u00e1ticas sustent\u00e1veis.<\/p>\n<h2>Impacto Esperado no Munic\u00edpio: Construindo Pol\u00edticas Sustent\u00e1veis<\/h2>\n<p>Com a realiza\u00e7\u00e3o do <strong>F\u00f3rum Socioambiental<\/strong>, espera-se que Feira de Santana avance na implementa\u00e7\u00e3o de pol\u00edticas p\u00fablicas voltadas para a sustentabilidade e para o enfrentamento da emerg\u00eancia clim\u00e1tica. A troca de ideias e a co-cria\u00e7\u00e3o de estrat\u00e9gias durante o evento podem resultar em iniciativas que transformem a cidade em um exemplo de responsabilidade ambiental.<\/p>\n<h2>Futuro das A\u00e7\u00f5es Ambientais em Feira de Santana<\/h2>\n<p>O f\u00f3rum n\u00e3o \u00e9 apenas um evento isolado, mas sim um ponto de partida para um compromisso mais amplo com o meio ambiente em Feira de Santana. A expectativa \u00e9 que as discuss\u00f5es e solu\u00e7\u00f5es geradas incentivem a continuidade do trabalho em conjunto entre os diferentes setores da sociedade, promovendo a\u00e7\u00f5es concretas para a preserva\u00e7\u00e3o dos recursos naturais e desenvolvimento sustent\u00e1vel da cidade.<\/p>\n<p>O <strong>1\u00ba F\u00f3rum Socioambiental de Feira de Santana<\/strong> promete ser um marco importante para o fortalecimento das pol\u00edticas ambientais locais, promovendo um futuro mais sustent\u00e1vel para todos os seus cidad\u00e3os.<\/p>\n\n<div style=\"font-size: 0px; height: 0px; line-height: 0px; margin: 0; padding: 0; clear: both;\"><\/div>","protected":false},"excerpt":{"rendered":"<p>Emerg\u00eancia clim\u00e1tica \u00e9 o foco do 1\u00ba F\u00f3rum Socioambiental promovido pela SEMMAM em Feira de Santana.<\/p>\n","protected":false},"author":1,"featured_media":2362,"comment_status":"open","ping_status":"closed","sticky":false,"template":"","format":"standard","meta":{"footnotes":""},"categories":[26],"tags":[],"class_list":["post-2363","post","type-post","status-publish","format-standard","has-post-thumbnail","hentry","category-cultura-em-feira-de-santana","has_thumb"],"aioseo_notices":[],"aioseo_head":"\n\t\t<!-- All in One SEO 5.0.0.1 - aioseo.com -->\n\t<meta name=\"description\" content=\"Emerg\u00eancia clim\u00e1tica \u00e9 o foco do 1\u00ba F\u00f3rum Socioambiental promovido pela SEMMAM em Feira de Santana.\" \/>\n\t<meta name=\"robots\" content=\"max-image-preview:large\" \/>\n\t<meta name=\"author\" content=\"Encontra Feira de Santana\"\/>\n\t<link rel=\"canonical\" href=\"https:\/\/www.encontrafeiradesantana.com.br\/sobre\/semmam-promove-1o-forum-socioambiental-de-feira-de-santana-com-foco-na-emergencia-climatica\/\" \/>\n\t<meta name=\"generator\" content=\"All in One SEO (AIOSEO) 5.0.0.1\" \/>\n\t\t<meta property=\"og:locale\" content=\"pt_BR\" \/>\n\t\t<meta property=\"og:site_name\" content=\"Encontra Feira de Santana | Not\u00edcias, eventos, informa\u00e7\u00f5es e dicas na cidade Feira de Santana e regi\u00e3o.\" \/>\n\t\t<meta property=\"og:type\" content=\"article\" \/>\n\t\t<meta property=\"og:title\" content=\"SEMMAM promove 1\u00ba F\u00f3rum Socioambiental de Feira de Santana com foco na emerg\u00eancia clim\u00e1tica | Encontra Feira de Santana\" \/>\n\t\t<meta property=\"og:description\" content=\"Emerg\u00eancia clim\u00e1tica \u00e9 o foco do 1\u00ba F\u00f3rum Socioambiental promovido pela SEMMAM em Feira de Santana.\" \/>\n\t\t<meta property=\"og:url\" content=\"https:\/\/www.encontrafeiradesantana.com.br\/sobre\/semmam-promove-1o-forum-socioambiental-de-feira-de-santana-com-foco-na-emergencia-climatica\/\" \/>\n\t\t<meta property=\"article:published_time\" content=\"2026-07-06T23:14:13+00:00\" \/>\n\t\t<meta property=\"article:modified_time\" content=\"2026-07-06T23:14:13+00:00\" \/>\n\t\t<meta name=\"twitter:card\" content=\"summary\" \/>\n\t\t<meta name=\"twitter:title\" content=\"SEMMAM promove 1\u00ba F\u00f3rum Socioambiental de Feira de Santana com foco na emerg\u00eancia clim\u00e1tica | Encontra Feira de Santana\" \/>\n\t\t<meta name=\"twitter:description\" content=\"Emerg\u00eancia clim\u00e1tica \u00e9 o foco do 1\u00ba F\u00f3rum Socioambiental promovido pela SEMMAM em Feira de Santana.\" \/>\n\t\t<script type=\"application\/ld+json\" class=\"aioseo-schema\">\n\t\t\t{\"@context\":\"https:\\\/\\\/schema.org\",\"@graph\":[{\"@type\":\"Article\",\"@id\":\"https:\\\/\\\/www.encontrafeiradesantana.com.br\\\/sobre\\\/semmam-promove-1o-forum-socioambiental-de-feira-de-santana-com-foco-na-emergencia-climatica\\\/#article\",\"name\":\"SEMMAM promove 1\\u00ba F\\u00f3rum Socioambiental de Feira de Santana com foco na emerg\\u00eancia clim\\u00e1tica | Encontra Feira de Santana\",\"headline\":\"SEMMAM promove 1\\u00ba F\\u00f3rum Socioambiental de Feira de Santana com foco na emerg\\u00eancia clim\\u00e1tica\",\"author\":{\"@id\":\"https:\\\/\\\/www.encontrafeiradesantana.com.br\\\/sobre\\\/author\\\/efeiradesantana\\\/#author\"},\"publisher\":{\"@id\":\"https:\\\/\\\/www.encontrafeiradesantana.com.br\\\/sobre\\\/#organization\"},\"image\":{\"@type\":\"ImageObject\",\"url\":\"https:\\\/\\\/www.encontrafeiradesantana.com.br\\\/sobre\\\/wp-content\\\/uploads\\\/2026\\\/07\\\/semmam-promove-1-forum-socioambiental-de-feira-de-santana-com-foco-na-emergencia-climatica.webp\",\"width\":280,\"height\":280,\"caption\":\"F\\u00f3rum Socioambiental de Feira de Santana\"},\"datePublished\":\"2026-07-06T20:14:13-03:00\",\"dateModified\":\"2026-07-06T20:14:13-03:00\",\"inLanguage\":\"pt-BR\",\"mainEntityOfPage\":{\"@id\":\"https:\\\/\\\/www.encontrafeiradesantana.com.br\\\/sobre\\\/semmam-promove-1o-forum-socioambiental-de-feira-de-santana-com-foco-na-emergencia-climatica\\\/#webpage\"},\"isPartOf\":{\"@id\":\"https:\\\/\\\/www.encontrafeiradesantana.com.br\\\/sobre\\\/semmam-promove-1o-forum-socioambiental-de-feira-de-santana-com-foco-na-emergencia-climatica\\\/#webpage\"},\"articleSection\":\"Cultura Feira de Santana\"},{\"@type\":\"BreadcrumbList\",\"@id\":\"https:\\\/\\\/www.encontrafeiradesantana.com.br\\\/sobre\\\/semmam-promove-1o-forum-socioambiental-de-feira-de-santana-com-foco-na-emergencia-climatica\\\/#breadcrumblist\",\"itemListElement\":[{\"@type\":\"ListItem\",\"@id\":\"https:\\\/\\\/www.encontrafeiradesantana.com.br\\\/sobre#listItem\",\"position\":1,\"name\":\"In\\u00edcio\",\"item\":\"https:\\\/\\\/www.encontrafeiradesantana.com.br\\\/sobre\",\"nextItem\":{\"@type\":\"ListItem\",\"@id\":\"https:\\\/\\\/www.encontrafeiradesantana.com.br\\\/sobre\\\/cultura-em-feira-de-santana\\\/#listItem\",\"name\":\"Cultura Feira de Santana\"}},{\"@type\":\"ListItem\",\"@id\":\"https:\\\/\\\/www.encontrafeiradesantana.com.br\\\/sobre\\\/cultura-em-feira-de-santana\\\/#listItem\",\"position\":2,\"name\":\"Cultura Feira de Santana\",\"item\":\"https:\\\/\\\/www.encontrafeiradesantana.com.br\\\/sobre\\\/cultura-em-feira-de-santana\\\/\",\"nextItem\":{\"@type\":\"ListItem\",\"@id\":\"https:\\\/\\\/www.encontrafeiradesantana.com.br\\\/sobre\\\/semmam-promove-1o-forum-socioambiental-de-feira-de-santana-com-foco-na-emergencia-climatica\\\/#listItem\",\"name\":\"SEMMAM promove 1\\u00ba F\\u00f3rum Socioambiental de Feira de Santana com foco na emerg\\u00eancia clim\\u00e1tica\"},\"previousItem\":{\"@type\":\"ListItem\",\"@id\":\"https:\\\/\\\/www.encontrafeiradesantana.com.br\\\/sobre#listItem\",\"name\":\"In\\u00edcio\"}},{\"@type\":\"ListItem\",\"@id\":\"https:\\\/\\\/www.encontrafeiradesantana.com.br\\\/sobre\\\/semmam-promove-1o-forum-socioambiental-de-feira-de-santana-com-foco-na-emergencia-climatica\\\/#listItem\",\"position\":3,\"name\":\"SEMMAM promove 1\\u00ba F\\u00f3rum Socioambiental de Feira de Santana com foco na emerg\\u00eancia clim\\u00e1tica\",\"previousItem\":{\"@type\":\"ListItem\",\"@id\":\"https:\\\/\\\/www.encontrafeiradesantana.com.br\\\/sobre\\\/cultura-em-feira-de-santana\\\/#listItem\",\"name\":\"Cultura Feira de Santana\"}}]},{\"@type\":\"Organization\",\"@id\":\"https:\\\/\\\/www.encontrafeiradesantana.com.br\\\/sobre\\\/#organization\",\"name\":\"Encontra Feira de Santana\",\"description\":\"Not\\u00edcias, eventos, informa\\u00e7\\u00f5es e dicas na cidade Feira de Santana e regi\\u00e3o.\",\"url\":\"https:\\\/\\\/www.encontrafeiradesantana.com.br\\\/sobre\\\/\"},{\"@type\":\"Person\",\"@id\":\"https:\\\/\\\/www.encontrafeiradesantana.com.br\\\/sobre\\\/author\\\/efeiradesantana\\\/#author\",\"url\":\"https:\\\/\\\/www.encontrafeiradesantana.com.br\\\/sobre\\\/author\\\/efeiradesantana\\\/\",\"name\":\"Encontra Feira de Santana\",\"image\":{\"@type\":\"ImageObject\",\"@id\":\"https:\\\/\\\/www.encontrafeiradesantana.com.br\\\/sobre\\\/semmam-promove-1o-forum-socioambiental-de-feira-de-santana-com-foco-na-emergencia-climatica\\\/#authorImage\",\"url\":\"https:\\\/\\\/secure.gravatar.com\\\/avatar\\\/507340682b8270222e1f208e23198b6ae7e2c6a1033ae84e99bc6bce4f82a387?s=96&d=mm&r=g\",\"width\":96,\"height\":96,\"caption\":\"Encontra Feira de Santana\"}},{\"@type\":\"WebPage\",\"@id\":\"https:\\\/\\\/www.encontrafeiradesantana.com.br\\\/sobre\\\/semmam-promove-1o-forum-socioambiental-de-feira-de-santana-com-foco-na-emergencia-climatica\\\/#webpage\",\"url\":\"https:\\\/\\\/www.encontrafeiradesantana.com.br\\\/sobre\\\/semmam-promove-1o-forum-socioambiental-de-feira-de-santana-com-foco-na-emergencia-climatica\\\/\",\"name\":\"SEMMAM promove 1\\u00ba F\\u00f3rum Socioambiental de Feira de Santana com foco na emerg\\u00eancia clim\\u00e1tica | Encontra Feira de Santana\",\"description\":\"Emerg\\u00eancia clim\\u00e1tica \\u00e9 o foco do 1\\u00ba F\\u00f3rum Socioambiental promovido pela SEMMAM em Feira de Santana.\",\"inLanguage\":\"pt-BR\",\"isPartOf\":{\"@id\":\"https:\\\/\\\/www.encontrafeiradesantana.com.br\\\/sobre\\\/#website\"},\"breadcrumb\":{\"@id\":\"https:\\\/\\\/www.encontrafeiradesantana.com.br\\\/sobre\\\/semmam-promove-1o-forum-socioambiental-de-feira-de-santana-com-foco-na-emergencia-climatica\\\/#breadcrumblist\"},\"author\":{\"@id\":\"https:\\\/\\\/www.encontrafeiradesantana.com.br\\\/sobre\\\/author\\\/efeiradesantana\\\/#author\"},\"creator\":{\"@id\":\"https:\\\/\\\/www.encontrafeiradesantana.com.br\\\/sobre\\\/author\\\/efeiradesantana\\\/#author\"},\"image\":{\"@type\":\"ImageObject\",\"url\":\"https:\\\/\\\/www.encontrafeiradesantana.com.br\\\/sobre\\\/wp-content\\\/uploads\\\/2026\\\/07\\\/semmam-promove-1-forum-socioambiental-de-feira-de-santana-com-foco-na-emergencia-climatica.webp\",\"@id\":\"https:\\\/\\\/www.encontrafeiradesantana.com.br\\\/sobre\\\/semmam-promove-1o-forum-socioambiental-de-feira-de-santana-com-foco-na-emergencia-climatica\\\/#mainImage\",\"width\":280,\"height\":280,\"caption\":\"F\\u00f3rum Socioambiental de Feira de Santana\"},\"primaryImageOfPage\":{\"@id\":\"https:\\\/\\\/www.encontrafeiradesantana.com.br\\\/sobre\\\/semmam-promove-1o-forum-socioambiental-de-feira-de-santana-com-foco-na-emergencia-climatica\\\/#mainImage\"},\"datePublished\":\"2026-07-06T20:14:13-03:00\",\"dateModified\":\"2026-07-06T20:14:13-03:00\"},{\"@type\":\"WebSite\",\"@id\":\"https:\\\/\\\/www.encontrafeiradesantana.com.br\\\/sobre\\\/#website\",\"url\":\"https:\\\/\\\/www.encontrafeiradesantana.com.br\\\/sobre\\\/\",\"name\":\"Encontra Feira de Santana\",\"description\":\"Not\\u00edcias, eventos, informa\\u00e7\\u00f5es e dicas na cidade Feira de Santana e regi\\u00e3o.\",\"inLanguage\":\"pt-BR\",\"publisher\":{\"@id\":\"https:\\\/\\\/www.encontrafeiradesantana.com.br\\\/sobre\\\/#organization\"}}]}\n\t\t<\/script>\n\t\t<!-- All in One SEO -->\n\n","aioseo_head_json":{"title":"SEMMAM promove 1\u00ba F\u00f3rum Socioambiental de Feira de Santana com foco na emerg\u00eancia clim\u00e1tica | Encontra Feira de Santana","description":"Emerg\u00eancia clim\u00e1tica \u00e9 o foco do 1\u00ba F\u00f3rum Socioambiental promovido pela SEMMAM em Feira de Santana.","canonical_url":"https:\/\/www.encontrafeiradesantana.com.br\/sobre\/semmam-promove-1o-forum-socioambiental-de-feira-de-santana-com-foco-na-emergencia-climatica\/","robots":"max-image-preview:large","keywords":"","webmasterTools":{"miscellaneous":""},"schema":{"@context":"https:\/\/schema.org","@graph":[{"@type":"Article","@id":"https:\/\/www.encontrafeiradesantana.com.br\/sobre\/semmam-promove-1o-forum-socioambiental-de-feira-de-santana-com-foco-na-emergencia-climatica\/#article","name":"SEMMAM promove 1\u00ba F\u00f3rum Socioambiental de Feira de Santana com foco na emerg\u00eancia clim\u00e1tica | Encontra Feira de Santana","headline":"SEMMAM promove 1\u00ba F\u00f3rum Socioambiental de Feira de Santana com foco na emerg\u00eancia clim\u00e1tica","author":{"@id":"https:\/\/www.encontrafeiradesantana.com.br\/sobre\/author\/efeiradesantana\/#author"},"publisher":{"@id":"https:\/\/www.encontrafeiradesantana.com.br\/sobre\/#organization"},"image":{"@type":"ImageObject","url":"https:\/\/www.encontrafeiradesantana.com.br\/sobre\/wp-content\/uploads\/2026\/07\/semmam-promove-1-forum-socioambiental-de-feira-de-santana-com-foco-na-emergencia-climatica.webp","width":280,"height":280,"caption":"F\u00f3rum Socioambiental de Feira de Santana"},"datePublished":"2026-07-06T20:14:13-03:00","dateModified":"2026-07-06T20:14:13-03:00","inLanguage":"pt-BR","mainEntityOfPage":{"@id":"https:\/\/www.encontrafeiradesantana.com.br\/sobre\/semmam-promove-1o-forum-socioambiental-de-feira-de-santana-com-foco-na-emergencia-climatica\/#webpage"},"isPartOf":{"@id":"https:\/\/www.encontrafeiradesantana.com.br\/sobre\/semmam-promove-1o-forum-socioambiental-de-feira-de-santana-com-foco-na-emergencia-climatica\/#webpage"},"articleSection":"Cultura Feira de Santana"},{"@type":"BreadcrumbList","@id":"https:\/\/www.encontrafeiradesantana.com.br\/sobre\/semmam-promove-1o-forum-socioambiental-de-feira-de-santana-com-foco-na-emergencia-climatica\/#breadcrumblist","itemListElement":[{"@type":"ListItem","@id":"https:\/\/www.encontrafeiradesantana.com.br\/sobre#listItem","position":1,"name":"In\u00edcio","item":"https:\/\/www.encontrafeiradesantana.com.br\/sobre","nextItem":{"@type":"ListItem","@id":"https:\/\/www.encontrafeiradesantana.com.br\/sobre\/cultura-em-feira-de-santana\/#listItem","name":"Cultura Feira de Santana"}},{"@type":"ListItem","@id":"https:\/\/www.encontrafeiradesantana.com.br\/sobre\/cultura-em-feira-de-santana\/#listItem","position":2,"name":"Cultura Feira de Santana","item":"https:\/\/www.encontrafeiradesantana.com.br\/sobre\/cultura-em-feira-de-santana\/","nextItem":{"@type":"ListItem","@id":"https:\/\/www.encontrafeiradesantana.com.br\/sobre\/semmam-promove-1o-forum-socioambiental-de-feira-de-santana-com-foco-na-emergencia-climatica\/#listItem","name":"SEMMAM promove 1\u00ba F\u00f3rum Socioambiental de Feira de Santana com foco na emerg\u00eancia clim\u00e1tica"},"previousItem":{"@type":"ListItem","@id":"https:\/\/www.encontrafeiradesantana.com.br\/sobre#listItem","name":"In\u00edcio"}},{"@type":"ListItem","@id":"https:\/\/www.encontrafeiradesantana.com.br\/sobre\/semmam-promove-1o-forum-socioambiental-de-feira-de-santana-com-foco-na-emergencia-climatica\/#listItem","position":3,"name":"SEMMAM promove 1\u00ba F\u00f3rum Socioambiental de Feira de Santana com foco na emerg\u00eancia clim\u00e1tica","previousItem":{"@type":"ListItem","@id":"https:\/\/www.encontrafeiradesantana.com.br\/sobre\/cultura-em-feira-de-santana\/#listItem","name":"Cultura Feira de Santana"}}]},{"@type":"Organization","@id":"https:\/\/www.encontrafeiradesantana.com.br\/sobre\/#organization","name":"Encontra Feira de Santana","description":"Not\u00edcias, eventos, informa\u00e7\u00f5es e dicas na cidade Feira de Santana e regi\u00e3o.","url":"https:\/\/www.encontrafeiradesantana.com.br\/sobre\/"},{"@type":"Person","@id":"https:\/\/www.encontrafeiradesantana.com.br\/sobre\/author\/efeiradesantana\/#author","url":"https:\/\/www.encontrafeiradesantana.com.br\/sobre\/author\/efeiradesantana\/","name":"Encontra Feira de Santana","image":{"@type":"ImageObject","@id":"https:\/\/www.encontrafeiradesantana.com.br\/sobre\/semmam-promove-1o-forum-socioambiental-de-feira-de-santana-com-foco-na-emergencia-climatica\/#authorImage","url":"https:\/\/secure.gravatar.com\/avatar\/507340682b8270222e1f208e23198b6ae7e2c6a1033ae84e99bc6bce4f82a387?s=96&d=mm&r=g","width":96,"height":96,"caption":"Encontra Feira de Santana"}},{"@type":"WebPage","@id":"https:\/\/www.encontrafeiradesantana.com.br\/sobre\/semmam-promove-1o-forum-socioambiental-de-feira-de-santana-com-foco-na-emergencia-climatica\/#webpage","url":"https:\/\/www.encontrafeiradesantana.com.br\/sobre\/semmam-promove-1o-forum-socioambiental-de-feira-de-santana-com-foco-na-emergencia-climatica\/","name":"SEMMAM promove 1\u00ba F\u00f3rum Socioambiental de Feira de Santana com foco na emerg\u00eancia clim\u00e1tica | Encontra Feira de Santana","description":"Emerg\u00eancia clim\u00e1tica \u00e9 o foco do 1\u00ba F\u00f3rum Socioambiental promovido pela SEMMAM em Feira de Santana.","inLanguage":"pt-BR","isPartOf":{"@id":"https:\/\/www.encontrafeiradesantana.com.br\/sobre\/#website"},"breadcrumb":{"@id":"https:\/\/www.encontrafeiradesantana.com.br\/sobre\/semmam-promove-1o-forum-socioambiental-de-feira-de-santana-com-foco-na-emergencia-climatica\/#breadcrumblist"},"author":{"@id":"https:\/\/www.encontrafeiradesantana.com.br\/sobre\/author\/efeiradesantana\/#author"},"creator":{"@id":"https:\/\/www.encontrafeiradesantana.com.br\/sobre\/author\/efeiradesantana\/#author"},"image":{"@type":"ImageObject","url":"https:\/\/www.encontrafeiradesantana.com.br\/sobre\/wp-content\/uploads\/2026\/07\/semmam-promove-1-forum-socioambiental-de-feira-de-santana-com-foco-na-emergencia-climatica.webp","@id":"https:\/\/www.encontrafeiradesantana.com.br\/sobre\/semmam-promove-1o-forum-socioambiental-de-feira-de-santana-com-foco-na-emergencia-climatica\/#mainImage","width":280,"height":280,"caption":"F\u00f3rum Socioambiental de Feira de Santana"},"primaryImageOfPage":{"@id":"https:\/\/www.encontrafeiradesantana.com.br\/sobre\/semmam-promove-1o-forum-socioambiental-de-feira-de-santana-com-foco-na-emergencia-climatica\/#mainImage"},"datePublished":"2026-07-06T20:14:13-03:00","dateModified":"2026-07-06T20:14:13-03:00"},{"@type":"WebSite","@id":"https:\/\/www.encontrafeiradesantana.com.br\/sobre\/#website","url":"https:\/\/www.encontrafeiradesantana.com.br\/sobre\/","name":"Encontra Feira de Santana","description":"Not\u00edcias, eventos, informa\u00e7\u00f5es e dicas na cidade Feira de Santana e regi\u00e3o.","inLanguage":"pt-BR","publisher":{"@id":"https:\/\/www.encontrafeiradesantana.com.br\/sobre\/#organization"}}]},"og:locale":"pt_BR","og:site_name":"Encontra Feira de Santana | Not\u00edcias, eventos, informa\u00e7\u00f5es e dicas na cidade Feira de Santana e regi\u00e3o.","og:type":"article","og:title":"SEMMAM promove 1\u00ba F\u00f3rum Socioambiental de Feira de Santana com foco na emerg\u00eancia clim\u00e1tica | Encontra Feira de Santana","og:description":"Emerg\u00eancia clim\u00e1tica \u00e9 o foco do 1\u00ba F\u00f3rum Socioambiental promovido pela SEMMAM em Feira de Santana.","og:url":"https:\/\/www.encontrafeiradesantana.com.br\/sobre\/semmam-promove-1o-forum-socioambiental-de-feira-de-santana-com-foco-na-emergencia-climatica\/","article:published_time":"2026-07-06T23:14:13+00:00","article:modified_time":"2026-07-06T23:14:13+00:00","twitter:card":"summary","twitter:title":"SEMMAM promove 1\u00ba F\u00f3rum Socioambiental de Feira de Santana com foco na emerg\u00eancia clim\u00e1tica | Encontra Feira de Santana","twitter:description":"Emerg\u00eancia clim\u00e1tica \u00e9 o foco do 1\u00ba F\u00f3rum Socioambiental promovido pela SEMMAM em Feira de Santana."},"aioseo_meta_data":{"post_id":"2363","title":null,"description":null,"keywords":null,"keyphrases":null,"primary_term":null,"canonical_url":null,"og_title":null,"og_description":null,"og_object_type":"default","og_image_type":"default","og_image_url":null,"og_image_width":null,"og_image_height":null,"og_image_custom_url":null,"og_image_custom_fields":null,"og_video":null,"og_custom_url":null,"og_article_section":null,"og_article_tags":null,"twitter_use_og":false,"twitter_card":"default","twitter_image_type":"default","twitter_image_url":null,"twitter_image_custom_url":null,"twitter_image_custom_fields":null,"twitter_title":null,"twitter_description":null,"schema":{"blockGraphs":[],"customGraphs":[],"default":{"data":{"Article":[],"Course":[],"Dataset":[],"FAQPage":[],"Movie":[],"Person":[],"Product":[],"ProductReview":[],"Car":[],"Recipe":[],"Service":[],"SoftwareApplication":[],"WebPage":[]},"graphName":"Article","isEnabled":true},"graphs":[]},"schema_type":"default","schema_type_options":null,"pillar_content":false,"robots_default":true,"robots_noindex":false,"robots_noarchive":false,"robots_nosnippet":false,"robots_nofollow":false,"robots_noimageindex":false,"robots_noodp":false,"robots_notranslate":false,"robots_max_snippet":null,"robots_max_videopreview":null,"robots_max_imagepreview":"large","priority":null,"frequency":null,"local_seo":null,"breadcrumb_settings":null,"limit_modified_date":false,"ai":null,"created":"2026-07-06 23:14:15","updated":"2026-07-06 23:19:06","focus_keyword":null,"additional_keywords":null,"truseo_locale":null,"seo_analyzer_scan_date":null},"aioseo_breadcrumb":"<div class=\"aioseo-breadcrumbs\"><span class=\"aioseo-breadcrumb\">\n\t\t\t<a href=\"https:\/\/www.encontrafeiradesantana.com.br\/sobre\" title=\"In\u00edcio\">In\u00edcio<\/a>\n\t\t<\/span><span class=\"aioseo-breadcrumb-separator\">&raquo;<\/span><span class=\"aioseo-breadcrumb\">\n\t\t\t<a href=\"https:\/\/www.encontrafeiradesantana.com.br\/sobre\/cultura-em-feira-de-santana\/\" title=\"Cultura Feira de Santana\">Cultura Feira de Santana<\/a>\n\t\t<\/span><span class=\"aioseo-breadcrumb-separator\">&raquo;<\/span><span class=\"aioseo-breadcrumb\">\n\t\t\tSEMMAM promove 1\u00ba F\u00f3rum Socioambiental de Feira de Santana com foco na emerg\u00eancia clim\u00e1tica\n\t\t<\/span><\/div>","aioseo_breadcrumb_json":[{"label":"In\u00edcio","link":"https:\/\/www.encontrafeiradesantana.com.br\/sobre"},{"label":"Cultura Feira de Santana","link":"https:\/\/www.encontrafeiradesantana.com.br\/sobre\/cultura-em-feira-de-santana\/"},{"label":"SEMMAM promove 1\u00ba F\u00f3rum Socioambiental de Feira de Santana com foco na emerg\u00eancia clim\u00e1tica","link":"https:\/\/www.encontrafeiradesantana.com.br\/sobre\/semmam-promove-1o-forum-socioambiental-de-feira-de-santana-com-foco-na-emergencia-climatica\/"}],"_links":{"self":[{"href":"https:\/\/www.encontrafeiradesantana.com.br\/sobre\/wp-json\/wp\/v2\/posts\/2363","targetHints":{"allow":["GET"]}}],"collection":[{"href":"https:\/\/www.encontrafeiradesantana.com.br\/sobre\/wp-json\/wp\/v2\/posts"}],"about":[{"href":"https:\/\/www.encontrafeiradesantana.com.br\/sobre\/wp-json\/wp\/v2\/types\/post"}],"author":[{"embeddable":true,"href":"https:\/\/www.encontrafeiradesantana.com.br\/sobre\/wp-json\/wp\/v2\/users\/1"}],"replies":[{"embeddable":true,"href":"https:\/\/www.encontrafeiradesantana.com.br\/sobre\/wp-json\/wp\/v2\/comments?post=2363"}],"version-history":[{"count":0,"href":"https:\/\/www.encontrafeiradesantana.com.br\/sobre\/wp-json\/wp\/v2\/posts\/2363\/revisions"}],"wp:featuredmedia":[{"embeddable":true,"href":"https:\/\/www.encontrafeiradesantana.com.br\/sobre\/wp-json\/wp\/v2\/media\/2362"}],"wp:attachment":[{"href":"https:\/\/www.encontrafeiradesantana.com.br\/sobre\/wp-json\/wp\/v2\/media?parent=2363"}],"wp:term":[{"taxonomy":"category","embeddable":true,"href":"https:\/\/www.encontrafeiradesantana.com.br\/sobre\/wp-json\/wp\/v2\/categories?post=2363"},{"taxonomy":"post_tag","embeddable":true,"href":"https:\/\/www.encontrafeiradesantana.com.br\/sobre\/wp-json\/wp\/v2\/tags?post=2363"}],"curies":[{"name":"wp","href":"https:\/\/api.w.org\/{rel}","templated":true}]}}