{"id":2353,"date":"2026-07-06T10:11:17","date_gmt":"2026-07-06T13:11:17","guid":{"rendered":"https:\/\/www.encontrafeiradesantana.com.br\/sobre\/smt-faz-balanco-positivo-da-atuacao-durante-os-festejos-juninos-em-feira-de-santana\/"},"modified":"2026-07-06T10:11:17","modified_gmt":"2026-07-06T13:11:17","slug":"smt-faz-balanco-positivo-da-atuacao-durante-os-festejos-juninos-em-feira-de-santana","status":"publish","type":"post","link":"https:\/\/www.encontrafeiradesantana.com.br\/sobre\/smt-faz-balanco-positivo-da-atuacao-durante-os-festejos-juninos-em-feira-de-santana\/","title":{"rendered":"SMT faz balan\u00e7o positivo da atua\u00e7\u00e3o durante os festejos juninos em Feira de Santana"},"content":{"rendered":"<div class=\"3f468104ad11f00a3c9ac948316f4265\" data-index=\"1\" style=\"float: none; margin:0px;\">\n<ins class=\"adsbygoogle\"\r\n     style=\"display:block\"\r\n     data-ad-client=\"ca-pub-8585364105181520\"\r\n     data-ad-slot=\"8789329856\"\r\n     data-ad-format=\"auto\"\r\n     data-full-width-responsive=\"true\"><\/ins>\r\n<script>\r\n     (adsbygoogle = window.adsbygoogle || []).push({});\r\n<\/script>\r\n\n<\/div>\n<h2>Planejamento Rigoroso para os Festejos<\/h2>\n<p>Com o t\u00e9rmino das festividades de S\u00e3o Jo\u00e3o e S\u00e3o Pedro em Feira de Santana, a Superintend\u00eancia Municipal de Tr\u00e2nsito (SMT) fez uma avalia\u00e7\u00e3o muito positiva do trabalho desenvolvido durante todo o evento. Um fator crucial para esse sucesso foi o planejamento detalhado, que se baseou na an\u00e1lise das edi\u00e7\u00f5es anteriores, permitindo otimizar todos os aspectos envolvidos na opera\u00e7\u00e3o.<\/p>\n<h2>As A\u00e7\u00f5es de Fiscaliza\u00e7\u00e3o Efetivas<\/h2>\n<p>A SMT implementou diversas a\u00e7\u00f5es de fiscaliza\u00e7\u00e3o e controle de tr\u00e1fego, abrangendo n\u00e3o apenas o centro da cidade, mas tamb\u00e9m os distritos onde ocorriam os festejos. A atua\u00e7\u00e3o da equipe incluiu a supervis\u00e3o da mobilidade urbana, o que garantiu que moradores e visitantes usufru\u00edssem do evento de forma mais segura e organizada.<\/p>\n<h2>Log\u00edstica de Tr\u00e1fego Aprimorada<\/h2>\n<p>De acordo com o superintendente da SMT, um dos pilares do planejamento foi a reavalia\u00e7\u00e3o das log\u00edsticas em compara\u00e7\u00e3o com o ano anterior. &#8220;A SMT se organizou de maneira mais eficiente, elaborando um relat\u00f3rio minucioso que destacou tanto os pontos positivos que deveriam ser mantidos quanto os negativos que necessitavam de corre\u00e7\u00e3o&#8221;, afirmou o gestor.<\/p>\n<p><img decoding=\"async\" src=\"https:\/\/www.encontrafeiradesantana.com.br\/sobre\/wp-content\/uploads\/2026\/07\/smt-faz-balanco-positivo-da-atuacao-durante-os-festejos-juninos-em-feira-de-santana.webp\" alt=\"SMT faz balan\u00e7o positivo da atua\u00e7\u00e3o durante os festejos juninos em Feira de Santana\" loading=\"lazy\" \/><\/p>\n<h2>Circula\u00e7\u00e3o de Ve\u00edculos Pesados<\/h2>\n<p>Uma das prioridades foi a gest\u00e3o da circula\u00e7\u00e3o de ve\u00edculos de grande porte durante os eventos. Isso se tornou essencial para evitar congestionamentos e garantir a fluidez do tr\u00e1fego. O planejamento incluiu medidas espec\u00edficas para mitigar esse problema, colaborando com a seguran\u00e7a geral do tr\u00e2nsito na cidade.<\/p>\n<h2>Rotas Alternativas Definidas<\/h2>\n<p>Para enfrentar os desafios impostos pela presen\u00e7a de ve\u00edculos pesados, foram criadas rotas alternativas. Essa estrat\u00e9gia foi fundamental para garantir que os tr\u00e2nsitos continuassem a fluir, minimizando os impactos nas vias utilizadas como desvio. A decis\u00e3o de direcionar os ve\u00edculos para percorrerem outras rotas, como o Retiro, foi um sucesso, al\u00e9m de evitar os transtornos enfrentados anteriormente.<\/p>\n<h2>Organiza\u00e7\u00e3o do Tr\u00e2nsito e Seguran\u00e7a<\/h2>\n<p>A SMT atua ativamente na organiza\u00e7\u00e3o do tr\u00e2nsito, orientando motoristas e pedestres, e controlando a circula\u00e7\u00e3o de ve\u00edculos nos principais locais de eventos. Gra\u00e7as a isso, tanto o S\u00e3o Jo\u00e3o quanto o S\u00e3o Pedro de Feira de Santana foram realizados em um ambiente seguro e tranquilo para todos os participantes.<\/p>\n<h2>Resultados da Avalia\u00e7\u00e3o da SMT<\/h2>\n<p>Os resultados da opera\u00e7\u00e3o demonstram a efici\u00eancia do planejamento realizado. O superintendente destacou que o sucesso da opera\u00e7\u00e3o n\u00e3o foi acidental. &#8220;O desafio ficou minimizado porque todo o processo foi bem estruturado e organizado. Com isso, evitamos erros e aprimoramos continuamente as pr\u00e1ticas de trabalho na SMT&#8221;, garantiu.<\/p>\n<h2>A Import\u00e2ncia do Relat\u00f3rio Cr\u00edtico<\/h2>\n<p>O relat\u00f3rio cr\u00edtico elaborado pela SMT serviu como uma ferramenta valiosa para o aprimoramento constante das opera\u00e7\u00f5es. Esse documento n\u00e3o apenas ajustou falhas identificadas durante os eventos, mas tamb\u00e9m destacou as melhores pr\u00e1ticas que poderiam ser replicadas em futuras edi\u00e7\u00f5es.<\/p>\n<h2>O Futuro do Planejamento de Eventos<\/h2>\n<p>A experi\u00eancia adquirida nesta edi\u00e7\u00e3o das festividades juninas ser\u00e1 a base para a elabora\u00e7\u00e3o dos pr\u00f3ximos eventos na cidade. O objetivo \u00e9 seguir expandindo as melhorias e buscar inova\u00e7\u00f5es que possam aumentar a seguran\u00e7a e a mobilidade durante as comemora\u00e7\u00f5es.<\/p>\n<h2>Ensinos Aprendidos para Pr\u00f3ximas Edi\u00e7\u00f5es<\/h2>\n<p>A SMT tamb\u00e9m reconhece a import\u00e2ncia de continuar aprendendo com cada edi\u00e7\u00e3o. A an\u00e1lise minuciosa das opera\u00e7\u00f5es passadas \u00e9 fundamental para que n\u00e3o s\u00f3 os festejos juninos, mas todos os eventos futuros sejam beneficiados por esse conhecimento acumulado, garantindo sempre uma festa organizada e segura.<\/p>\n\n<div style=\"font-size: 0px; height: 0px; line-height: 0px; margin: 0; padding: 0; clear: both;\"><\/div>","protected":false},"excerpt":{"rendered":"<p>A SMT realizou um trabalho excelente nos festejos juninos em Feira de Santana.<\/p>\n","protected":false},"author":1,"featured_media":2352,"comment_status":"open","ping_status":"closed","sticky":false,"template":"","format":"standard","meta":{"footnotes":""},"categories":[26],"tags":[],"class_list":["post-2353","post","type-post","status-publish","format-standard","has-post-thumbnail","hentry","category-cultura-em-feira-de-santana","has_thumb"],"aioseo_notices":[],"aioseo_head":"\n\t\t<!-- All in One SEO 5.0.0.1 - aioseo.com -->\n\t<meta name=\"description\" content=\"A SMT realizou um trabalho excelente nos festejos juninos em Feira de Santana.\" \/>\n\t<meta name=\"robots\" content=\"max-image-preview:large\" \/>\n\t<meta name=\"author\" content=\"Encontra Feira de Santana\"\/>\n\t<link rel=\"canonical\" href=\"https:\/\/www.encontrafeiradesantana.com.br\/sobre\/smt-faz-balanco-positivo-da-atuacao-durante-os-festejos-juninos-em-feira-de-santana\/\" \/>\n\t<meta name=\"generator\" content=\"All in One SEO (AIOSEO) 5.0.0.1\" \/>\n\t\t<meta property=\"og:locale\" content=\"pt_BR\" \/>\n\t\t<meta property=\"og:site_name\" content=\"Encontra Feira de Santana | Not\u00edcias, eventos, informa\u00e7\u00f5es e dicas na cidade Feira de Santana e regi\u00e3o.\" \/>\n\t\t<meta property=\"og:type\" content=\"article\" \/>\n\t\t<meta property=\"og:title\" content=\"SMT faz balan\u00e7o positivo da atua\u00e7\u00e3o durante os festejos juninos em Feira de Santana | Encontra Feira de Santana\" \/>\n\t\t<meta property=\"og:description\" content=\"A SMT realizou um trabalho excelente nos festejos juninos em Feira de Santana.\" \/>\n\t\t<meta property=\"og:url\" content=\"https:\/\/www.encontrafeiradesantana.com.br\/sobre\/smt-faz-balanco-positivo-da-atuacao-durante-os-festejos-juninos-em-feira-de-santana\/\" \/>\n\t\t<meta property=\"article:published_time\" content=\"2026-07-06T13:11:17+00:00\" \/>\n\t\t<meta property=\"article:modified_time\" content=\"2026-07-06T13:11:17+00:00\" \/>\n\t\t<meta name=\"twitter:card\" content=\"summary\" \/>\n\t\t<meta name=\"twitter:title\" content=\"SMT faz balan\u00e7o positivo da atua\u00e7\u00e3o durante os festejos juninos em Feira de Santana | Encontra Feira de Santana\" \/>\n\t\t<meta name=\"twitter:description\" content=\"A SMT realizou um trabalho excelente nos festejos juninos em Feira de Santana.\" \/>\n\t\t<script type=\"application\/ld+json\" class=\"aioseo-schema\">\n\t\t\t{\"@context\":\"https:\\\/\\\/schema.org\",\"@graph\":[{\"@type\":\"Article\",\"@id\":\"https:\\\/\\\/www.encontrafeiradesantana.com.br\\\/sobre\\\/smt-faz-balanco-positivo-da-atuacao-durante-os-festejos-juninos-em-feira-de-santana\\\/#article\",\"name\":\"SMT faz balan\\u00e7o positivo da atua\\u00e7\\u00e3o durante os festejos juninos em Feira de Santana | Encontra Feira de Santana\",\"headline\":\"SMT faz balan\\u00e7o positivo da atua\\u00e7\\u00e3o durante os festejos juninos em Feira de Santana\",\"author\":{\"@id\":\"https:\\\/\\\/www.encontrafeiradesantana.com.br\\\/sobre\\\/author\\\/efeiradesantana\\\/#author\"},\"publisher\":{\"@id\":\"https:\\\/\\\/www.encontrafeiradesantana.com.br\\\/sobre\\\/#organization\"},\"image\":{\"@type\":\"ImageObject\",\"url\":\"https:\\\/\\\/www.encontrafeiradesantana.com.br\\\/sobre\\\/wp-content\\\/uploads\\\/2026\\\/07\\\/smt-faz-balanco-positivo-da-atuacao-durante-os-festejos-juninos-em-feira-de-santana.webp\",\"width\":280,\"height\":280,\"caption\":\"SMT faz balan\\u00e7o positivo da atua\\u00e7\\u00e3o durante os festejos juninos em Feira de Santana\"},\"datePublished\":\"2026-07-06T10:11:17-03:00\",\"dateModified\":\"2026-07-06T10:11:17-03:00\",\"inLanguage\":\"pt-BR\",\"mainEntityOfPage\":{\"@id\":\"https:\\\/\\\/www.encontrafeiradesantana.com.br\\\/sobre\\\/smt-faz-balanco-positivo-da-atuacao-durante-os-festejos-juninos-em-feira-de-santana\\\/#webpage\"},\"isPartOf\":{\"@id\":\"https:\\\/\\\/www.encontrafeiradesantana.com.br\\\/sobre\\\/smt-faz-balanco-positivo-da-atuacao-durante-os-festejos-juninos-em-feira-de-santana\\\/#webpage\"},\"articleSection\":\"Cultura Feira de Santana\"},{\"@type\":\"BreadcrumbList\",\"@id\":\"https:\\\/\\\/www.encontrafeiradesantana.com.br\\\/sobre\\\/smt-faz-balanco-positivo-da-atuacao-durante-os-festejos-juninos-em-feira-de-santana\\\/#breadcrumblist\",\"itemListElement\":[{\"@type\":\"ListItem\",\"@id\":\"https:\\\/\\\/www.encontrafeiradesantana.com.br\\\/sobre#listItem\",\"position\":1,\"name\":\"In\\u00edcio\",\"item\":\"https:\\\/\\\/www.encontrafeiradesantana.com.br\\\/sobre\",\"nextItem\":{\"@type\":\"ListItem\",\"@id\":\"https:\\\/\\\/www.encontrafeiradesantana.com.br\\\/sobre\\\/cultura-em-feira-de-santana\\\/#listItem\",\"name\":\"Cultura Feira de Santana\"}},{\"@type\":\"ListItem\",\"@id\":\"https:\\\/\\\/www.encontrafeiradesantana.com.br\\\/sobre\\\/cultura-em-feira-de-santana\\\/#listItem\",\"position\":2,\"name\":\"Cultura Feira de Santana\",\"item\":\"https:\\\/\\\/www.encontrafeiradesantana.com.br\\\/sobre\\\/cultura-em-feira-de-santana\\\/\",\"nextItem\":{\"@type\":\"ListItem\",\"@id\":\"https:\\\/\\\/www.encontrafeiradesantana.com.br\\\/sobre\\\/smt-faz-balanco-positivo-da-atuacao-durante-os-festejos-juninos-em-feira-de-santana\\\/#listItem\",\"name\":\"SMT faz balan\\u00e7o positivo da atua\\u00e7\\u00e3o durante os festejos juninos em Feira de Santana\"},\"previousItem\":{\"@type\":\"ListItem\",\"@id\":\"https:\\\/\\\/www.encontrafeiradesantana.com.br\\\/sobre#listItem\",\"name\":\"In\\u00edcio\"}},{\"@type\":\"ListItem\",\"@id\":\"https:\\\/\\\/www.encontrafeiradesantana.com.br\\\/sobre\\\/smt-faz-balanco-positivo-da-atuacao-durante-os-festejos-juninos-em-feira-de-santana\\\/#listItem\",\"position\":3,\"name\":\"SMT faz balan\\u00e7o positivo da atua\\u00e7\\u00e3o durante os festejos juninos em Feira de Santana\",\"previousItem\":{\"@type\":\"ListItem\",\"@id\":\"https:\\\/\\\/www.encontrafeiradesantana.com.br\\\/sobre\\\/cultura-em-feira-de-santana\\\/#listItem\",\"name\":\"Cultura Feira de Santana\"}}]},{\"@type\":\"Organization\",\"@id\":\"https:\\\/\\\/www.encontrafeiradesantana.com.br\\\/sobre\\\/#organization\",\"name\":\"Encontra Feira de Santana\",\"description\":\"Not\\u00edcias, eventos, informa\\u00e7\\u00f5es e dicas na cidade Feira de Santana e regi\\u00e3o.\",\"url\":\"https:\\\/\\\/www.encontrafeiradesantana.com.br\\\/sobre\\\/\"},{\"@type\":\"Person\",\"@id\":\"https:\\\/\\\/www.encontrafeiradesantana.com.br\\\/sobre\\\/author\\\/efeiradesantana\\\/#author\",\"url\":\"https:\\\/\\\/www.encontrafeiradesantana.com.br\\\/sobre\\\/author\\\/efeiradesantana\\\/\",\"name\":\"Encontra Feira de Santana\",\"image\":{\"@type\":\"ImageObject\",\"@id\":\"https:\\\/\\\/www.encontrafeiradesantana.com.br\\\/sobre\\\/smt-faz-balanco-positivo-da-atuacao-durante-os-festejos-juninos-em-feira-de-santana\\\/#authorImage\",\"url\":\"https:\\\/\\\/secure.gravatar.com\\\/avatar\\\/507340682b8270222e1f208e23198b6ae7e2c6a1033ae84e99bc6bce4f82a387?s=96&d=mm&r=g\",\"width\":96,\"height\":96,\"caption\":\"Encontra Feira de Santana\"}},{\"@type\":\"WebPage\",\"@id\":\"https:\\\/\\\/www.encontrafeiradesantana.com.br\\\/sobre\\\/smt-faz-balanco-positivo-da-atuacao-durante-os-festejos-juninos-em-feira-de-santana\\\/#webpage\",\"url\":\"https:\\\/\\\/www.encontrafeiradesantana.com.br\\\/sobre\\\/smt-faz-balanco-positivo-da-atuacao-durante-os-festejos-juninos-em-feira-de-santana\\\/\",\"name\":\"SMT faz balan\\u00e7o positivo da atua\\u00e7\\u00e3o durante os festejos juninos em Feira de Santana | Encontra Feira de Santana\",\"description\":\"A SMT realizou um trabalho excelente nos festejos juninos em Feira de Santana.\",\"inLanguage\":\"pt-BR\",\"isPartOf\":{\"@id\":\"https:\\\/\\\/www.encontrafeiradesantana.com.br\\\/sobre\\\/#website\"},\"breadcrumb\":{\"@id\":\"https:\\\/\\\/www.encontrafeiradesantana.com.br\\\/sobre\\\/smt-faz-balanco-positivo-da-atuacao-durante-os-festejos-juninos-em-feira-de-santana\\\/#breadcrumblist\"},\"author\":{\"@id\":\"https:\\\/\\\/www.encontrafeiradesantana.com.br\\\/sobre\\\/author\\\/efeiradesantana\\\/#author\"},\"creator\":{\"@id\":\"https:\\\/\\\/www.encontrafeiradesantana.com.br\\\/sobre\\\/author\\\/efeiradesantana\\\/#author\"},\"image\":{\"@type\":\"ImageObject\",\"url\":\"https:\\\/\\\/www.encontrafeiradesantana.com.br\\\/sobre\\\/wp-content\\\/uploads\\\/2026\\\/07\\\/smt-faz-balanco-positivo-da-atuacao-durante-os-festejos-juninos-em-feira-de-santana.webp\",\"@id\":\"https:\\\/\\\/www.encontrafeiradesantana.com.br\\\/sobre\\\/smt-faz-balanco-positivo-da-atuacao-durante-os-festejos-juninos-em-feira-de-santana\\\/#mainImage\",\"width\":280,\"height\":280,\"caption\":\"SMT faz balan\\u00e7o positivo da atua\\u00e7\\u00e3o durante os festejos juninos em Feira de Santana\"},\"primaryImageOfPage\":{\"@id\":\"https:\\\/\\\/www.encontrafeiradesantana.com.br\\\/sobre\\\/smt-faz-balanco-positivo-da-atuacao-durante-os-festejos-juninos-em-feira-de-santana\\\/#mainImage\"},\"datePublished\":\"2026-07-06T10:11:17-03:00\",\"dateModified\":\"2026-07-06T10:11:17-03:00\"},{\"@type\":\"WebSite\",\"@id\":\"https:\\\/\\\/www.encontrafeiradesantana.com.br\\\/sobre\\\/#website\",\"url\":\"https:\\\/\\\/www.encontrafeiradesantana.com.br\\\/sobre\\\/\",\"name\":\"Encontra Feira de Santana\",\"description\":\"Not\\u00edcias, eventos, informa\\u00e7\\u00f5es e dicas na cidade Feira de Santana e regi\\u00e3o.\",\"inLanguage\":\"pt-BR\",\"publisher\":{\"@id\":\"https:\\\/\\\/www.encontrafeiradesantana.com.br\\\/sobre\\\/#organization\"}}]}\n\t\t<\/script>\n\t\t<!-- All in One SEO -->\n\n","aioseo_head_json":{"title":"SMT faz balan\u00e7o positivo da atua\u00e7\u00e3o durante os festejos juninos em Feira de Santana | Encontra Feira de Santana","description":"A SMT realizou um trabalho excelente nos festejos juninos em Feira de Santana.","canonical_url":"https:\/\/www.encontrafeiradesantana.com.br\/sobre\/smt-faz-balanco-positivo-da-atuacao-durante-os-festejos-juninos-em-feira-de-santana\/","robots":"max-image-preview:large","keywords":"","webmasterTools":{"miscellaneous":""},"schema":{"@context":"https:\/\/schema.org","@graph":[{"@type":"Article","@id":"https:\/\/www.encontrafeiradesantana.com.br\/sobre\/smt-faz-balanco-positivo-da-atuacao-durante-os-festejos-juninos-em-feira-de-santana\/#article","name":"SMT faz balan\u00e7o positivo da atua\u00e7\u00e3o durante os festejos juninos em Feira de Santana | Encontra Feira de Santana","headline":"SMT faz balan\u00e7o positivo da atua\u00e7\u00e3o durante os festejos juninos em Feira de Santana","author":{"@id":"https:\/\/www.encontrafeiradesantana.com.br\/sobre\/author\/efeiradesantana\/#author"},"publisher":{"@id":"https:\/\/www.encontrafeiradesantana.com.br\/sobre\/#organization"},"image":{"@type":"ImageObject","url":"https:\/\/www.encontrafeiradesantana.com.br\/sobre\/wp-content\/uploads\/2026\/07\/smt-faz-balanco-positivo-da-atuacao-durante-os-festejos-juninos-em-feira-de-santana.webp","width":280,"height":280,"caption":"SMT faz balan\u00e7o positivo da atua\u00e7\u00e3o durante os festejos juninos em Feira de Santana"},"datePublished":"2026-07-06T10:11:17-03:00","dateModified":"2026-07-06T10:11:17-03:00","inLanguage":"pt-BR","mainEntityOfPage":{"@id":"https:\/\/www.encontrafeiradesantana.com.br\/sobre\/smt-faz-balanco-positivo-da-atuacao-durante-os-festejos-juninos-em-feira-de-santana\/#webpage"},"isPartOf":{"@id":"https:\/\/www.encontrafeiradesantana.com.br\/sobre\/smt-faz-balanco-positivo-da-atuacao-durante-os-festejos-juninos-em-feira-de-santana\/#webpage"},"articleSection":"Cultura Feira de Santana"},{"@type":"BreadcrumbList","@id":"https:\/\/www.encontrafeiradesantana.com.br\/sobre\/smt-faz-balanco-positivo-da-atuacao-durante-os-festejos-juninos-em-feira-de-santana\/#breadcrumblist","itemListElement":[{"@type":"ListItem","@id":"https:\/\/www.encontrafeiradesantana.com.br\/sobre#listItem","position":1,"name":"In\u00edcio","item":"https:\/\/www.encontrafeiradesantana.com.br\/sobre","nextItem":{"@type":"ListItem","@id":"https:\/\/www.encontrafeiradesantana.com.br\/sobre\/cultura-em-feira-de-santana\/#listItem","name":"Cultura Feira de Santana"}},{"@type":"ListItem","@id":"https:\/\/www.encontrafeiradesantana.com.br\/sobre\/cultura-em-feira-de-santana\/#listItem","position":2,"name":"Cultura Feira de Santana","item":"https:\/\/www.encontrafeiradesantana.com.br\/sobre\/cultura-em-feira-de-santana\/","nextItem":{"@type":"ListItem","@id":"https:\/\/www.encontrafeiradesantana.com.br\/sobre\/smt-faz-balanco-positivo-da-atuacao-durante-os-festejos-juninos-em-feira-de-santana\/#listItem","name":"SMT faz balan\u00e7o positivo da atua\u00e7\u00e3o durante os festejos juninos em Feira de Santana"},"previousItem":{"@type":"ListItem","@id":"https:\/\/www.encontrafeiradesantana.com.br\/sobre#listItem","name":"In\u00edcio"}},{"@type":"ListItem","@id":"https:\/\/www.encontrafeiradesantana.com.br\/sobre\/smt-faz-balanco-positivo-da-atuacao-durante-os-festejos-juninos-em-feira-de-santana\/#listItem","position":3,"name":"SMT faz balan\u00e7o positivo da atua\u00e7\u00e3o durante os festejos juninos em Feira de Santana","previousItem":{"@type":"ListItem","@id":"https:\/\/www.encontrafeiradesantana.com.br\/sobre\/cultura-em-feira-de-santana\/#listItem","name":"Cultura Feira de Santana"}}]},{"@type":"Organization","@id":"https:\/\/www.encontrafeiradesantana.com.br\/sobre\/#organization","name":"Encontra Feira de Santana","description":"Not\u00edcias, eventos, informa\u00e7\u00f5es e dicas na cidade Feira de Santana e regi\u00e3o.","url":"https:\/\/www.encontrafeiradesantana.com.br\/sobre\/"},{"@type":"Person","@id":"https:\/\/www.encontrafeiradesantana.com.br\/sobre\/author\/efeiradesantana\/#author","url":"https:\/\/www.encontrafeiradesantana.com.br\/sobre\/author\/efeiradesantana\/","name":"Encontra Feira de Santana","image":{"@type":"ImageObject","@id":"https:\/\/www.encontrafeiradesantana.com.br\/sobre\/smt-faz-balanco-positivo-da-atuacao-durante-os-festejos-juninos-em-feira-de-santana\/#authorImage","url":"https:\/\/secure.gravatar.com\/avatar\/507340682b8270222e1f208e23198b6ae7e2c6a1033ae84e99bc6bce4f82a387?s=96&d=mm&r=g","width":96,"height":96,"caption":"Encontra Feira de Santana"}},{"@type":"WebPage","@id":"https:\/\/www.encontrafeiradesantana.com.br\/sobre\/smt-faz-balanco-positivo-da-atuacao-durante-os-festejos-juninos-em-feira-de-santana\/#webpage","url":"https:\/\/www.encontrafeiradesantana.com.br\/sobre\/smt-faz-balanco-positivo-da-atuacao-durante-os-festejos-juninos-em-feira-de-santana\/","name":"SMT faz balan\u00e7o positivo da atua\u00e7\u00e3o durante os festejos juninos em Feira de Santana | Encontra Feira de Santana","description":"A SMT realizou um trabalho excelente nos festejos juninos em Feira de Santana.","inLanguage":"pt-BR","isPartOf":{"@id":"https:\/\/www.encontrafeiradesantana.com.br\/sobre\/#website"},"breadcrumb":{"@id":"https:\/\/www.encontrafeiradesantana.com.br\/sobre\/smt-faz-balanco-positivo-da-atuacao-durante-os-festejos-juninos-em-feira-de-santana\/#breadcrumblist"},"author":{"@id":"https:\/\/www.encontrafeiradesantana.com.br\/sobre\/author\/efeiradesantana\/#author"},"creator":{"@id":"https:\/\/www.encontrafeiradesantana.com.br\/sobre\/author\/efeiradesantana\/#author"},"image":{"@type":"ImageObject","url":"https:\/\/www.encontrafeiradesantana.com.br\/sobre\/wp-content\/uploads\/2026\/07\/smt-faz-balanco-positivo-da-atuacao-durante-os-festejos-juninos-em-feira-de-santana.webp","@id":"https:\/\/www.encontrafeiradesantana.com.br\/sobre\/smt-faz-balanco-positivo-da-atuacao-durante-os-festejos-juninos-em-feira-de-santana\/#mainImage","width":280,"height":280,"caption":"SMT faz balan\u00e7o positivo da atua\u00e7\u00e3o durante os festejos juninos em Feira de Santana"},"primaryImageOfPage":{"@id":"https:\/\/www.encontrafeiradesantana.com.br\/sobre\/smt-faz-balanco-positivo-da-atuacao-durante-os-festejos-juninos-em-feira-de-santana\/#mainImage"},"datePublished":"2026-07-06T10:11:17-03:00","dateModified":"2026-07-06T10:11:17-03:00"},{"@type":"WebSite","@id":"https:\/\/www.encontrafeiradesantana.com.br\/sobre\/#website","url":"https:\/\/www.encontrafeiradesantana.com.br\/sobre\/","name":"Encontra Feira de Santana","description":"Not\u00edcias, eventos, informa\u00e7\u00f5es e dicas na cidade Feira de Santana e regi\u00e3o.","inLanguage":"pt-BR","publisher":{"@id":"https:\/\/www.encontrafeiradesantana.com.br\/sobre\/#organization"}}]},"og:locale":"pt_BR","og:site_name":"Encontra Feira de Santana | Not\u00edcias, eventos, informa\u00e7\u00f5es e dicas na cidade Feira de Santana e regi\u00e3o.","og:type":"article","og:title":"SMT faz balan\u00e7o positivo da atua\u00e7\u00e3o durante os festejos juninos em Feira de Santana | Encontra Feira de Santana","og:description":"A SMT realizou um trabalho excelente nos festejos juninos em Feira de Santana.","og:url":"https:\/\/www.encontrafeiradesantana.com.br\/sobre\/smt-faz-balanco-positivo-da-atuacao-durante-os-festejos-juninos-em-feira-de-santana\/","article:published_time":"2026-07-06T13:11:17+00:00","article:modified_time":"2026-07-06T13:11:17+00:00","twitter:card":"summary","twitter:title":"SMT faz balan\u00e7o positivo da atua\u00e7\u00e3o durante os festejos juninos em Feira de Santana | Encontra Feira de Santana","twitter:description":"A SMT realizou um trabalho excelente nos festejos juninos em Feira de Santana."},"aioseo_meta_data":{"post_id":"2353","title":null,"description":null,"keywords":null,"keyphrases":null,"primary_term":null,"canonical_url":null,"og_title":null,"og_description":null,"og_object_type":"default","og_image_type":"default","og_image_url":null,"og_image_width":null,"og_image_height":null,"og_image_custom_url":null,"og_image_custom_fields":null,"og_video":null,"og_custom_url":null,"og_article_section":null,"og_article_tags":null,"twitter_use_og":false,"twitter_card":"default","twitter_image_type":"default","twitter_image_url":null,"twitter_image_custom_url":null,"twitter_image_custom_fields":null,"twitter_title":null,"twitter_description":null,"schema":{"blockGraphs":[],"customGraphs":[],"default":{"data":{"Article":[],"Course":[],"Dataset":[],"FAQPage":[],"Movie":[],"Person":[],"Product":[],"ProductReview":[],"Car":[],"Recipe":[],"Service":[],"SoftwareApplication":[],"WebPage":[]},"graphName":"Article","isEnabled":true},"graphs":[]},"schema_type":"default","schema_type_options":null,"pillar_content":false,"robots_default":true,"robots_noindex":false,"robots_noarchive":false,"robots_nosnippet":false,"robots_nofollow":false,"robots_noimageindex":false,"robots_noodp":false,"robots_notranslate":false,"robots_max_snippet":null,"robots_max_videopreview":null,"robots_max_imagepreview":"large","priority":null,"frequency":null,"local_seo":null,"breadcrumb_settings":null,"limit_modified_date":false,"ai":null,"created":"2026-07-06 13:11:18","updated":"2026-07-06 13:15:10","focus_keyword":null,"additional_keywords":null,"truseo_locale":null,"seo_analyzer_scan_date":null},"aioseo_breadcrumb":"<div class=\"aioseo-breadcrumbs\"><span class=\"aioseo-breadcrumb\">\n\t\t\t<a href=\"https:\/\/www.encontrafeiradesantana.com.br\/sobre\" title=\"In\u00edcio\">In\u00edcio<\/a>\n\t\t<\/span><span class=\"aioseo-breadcrumb-separator\">&raquo;<\/span><span class=\"aioseo-breadcrumb\">\n\t\t\t<a href=\"https:\/\/www.encontrafeiradesantana.com.br\/sobre\/cultura-em-feira-de-santana\/\" title=\"Cultura Feira de Santana\">Cultura Feira de Santana<\/a>\n\t\t<\/span><span class=\"aioseo-breadcrumb-separator\">&raquo;<\/span><span class=\"aioseo-breadcrumb\">\n\t\t\tSMT faz balan\u00e7o positivo da atua\u00e7\u00e3o durante os festejos juninos em Feira de Santana\n\t\t<\/span><\/div>","aioseo_breadcrumb_json":[{"label":"In\u00edcio","link":"https:\/\/www.encontrafeiradesantana.com.br\/sobre"},{"label":"Cultura Feira de Santana","link":"https:\/\/www.encontrafeiradesantana.com.br\/sobre\/cultura-em-feira-de-santana\/"},{"label":"SMT faz balan\u00e7o positivo da atua\u00e7\u00e3o durante os festejos juninos em Feira de Santana","link":"https:\/\/www.encontrafeiradesantana.com.br\/sobre\/smt-faz-balanco-positivo-da-atuacao-durante-os-festejos-juninos-em-feira-de-santana\/"}],"_links":{"self":[{"href":"https:\/\/www.encontrafeiradesantana.com.br\/sobre\/wp-json\/wp\/v2\/posts\/2353","targetHints":{"allow":["GET"]}}],"collection":[{"href":"https:\/\/www.encontrafeiradesantana.com.br\/sobre\/wp-json\/wp\/v2\/posts"}],"about":[{"href":"https:\/\/www.encontrafeiradesantana.com.br\/sobre\/wp-json\/wp\/v2\/types\/post"}],"author":[{"embeddable":true,"href":"https:\/\/www.encontrafeiradesantana.com.br\/sobre\/wp-json\/wp\/v2\/users\/1"}],"replies":[{"embeddable":true,"href":"https:\/\/www.encontrafeiradesantana.com.br\/sobre\/wp-json\/wp\/v2\/comments?post=2353"}],"version-history":[{"count":0,"href":"https:\/\/www.encontrafeiradesantana.com.br\/sobre\/wp-json\/wp\/v2\/posts\/2353\/revisions"}],"wp:featuredmedia":[{"embeddable":true,"href":"https:\/\/www.encontrafeiradesantana.com.br\/sobre\/wp-json\/wp\/v2\/media\/2352"}],"wp:attachment":[{"href":"https:\/\/www.encontrafeiradesantana.com.br\/sobre\/wp-json\/wp\/v2\/media?parent=2353"}],"wp:term":[{"taxonomy":"category","embeddable":true,"href":"https:\/\/www.encontrafeiradesantana.com.br\/sobre\/wp-json\/wp\/v2\/categories?post=2353"},{"taxonomy":"post_tag","embeddable":true,"href":"https:\/\/www.encontrafeiradesantana.com.br\/sobre\/wp-json\/wp\/v2\/tags?post=2353"}],"curies":[{"name":"wp","href":"https:\/\/api.w.org\/{rel}","templated":true}]}}