{"id":2341,"date":"2026-07-05T22:40:18","date_gmt":"2026-07-06T01:40:18","guid":{"rendered":"https:\/\/www.encontrafeiradesantana.com.br\/sobre\/prefeitura-desapropria-predio-da-filarmonica-vitoria-e-garante-preservacao-de-casarao-historico\/"},"modified":"2026-07-05T22:40:18","modified_gmt":"2026-07-06T01:40:18","slug":"prefeitura-desapropria-predio-da-filarmonica-vitoria-e-garante-preservacao-de-casarao-historico","status":"publish","type":"post","link":"https:\/\/www.encontrafeiradesantana.com.br\/sobre\/prefeitura-desapropria-predio-da-filarmonica-vitoria-e-garante-preservacao-de-casarao-historico\/","title":{"rendered":"Prefeitura desapropria pr\u00e9dio da Filarm\u00f4nica Vit\u00f3ria e garante preserva\u00e7\u00e3o de casar\u00e3o hist\u00f3rico"},"content":{"rendered":"<div class=\"3f468104ad11f00a3c9ac948316f4265\" data-index=\"1\" style=\"float: none; margin:0px;\">\n<ins class=\"adsbygoogle\"\r\n     style=\"display:block\"\r\n     data-ad-client=\"ca-pub-8585364105181520\"\r\n     data-ad-slot=\"8789329856\"\r\n     data-ad-format=\"auto\"\r\n     data-full-width-responsive=\"true\"><\/ins>\r\n<script>\r\n     (adsbygoogle = window.adsbygoogle || []).push({});\r\n<\/script>\r\n\n<\/div>\n<h2>A Hist\u00f3ria da Filarm\u00f4nica Vit\u00f3ria<\/h2>\n<p>A Filarm\u00f4nica Vit\u00f3ria foi estabelecida no dia <strong>20 de julho de 1873<\/strong> por um sacerdote chamado padre Ov\u00eddio de S\u00e3o Boa Ventura. Desde sua funda\u00e7\u00e3o, a filarm\u00f4nica tornou-se um importante pilar cultural e musical em Feira de Santana. Em <strong>18 de setembro de 1894<\/strong>, o edif\u00edcio que abriga a filarm\u00f4nica foi reconhecido como patrim\u00f4nio, passando a ser propriedade da pr\u00f3pria institui\u00e7\u00e3o. Ao longo dos anos, a Filarm\u00f4nica Vit\u00f3ria tem se destacado na promo\u00e7\u00e3o da m\u00fasica e da cultura na regi\u00e3o, consolidando sua import\u00e2ncia na vida social e art\u00edstica local.<\/p>\n<h2>Import\u00e2ncia do Casar\u00e3o na Cultura Local<\/h2>\n<p>O casar\u00e3o que abriga a Filarm\u00f4nica Vit\u00f3ria \u00e9 um s\u00edmbolo do patrim\u00f4nio arquitet\u00f4nico e cultural de Feira de Santana. Al\u00e9m de ser um local de apresenta\u00e7\u00e3o de concertos e eventos, o pr\u00e9dio se tornou um espa\u00e7o de encontros para artistas, intelectuais e comunidades que buscam desenvolver e promover a cultura local. Sua estrutura imponente e hist\u00f3rica serve como um lembrete das tradi\u00e7\u00f5es que moldaram a cidade, e, por isso, \u00e9 fundamental a preserva\u00e7\u00e3o desse im\u00f3vel para as futuras gera\u00e7\u00f5es.<\/p>\n<h2>Objetivos da Desapropria\u00e7\u00e3o<\/h2>\n<p>A iniciativa de desapropriar o pr\u00e9dio da Filarm\u00f4nica Vit\u00f3ria visa n\u00e3o apenas garantir a preserva\u00e7\u00e3o do casar\u00e3o, mas tamb\u00e9m transform\u00e1-lo em um centro cultural mais amplo. Com a desapropria\u00e7\u00e3o, a prefeitura pretende destinar o espa\u00e7o para abrigar diversas academias de estudos locais, como a Academia Feirense de Letras, a Academia Metropolitana de Artes e Letras, e outras institui\u00e7\u00f5es. Isso criar\u00e1 um ambiente prop\u00edcio para o fomento da cultura e do conhecimento na cidade, unificando esfor\u00e7os em prol da educa\u00e7\u00e3o e da arte.<\/p>\n<p><img decoding=\"async\" src=\"https:\/\/www.encontrafeiradesantana.com.br\/sobre\/wp-content\/uploads\/2026\/07\/prefeitura-desapropria-predio-da-filarmonica-vitoria-e-garante-preservacao-de-casarao-historico.webp\" alt=\"desapropria\u00e7\u00e3o Filarm\u00f4nica Vit\u00f3ria\" loading=\"lazy\" \/><\/p>\n<h2>O Papel do Prefeito na Preserva\u00e7\u00e3o<\/h2>\n<p>O prefeito da cidade, <strong>Jos\u00e9 Ronaldo de Carvalho<\/strong>, desempenha um papel central nesse processo de desapropria\u00e7\u00e3o. Durante a coletiva de imprensa, ele enfatizou a import\u00e2ncia desse ato para a preserva\u00e7\u00e3o da cultura local e anunciou que o im\u00f3vel ser\u00e1 transformado no <strong>Pal\u00e1cio das Academias<\/strong>. Essa transforma\u00e7\u00e3o permitir\u00e1 que v\u00e1rias institui\u00e7\u00f5es de import\u00e2ncia cultural encontrem um novo lar, garantindo assim que a tradi\u00e7\u00e3o e a hist\u00f3ria continuem a ser celebradas na cidade.<\/p>\n<h2>Transforma\u00e7\u00f5es Previstas para o Im\u00f3vel<\/h2>\n<p>As transforma\u00e7\u00f5es previstas para o edif\u00edcio da Filarm\u00f4nica Vit\u00f3ria s\u00e3o abrangentes. O espa\u00e7o ser\u00e1 revitalizado para atender \u00e0s necessidades das academias e das atividades culturais. O novo <strong>Pal\u00e1cio das Academias<\/strong> incluir\u00e1 salas de aula, audit\u00f3rios para apresenta\u00e7\u00f5es e exposi\u00e7\u00f5es, al\u00e9m de \u00e1reas dedicadas ao atendimento ao p\u00fablico. A ideia \u00e9 criar um ambiente que favore\u00e7a a intera\u00e7\u00e3o entre artistas, estudantes e a comunidade, promovendo um interc\u00e2mbio de conhecimento e experi\u00eancias que enriquecer\u00e3o a cultura local.<\/p>\n<h2>O Que \u00e9 o Pal\u00e1cio das Academias?<\/h2>\n<p>O <strong>Pal\u00e1cio das Academias<\/strong> ser\u00e1 um novo espa\u00e7o cultural que reunir\u00e1 v\u00e1rias academias em um \u00fanico local. Entre as institui\u00e7\u00f5es que ocupar\u00e3o o espa\u00e7o est\u00e3o: a Academia Feirense de Letras, a Academia de Educa\u00e7\u00e3o de Feira de Santana, e a Academia de Letras e Artes de Feira de Santana. Esta integra\u00e7\u00e3o visa promover um maior interc\u00e2mbio entre as diferentes \u00e1reas do conhecimento, al\u00e9m de facilitar o acesso do p\u00fablico a eventos culturais e educacionais de qualidade.<\/p>\n<h2>Celebra\u00e7\u00f5es e Eventos na Filarm\u00f4nica<\/h2>\n<p>A Filarm\u00f4nica Vit\u00f3ria, ao longo de sua hist\u00f3ria, foi palco de in\u00fameras celebra\u00e7\u00f5es e eventos que marcaram a cultura de Feira de Santana. A desapropria\u00e7\u00e3o e a transforma\u00e7\u00e3o do pr\u00e9dio em um centro cultural mais din\u00e2mico contribuir\u00e3o para que ainda mais eventos possam ser realizados. A programa\u00e7\u00e3o poder\u00e1 incluir concertos, palestras, exposi\u00e7\u00f5es de arte, e festivais liter\u00e1rios, tornando o espa\u00e7o uma refer\u00eancia cultural na cidade.<\/p>\n<h2>Impacto na Comunidade e Educa\u00e7\u00e3o<\/h2>\n<p>A desapropria\u00e7\u00e3o do pr\u00e9dio e sua transforma\u00e7\u00e3o em um centro de academias de estudos trar\u00e1 um impacto positivo significativo para a comunidade. A atrav\u00e9s do Pal\u00e1cio das Academias, a meninada ter\u00e1 acesso a atividades educacionais e culturais, que estimular\u00e3o a criatividade e a forma\u00e7\u00e3o intelectual dos jovens. Al\u00e9m disso, a inclus\u00e3o de diversas academias permitir\u00e1 a intera\u00e7\u00e3o entre diferentes \u00e1reas do saber, fomentando um ambiente de aprendizado cont\u00ednuo e colaborativo.<\/p>\n<h2>Apoio de Organiza\u00e7\u00f5es Locais<\/h2>\n<p>A realiza\u00e7\u00e3o desse projeto contar\u00e1 com o apoio de diversas organiza\u00e7\u00f5es locais, que reconhecem a import\u00e2ncia da cultura e da educa\u00e7\u00e3o para o desenvolvimento da comunidade. As academias que se instalar\u00e3o no novo espa\u00e7o j\u00e1 demonstraram interesse em se envolver em atividades conjuntas, oferecendo cursos, palestras, e outras iniciativas que beneficiem a popula\u00e7\u00e3o. O envolvimento da sociedade civil nesse processo \u00e9 fundamental para garantir que o Pal\u00e1cio das Academias se torne um verdadeiro polo cultural e educacional.<\/p>\n<h2>Pr\u00f3ximos Passos para a Preserva\u00e7\u00e3o<\/h2>\n<p>A publica\u00e7\u00e3o da medida de desapropria\u00e7\u00e3o no <strong>Di\u00e1rio Oficial Eletr\u00f4nico do Munic\u00edpio<\/strong> \u00e9 o primeiro passo para o processo, que se dar\u00e1 nessa <strong>edi\u00e7\u00e3o deste s\u00e1bado (27)<\/strong>. Em seguida, ser\u00e3o iniciadas as etapas de revitaliza\u00e7\u00e3o do edif\u00edcio, juntamente com o desenvolvimento de um plano de atividades culturais a ser oferecido \u00e0 comunidade. Ser\u00e1 essencial a colabora\u00e7\u00e3o entre a prefeitura, as academias e as organiza\u00e7\u00f5es locais para que o projeto alcance seus objetivos e reverbere positivamente na cultura de Feira de Santana.<\/p>\n\n<div style=\"font-size: 0px; height: 0px; line-height: 0px; margin: 0; padding: 0; clear: both;\"><\/div>","protected":false},"excerpt":{"rendered":"<p>Prefeitura desapropria pr\u00e9dio da Filarm\u00f4nica Vit\u00f3ria para preserva\u00e7\u00e3o hist\u00f3rica.<\/p>\n","protected":false},"author":1,"featured_media":2340,"comment_status":"open","ping_status":"closed","sticky":false,"template":"","format":"standard","meta":{"footnotes":""},"categories":[26],"tags":[],"class_list":["post-2341","post","type-post","status-publish","format-standard","has-post-thumbnail","hentry","category-cultura-em-feira-de-santana","has_thumb"],"aioseo_notices":[],"aioseo_head":"\n\t\t<!-- All in One SEO 5.0.0.1 - aioseo.com -->\n\t<meta name=\"description\" content=\"Prefeitura desapropria pr\u00e9dio da Filarm\u00f4nica Vit\u00f3ria para preserva\u00e7\u00e3o hist\u00f3rica.\" \/>\n\t<meta name=\"robots\" content=\"max-image-preview:large\" \/>\n\t<meta name=\"author\" content=\"Encontra Feira de Santana\"\/>\n\t<link rel=\"canonical\" href=\"https:\/\/www.encontrafeiradesantana.com.br\/sobre\/prefeitura-desapropria-predio-da-filarmonica-vitoria-e-garante-preservacao-de-casarao-historico\/\" \/>\n\t<meta name=\"generator\" content=\"All in One SEO (AIOSEO) 5.0.0.1\" \/>\n\t\t<meta property=\"og:locale\" content=\"pt_BR\" \/>\n\t\t<meta property=\"og:site_name\" content=\"Encontra Feira de Santana | Not\u00edcias, eventos, informa\u00e7\u00f5es e dicas na cidade Feira de Santana e regi\u00e3o.\" \/>\n\t\t<meta property=\"og:type\" content=\"article\" \/>\n\t\t<meta property=\"og:title\" content=\"Prefeitura desapropria pr\u00e9dio da Filarm\u00f4nica Vit\u00f3ria e garante preserva\u00e7\u00e3o de casar\u00e3o hist\u00f3rico | Encontra Feira de Santana\" \/>\n\t\t<meta property=\"og:description\" content=\"Prefeitura desapropria pr\u00e9dio da Filarm\u00f4nica Vit\u00f3ria para preserva\u00e7\u00e3o hist\u00f3rica.\" \/>\n\t\t<meta property=\"og:url\" content=\"https:\/\/www.encontrafeiradesantana.com.br\/sobre\/prefeitura-desapropria-predio-da-filarmonica-vitoria-e-garante-preservacao-de-casarao-historico\/\" \/>\n\t\t<meta property=\"article:published_time\" content=\"2026-07-06T01:40:18+00:00\" \/>\n\t\t<meta property=\"article:modified_time\" content=\"2026-07-06T01:40:18+00:00\" \/>\n\t\t<meta name=\"twitter:card\" content=\"summary\" \/>\n\t\t<meta name=\"twitter:title\" content=\"Prefeitura desapropria pr\u00e9dio da Filarm\u00f4nica Vit\u00f3ria e garante preserva\u00e7\u00e3o de casar\u00e3o hist\u00f3rico | Encontra Feira de Santana\" \/>\n\t\t<meta name=\"twitter:description\" content=\"Prefeitura desapropria pr\u00e9dio da Filarm\u00f4nica Vit\u00f3ria para preserva\u00e7\u00e3o hist\u00f3rica.\" \/>\n\t\t<script type=\"application\/ld+json\" class=\"aioseo-schema\">\n\t\t\t{\"@context\":\"https:\\\/\\\/schema.org\",\"@graph\":[{\"@type\":\"Article\",\"@id\":\"https:\\\/\\\/www.encontrafeiradesantana.com.br\\\/sobre\\\/prefeitura-desapropria-predio-da-filarmonica-vitoria-e-garante-preservacao-de-casarao-historico\\\/#article\",\"name\":\"Prefeitura desapropria pr\\u00e9dio da Filarm\\u00f4nica Vit\\u00f3ria e garante preserva\\u00e7\\u00e3o de casar\\u00e3o hist\\u00f3rico | Encontra Feira de Santana\",\"headline\":\"Prefeitura desapropria pr\\u00e9dio da Filarm\\u00f4nica Vit\\u00f3ria e garante preserva\\u00e7\\u00e3o de casar\\u00e3o hist\\u00f3rico\",\"author\":{\"@id\":\"https:\\\/\\\/www.encontrafeiradesantana.com.br\\\/sobre\\\/author\\\/efeiradesantana\\\/#author\"},\"publisher\":{\"@id\":\"https:\\\/\\\/www.encontrafeiradesantana.com.br\\\/sobre\\\/#organization\"},\"image\":{\"@type\":\"ImageObject\",\"url\":\"https:\\\/\\\/www.encontrafeiradesantana.com.br\\\/sobre\\\/wp-content\\\/uploads\\\/2026\\\/07\\\/prefeitura-desapropria-predio-da-filarmonica-vitoria-e-garante-preservacao-de-casarao-historico.webp\",\"width\":280,\"height\":280,\"caption\":\"desapropria\\u00e7\\u00e3o Filarm\\u00f4nica Vit\\u00f3ria\"},\"datePublished\":\"2026-07-05T22:40:18-03:00\",\"dateModified\":\"2026-07-05T22:40:18-03:00\",\"inLanguage\":\"pt-BR\",\"mainEntityOfPage\":{\"@id\":\"https:\\\/\\\/www.encontrafeiradesantana.com.br\\\/sobre\\\/prefeitura-desapropria-predio-da-filarmonica-vitoria-e-garante-preservacao-de-casarao-historico\\\/#webpage\"},\"isPartOf\":{\"@id\":\"https:\\\/\\\/www.encontrafeiradesantana.com.br\\\/sobre\\\/prefeitura-desapropria-predio-da-filarmonica-vitoria-e-garante-preservacao-de-casarao-historico\\\/#webpage\"},\"articleSection\":\"Cultura Feira de Santana\"},{\"@type\":\"BreadcrumbList\",\"@id\":\"https:\\\/\\\/www.encontrafeiradesantana.com.br\\\/sobre\\\/prefeitura-desapropria-predio-da-filarmonica-vitoria-e-garante-preservacao-de-casarao-historico\\\/#breadcrumblist\",\"itemListElement\":[{\"@type\":\"ListItem\",\"@id\":\"https:\\\/\\\/www.encontrafeiradesantana.com.br\\\/sobre#listItem\",\"position\":1,\"name\":\"In\\u00edcio\",\"item\":\"https:\\\/\\\/www.encontrafeiradesantana.com.br\\\/sobre\",\"nextItem\":{\"@type\":\"ListItem\",\"@id\":\"https:\\\/\\\/www.encontrafeiradesantana.com.br\\\/sobre\\\/cultura-em-feira-de-santana\\\/#listItem\",\"name\":\"Cultura Feira de Santana\"}},{\"@type\":\"ListItem\",\"@id\":\"https:\\\/\\\/www.encontrafeiradesantana.com.br\\\/sobre\\\/cultura-em-feira-de-santana\\\/#listItem\",\"position\":2,\"name\":\"Cultura Feira de Santana\",\"item\":\"https:\\\/\\\/www.encontrafeiradesantana.com.br\\\/sobre\\\/cultura-em-feira-de-santana\\\/\",\"nextItem\":{\"@type\":\"ListItem\",\"@id\":\"https:\\\/\\\/www.encontrafeiradesantana.com.br\\\/sobre\\\/prefeitura-desapropria-predio-da-filarmonica-vitoria-e-garante-preservacao-de-casarao-historico\\\/#listItem\",\"name\":\"Prefeitura desapropria pr\\u00e9dio da Filarm\\u00f4nica Vit\\u00f3ria e garante preserva\\u00e7\\u00e3o de casar\\u00e3o hist\\u00f3rico\"},\"previousItem\":{\"@type\":\"ListItem\",\"@id\":\"https:\\\/\\\/www.encontrafeiradesantana.com.br\\\/sobre#listItem\",\"name\":\"In\\u00edcio\"}},{\"@type\":\"ListItem\",\"@id\":\"https:\\\/\\\/www.encontrafeiradesantana.com.br\\\/sobre\\\/prefeitura-desapropria-predio-da-filarmonica-vitoria-e-garante-preservacao-de-casarao-historico\\\/#listItem\",\"position\":3,\"name\":\"Prefeitura desapropria pr\\u00e9dio da Filarm\\u00f4nica Vit\\u00f3ria e garante preserva\\u00e7\\u00e3o de casar\\u00e3o hist\\u00f3rico\",\"previousItem\":{\"@type\":\"ListItem\",\"@id\":\"https:\\\/\\\/www.encontrafeiradesantana.com.br\\\/sobre\\\/cultura-em-feira-de-santana\\\/#listItem\",\"name\":\"Cultura Feira de Santana\"}}]},{\"@type\":\"Organization\",\"@id\":\"https:\\\/\\\/www.encontrafeiradesantana.com.br\\\/sobre\\\/#organization\",\"name\":\"Encontra Feira de Santana\",\"description\":\"Not\\u00edcias, eventos, informa\\u00e7\\u00f5es e dicas na cidade Feira de Santana e regi\\u00e3o.\",\"url\":\"https:\\\/\\\/www.encontrafeiradesantana.com.br\\\/sobre\\\/\"},{\"@type\":\"Person\",\"@id\":\"https:\\\/\\\/www.encontrafeiradesantana.com.br\\\/sobre\\\/author\\\/efeiradesantana\\\/#author\",\"url\":\"https:\\\/\\\/www.encontrafeiradesantana.com.br\\\/sobre\\\/author\\\/efeiradesantana\\\/\",\"name\":\"Encontra Feira de Santana\",\"image\":{\"@type\":\"ImageObject\",\"@id\":\"https:\\\/\\\/www.encontrafeiradesantana.com.br\\\/sobre\\\/prefeitura-desapropria-predio-da-filarmonica-vitoria-e-garante-preservacao-de-casarao-historico\\\/#authorImage\",\"url\":\"https:\\\/\\\/secure.gravatar.com\\\/avatar\\\/507340682b8270222e1f208e23198b6ae7e2c6a1033ae84e99bc6bce4f82a387?s=96&d=mm&r=g\",\"width\":96,\"height\":96,\"caption\":\"Encontra Feira de Santana\"}},{\"@type\":\"WebPage\",\"@id\":\"https:\\\/\\\/www.encontrafeiradesantana.com.br\\\/sobre\\\/prefeitura-desapropria-predio-da-filarmonica-vitoria-e-garante-preservacao-de-casarao-historico\\\/#webpage\",\"url\":\"https:\\\/\\\/www.encontrafeiradesantana.com.br\\\/sobre\\\/prefeitura-desapropria-predio-da-filarmonica-vitoria-e-garante-preservacao-de-casarao-historico\\\/\",\"name\":\"Prefeitura desapropria pr\\u00e9dio da Filarm\\u00f4nica Vit\\u00f3ria e garante preserva\\u00e7\\u00e3o de casar\\u00e3o hist\\u00f3rico | Encontra Feira de Santana\",\"description\":\"Prefeitura desapropria pr\\u00e9dio da Filarm\\u00f4nica Vit\\u00f3ria para preserva\\u00e7\\u00e3o hist\\u00f3rica.\",\"inLanguage\":\"pt-BR\",\"isPartOf\":{\"@id\":\"https:\\\/\\\/www.encontrafeiradesantana.com.br\\\/sobre\\\/#website\"},\"breadcrumb\":{\"@id\":\"https:\\\/\\\/www.encontrafeiradesantana.com.br\\\/sobre\\\/prefeitura-desapropria-predio-da-filarmonica-vitoria-e-garante-preservacao-de-casarao-historico\\\/#breadcrumblist\"},\"author\":{\"@id\":\"https:\\\/\\\/www.encontrafeiradesantana.com.br\\\/sobre\\\/author\\\/efeiradesantana\\\/#author\"},\"creator\":{\"@id\":\"https:\\\/\\\/www.encontrafeiradesantana.com.br\\\/sobre\\\/author\\\/efeiradesantana\\\/#author\"},\"image\":{\"@type\":\"ImageObject\",\"url\":\"https:\\\/\\\/www.encontrafeiradesantana.com.br\\\/sobre\\\/wp-content\\\/uploads\\\/2026\\\/07\\\/prefeitura-desapropria-predio-da-filarmonica-vitoria-e-garante-preservacao-de-casarao-historico.webp\",\"@id\":\"https:\\\/\\\/www.encontrafeiradesantana.com.br\\\/sobre\\\/prefeitura-desapropria-predio-da-filarmonica-vitoria-e-garante-preservacao-de-casarao-historico\\\/#mainImage\",\"width\":280,\"height\":280,\"caption\":\"desapropria\\u00e7\\u00e3o Filarm\\u00f4nica Vit\\u00f3ria\"},\"primaryImageOfPage\":{\"@id\":\"https:\\\/\\\/www.encontrafeiradesantana.com.br\\\/sobre\\\/prefeitura-desapropria-predio-da-filarmonica-vitoria-e-garante-preservacao-de-casarao-historico\\\/#mainImage\"},\"datePublished\":\"2026-07-05T22:40:18-03:00\",\"dateModified\":\"2026-07-05T22:40:18-03:00\"},{\"@type\":\"WebSite\",\"@id\":\"https:\\\/\\\/www.encontrafeiradesantana.com.br\\\/sobre\\\/#website\",\"url\":\"https:\\\/\\\/www.encontrafeiradesantana.com.br\\\/sobre\\\/\",\"name\":\"Encontra Feira de Santana\",\"description\":\"Not\\u00edcias, eventos, informa\\u00e7\\u00f5es e dicas na cidade Feira de Santana e regi\\u00e3o.\",\"inLanguage\":\"pt-BR\",\"publisher\":{\"@id\":\"https:\\\/\\\/www.encontrafeiradesantana.com.br\\\/sobre\\\/#organization\"}}]}\n\t\t<\/script>\n\t\t<!-- All in One SEO -->\n\n","aioseo_head_json":{"title":"Prefeitura desapropria pr\u00e9dio da Filarm\u00f4nica Vit\u00f3ria e garante preserva\u00e7\u00e3o de casar\u00e3o hist\u00f3rico | Encontra Feira de Santana","description":"Prefeitura desapropria pr\u00e9dio da Filarm\u00f4nica Vit\u00f3ria para preserva\u00e7\u00e3o hist\u00f3rica.","canonical_url":"https:\/\/www.encontrafeiradesantana.com.br\/sobre\/prefeitura-desapropria-predio-da-filarmonica-vitoria-e-garante-preservacao-de-casarao-historico\/","robots":"max-image-preview:large","keywords":"","webmasterTools":{"miscellaneous":""},"schema":{"@context":"https:\/\/schema.org","@graph":[{"@type":"Article","@id":"https:\/\/www.encontrafeiradesantana.com.br\/sobre\/prefeitura-desapropria-predio-da-filarmonica-vitoria-e-garante-preservacao-de-casarao-historico\/#article","name":"Prefeitura desapropria pr\u00e9dio da Filarm\u00f4nica Vit\u00f3ria e garante preserva\u00e7\u00e3o de casar\u00e3o hist\u00f3rico | Encontra Feira de Santana","headline":"Prefeitura desapropria pr\u00e9dio da Filarm\u00f4nica Vit\u00f3ria e garante preserva\u00e7\u00e3o de casar\u00e3o hist\u00f3rico","author":{"@id":"https:\/\/www.encontrafeiradesantana.com.br\/sobre\/author\/efeiradesantana\/#author"},"publisher":{"@id":"https:\/\/www.encontrafeiradesantana.com.br\/sobre\/#organization"},"image":{"@type":"ImageObject","url":"https:\/\/www.encontrafeiradesantana.com.br\/sobre\/wp-content\/uploads\/2026\/07\/prefeitura-desapropria-predio-da-filarmonica-vitoria-e-garante-preservacao-de-casarao-historico.webp","width":280,"height":280,"caption":"desapropria\u00e7\u00e3o Filarm\u00f4nica Vit\u00f3ria"},"datePublished":"2026-07-05T22:40:18-03:00","dateModified":"2026-07-05T22:40:18-03:00","inLanguage":"pt-BR","mainEntityOfPage":{"@id":"https:\/\/www.encontrafeiradesantana.com.br\/sobre\/prefeitura-desapropria-predio-da-filarmonica-vitoria-e-garante-preservacao-de-casarao-historico\/#webpage"},"isPartOf":{"@id":"https:\/\/www.encontrafeiradesantana.com.br\/sobre\/prefeitura-desapropria-predio-da-filarmonica-vitoria-e-garante-preservacao-de-casarao-historico\/#webpage"},"articleSection":"Cultura Feira de Santana"},{"@type":"BreadcrumbList","@id":"https:\/\/www.encontrafeiradesantana.com.br\/sobre\/prefeitura-desapropria-predio-da-filarmonica-vitoria-e-garante-preservacao-de-casarao-historico\/#breadcrumblist","itemListElement":[{"@type":"ListItem","@id":"https:\/\/www.encontrafeiradesantana.com.br\/sobre#listItem","position":1,"name":"In\u00edcio","item":"https:\/\/www.encontrafeiradesantana.com.br\/sobre","nextItem":{"@type":"ListItem","@id":"https:\/\/www.encontrafeiradesantana.com.br\/sobre\/cultura-em-feira-de-santana\/#listItem","name":"Cultura Feira de Santana"}},{"@type":"ListItem","@id":"https:\/\/www.encontrafeiradesantana.com.br\/sobre\/cultura-em-feira-de-santana\/#listItem","position":2,"name":"Cultura Feira de Santana","item":"https:\/\/www.encontrafeiradesantana.com.br\/sobre\/cultura-em-feira-de-santana\/","nextItem":{"@type":"ListItem","@id":"https:\/\/www.encontrafeiradesantana.com.br\/sobre\/prefeitura-desapropria-predio-da-filarmonica-vitoria-e-garante-preservacao-de-casarao-historico\/#listItem","name":"Prefeitura desapropria pr\u00e9dio da Filarm\u00f4nica Vit\u00f3ria e garante preserva\u00e7\u00e3o de casar\u00e3o hist\u00f3rico"},"previousItem":{"@type":"ListItem","@id":"https:\/\/www.encontrafeiradesantana.com.br\/sobre#listItem","name":"In\u00edcio"}},{"@type":"ListItem","@id":"https:\/\/www.encontrafeiradesantana.com.br\/sobre\/prefeitura-desapropria-predio-da-filarmonica-vitoria-e-garante-preservacao-de-casarao-historico\/#listItem","position":3,"name":"Prefeitura desapropria pr\u00e9dio da Filarm\u00f4nica Vit\u00f3ria e garante preserva\u00e7\u00e3o de casar\u00e3o hist\u00f3rico","previousItem":{"@type":"ListItem","@id":"https:\/\/www.encontrafeiradesantana.com.br\/sobre\/cultura-em-feira-de-santana\/#listItem","name":"Cultura Feira de Santana"}}]},{"@type":"Organization","@id":"https:\/\/www.encontrafeiradesantana.com.br\/sobre\/#organization","name":"Encontra Feira de Santana","description":"Not\u00edcias, eventos, informa\u00e7\u00f5es e dicas na cidade Feira de Santana e regi\u00e3o.","url":"https:\/\/www.encontrafeiradesantana.com.br\/sobre\/"},{"@type":"Person","@id":"https:\/\/www.encontrafeiradesantana.com.br\/sobre\/author\/efeiradesantana\/#author","url":"https:\/\/www.encontrafeiradesantana.com.br\/sobre\/author\/efeiradesantana\/","name":"Encontra Feira de Santana","image":{"@type":"ImageObject","@id":"https:\/\/www.encontrafeiradesantana.com.br\/sobre\/prefeitura-desapropria-predio-da-filarmonica-vitoria-e-garante-preservacao-de-casarao-historico\/#authorImage","url":"https:\/\/secure.gravatar.com\/avatar\/507340682b8270222e1f208e23198b6ae7e2c6a1033ae84e99bc6bce4f82a387?s=96&d=mm&r=g","width":96,"height":96,"caption":"Encontra Feira de Santana"}},{"@type":"WebPage","@id":"https:\/\/www.encontrafeiradesantana.com.br\/sobre\/prefeitura-desapropria-predio-da-filarmonica-vitoria-e-garante-preservacao-de-casarao-historico\/#webpage","url":"https:\/\/www.encontrafeiradesantana.com.br\/sobre\/prefeitura-desapropria-predio-da-filarmonica-vitoria-e-garante-preservacao-de-casarao-historico\/","name":"Prefeitura desapropria pr\u00e9dio da Filarm\u00f4nica Vit\u00f3ria e garante preserva\u00e7\u00e3o de casar\u00e3o hist\u00f3rico | Encontra Feira de Santana","description":"Prefeitura desapropria pr\u00e9dio da Filarm\u00f4nica Vit\u00f3ria para preserva\u00e7\u00e3o hist\u00f3rica.","inLanguage":"pt-BR","isPartOf":{"@id":"https:\/\/www.encontrafeiradesantana.com.br\/sobre\/#website"},"breadcrumb":{"@id":"https:\/\/www.encontrafeiradesantana.com.br\/sobre\/prefeitura-desapropria-predio-da-filarmonica-vitoria-e-garante-preservacao-de-casarao-historico\/#breadcrumblist"},"author":{"@id":"https:\/\/www.encontrafeiradesantana.com.br\/sobre\/author\/efeiradesantana\/#author"},"creator":{"@id":"https:\/\/www.encontrafeiradesantana.com.br\/sobre\/author\/efeiradesantana\/#author"},"image":{"@type":"ImageObject","url":"https:\/\/www.encontrafeiradesantana.com.br\/sobre\/wp-content\/uploads\/2026\/07\/prefeitura-desapropria-predio-da-filarmonica-vitoria-e-garante-preservacao-de-casarao-historico.webp","@id":"https:\/\/www.encontrafeiradesantana.com.br\/sobre\/prefeitura-desapropria-predio-da-filarmonica-vitoria-e-garante-preservacao-de-casarao-historico\/#mainImage","width":280,"height":280,"caption":"desapropria\u00e7\u00e3o Filarm\u00f4nica Vit\u00f3ria"},"primaryImageOfPage":{"@id":"https:\/\/www.encontrafeiradesantana.com.br\/sobre\/prefeitura-desapropria-predio-da-filarmonica-vitoria-e-garante-preservacao-de-casarao-historico\/#mainImage"},"datePublished":"2026-07-05T22:40:18-03:00","dateModified":"2026-07-05T22:40:18-03:00"},{"@type":"WebSite","@id":"https:\/\/www.encontrafeiradesantana.com.br\/sobre\/#website","url":"https:\/\/www.encontrafeiradesantana.com.br\/sobre\/","name":"Encontra Feira de Santana","description":"Not\u00edcias, eventos, informa\u00e7\u00f5es e dicas na cidade Feira de Santana e regi\u00e3o.","inLanguage":"pt-BR","publisher":{"@id":"https:\/\/www.encontrafeiradesantana.com.br\/sobre\/#organization"}}]},"og:locale":"pt_BR","og:site_name":"Encontra Feira de Santana | Not\u00edcias, eventos, informa\u00e7\u00f5es e dicas na cidade Feira de Santana e regi\u00e3o.","og:type":"article","og:title":"Prefeitura desapropria pr\u00e9dio da Filarm\u00f4nica Vit\u00f3ria e garante preserva\u00e7\u00e3o de casar\u00e3o hist\u00f3rico | Encontra Feira de Santana","og:description":"Prefeitura desapropria pr\u00e9dio da Filarm\u00f4nica Vit\u00f3ria para preserva\u00e7\u00e3o hist\u00f3rica.","og:url":"https:\/\/www.encontrafeiradesantana.com.br\/sobre\/prefeitura-desapropria-predio-da-filarmonica-vitoria-e-garante-preservacao-de-casarao-historico\/","article:published_time":"2026-07-06T01:40:18+00:00","article:modified_time":"2026-07-06T01:40:18+00:00","twitter:card":"summary","twitter:title":"Prefeitura desapropria pr\u00e9dio da Filarm\u00f4nica Vit\u00f3ria e garante preserva\u00e7\u00e3o de casar\u00e3o hist\u00f3rico | Encontra Feira de Santana","twitter:description":"Prefeitura desapropria pr\u00e9dio da Filarm\u00f4nica Vit\u00f3ria para preserva\u00e7\u00e3o hist\u00f3rica."},"aioseo_meta_data":{"post_id":"2341","title":null,"description":null,"keywords":null,"keyphrases":null,"primary_term":null,"canonical_url":null,"og_title":null,"og_description":null,"og_object_type":"default","og_image_type":"default","og_image_url":null,"og_image_width":null,"og_image_height":null,"og_image_custom_url":null,"og_image_custom_fields":null,"og_video":null,"og_custom_url":null,"og_article_section":null,"og_article_tags":null,"twitter_use_og":false,"twitter_card":"default","twitter_image_type":"default","twitter_image_url":null,"twitter_image_custom_url":null,"twitter_image_custom_fields":null,"twitter_title":null,"twitter_description":null,"schema":{"blockGraphs":[],"customGraphs":[],"default":{"data":{"Article":[],"Course":[],"Dataset":[],"FAQPage":[],"Movie":[],"Person":[],"Product":[],"ProductReview":[],"Car":[],"Recipe":[],"Service":[],"SoftwareApplication":[],"WebPage":[]},"graphName":"Article","isEnabled":true},"graphs":[]},"schema_type":"default","schema_type_options":null,"pillar_content":false,"robots_default":true,"robots_noindex":false,"robots_noarchive":false,"robots_nosnippet":false,"robots_nofollow":false,"robots_noimageindex":false,"robots_noodp":false,"robots_notranslate":false,"robots_max_snippet":null,"robots_max_videopreview":null,"robots_max_imagepreview":"large","priority":null,"frequency":null,"local_seo":null,"breadcrumb_settings":null,"limit_modified_date":false,"ai":null,"created":"2026-07-06 01:40:20","updated":"2026-07-06 01:47:32","focus_keyword":null,"additional_keywords":null,"truseo_locale":null,"seo_analyzer_scan_date":null},"aioseo_breadcrumb":"<div class=\"aioseo-breadcrumbs\"><span class=\"aioseo-breadcrumb\">\n\t\t\t<a href=\"https:\/\/www.encontrafeiradesantana.com.br\/sobre\" title=\"In\u00edcio\">In\u00edcio<\/a>\n\t\t<\/span><span class=\"aioseo-breadcrumb-separator\">&raquo;<\/span><span class=\"aioseo-breadcrumb\">\n\t\t\t<a href=\"https:\/\/www.encontrafeiradesantana.com.br\/sobre\/cultura-em-feira-de-santana\/\" title=\"Cultura Feira de Santana\">Cultura Feira de Santana<\/a>\n\t\t<\/span><span class=\"aioseo-breadcrumb-separator\">&raquo;<\/span><span class=\"aioseo-breadcrumb\">\n\t\t\tPrefeitura desapropria pr\u00e9dio da Filarm\u00f4nica Vit\u00f3ria e garante preserva\u00e7\u00e3o de casar\u00e3o hist\u00f3rico\n\t\t<\/span><\/div>","aioseo_breadcrumb_json":[{"label":"In\u00edcio","link":"https:\/\/www.encontrafeiradesantana.com.br\/sobre"},{"label":"Cultura Feira de Santana","link":"https:\/\/www.encontrafeiradesantana.com.br\/sobre\/cultura-em-feira-de-santana\/"},{"label":"Prefeitura desapropria pr\u00e9dio da Filarm\u00f4nica Vit\u00f3ria e garante preserva\u00e7\u00e3o de casar\u00e3o hist\u00f3rico","link":"https:\/\/www.encontrafeiradesantana.com.br\/sobre\/prefeitura-desapropria-predio-da-filarmonica-vitoria-e-garante-preservacao-de-casarao-historico\/"}],"_links":{"self":[{"href":"https:\/\/www.encontrafeiradesantana.com.br\/sobre\/wp-json\/wp\/v2\/posts\/2341","targetHints":{"allow":["GET"]}}],"collection":[{"href":"https:\/\/www.encontrafeiradesantana.com.br\/sobre\/wp-json\/wp\/v2\/posts"}],"about":[{"href":"https:\/\/www.encontrafeiradesantana.com.br\/sobre\/wp-json\/wp\/v2\/types\/post"}],"author":[{"embeddable":true,"href":"https:\/\/www.encontrafeiradesantana.com.br\/sobre\/wp-json\/wp\/v2\/users\/1"}],"replies":[{"embeddable":true,"href":"https:\/\/www.encontrafeiradesantana.com.br\/sobre\/wp-json\/wp\/v2\/comments?post=2341"}],"version-history":[{"count":0,"href":"https:\/\/www.encontrafeiradesantana.com.br\/sobre\/wp-json\/wp\/v2\/posts\/2341\/revisions"}],"wp:featuredmedia":[{"embeddable":true,"href":"https:\/\/www.encontrafeiradesantana.com.br\/sobre\/wp-json\/wp\/v2\/media\/2340"}],"wp:attachment":[{"href":"https:\/\/www.encontrafeiradesantana.com.br\/sobre\/wp-json\/wp\/v2\/media?parent=2341"}],"wp:term":[{"taxonomy":"category","embeddable":true,"href":"https:\/\/www.encontrafeiradesantana.com.br\/sobre\/wp-json\/wp\/v2\/categories?post=2341"},{"taxonomy":"post_tag","embeddable":true,"href":"https:\/\/www.encontrafeiradesantana.com.br\/sobre\/wp-json\/wp\/v2\/tags?post=2341"}],"curies":[{"name":"wp","href":"https:\/\/api.w.org\/{rel}","templated":true}]}}