{"id":2337,"date":"2026-07-05T22:37:58","date_gmt":"2026-07-06T01:37:58","guid":{"rendered":"https:\/\/www.encontrafeiradesantana.com.br\/sobre\/sesp-remove-mais-de-100-cacambas-de-entulho-da-rua-macario-cerqueira-e-instala-estacao-de-descarte-provisorio\/"},"modified":"2026-07-05T22:37:58","modified_gmt":"2026-07-06T01:37:58","slug":"sesp-remove-mais-de-100-cacambas-de-entulho-da-rua-macario-cerqueira-e-instala-estacao-de-descarte-provisorio","status":"publish","type":"post","link":"https:\/\/www.encontrafeiradesantana.com.br\/sobre\/sesp-remove-mais-de-100-cacambas-de-entulho-da-rua-macario-cerqueira-e-instala-estacao-de-descarte-provisorio\/","title":{"rendered":"SESP remove mais de 100 ca\u00e7ambas de entulho da Rua Mac\u00e1rio Cerqueira e instala Esta\u00e7\u00e3o de Descarte Provis\u00f3rio"},"content":{"rendered":"<div class=\"3f468104ad11f00a3c9ac948316f4265\" data-index=\"1\" style=\"float: none; margin:0px;\">\n<ins class=\"adsbygoogle\"\r\n     style=\"display:block\"\r\n     data-ad-client=\"ca-pub-8585364105181520\"\r\n     data-ad-slot=\"8789329856\"\r\n     data-ad-format=\"auto\"\r\n     data-full-width-responsive=\"true\"><\/ins>\r\n<script>\r\n     (adsbygoogle = window.adsbygoogle || []).push({});\r\n<\/script>\r\n\n<\/div>\n<h2>A Import\u00e2ncia da Limpeza Urbana<\/h2>\n<p>Limpeza urbana \u00e9 um aspecto vital para a qualidade de vida nas cidades, e sua relev\u00e2ncia se reflete em diversos fatores. Um ambiente limpo n\u00e3o s\u00f3 embeleza a cidade, mas tamb\u00e9m promove a sa\u00fade p\u00fablica, prevenindo doen\u00e7as e melhorando a experi\u00eancia dos cidad\u00e3os em suas rotinas di\u00e1rias. Com a crescente urbaniza\u00e7\u00e3o, a manuten\u00e7\u00e3o de espa\u00e7os limpos e organizados torna-se ainda mais crucial, oferecendo seguran\u00e7a e conforto para os habitantes e visitantes.<\/p>\n<h2>Como a SESP Est\u00e1 Transformando a Rua Mac\u00e1rio Cerqueira<\/h2>\n<p>A Secretaria Municipal de Servi\u00e7os P\u00fablicos (SESP), em colabora\u00e7\u00e3o com a Secretaria de Infraestrutura (SEINFRA), tem trabalhado intensamente para reverter a degrada\u00e7\u00e3o da Rua Mac\u00e1rio Cerqueira, inserida no bairro Muchila. Nos \u00faltimos 20 dias, essa via, que estava repleta de entulho e vegeta\u00e7\u00e3o, foi alvo de uma opera\u00e7\u00e3o especial de limpeza que resultou na remo\u00e7\u00e3o de mais de 100 ca\u00e7ambas de res\u00edduos. Este esfor\u00e7o se destina a preparar o local para futuras obras de pavimenta\u00e7\u00e3o que ser\u00e3o realizadas pela SEINFRA, conforme a determina\u00e7\u00e3o do prefeito.<\/p>\n<h2>A\u00e7\u00e3o Conjunta: SESP e SEINFRA em Parceria<\/h2>\n<p>A a\u00e7\u00e3o conjunta entre a SESP e SEINFRA ilustra como a colabora\u00e7\u00e3o entre diferentes esferas do governo pode resultar em melhorias significativas na infraestrutura urbana. Esse trabalho integrado \u00e9 essencial para garantir que as interven\u00e7\u00f5es de limpeza sejam exitosas e que, uma vez limpos, os locais sejam mantidos livres de descarte irregular. Essa estrat\u00e9gia desempenha um papel fundamental na recupera\u00e7\u00e3o da imagem da cidade e na promo\u00e7\u00e3o de um ambiente saud\u00e1vel.<\/p>\n<p><img decoding=\"async\" src=\"https:\/\/www.encontrafeiradesantana.com.br\/sobre\/wp-content\/uploads\/2026\/07\/sesp-remove-mais-de-100-cacambas-de-entulho-da-rua-macario-cerqueira-e-instala-estacao-de-descarte-p.webp\" alt=\"SESP remove mais de 100 ca\u00e7ambas de entulho da Rua Mac\u00e1rio Cerqueira\" loading=\"lazy\" \/><\/p>\n<h2>O que \u00e9 a Esta\u00e7\u00e3o de Descarte Provis\u00f3rio?<\/h2>\n<p>Para prevenir que a Rua Mac\u00e1rio Cerqueira se torne novamente um ponto de descarte irregular, a SESP implantou uma Esta\u00e7\u00e3o de Descarte Provis\u00f3rio no local. Essa estrutura, composta por tr\u00eas grandes caixas de coleta, fornece uma solu\u00e7\u00e3o pr\u00e1tica e organizada para que os residentes possam descartar seus res\u00edduos corretamente. Uma placa estrategicamente colocada transmite a mensagem: &#8220;Cidade limpa \u00e9 cidade de todos: descarte seu res\u00edduo no lugar certo e fa\u00e7a parte da transforma\u00e7\u00e3o!&#8221; Essa iniciativa busca incentivar a comunidade a participar ativamente da preserva\u00e7\u00e3o do ambiente urbano.<\/p>\n<h2>Benef\u00edcios da Instala\u00e7\u00e3o de Esta\u00e7\u00f5es de Descarte<\/h2>\n<p>A instala\u00e7\u00e3o de esta\u00e7\u00f5es de descarte oferece uma s\u00e9rie de vantagens:<\/p>\n<ul>\n<li><strong>Organiza\u00e7\u00e3o:<\/strong> As esta\u00e7\u00f5es de descarte proporcionam um espa\u00e7o designado para a elimina\u00e7\u00e3o de res\u00edduos, evitando a confus\u00e3o e a desordem nas vias p\u00fablicas.<\/li>\n<li><strong>Conscientiza\u00e7\u00e3o:<\/strong> Elas servem como um ponto de educa\u00e7\u00e3o e informa\u00e7\u00e3o, ajudando os cidad\u00e3os a entender a import\u00e2ncia do descarte correto.<\/li>\n<li><strong>Redu\u00e7\u00e3o do Descarte Irregular:<\/strong> Com alternativas vi\u00e1veis para descarte, a tend\u00eancia de jogar lixo nas ruas pode ser significativamente reduzida.<\/li>\n<\/ul>\n<h2>A Conscientiza\u00e7\u00e3o da Comunidade \u00e9 Fundamental<\/h2>\n<p>Um dos principais objetivos da SESP \u00e9 n\u00e3o apenas limpar, mas tamb\u00e9m educar a popula\u00e7\u00e3o sobre a import\u00e2ncia da limpeza urbana. O secret\u00e1rio de Servi\u00e7os P\u00fablicos, Justiniano Fran\u00e7a, ressalta a relev\u00e2ncia de orientar a comunidade para manter a cidade limpa. &#8220;Nosso foco inicial \u00e9 conscientizar. Queremos que as pessoas entendam que a limpeza depende da colabora\u00e7\u00e3o de todos,&#8221; afirma. A conscientiza\u00e7\u00e3o \u00e9 uma ferramenta poderosa que, se utilizada corretamente, pode transformar a consci\u00eancia coletiva sobre a manuten\u00e7\u00e3o do espa\u00e7o p\u00fablico.<\/p>\n<h2>Legisla\u00e7\u00f5es que Apoiam a Limpeza Urbana<\/h2>\n<p>A SESP e a SEINFRA tamb\u00e9m est\u00e3o operando em conformidade com legisla\u00e7\u00f5es municipais que garantem a manuten\u00e7\u00e3o da limpeza urbana. As leis N\u00ba 3.785\/2017 e N\u00ba 3.987\/2019 estabelecem diretrizes rigorosas para a responsabilidade na coleta de res\u00edduos por grandes geradores, a obrigatoriedade da coleta seletiva e as penalidades para quem desrespeitar essas normas. As multas podem variar de R$ 500,00 a R$ 3.000,00 para infra\u00e7\u00f5es simples e podem chegar a valores acima de R$ 3.100,00 nas situa\u00e7\u00f5es mais graves, refor\u00e7ando a import\u00e2ncia da conformidade legal para a preserva\u00e7\u00e3o do espa\u00e7o urbano.<\/p>\n<h2>Como Denunciar Descartes Irregulares?<\/h2>\n<p>Os cidad\u00e3os t\u00eam um papel ativo na manuten\u00e7\u00e3o da limpeza da cidade. Para promover essa participa\u00e7\u00e3o, a prefeitura estimula a popula\u00e7\u00e3o a denunciar qualquer descarte irregular que observarem. Essa den\u00fancia pode ser realizada por meio de canais oficiais, contribuindo para a identifica\u00e7\u00e3o e responsabiliza\u00e7\u00e3o daqueles que descumprem as regras, assegurando que o ambiente se mantenha limpo e saud\u00e1vel.<\/p>\n<h2>O Papel do Secret\u00e1rio na Fiscaliza\u00e7\u00e3o<\/h2>\n<p>Justiniano Fran\u00e7a, o secret\u00e1rio de Servi\u00e7os P\u00fablicos, enfatiza o compromisso da secretaria com a fiscaliza\u00e7\u00e3o. Com a limpeza em andamento, ele destaca que existe uma pol\u00edtica de toler\u00e2ncia zero para o descarte irregular. A ideia \u00e9 conscientizar os cidad\u00e3os inicialmente, mas deixar claro que, se as infra\u00e7\u00f5es persistirem, medidas rigorosas ser\u00e3o tomadas, incluindo a aplica\u00e7\u00e3o de multas. Essa abordagem demonstra um equil\u00edbrio entre educa\u00e7\u00e3o e responsabiliza\u00e7\u00e3o.<\/p>\n<h2>Resultados Esperados Ap\u00f3s a Limpeza<\/h2>\n<p>Os esfor\u00e7os de limpeza urbana, como os realizados na Rua Mac\u00e1rio Cerqueira, t\u00eam como objetivo transformar o ambiente de forma abrangente. Espera-se que a remo\u00e7\u00e3o de res\u00edduos e a instala\u00e7\u00e3o da Esta\u00e7\u00e3o de Descarte Provis\u00f3rio n\u00e3o apenas melhorem a apar\u00eancia e a usabilidade da via, mas tamb\u00e9m incentivem uma cultura de responsabilidade compartilhada entre os cidad\u00e3os em rela\u00e7\u00e3o ao cuidado e \u00e0 preserva\u00e7\u00e3o do espa\u00e7o p\u00fablico. Ao final dessas a\u00e7\u00f5es, a prefeitura espera ver n\u00e3o apenas ruas limpas, mas uma mudan\u00e7a de mentalidade e um compromisso cont\u00ednuo da popula\u00e7\u00e3o para manter a cidade limpa.<\/p>\n\n<div style=\"font-size: 0px; height: 0px; line-height: 0px; margin: 0; padding: 0; clear: both;\"><\/div>","protected":false},"excerpt":{"rendered":"<p>SESP remove 100 ca\u00e7ambas de entulho e transforma a Rua Mac\u00e1rio Cerqueira.<\/p>\n","protected":false},"author":1,"featured_media":2336,"comment_status":"open","ping_status":"closed","sticky":false,"template":"","format":"standard","meta":{"footnotes":""},"categories":[25],"tags":[],"class_list":["post-2337","post","type-post","status-publish","format-standard","has-post-thumbnail","hentry","category-construcao-em-feira-de-santana","has_thumb"],"aioseo_notices":[],"aioseo_head":"\n\t\t<!-- All in One SEO 5.0.0.1 - aioseo.com -->\n\t<meta name=\"description\" content=\"SESP remove 100 ca\u00e7ambas de entulho e transforma a Rua Mac\u00e1rio Cerqueira.\" \/>\n\t<meta name=\"robots\" content=\"max-image-preview:large\" \/>\n\t<meta name=\"author\" content=\"Encontra Feira de Santana\"\/>\n\t<link rel=\"canonical\" href=\"https:\/\/www.encontrafeiradesantana.com.br\/sobre\/sesp-remove-mais-de-100-cacambas-de-entulho-da-rua-macario-cerqueira-e-instala-estacao-de-descarte-provisorio\/\" \/>\n\t<meta name=\"generator\" content=\"All in One SEO (AIOSEO) 5.0.0.1\" \/>\n\t\t<meta property=\"og:locale\" content=\"pt_BR\" \/>\n\t\t<meta property=\"og:site_name\" content=\"Encontra Feira de Santana | Not\u00edcias, eventos, informa\u00e7\u00f5es e dicas na cidade Feira de Santana e regi\u00e3o.\" \/>\n\t\t<meta property=\"og:type\" content=\"article\" \/>\n\t\t<meta property=\"og:title\" content=\"SESP remove mais de 100 ca\u00e7ambas de entulho da Rua Mac\u00e1rio Cerqueira e instala Esta\u00e7\u00e3o de Descarte Provis\u00f3rio | Encontra Feira de Santana\" \/>\n\t\t<meta property=\"og:description\" content=\"SESP remove 100 ca\u00e7ambas de entulho e transforma a Rua Mac\u00e1rio Cerqueira.\" \/>\n\t\t<meta property=\"og:url\" content=\"https:\/\/www.encontrafeiradesantana.com.br\/sobre\/sesp-remove-mais-de-100-cacambas-de-entulho-da-rua-macario-cerqueira-e-instala-estacao-de-descarte-provisorio\/\" \/>\n\t\t<meta property=\"article:published_time\" content=\"2026-07-06T01:37:58+00:00\" \/>\n\t\t<meta property=\"article:modified_time\" content=\"2026-07-06T01:37:58+00:00\" \/>\n\t\t<meta name=\"twitter:card\" content=\"summary\" \/>\n\t\t<meta name=\"twitter:title\" content=\"SESP remove mais de 100 ca\u00e7ambas de entulho da Rua Mac\u00e1rio Cerqueira e instala Esta\u00e7\u00e3o de Descarte Provis\u00f3rio | Encontra Feira de Santana\" \/>\n\t\t<meta name=\"twitter:description\" content=\"SESP remove 100 ca\u00e7ambas de entulho e transforma a Rua Mac\u00e1rio Cerqueira.\" \/>\n\t\t<script type=\"application\/ld+json\" class=\"aioseo-schema\">\n\t\t\t{\"@context\":\"https:\\\/\\\/schema.org\",\"@graph\":[{\"@type\":\"Article\",\"@id\":\"https:\\\/\\\/www.encontrafeiradesantana.com.br\\\/sobre\\\/sesp-remove-mais-de-100-cacambas-de-entulho-da-rua-macario-cerqueira-e-instala-estacao-de-descarte-provisorio\\\/#article\",\"name\":\"SESP remove mais de 100 ca\\u00e7ambas de entulho da Rua Mac\\u00e1rio Cerqueira e instala Esta\\u00e7\\u00e3o de Descarte Provis\\u00f3rio | Encontra Feira de Santana\",\"headline\":\"SESP remove mais de 100 ca\\u00e7ambas de entulho da Rua Mac\\u00e1rio Cerqueira e instala Esta\\u00e7\\u00e3o de Descarte Provis\\u00f3rio\",\"author\":{\"@id\":\"https:\\\/\\\/www.encontrafeiradesantana.com.br\\\/sobre\\\/author\\\/efeiradesantana\\\/#author\"},\"publisher\":{\"@id\":\"https:\\\/\\\/www.encontrafeiradesantana.com.br\\\/sobre\\\/#organization\"},\"image\":{\"@type\":\"ImageObject\",\"url\":\"https:\\\/\\\/www.encontrafeiradesantana.com.br\\\/sobre\\\/wp-content\\\/uploads\\\/2026\\\/07\\\/sesp-remove-mais-de-100-cacambas-de-entulho-da-rua-macario-cerqueira-e-instala-estacao-de-descarte-p.webp\",\"width\":280,\"height\":280,\"caption\":\"SESP remove mais de 100 ca\\u00e7ambas de entulho da Rua Mac\\u00e1rio Cerqueira\"},\"datePublished\":\"2026-07-05T22:37:58-03:00\",\"dateModified\":\"2026-07-05T22:37:58-03:00\",\"inLanguage\":\"pt-BR\",\"mainEntityOfPage\":{\"@id\":\"https:\\\/\\\/www.encontrafeiradesantana.com.br\\\/sobre\\\/sesp-remove-mais-de-100-cacambas-de-entulho-da-rua-macario-cerqueira-e-instala-estacao-de-descarte-provisorio\\\/#webpage\"},\"isPartOf\":{\"@id\":\"https:\\\/\\\/www.encontrafeiradesantana.com.br\\\/sobre\\\/sesp-remove-mais-de-100-cacambas-de-entulho-da-rua-macario-cerqueira-e-instala-estacao-de-descarte-provisorio\\\/#webpage\"},\"articleSection\":\"Constru\\u00e7\\u00e3o Feira de Santana\"},{\"@type\":\"BreadcrumbList\",\"@id\":\"https:\\\/\\\/www.encontrafeiradesantana.com.br\\\/sobre\\\/sesp-remove-mais-de-100-cacambas-de-entulho-da-rua-macario-cerqueira-e-instala-estacao-de-descarte-provisorio\\\/#breadcrumblist\",\"itemListElement\":[{\"@type\":\"ListItem\",\"@id\":\"https:\\\/\\\/www.encontrafeiradesantana.com.br\\\/sobre#listItem\",\"position\":1,\"name\":\"In\\u00edcio\",\"item\":\"https:\\\/\\\/www.encontrafeiradesantana.com.br\\\/sobre\",\"nextItem\":{\"@type\":\"ListItem\",\"@id\":\"https:\\\/\\\/www.encontrafeiradesantana.com.br\\\/sobre\\\/construcao-em-feira-de-santana\\\/#listItem\",\"name\":\"Constru\\u00e7\\u00e3o Feira de Santana\"}},{\"@type\":\"ListItem\",\"@id\":\"https:\\\/\\\/www.encontrafeiradesantana.com.br\\\/sobre\\\/construcao-em-feira-de-santana\\\/#listItem\",\"position\":2,\"name\":\"Constru\\u00e7\\u00e3o Feira de Santana\",\"item\":\"https:\\\/\\\/www.encontrafeiradesantana.com.br\\\/sobre\\\/construcao-em-feira-de-santana\\\/\",\"nextItem\":{\"@type\":\"ListItem\",\"@id\":\"https:\\\/\\\/www.encontrafeiradesantana.com.br\\\/sobre\\\/sesp-remove-mais-de-100-cacambas-de-entulho-da-rua-macario-cerqueira-e-instala-estacao-de-descarte-provisorio\\\/#listItem\",\"name\":\"SESP remove mais de 100 ca\\u00e7ambas de entulho da Rua Mac\\u00e1rio Cerqueira e instala Esta\\u00e7\\u00e3o de Descarte Provis\\u00f3rio\"},\"previousItem\":{\"@type\":\"ListItem\",\"@id\":\"https:\\\/\\\/www.encontrafeiradesantana.com.br\\\/sobre#listItem\",\"name\":\"In\\u00edcio\"}},{\"@type\":\"ListItem\",\"@id\":\"https:\\\/\\\/www.encontrafeiradesantana.com.br\\\/sobre\\\/sesp-remove-mais-de-100-cacambas-de-entulho-da-rua-macario-cerqueira-e-instala-estacao-de-descarte-provisorio\\\/#listItem\",\"position\":3,\"name\":\"SESP remove mais de 100 ca\\u00e7ambas de entulho da Rua Mac\\u00e1rio Cerqueira e instala Esta\\u00e7\\u00e3o de Descarte Provis\\u00f3rio\",\"previousItem\":{\"@type\":\"ListItem\",\"@id\":\"https:\\\/\\\/www.encontrafeiradesantana.com.br\\\/sobre\\\/construcao-em-feira-de-santana\\\/#listItem\",\"name\":\"Constru\\u00e7\\u00e3o Feira de Santana\"}}]},{\"@type\":\"Organization\",\"@id\":\"https:\\\/\\\/www.encontrafeiradesantana.com.br\\\/sobre\\\/#organization\",\"name\":\"Encontra Feira de Santana\",\"description\":\"Not\\u00edcias, eventos, informa\\u00e7\\u00f5es e dicas na cidade Feira de Santana e regi\\u00e3o.\",\"url\":\"https:\\\/\\\/www.encontrafeiradesantana.com.br\\\/sobre\\\/\"},{\"@type\":\"Person\",\"@id\":\"https:\\\/\\\/www.encontrafeiradesantana.com.br\\\/sobre\\\/author\\\/efeiradesantana\\\/#author\",\"url\":\"https:\\\/\\\/www.encontrafeiradesantana.com.br\\\/sobre\\\/author\\\/efeiradesantana\\\/\",\"name\":\"Encontra Feira de Santana\",\"image\":{\"@type\":\"ImageObject\",\"@id\":\"https:\\\/\\\/www.encontrafeiradesantana.com.br\\\/sobre\\\/sesp-remove-mais-de-100-cacambas-de-entulho-da-rua-macario-cerqueira-e-instala-estacao-de-descarte-provisorio\\\/#authorImage\",\"url\":\"https:\\\/\\\/secure.gravatar.com\\\/avatar\\\/507340682b8270222e1f208e23198b6ae7e2c6a1033ae84e99bc6bce4f82a387?s=96&d=mm&r=g\",\"width\":96,\"height\":96,\"caption\":\"Encontra Feira de Santana\"}},{\"@type\":\"WebPage\",\"@id\":\"https:\\\/\\\/www.encontrafeiradesantana.com.br\\\/sobre\\\/sesp-remove-mais-de-100-cacambas-de-entulho-da-rua-macario-cerqueira-e-instala-estacao-de-descarte-provisorio\\\/#webpage\",\"url\":\"https:\\\/\\\/www.encontrafeiradesantana.com.br\\\/sobre\\\/sesp-remove-mais-de-100-cacambas-de-entulho-da-rua-macario-cerqueira-e-instala-estacao-de-descarte-provisorio\\\/\",\"name\":\"SESP remove mais de 100 ca\\u00e7ambas de entulho da Rua Mac\\u00e1rio Cerqueira e instala Esta\\u00e7\\u00e3o de Descarte Provis\\u00f3rio | Encontra Feira de Santana\",\"description\":\"SESP remove 100 ca\\u00e7ambas de entulho e transforma a Rua Mac\\u00e1rio Cerqueira.\",\"inLanguage\":\"pt-BR\",\"isPartOf\":{\"@id\":\"https:\\\/\\\/www.encontrafeiradesantana.com.br\\\/sobre\\\/#website\"},\"breadcrumb\":{\"@id\":\"https:\\\/\\\/www.encontrafeiradesantana.com.br\\\/sobre\\\/sesp-remove-mais-de-100-cacambas-de-entulho-da-rua-macario-cerqueira-e-instala-estacao-de-descarte-provisorio\\\/#breadcrumblist\"},\"author\":{\"@id\":\"https:\\\/\\\/www.encontrafeiradesantana.com.br\\\/sobre\\\/author\\\/efeiradesantana\\\/#author\"},\"creator\":{\"@id\":\"https:\\\/\\\/www.encontrafeiradesantana.com.br\\\/sobre\\\/author\\\/efeiradesantana\\\/#author\"},\"image\":{\"@type\":\"ImageObject\",\"url\":\"https:\\\/\\\/www.encontrafeiradesantana.com.br\\\/sobre\\\/wp-content\\\/uploads\\\/2026\\\/07\\\/sesp-remove-mais-de-100-cacambas-de-entulho-da-rua-macario-cerqueira-e-instala-estacao-de-descarte-p.webp\",\"@id\":\"https:\\\/\\\/www.encontrafeiradesantana.com.br\\\/sobre\\\/sesp-remove-mais-de-100-cacambas-de-entulho-da-rua-macario-cerqueira-e-instala-estacao-de-descarte-provisorio\\\/#mainImage\",\"width\":280,\"height\":280,\"caption\":\"SESP remove mais de 100 ca\\u00e7ambas de entulho da Rua Mac\\u00e1rio Cerqueira\"},\"primaryImageOfPage\":{\"@id\":\"https:\\\/\\\/www.encontrafeiradesantana.com.br\\\/sobre\\\/sesp-remove-mais-de-100-cacambas-de-entulho-da-rua-macario-cerqueira-e-instala-estacao-de-descarte-provisorio\\\/#mainImage\"},\"datePublished\":\"2026-07-05T22:37:58-03:00\",\"dateModified\":\"2026-07-05T22:37:58-03:00\"},{\"@type\":\"WebSite\",\"@id\":\"https:\\\/\\\/www.encontrafeiradesantana.com.br\\\/sobre\\\/#website\",\"url\":\"https:\\\/\\\/www.encontrafeiradesantana.com.br\\\/sobre\\\/\",\"name\":\"Encontra Feira de Santana\",\"description\":\"Not\\u00edcias, eventos, informa\\u00e7\\u00f5es e dicas na cidade Feira de Santana e regi\\u00e3o.\",\"inLanguage\":\"pt-BR\",\"publisher\":{\"@id\":\"https:\\\/\\\/www.encontrafeiradesantana.com.br\\\/sobre\\\/#organization\"}}]}\n\t\t<\/script>\n\t\t<!-- All in One SEO -->\n\n","aioseo_head_json":{"title":"SESP remove mais de 100 ca\u00e7ambas de entulho da Rua Mac\u00e1rio Cerqueira e instala Esta\u00e7\u00e3o de Descarte Provis\u00f3rio | Encontra Feira de Santana","description":"SESP remove 100 ca\u00e7ambas de entulho e transforma a Rua Mac\u00e1rio Cerqueira.","canonical_url":"https:\/\/www.encontrafeiradesantana.com.br\/sobre\/sesp-remove-mais-de-100-cacambas-de-entulho-da-rua-macario-cerqueira-e-instala-estacao-de-descarte-provisorio\/","robots":"max-image-preview:large","keywords":"","webmasterTools":{"miscellaneous":""},"schema":{"@context":"https:\/\/schema.org","@graph":[{"@type":"Article","@id":"https:\/\/www.encontrafeiradesantana.com.br\/sobre\/sesp-remove-mais-de-100-cacambas-de-entulho-da-rua-macario-cerqueira-e-instala-estacao-de-descarte-provisorio\/#article","name":"SESP remove mais de 100 ca\u00e7ambas de entulho da Rua Mac\u00e1rio Cerqueira e instala Esta\u00e7\u00e3o de Descarte Provis\u00f3rio | Encontra Feira de Santana","headline":"SESP remove mais de 100 ca\u00e7ambas de entulho da Rua Mac\u00e1rio Cerqueira e instala Esta\u00e7\u00e3o de Descarte Provis\u00f3rio","author":{"@id":"https:\/\/www.encontrafeiradesantana.com.br\/sobre\/author\/efeiradesantana\/#author"},"publisher":{"@id":"https:\/\/www.encontrafeiradesantana.com.br\/sobre\/#organization"},"image":{"@type":"ImageObject","url":"https:\/\/www.encontrafeiradesantana.com.br\/sobre\/wp-content\/uploads\/2026\/07\/sesp-remove-mais-de-100-cacambas-de-entulho-da-rua-macario-cerqueira-e-instala-estacao-de-descarte-p.webp","width":280,"height":280,"caption":"SESP remove mais de 100 ca\u00e7ambas de entulho da Rua Mac\u00e1rio Cerqueira"},"datePublished":"2026-07-05T22:37:58-03:00","dateModified":"2026-07-05T22:37:58-03:00","inLanguage":"pt-BR","mainEntityOfPage":{"@id":"https:\/\/www.encontrafeiradesantana.com.br\/sobre\/sesp-remove-mais-de-100-cacambas-de-entulho-da-rua-macario-cerqueira-e-instala-estacao-de-descarte-provisorio\/#webpage"},"isPartOf":{"@id":"https:\/\/www.encontrafeiradesantana.com.br\/sobre\/sesp-remove-mais-de-100-cacambas-de-entulho-da-rua-macario-cerqueira-e-instala-estacao-de-descarte-provisorio\/#webpage"},"articleSection":"Constru\u00e7\u00e3o Feira de Santana"},{"@type":"BreadcrumbList","@id":"https:\/\/www.encontrafeiradesantana.com.br\/sobre\/sesp-remove-mais-de-100-cacambas-de-entulho-da-rua-macario-cerqueira-e-instala-estacao-de-descarte-provisorio\/#breadcrumblist","itemListElement":[{"@type":"ListItem","@id":"https:\/\/www.encontrafeiradesantana.com.br\/sobre#listItem","position":1,"name":"In\u00edcio","item":"https:\/\/www.encontrafeiradesantana.com.br\/sobre","nextItem":{"@type":"ListItem","@id":"https:\/\/www.encontrafeiradesantana.com.br\/sobre\/construcao-em-feira-de-santana\/#listItem","name":"Constru\u00e7\u00e3o Feira de Santana"}},{"@type":"ListItem","@id":"https:\/\/www.encontrafeiradesantana.com.br\/sobre\/construcao-em-feira-de-santana\/#listItem","position":2,"name":"Constru\u00e7\u00e3o Feira de Santana","item":"https:\/\/www.encontrafeiradesantana.com.br\/sobre\/construcao-em-feira-de-santana\/","nextItem":{"@type":"ListItem","@id":"https:\/\/www.encontrafeiradesantana.com.br\/sobre\/sesp-remove-mais-de-100-cacambas-de-entulho-da-rua-macario-cerqueira-e-instala-estacao-de-descarte-provisorio\/#listItem","name":"SESP remove mais de 100 ca\u00e7ambas de entulho da Rua Mac\u00e1rio Cerqueira e instala Esta\u00e7\u00e3o de Descarte Provis\u00f3rio"},"previousItem":{"@type":"ListItem","@id":"https:\/\/www.encontrafeiradesantana.com.br\/sobre#listItem","name":"In\u00edcio"}},{"@type":"ListItem","@id":"https:\/\/www.encontrafeiradesantana.com.br\/sobre\/sesp-remove-mais-de-100-cacambas-de-entulho-da-rua-macario-cerqueira-e-instala-estacao-de-descarte-provisorio\/#listItem","position":3,"name":"SESP remove mais de 100 ca\u00e7ambas de entulho da Rua Mac\u00e1rio Cerqueira e instala Esta\u00e7\u00e3o de Descarte Provis\u00f3rio","previousItem":{"@type":"ListItem","@id":"https:\/\/www.encontrafeiradesantana.com.br\/sobre\/construcao-em-feira-de-santana\/#listItem","name":"Constru\u00e7\u00e3o Feira de Santana"}}]},{"@type":"Organization","@id":"https:\/\/www.encontrafeiradesantana.com.br\/sobre\/#organization","name":"Encontra Feira de Santana","description":"Not\u00edcias, eventos, informa\u00e7\u00f5es e dicas na cidade Feira de Santana e regi\u00e3o.","url":"https:\/\/www.encontrafeiradesantana.com.br\/sobre\/"},{"@type":"Person","@id":"https:\/\/www.encontrafeiradesantana.com.br\/sobre\/author\/efeiradesantana\/#author","url":"https:\/\/www.encontrafeiradesantana.com.br\/sobre\/author\/efeiradesantana\/","name":"Encontra Feira de Santana","image":{"@type":"ImageObject","@id":"https:\/\/www.encontrafeiradesantana.com.br\/sobre\/sesp-remove-mais-de-100-cacambas-de-entulho-da-rua-macario-cerqueira-e-instala-estacao-de-descarte-provisorio\/#authorImage","url":"https:\/\/secure.gravatar.com\/avatar\/507340682b8270222e1f208e23198b6ae7e2c6a1033ae84e99bc6bce4f82a387?s=96&d=mm&r=g","width":96,"height":96,"caption":"Encontra Feira de Santana"}},{"@type":"WebPage","@id":"https:\/\/www.encontrafeiradesantana.com.br\/sobre\/sesp-remove-mais-de-100-cacambas-de-entulho-da-rua-macario-cerqueira-e-instala-estacao-de-descarte-provisorio\/#webpage","url":"https:\/\/www.encontrafeiradesantana.com.br\/sobre\/sesp-remove-mais-de-100-cacambas-de-entulho-da-rua-macario-cerqueira-e-instala-estacao-de-descarte-provisorio\/","name":"SESP remove mais de 100 ca\u00e7ambas de entulho da Rua Mac\u00e1rio Cerqueira e instala Esta\u00e7\u00e3o de Descarte Provis\u00f3rio | Encontra Feira de Santana","description":"SESP remove 100 ca\u00e7ambas de entulho e transforma a Rua Mac\u00e1rio Cerqueira.","inLanguage":"pt-BR","isPartOf":{"@id":"https:\/\/www.encontrafeiradesantana.com.br\/sobre\/#website"},"breadcrumb":{"@id":"https:\/\/www.encontrafeiradesantana.com.br\/sobre\/sesp-remove-mais-de-100-cacambas-de-entulho-da-rua-macario-cerqueira-e-instala-estacao-de-descarte-provisorio\/#breadcrumblist"},"author":{"@id":"https:\/\/www.encontrafeiradesantana.com.br\/sobre\/author\/efeiradesantana\/#author"},"creator":{"@id":"https:\/\/www.encontrafeiradesantana.com.br\/sobre\/author\/efeiradesantana\/#author"},"image":{"@type":"ImageObject","url":"https:\/\/www.encontrafeiradesantana.com.br\/sobre\/wp-content\/uploads\/2026\/07\/sesp-remove-mais-de-100-cacambas-de-entulho-da-rua-macario-cerqueira-e-instala-estacao-de-descarte-p.webp","@id":"https:\/\/www.encontrafeiradesantana.com.br\/sobre\/sesp-remove-mais-de-100-cacambas-de-entulho-da-rua-macario-cerqueira-e-instala-estacao-de-descarte-provisorio\/#mainImage","width":280,"height":280,"caption":"SESP remove mais de 100 ca\u00e7ambas de entulho da Rua Mac\u00e1rio Cerqueira"},"primaryImageOfPage":{"@id":"https:\/\/www.encontrafeiradesantana.com.br\/sobre\/sesp-remove-mais-de-100-cacambas-de-entulho-da-rua-macario-cerqueira-e-instala-estacao-de-descarte-provisorio\/#mainImage"},"datePublished":"2026-07-05T22:37:58-03:00","dateModified":"2026-07-05T22:37:58-03:00"},{"@type":"WebSite","@id":"https:\/\/www.encontrafeiradesantana.com.br\/sobre\/#website","url":"https:\/\/www.encontrafeiradesantana.com.br\/sobre\/","name":"Encontra Feira de Santana","description":"Not\u00edcias, eventos, informa\u00e7\u00f5es e dicas na cidade Feira de Santana e regi\u00e3o.","inLanguage":"pt-BR","publisher":{"@id":"https:\/\/www.encontrafeiradesantana.com.br\/sobre\/#organization"}}]},"og:locale":"pt_BR","og:site_name":"Encontra Feira de Santana | Not\u00edcias, eventos, informa\u00e7\u00f5es e dicas na cidade Feira de Santana e regi\u00e3o.","og:type":"article","og:title":"SESP remove mais de 100 ca\u00e7ambas de entulho da Rua Mac\u00e1rio Cerqueira e instala Esta\u00e7\u00e3o de Descarte Provis\u00f3rio | Encontra Feira de Santana","og:description":"SESP remove 100 ca\u00e7ambas de entulho e transforma a Rua Mac\u00e1rio Cerqueira.","og:url":"https:\/\/www.encontrafeiradesantana.com.br\/sobre\/sesp-remove-mais-de-100-cacambas-de-entulho-da-rua-macario-cerqueira-e-instala-estacao-de-descarte-provisorio\/","article:published_time":"2026-07-06T01:37:58+00:00","article:modified_time":"2026-07-06T01:37:58+00:00","twitter:card":"summary","twitter:title":"SESP remove mais de 100 ca\u00e7ambas de entulho da Rua Mac\u00e1rio Cerqueira e instala Esta\u00e7\u00e3o de Descarte Provis\u00f3rio | Encontra Feira de Santana","twitter:description":"SESP remove 100 ca\u00e7ambas de entulho e transforma a Rua Mac\u00e1rio Cerqueira."},"aioseo_meta_data":{"post_id":"2337","title":null,"description":null,"keywords":null,"keyphrases":null,"primary_term":null,"canonical_url":null,"og_title":null,"og_description":null,"og_object_type":"default","og_image_type":"default","og_image_url":null,"og_image_width":null,"og_image_height":null,"og_image_custom_url":null,"og_image_custom_fields":null,"og_video":null,"og_custom_url":null,"og_article_section":null,"og_article_tags":null,"twitter_use_og":false,"twitter_card":"default","twitter_image_type":"default","twitter_image_url":null,"twitter_image_custom_url":null,"twitter_image_custom_fields":null,"twitter_title":null,"twitter_description":null,"schema":{"blockGraphs":[],"customGraphs":[],"default":{"data":{"Article":[],"Course":[],"Dataset":[],"FAQPage":[],"Movie":[],"Person":[],"Product":[],"ProductReview":[],"Car":[],"Recipe":[],"Service":[],"SoftwareApplication":[],"WebPage":[]},"graphName":"Article","isEnabled":true},"graphs":[]},"schema_type":"default","schema_type_options":null,"pillar_content":false,"robots_default":true,"robots_noindex":false,"robots_noarchive":false,"robots_nosnippet":false,"robots_nofollow":false,"robots_noimageindex":false,"robots_noodp":false,"robots_notranslate":false,"robots_max_snippet":null,"robots_max_videopreview":null,"robots_max_imagepreview":"large","priority":null,"frequency":null,"local_seo":null,"breadcrumb_settings":null,"limit_modified_date":false,"ai":null,"created":"2026-07-06 01:38:00","updated":"2026-07-06 01:47:32","focus_keyword":null,"additional_keywords":null,"truseo_locale":null,"seo_analyzer_scan_date":null},"aioseo_breadcrumb":"<div class=\"aioseo-breadcrumbs\"><span class=\"aioseo-breadcrumb\">\n\t\t\t<a href=\"https:\/\/www.encontrafeiradesantana.com.br\/sobre\" title=\"In\u00edcio\">In\u00edcio<\/a>\n\t\t<\/span><span class=\"aioseo-breadcrumb-separator\">&raquo;<\/span><span class=\"aioseo-breadcrumb\">\n\t\t\t<a href=\"https:\/\/www.encontrafeiradesantana.com.br\/sobre\/construcao-em-feira-de-santana\/\" title=\"Constru\u00e7\u00e3o Feira de Santana\">Constru\u00e7\u00e3o Feira de Santana<\/a>\n\t\t<\/span><span class=\"aioseo-breadcrumb-separator\">&raquo;<\/span><span class=\"aioseo-breadcrumb\">\n\t\t\tSESP remove mais de 100 ca\u00e7ambas de entulho da Rua Mac\u00e1rio Cerqueira e instala Esta\u00e7\u00e3o de Descarte Provis\u00f3rio\n\t\t<\/span><\/div>","aioseo_breadcrumb_json":[{"label":"In\u00edcio","link":"https:\/\/www.encontrafeiradesantana.com.br\/sobre"},{"label":"Constru\u00e7\u00e3o Feira de Santana","link":"https:\/\/www.encontrafeiradesantana.com.br\/sobre\/construcao-em-feira-de-santana\/"},{"label":"SESP remove mais de 100 ca\u00e7ambas de entulho da Rua Mac\u00e1rio Cerqueira e instala Esta\u00e7\u00e3o de Descarte Provis\u00f3rio","link":"https:\/\/www.encontrafeiradesantana.com.br\/sobre\/sesp-remove-mais-de-100-cacambas-de-entulho-da-rua-macario-cerqueira-e-instala-estacao-de-descarte-provisorio\/"}],"_links":{"self":[{"href":"https:\/\/www.encontrafeiradesantana.com.br\/sobre\/wp-json\/wp\/v2\/posts\/2337","targetHints":{"allow":["GET"]}}],"collection":[{"href":"https:\/\/www.encontrafeiradesantana.com.br\/sobre\/wp-json\/wp\/v2\/posts"}],"about":[{"href":"https:\/\/www.encontrafeiradesantana.com.br\/sobre\/wp-json\/wp\/v2\/types\/post"}],"author":[{"embeddable":true,"href":"https:\/\/www.encontrafeiradesantana.com.br\/sobre\/wp-json\/wp\/v2\/users\/1"}],"replies":[{"embeddable":true,"href":"https:\/\/www.encontrafeiradesantana.com.br\/sobre\/wp-json\/wp\/v2\/comments?post=2337"}],"version-history":[{"count":0,"href":"https:\/\/www.encontrafeiradesantana.com.br\/sobre\/wp-json\/wp\/v2\/posts\/2337\/revisions"}],"wp:featuredmedia":[{"embeddable":true,"href":"https:\/\/www.encontrafeiradesantana.com.br\/sobre\/wp-json\/wp\/v2\/media\/2336"}],"wp:attachment":[{"href":"https:\/\/www.encontrafeiradesantana.com.br\/sobre\/wp-json\/wp\/v2\/media?parent=2337"}],"wp:term":[{"taxonomy":"category","embeddable":true,"href":"https:\/\/www.encontrafeiradesantana.com.br\/sobre\/wp-json\/wp\/v2\/categories?post=2337"},{"taxonomy":"post_tag","embeddable":true,"href":"https:\/\/www.encontrafeiradesantana.com.br\/sobre\/wp-json\/wp\/v2\/tags?post=2337"}],"curies":[{"name":"wp","href":"https:\/\/api.w.org\/{rel}","templated":true}]}}