{"id":2327,"date":"2026-07-04T08:38:02","date_gmt":"2026-07-04T11:38:02","guid":{"rendered":"https:\/\/www.encontrafeiradesantana.com.br\/sobre\/secretaria-da-mulher-reforca-compromisso-com-a-promocao-da-igualdade-racial-no-dia-nacional-de-combate-a-discriminacao-racial\/"},"modified":"2026-07-04T08:38:02","modified_gmt":"2026-07-04T11:38:02","slug":"secretaria-da-mulher-reforca-compromisso-com-a-promocao-da-igualdade-racial-no-dia-nacional-de-combate-a-discriminacao-racial","status":"publish","type":"post","link":"https:\/\/www.encontrafeiradesantana.com.br\/sobre\/secretaria-da-mulher-reforca-compromisso-com-a-promocao-da-igualdade-racial-no-dia-nacional-de-combate-a-discriminacao-racial\/","title":{"rendered":"Secretaria da Mulher refor\u00e7a compromisso com a promo\u00e7\u00e3o da igualdade racial no Dia Nacional de Combate \u00e0 Discrimina\u00e7\u00e3o Racial"},"content":{"rendered":"<div class=\"3f468104ad11f00a3c9ac948316f4265\" data-index=\"1\" style=\"float: none; margin:0px;\">\n<ins class=\"adsbygoogle\"\r\n     style=\"display:block\"\r\n     data-ad-client=\"ca-pub-8585364105181520\"\r\n     data-ad-slot=\"8789329856\"\r\n     data-ad-format=\"auto\"\r\n     data-full-width-responsive=\"true\"><\/ins>\r\n<script>\r\n     (adsbygoogle = window.adsbygoogle || []).push({});\r\n<\/script>\r\n\n<\/div>\n<h2>A Import\u00e2ncia do Dia Nacional de Combate \u00e0 Discrimina\u00e7\u00e3o Racial<\/h2>\n<p>O Dia Nacional de Combate \u00e0 Discrimina\u00e7\u00e3o Racial, celebrado em 3 de julho, \u00e9 um per\u00edodo de grande relev\u00e2ncia para a sociedade brasileira. Este dia proporciona uma oportunidade valiosa para reflex\u00e3o e conscientiza\u00e7\u00e3o sobre a necessidade de erradicar todas as formas de discrimina\u00e7\u00e3o. A data deve ser vista como uma chamada \u00e0 a\u00e7\u00e3o para todos os cidad\u00e3os, incentivando a promo\u00e7\u00e3o de uma cultura de respeito e igualdade.<\/p>\n<h2>Reflex\u00f5es sobre o Racismo e a Dignidade Humana<\/h2>\n<p>O racismo n\u00e3o s\u00f3 afeta indiv\u00edduos diretamente discriminados, mas tamb\u00e9m fere o tecido da dignidade humana. A pr\u00e1tica do racismo resulta em vidas destru\u00eddas e em um profundo impacto negativo na autoestima e na conviv\u00eancia social. Reflex\u00f5es sobre como o racismo se manifesta nas diversas esferas da sociedade s\u00e3o essenciais para promover mudan\u00e7as significativas e duradouras.<\/p>\n<h2>A\u00e7\u00f5es da Secretaria da Mulher em Defesa da Igualdade<\/h2>\n<p>A Secretaria Municipal de Pol\u00edticas para as Mulheres de Feira de Santana realiza v\u00e1rias iniciativas atrav\u00e9s da Divis\u00e3o de Promo\u00e7\u00e3o da Igualdade Racial. Essas a\u00e7\u00f5es visam enfrentar o racismo e proporcionar um ambiente mais igualit\u00e1rio. A equipe da secretaria trabalha incansavelmente para desenvolver programas que integrem e promovam oportunidades para todos, independentemente da cor da pele.<\/p>\n<p><img decoding=\"async\" src=\"https:\/\/www.encontrafeiradesantana.com.br\/sobre\/wp-content\/uploads\/2026\/07\/secretaria-da-mulher-reforca-compromisso-com-a-promocao-da-igualdade-racial-no-dia-nacional-de-comba.webp\" alt=\"igualdade racial\" loading=\"lazy\" \/><\/p>\n<h2>O Papel da Secret\u00e1ria Neinha Bastos na Luta Antirracista<\/h2>\n<p>Neinha Bastos, atual secret\u00e1ria da pasta, desempenha um papel essencial na luta contra a discrimina\u00e7\u00e3o racial. Durante a celebra\u00e7\u00e3o deste dia, ela enfatizou a import\u00e2ncia de continuar a luta, afirmando que o racismo n\u00e3o deve ser tolerado em nossa sociedade. Sua lideran\u00e7a \u00e9 um exemplo de comprometimento com a causa da igualdade e a defesa dos direitos humanos.<\/p>\n<h2>Desafios na Implementa\u00e7\u00e3o de Pol\u00edticas P\u00fablicas<\/h2>\n<p>Apesar do reconhecimento do racismo como um crime inafian\u00e7\u00e1vel e imprescrit\u00edvel, como estipulado no artigo 5\u00ba da Constitui\u00e7\u00e3o Federal, a implementa\u00e7\u00e3o efetiva de pol\u00edticas p\u00fablicas ainda enfrenta diversos desafios. Os epis\u00f3dios de discrimina\u00e7\u00e3o racial permanecem presentes, tornando necess\u00e1rio um esfor\u00e7o cont\u00ednuo para transformar a teoria em pr\u00e1tica. A supera\u00e7\u00e3o dos desafios requer um trabalho conjunto entre governo, sociedade civil e institui\u00e7\u00f5es educacionais.<\/p>\n<h2>Como a Sociedade Pode Combater o Racismo<\/h2>\n<p>Combater o racismo \u00e9 uma responsabilidade coletiva. A sociedade civil, em colabora\u00e7\u00e3o com o governo, pode atuar por meio de a\u00e7\u00f5es educativas que promovam a diversidade e a inclus\u00e3o. Campanhas de conscientiza\u00e7\u00e3o, workshops e atividades culturais s\u00e3o exemplos de como todos podem contribuir efetivamente nesta luta.<\/p>\n<h2>A Resist\u00eancia e o Fortalecimento da Luta Antirracista<\/h2>\n<p>A resist\u00eancia contra o racismo \u00e9 fundamental para garantir que todos os indiv\u00edduos tenham seus direitos respeitados e valorizados. Fortalecer a luta antirracista implica em educar, sensibilizar e mobilizar a popula\u00e7\u00e3o em torno do tema. A uni\u00e3o de vozes neste movimento \u00e9 crucial para promover mudan\u00e7as necess\u00e1rias e duradouras.<\/p>\n<h2>Import\u00e2ncia da Diversidade na Constru\u00e7\u00e3o de uma Sociedade Justa<\/h2>\n<p>A diversidade \u00e9 um dos pilares fundamentais para a constru\u00e7\u00e3o de uma sociedade mais justa e equitativa. Valorizar a pluralidade de origens, culturas e hist\u00f3rias \u00e9 reconhecer a riqueza que cada um pode agregar. A promo\u00e7\u00e3o da diversidade deve estar no centro das pol\u00edticas p\u00fablicas e iniciativas comunit\u00e1rias para garantir inclus\u00e3o e respeito m\u00fatuo.<\/p>\n<h2>Compromisso de A\u00e7\u00f5es Permanentes pela Igualdade Racial<\/h2>\n<p>A Secretaria Municipal de Pol\u00edticas para as Mulheres, atrav\u00e9s de a\u00e7\u00f5es cont\u00ednuas, reafirma seu compromisso com a igualdade racial. \u00c9 necess\u00e1rio um investimento constante em pol\u00edticas que fortale\u00e7am a igualdade de oportunidades e promovam a dignidade de todas as pessoas, independente de sua etnia.<\/p>\n<h2>A Necessidade de Conscientiza\u00e7\u00e3o e Educa\u00e7\u00e3o para Todos<\/h2>\n<p>Conscientizar a popula\u00e7\u00e3o sobre a import\u00e2ncia da igualdade racial \u00e9 um passo vital para a constru\u00e7\u00e3o de um futuro livre de discrimina\u00e7\u00e3o. A educa\u00e7\u00e3o deve ser uma prioridade, com programas que ensinem desde a inf\u00e2ncia sobre respeito, empatia e a valoriza\u00e7\u00e3o das diferen\u00e7as. Somente assim poderemos cultivar uma sociedade mais justa para todos.<\/p>\n\n<div style=\"font-size: 0px; height: 0px; line-height: 0px; margin: 0; padding: 0; clear: both;\"><\/div>","protected":false},"excerpt":{"rendered":"<p>A Secretaria da Mulher promove igualdade racial no Dia Nacional de Combate \u00e0 Discrimina\u00e7\u00e3o Racial.<\/p>\n","protected":false},"author":1,"featured_media":2326,"comment_status":"open","ping_status":"closed","sticky":false,"template":"","format":"standard","meta":{"footnotes":""},"categories":[26],"tags":[],"class_list":["post-2327","post","type-post","status-publish","format-standard","has-post-thumbnail","hentry","category-cultura-em-feira-de-santana","has_thumb"],"aioseo_notices":[],"aioseo_head":"\n\t\t<!-- All in One SEO 5.0.0.1 - aioseo.com -->\n\t<meta name=\"description\" content=\"A Secretaria da Mulher promove igualdade racial no Dia Nacional de Combate \u00e0 Discrimina\u00e7\u00e3o Racial.\" \/>\n\t<meta name=\"robots\" content=\"max-image-preview:large\" \/>\n\t<meta name=\"author\" content=\"Encontra Feira de Santana\"\/>\n\t<link rel=\"canonical\" href=\"https:\/\/www.encontrafeiradesantana.com.br\/sobre\/secretaria-da-mulher-reforca-compromisso-com-a-promocao-da-igualdade-racial-no-dia-nacional-de-combate-a-discriminacao-racial\/\" \/>\n\t<meta name=\"generator\" content=\"All in One SEO (AIOSEO) 5.0.0.1\" \/>\n\t\t<meta property=\"og:locale\" content=\"pt_BR\" \/>\n\t\t<meta property=\"og:site_name\" content=\"Encontra Feira de Santana | Not\u00edcias, eventos, informa\u00e7\u00f5es e dicas na cidade Feira de Santana e regi\u00e3o.\" \/>\n\t\t<meta property=\"og:type\" content=\"article\" \/>\n\t\t<meta property=\"og:title\" content=\"Secretaria da Mulher refor\u00e7a compromisso com a promo\u00e7\u00e3o da igualdade racial no Dia Nacional de Combate \u00e0 Discrimina\u00e7\u00e3o Racial | Encontra Feira de Santana\" \/>\n\t\t<meta property=\"og:description\" content=\"A Secretaria da Mulher promove igualdade racial no Dia Nacional de Combate \u00e0 Discrimina\u00e7\u00e3o Racial.\" \/>\n\t\t<meta property=\"og:url\" content=\"https:\/\/www.encontrafeiradesantana.com.br\/sobre\/secretaria-da-mulher-reforca-compromisso-com-a-promocao-da-igualdade-racial-no-dia-nacional-de-combate-a-discriminacao-racial\/\" \/>\n\t\t<meta property=\"article:published_time\" content=\"2026-07-04T11:38:02+00:00\" \/>\n\t\t<meta property=\"article:modified_time\" content=\"2026-07-04T11:38:02+00:00\" \/>\n\t\t<meta name=\"twitter:card\" content=\"summary\" \/>\n\t\t<meta name=\"twitter:title\" content=\"Secretaria da Mulher refor\u00e7a compromisso com a promo\u00e7\u00e3o da igualdade racial no Dia Nacional de Combate \u00e0 Discrimina\u00e7\u00e3o Racial | Encontra Feira de Santana\" \/>\n\t\t<meta name=\"twitter:description\" content=\"A Secretaria da Mulher promove igualdade racial no Dia Nacional de Combate \u00e0 Discrimina\u00e7\u00e3o Racial.\" \/>\n\t\t<script type=\"application\/ld+json\" class=\"aioseo-schema\">\n\t\t\t{\"@context\":\"https:\\\/\\\/schema.org\",\"@graph\":[{\"@type\":\"Article\",\"@id\":\"https:\\\/\\\/www.encontrafeiradesantana.com.br\\\/sobre\\\/secretaria-da-mulher-reforca-compromisso-com-a-promocao-da-igualdade-racial-no-dia-nacional-de-combate-a-discriminacao-racial\\\/#article\",\"name\":\"Secretaria da Mulher refor\\u00e7a compromisso com a promo\\u00e7\\u00e3o da igualdade racial no Dia Nacional de Combate \\u00e0 Discrimina\\u00e7\\u00e3o Racial | Encontra Feira de Santana\",\"headline\":\"Secretaria da Mulher refor\\u00e7a compromisso com a promo\\u00e7\\u00e3o da igualdade racial no Dia Nacional de Combate \\u00e0 Discrimina\\u00e7\\u00e3o Racial\",\"author\":{\"@id\":\"https:\\\/\\\/www.encontrafeiradesantana.com.br\\\/sobre\\\/author\\\/efeiradesantana\\\/#author\"},\"publisher\":{\"@id\":\"https:\\\/\\\/www.encontrafeiradesantana.com.br\\\/sobre\\\/#organization\"},\"image\":{\"@type\":\"ImageObject\",\"url\":\"https:\\\/\\\/www.encontrafeiradesantana.com.br\\\/sobre\\\/wp-content\\\/uploads\\\/2026\\\/07\\\/secretaria-da-mulher-reforca-compromisso-com-a-promocao-da-igualdade-racial-no-dia-nacional-de-comba.webp\",\"width\":280,\"height\":280,\"caption\":\"igualdade racial\"},\"datePublished\":\"2026-07-04T08:38:02-03:00\",\"dateModified\":\"2026-07-04T08:38:02-03:00\",\"inLanguage\":\"pt-BR\",\"mainEntityOfPage\":{\"@id\":\"https:\\\/\\\/www.encontrafeiradesantana.com.br\\\/sobre\\\/secretaria-da-mulher-reforca-compromisso-com-a-promocao-da-igualdade-racial-no-dia-nacional-de-combate-a-discriminacao-racial\\\/#webpage\"},\"isPartOf\":{\"@id\":\"https:\\\/\\\/www.encontrafeiradesantana.com.br\\\/sobre\\\/secretaria-da-mulher-reforca-compromisso-com-a-promocao-da-igualdade-racial-no-dia-nacional-de-combate-a-discriminacao-racial\\\/#webpage\"},\"articleSection\":\"Cultura Feira de Santana\"},{\"@type\":\"BreadcrumbList\",\"@id\":\"https:\\\/\\\/www.encontrafeiradesantana.com.br\\\/sobre\\\/secretaria-da-mulher-reforca-compromisso-com-a-promocao-da-igualdade-racial-no-dia-nacional-de-combate-a-discriminacao-racial\\\/#breadcrumblist\",\"itemListElement\":[{\"@type\":\"ListItem\",\"@id\":\"https:\\\/\\\/www.encontrafeiradesantana.com.br\\\/sobre#listItem\",\"position\":1,\"name\":\"In\\u00edcio\",\"item\":\"https:\\\/\\\/www.encontrafeiradesantana.com.br\\\/sobre\",\"nextItem\":{\"@type\":\"ListItem\",\"@id\":\"https:\\\/\\\/www.encontrafeiradesantana.com.br\\\/sobre\\\/cultura-em-feira-de-santana\\\/#listItem\",\"name\":\"Cultura Feira de Santana\"}},{\"@type\":\"ListItem\",\"@id\":\"https:\\\/\\\/www.encontrafeiradesantana.com.br\\\/sobre\\\/cultura-em-feira-de-santana\\\/#listItem\",\"position\":2,\"name\":\"Cultura Feira de Santana\",\"item\":\"https:\\\/\\\/www.encontrafeiradesantana.com.br\\\/sobre\\\/cultura-em-feira-de-santana\\\/\",\"nextItem\":{\"@type\":\"ListItem\",\"@id\":\"https:\\\/\\\/www.encontrafeiradesantana.com.br\\\/sobre\\\/secretaria-da-mulher-reforca-compromisso-com-a-promocao-da-igualdade-racial-no-dia-nacional-de-combate-a-discriminacao-racial\\\/#listItem\",\"name\":\"Secretaria da Mulher refor\\u00e7a compromisso com a promo\\u00e7\\u00e3o da igualdade racial no Dia Nacional de Combate \\u00e0 Discrimina\\u00e7\\u00e3o Racial\"},\"previousItem\":{\"@type\":\"ListItem\",\"@id\":\"https:\\\/\\\/www.encontrafeiradesantana.com.br\\\/sobre#listItem\",\"name\":\"In\\u00edcio\"}},{\"@type\":\"ListItem\",\"@id\":\"https:\\\/\\\/www.encontrafeiradesantana.com.br\\\/sobre\\\/secretaria-da-mulher-reforca-compromisso-com-a-promocao-da-igualdade-racial-no-dia-nacional-de-combate-a-discriminacao-racial\\\/#listItem\",\"position\":3,\"name\":\"Secretaria da Mulher refor\\u00e7a compromisso com a promo\\u00e7\\u00e3o da igualdade racial no Dia Nacional de Combate \\u00e0 Discrimina\\u00e7\\u00e3o Racial\",\"previousItem\":{\"@type\":\"ListItem\",\"@id\":\"https:\\\/\\\/www.encontrafeiradesantana.com.br\\\/sobre\\\/cultura-em-feira-de-santana\\\/#listItem\",\"name\":\"Cultura Feira de Santana\"}}]},{\"@type\":\"Organization\",\"@id\":\"https:\\\/\\\/www.encontrafeiradesantana.com.br\\\/sobre\\\/#organization\",\"name\":\"Encontra Feira de Santana\",\"description\":\"Not\\u00edcias, eventos, informa\\u00e7\\u00f5es e dicas na cidade Feira de Santana e regi\\u00e3o.\",\"url\":\"https:\\\/\\\/www.encontrafeiradesantana.com.br\\\/sobre\\\/\"},{\"@type\":\"Person\",\"@id\":\"https:\\\/\\\/www.encontrafeiradesantana.com.br\\\/sobre\\\/author\\\/efeiradesantana\\\/#author\",\"url\":\"https:\\\/\\\/www.encontrafeiradesantana.com.br\\\/sobre\\\/author\\\/efeiradesantana\\\/\",\"name\":\"Encontra Feira de Santana\",\"image\":{\"@type\":\"ImageObject\",\"@id\":\"https:\\\/\\\/www.encontrafeiradesantana.com.br\\\/sobre\\\/secretaria-da-mulher-reforca-compromisso-com-a-promocao-da-igualdade-racial-no-dia-nacional-de-combate-a-discriminacao-racial\\\/#authorImage\",\"url\":\"https:\\\/\\\/secure.gravatar.com\\\/avatar\\\/507340682b8270222e1f208e23198b6ae7e2c6a1033ae84e99bc6bce4f82a387?s=96&d=mm&r=g\",\"width\":96,\"height\":96,\"caption\":\"Encontra Feira de Santana\"}},{\"@type\":\"WebPage\",\"@id\":\"https:\\\/\\\/www.encontrafeiradesantana.com.br\\\/sobre\\\/secretaria-da-mulher-reforca-compromisso-com-a-promocao-da-igualdade-racial-no-dia-nacional-de-combate-a-discriminacao-racial\\\/#webpage\",\"url\":\"https:\\\/\\\/www.encontrafeiradesantana.com.br\\\/sobre\\\/secretaria-da-mulher-reforca-compromisso-com-a-promocao-da-igualdade-racial-no-dia-nacional-de-combate-a-discriminacao-racial\\\/\",\"name\":\"Secretaria da Mulher refor\\u00e7a compromisso com a promo\\u00e7\\u00e3o da igualdade racial no Dia Nacional de Combate \\u00e0 Discrimina\\u00e7\\u00e3o Racial | Encontra Feira de Santana\",\"description\":\"A Secretaria da Mulher promove igualdade racial no Dia Nacional de Combate \\u00e0 Discrimina\\u00e7\\u00e3o Racial.\",\"inLanguage\":\"pt-BR\",\"isPartOf\":{\"@id\":\"https:\\\/\\\/www.encontrafeiradesantana.com.br\\\/sobre\\\/#website\"},\"breadcrumb\":{\"@id\":\"https:\\\/\\\/www.encontrafeiradesantana.com.br\\\/sobre\\\/secretaria-da-mulher-reforca-compromisso-com-a-promocao-da-igualdade-racial-no-dia-nacional-de-combate-a-discriminacao-racial\\\/#breadcrumblist\"},\"author\":{\"@id\":\"https:\\\/\\\/www.encontrafeiradesantana.com.br\\\/sobre\\\/author\\\/efeiradesantana\\\/#author\"},\"creator\":{\"@id\":\"https:\\\/\\\/www.encontrafeiradesantana.com.br\\\/sobre\\\/author\\\/efeiradesantana\\\/#author\"},\"image\":{\"@type\":\"ImageObject\",\"url\":\"https:\\\/\\\/www.encontrafeiradesantana.com.br\\\/sobre\\\/wp-content\\\/uploads\\\/2026\\\/07\\\/secretaria-da-mulher-reforca-compromisso-com-a-promocao-da-igualdade-racial-no-dia-nacional-de-comba.webp\",\"@id\":\"https:\\\/\\\/www.encontrafeiradesantana.com.br\\\/sobre\\\/secretaria-da-mulher-reforca-compromisso-com-a-promocao-da-igualdade-racial-no-dia-nacional-de-combate-a-discriminacao-racial\\\/#mainImage\",\"width\":280,\"height\":280,\"caption\":\"igualdade racial\"},\"primaryImageOfPage\":{\"@id\":\"https:\\\/\\\/www.encontrafeiradesantana.com.br\\\/sobre\\\/secretaria-da-mulher-reforca-compromisso-com-a-promocao-da-igualdade-racial-no-dia-nacional-de-combate-a-discriminacao-racial\\\/#mainImage\"},\"datePublished\":\"2026-07-04T08:38:02-03:00\",\"dateModified\":\"2026-07-04T08:38:02-03:00\"},{\"@type\":\"WebSite\",\"@id\":\"https:\\\/\\\/www.encontrafeiradesantana.com.br\\\/sobre\\\/#website\",\"url\":\"https:\\\/\\\/www.encontrafeiradesantana.com.br\\\/sobre\\\/\",\"name\":\"Encontra Feira de Santana\",\"description\":\"Not\\u00edcias, eventos, informa\\u00e7\\u00f5es e dicas na cidade Feira de Santana e regi\\u00e3o.\",\"inLanguage\":\"pt-BR\",\"publisher\":{\"@id\":\"https:\\\/\\\/www.encontrafeiradesantana.com.br\\\/sobre\\\/#organization\"}}]}\n\t\t<\/script>\n\t\t<!-- All in One SEO -->\n\n","aioseo_head_json":{"title":"Secretaria da Mulher refor\u00e7a compromisso com a promo\u00e7\u00e3o da igualdade racial no Dia Nacional de Combate \u00e0 Discrimina\u00e7\u00e3o Racial | Encontra Feira de Santana","description":"A Secretaria da Mulher promove igualdade racial no Dia Nacional de Combate \u00e0 Discrimina\u00e7\u00e3o Racial.","canonical_url":"https:\/\/www.encontrafeiradesantana.com.br\/sobre\/secretaria-da-mulher-reforca-compromisso-com-a-promocao-da-igualdade-racial-no-dia-nacional-de-combate-a-discriminacao-racial\/","robots":"max-image-preview:large","keywords":"","webmasterTools":{"miscellaneous":""},"schema":{"@context":"https:\/\/schema.org","@graph":[{"@type":"Article","@id":"https:\/\/www.encontrafeiradesantana.com.br\/sobre\/secretaria-da-mulher-reforca-compromisso-com-a-promocao-da-igualdade-racial-no-dia-nacional-de-combate-a-discriminacao-racial\/#article","name":"Secretaria da Mulher refor\u00e7a compromisso com a promo\u00e7\u00e3o da igualdade racial no Dia Nacional de Combate \u00e0 Discrimina\u00e7\u00e3o Racial | Encontra Feira de Santana","headline":"Secretaria da Mulher refor\u00e7a compromisso com a promo\u00e7\u00e3o da igualdade racial no Dia Nacional de Combate \u00e0 Discrimina\u00e7\u00e3o Racial","author":{"@id":"https:\/\/www.encontrafeiradesantana.com.br\/sobre\/author\/efeiradesantana\/#author"},"publisher":{"@id":"https:\/\/www.encontrafeiradesantana.com.br\/sobre\/#organization"},"image":{"@type":"ImageObject","url":"https:\/\/www.encontrafeiradesantana.com.br\/sobre\/wp-content\/uploads\/2026\/07\/secretaria-da-mulher-reforca-compromisso-com-a-promocao-da-igualdade-racial-no-dia-nacional-de-comba.webp","width":280,"height":280,"caption":"igualdade racial"},"datePublished":"2026-07-04T08:38:02-03:00","dateModified":"2026-07-04T08:38:02-03:00","inLanguage":"pt-BR","mainEntityOfPage":{"@id":"https:\/\/www.encontrafeiradesantana.com.br\/sobre\/secretaria-da-mulher-reforca-compromisso-com-a-promocao-da-igualdade-racial-no-dia-nacional-de-combate-a-discriminacao-racial\/#webpage"},"isPartOf":{"@id":"https:\/\/www.encontrafeiradesantana.com.br\/sobre\/secretaria-da-mulher-reforca-compromisso-com-a-promocao-da-igualdade-racial-no-dia-nacional-de-combate-a-discriminacao-racial\/#webpage"},"articleSection":"Cultura Feira de Santana"},{"@type":"BreadcrumbList","@id":"https:\/\/www.encontrafeiradesantana.com.br\/sobre\/secretaria-da-mulher-reforca-compromisso-com-a-promocao-da-igualdade-racial-no-dia-nacional-de-combate-a-discriminacao-racial\/#breadcrumblist","itemListElement":[{"@type":"ListItem","@id":"https:\/\/www.encontrafeiradesantana.com.br\/sobre#listItem","position":1,"name":"In\u00edcio","item":"https:\/\/www.encontrafeiradesantana.com.br\/sobre","nextItem":{"@type":"ListItem","@id":"https:\/\/www.encontrafeiradesantana.com.br\/sobre\/cultura-em-feira-de-santana\/#listItem","name":"Cultura Feira de Santana"}},{"@type":"ListItem","@id":"https:\/\/www.encontrafeiradesantana.com.br\/sobre\/cultura-em-feira-de-santana\/#listItem","position":2,"name":"Cultura Feira de Santana","item":"https:\/\/www.encontrafeiradesantana.com.br\/sobre\/cultura-em-feira-de-santana\/","nextItem":{"@type":"ListItem","@id":"https:\/\/www.encontrafeiradesantana.com.br\/sobre\/secretaria-da-mulher-reforca-compromisso-com-a-promocao-da-igualdade-racial-no-dia-nacional-de-combate-a-discriminacao-racial\/#listItem","name":"Secretaria da Mulher refor\u00e7a compromisso com a promo\u00e7\u00e3o da igualdade racial no Dia Nacional de Combate \u00e0 Discrimina\u00e7\u00e3o Racial"},"previousItem":{"@type":"ListItem","@id":"https:\/\/www.encontrafeiradesantana.com.br\/sobre#listItem","name":"In\u00edcio"}},{"@type":"ListItem","@id":"https:\/\/www.encontrafeiradesantana.com.br\/sobre\/secretaria-da-mulher-reforca-compromisso-com-a-promocao-da-igualdade-racial-no-dia-nacional-de-combate-a-discriminacao-racial\/#listItem","position":3,"name":"Secretaria da Mulher refor\u00e7a compromisso com a promo\u00e7\u00e3o da igualdade racial no Dia Nacional de Combate \u00e0 Discrimina\u00e7\u00e3o Racial","previousItem":{"@type":"ListItem","@id":"https:\/\/www.encontrafeiradesantana.com.br\/sobre\/cultura-em-feira-de-santana\/#listItem","name":"Cultura Feira de Santana"}}]},{"@type":"Organization","@id":"https:\/\/www.encontrafeiradesantana.com.br\/sobre\/#organization","name":"Encontra Feira de Santana","description":"Not\u00edcias, eventos, informa\u00e7\u00f5es e dicas na cidade Feira de Santana e regi\u00e3o.","url":"https:\/\/www.encontrafeiradesantana.com.br\/sobre\/"},{"@type":"Person","@id":"https:\/\/www.encontrafeiradesantana.com.br\/sobre\/author\/efeiradesantana\/#author","url":"https:\/\/www.encontrafeiradesantana.com.br\/sobre\/author\/efeiradesantana\/","name":"Encontra Feira de Santana","image":{"@type":"ImageObject","@id":"https:\/\/www.encontrafeiradesantana.com.br\/sobre\/secretaria-da-mulher-reforca-compromisso-com-a-promocao-da-igualdade-racial-no-dia-nacional-de-combate-a-discriminacao-racial\/#authorImage","url":"https:\/\/secure.gravatar.com\/avatar\/507340682b8270222e1f208e23198b6ae7e2c6a1033ae84e99bc6bce4f82a387?s=96&d=mm&r=g","width":96,"height":96,"caption":"Encontra Feira de Santana"}},{"@type":"WebPage","@id":"https:\/\/www.encontrafeiradesantana.com.br\/sobre\/secretaria-da-mulher-reforca-compromisso-com-a-promocao-da-igualdade-racial-no-dia-nacional-de-combate-a-discriminacao-racial\/#webpage","url":"https:\/\/www.encontrafeiradesantana.com.br\/sobre\/secretaria-da-mulher-reforca-compromisso-com-a-promocao-da-igualdade-racial-no-dia-nacional-de-combate-a-discriminacao-racial\/","name":"Secretaria da Mulher refor\u00e7a compromisso com a promo\u00e7\u00e3o da igualdade racial no Dia Nacional de Combate \u00e0 Discrimina\u00e7\u00e3o Racial | Encontra Feira de Santana","description":"A Secretaria da Mulher promove igualdade racial no Dia Nacional de Combate \u00e0 Discrimina\u00e7\u00e3o Racial.","inLanguage":"pt-BR","isPartOf":{"@id":"https:\/\/www.encontrafeiradesantana.com.br\/sobre\/#website"},"breadcrumb":{"@id":"https:\/\/www.encontrafeiradesantana.com.br\/sobre\/secretaria-da-mulher-reforca-compromisso-com-a-promocao-da-igualdade-racial-no-dia-nacional-de-combate-a-discriminacao-racial\/#breadcrumblist"},"author":{"@id":"https:\/\/www.encontrafeiradesantana.com.br\/sobre\/author\/efeiradesantana\/#author"},"creator":{"@id":"https:\/\/www.encontrafeiradesantana.com.br\/sobre\/author\/efeiradesantana\/#author"},"image":{"@type":"ImageObject","url":"https:\/\/www.encontrafeiradesantana.com.br\/sobre\/wp-content\/uploads\/2026\/07\/secretaria-da-mulher-reforca-compromisso-com-a-promocao-da-igualdade-racial-no-dia-nacional-de-comba.webp","@id":"https:\/\/www.encontrafeiradesantana.com.br\/sobre\/secretaria-da-mulher-reforca-compromisso-com-a-promocao-da-igualdade-racial-no-dia-nacional-de-combate-a-discriminacao-racial\/#mainImage","width":280,"height":280,"caption":"igualdade racial"},"primaryImageOfPage":{"@id":"https:\/\/www.encontrafeiradesantana.com.br\/sobre\/secretaria-da-mulher-reforca-compromisso-com-a-promocao-da-igualdade-racial-no-dia-nacional-de-combate-a-discriminacao-racial\/#mainImage"},"datePublished":"2026-07-04T08:38:02-03:00","dateModified":"2026-07-04T08:38:02-03:00"},{"@type":"WebSite","@id":"https:\/\/www.encontrafeiradesantana.com.br\/sobre\/#website","url":"https:\/\/www.encontrafeiradesantana.com.br\/sobre\/","name":"Encontra Feira de Santana","description":"Not\u00edcias, eventos, informa\u00e7\u00f5es e dicas na cidade Feira de Santana e regi\u00e3o.","inLanguage":"pt-BR","publisher":{"@id":"https:\/\/www.encontrafeiradesantana.com.br\/sobre\/#organization"}}]},"og:locale":"pt_BR","og:site_name":"Encontra Feira de Santana | Not\u00edcias, eventos, informa\u00e7\u00f5es e dicas na cidade Feira de Santana e regi\u00e3o.","og:type":"article","og:title":"Secretaria da Mulher refor\u00e7a compromisso com a promo\u00e7\u00e3o da igualdade racial no Dia Nacional de Combate \u00e0 Discrimina\u00e7\u00e3o Racial | Encontra Feira de Santana","og:description":"A Secretaria da Mulher promove igualdade racial no Dia Nacional de Combate \u00e0 Discrimina\u00e7\u00e3o Racial.","og:url":"https:\/\/www.encontrafeiradesantana.com.br\/sobre\/secretaria-da-mulher-reforca-compromisso-com-a-promocao-da-igualdade-racial-no-dia-nacional-de-combate-a-discriminacao-racial\/","article:published_time":"2026-07-04T11:38:02+00:00","article:modified_time":"2026-07-04T11:38:02+00:00","twitter:card":"summary","twitter:title":"Secretaria da Mulher refor\u00e7a compromisso com a promo\u00e7\u00e3o da igualdade racial no Dia Nacional de Combate \u00e0 Discrimina\u00e7\u00e3o Racial | Encontra Feira de Santana","twitter:description":"A Secretaria da Mulher promove igualdade racial no Dia Nacional de Combate \u00e0 Discrimina\u00e7\u00e3o Racial."},"aioseo_meta_data":{"post_id":"2327","title":null,"description":null,"keywords":null,"keyphrases":null,"primary_term":null,"canonical_url":null,"og_title":null,"og_description":null,"og_object_type":"default","og_image_type":"default","og_image_url":null,"og_image_width":null,"og_image_height":null,"og_image_custom_url":null,"og_image_custom_fields":null,"og_video":null,"og_custom_url":null,"og_article_section":null,"og_article_tags":null,"twitter_use_og":false,"twitter_card":"default","twitter_image_type":"default","twitter_image_url":null,"twitter_image_custom_url":null,"twitter_image_custom_fields":null,"twitter_title":null,"twitter_description":null,"schema":{"blockGraphs":[],"customGraphs":[],"default":{"data":{"Article":[],"Course":[],"Dataset":[],"FAQPage":[],"Movie":[],"Person":[],"Product":[],"ProductReview":[],"Car":[],"Recipe":[],"Service":[],"SoftwareApplication":[],"WebPage":[]},"graphName":"Article","isEnabled":true},"graphs":[]},"schema_type":"default","schema_type_options":null,"pillar_content":false,"robots_default":true,"robots_noindex":false,"robots_noarchive":false,"robots_nosnippet":false,"robots_nofollow":false,"robots_noimageindex":false,"robots_noodp":false,"robots_notranslate":false,"robots_max_snippet":null,"robots_max_videopreview":null,"robots_max_imagepreview":"large","priority":null,"frequency":null,"local_seo":null,"breadcrumb_settings":null,"limit_modified_date":false,"ai":null,"created":"2026-07-04 11:38:03","updated":"2026-07-04 11:51:13","focus_keyword":null,"additional_keywords":null,"truseo_locale":null,"seo_analyzer_scan_date":null},"aioseo_breadcrumb":"<div class=\"aioseo-breadcrumbs\"><span class=\"aioseo-breadcrumb\">\n\t\t\t<a href=\"https:\/\/www.encontrafeiradesantana.com.br\/sobre\" title=\"In\u00edcio\">In\u00edcio<\/a>\n\t\t<\/span><span class=\"aioseo-breadcrumb-separator\">&raquo;<\/span><span class=\"aioseo-breadcrumb\">\n\t\t\t<a href=\"https:\/\/www.encontrafeiradesantana.com.br\/sobre\/cultura-em-feira-de-santana\/\" title=\"Cultura Feira de Santana\">Cultura Feira de Santana<\/a>\n\t\t<\/span><span class=\"aioseo-breadcrumb-separator\">&raquo;<\/span><span class=\"aioseo-breadcrumb\">\n\t\t\tSecretaria da Mulher refor\u00e7a compromisso com a promo\u00e7\u00e3o da igualdade racial no Dia Nacional de Combate \u00e0 Discrimina\u00e7\u00e3o Racial\n\t\t<\/span><\/div>","aioseo_breadcrumb_json":[{"label":"In\u00edcio","link":"https:\/\/www.encontrafeiradesantana.com.br\/sobre"},{"label":"Cultura Feira de Santana","link":"https:\/\/www.encontrafeiradesantana.com.br\/sobre\/cultura-em-feira-de-santana\/"},{"label":"Secretaria da Mulher refor\u00e7a compromisso com a promo\u00e7\u00e3o da igualdade racial no Dia Nacional de Combate \u00e0 Discrimina\u00e7\u00e3o Racial","link":"https:\/\/www.encontrafeiradesantana.com.br\/sobre\/secretaria-da-mulher-reforca-compromisso-com-a-promocao-da-igualdade-racial-no-dia-nacional-de-combate-a-discriminacao-racial\/"}],"_links":{"self":[{"href":"https:\/\/www.encontrafeiradesantana.com.br\/sobre\/wp-json\/wp\/v2\/posts\/2327","targetHints":{"allow":["GET"]}}],"collection":[{"href":"https:\/\/www.encontrafeiradesantana.com.br\/sobre\/wp-json\/wp\/v2\/posts"}],"about":[{"href":"https:\/\/www.encontrafeiradesantana.com.br\/sobre\/wp-json\/wp\/v2\/types\/post"}],"author":[{"embeddable":true,"href":"https:\/\/www.encontrafeiradesantana.com.br\/sobre\/wp-json\/wp\/v2\/users\/1"}],"replies":[{"embeddable":true,"href":"https:\/\/www.encontrafeiradesantana.com.br\/sobre\/wp-json\/wp\/v2\/comments?post=2327"}],"version-history":[{"count":0,"href":"https:\/\/www.encontrafeiradesantana.com.br\/sobre\/wp-json\/wp\/v2\/posts\/2327\/revisions"}],"wp:featuredmedia":[{"embeddable":true,"href":"https:\/\/www.encontrafeiradesantana.com.br\/sobre\/wp-json\/wp\/v2\/media\/2326"}],"wp:attachment":[{"href":"https:\/\/www.encontrafeiradesantana.com.br\/sobre\/wp-json\/wp\/v2\/media?parent=2327"}],"wp:term":[{"taxonomy":"category","embeddable":true,"href":"https:\/\/www.encontrafeiradesantana.com.br\/sobre\/wp-json\/wp\/v2\/categories?post=2327"},{"taxonomy":"post_tag","embeddable":true,"href":"https:\/\/www.encontrafeiradesantana.com.br\/sobre\/wp-json\/wp\/v2\/tags?post=2327"}],"curies":[{"name":"wp","href":"https:\/\/api.w.org\/{rel}","templated":true}]}}