{"id":2323,"date":"2026-07-04T07:44:35","date_gmt":"2026-07-04T10:44:35","guid":{"rendered":"https:\/\/www.encontrafeiradesantana.com.br\/sobre\/prefeitura-de-feira-pavimenta-mais-quatro-ruas-do-bairro-santa-monica-ii\/"},"modified":"2026-07-04T07:44:35","modified_gmt":"2026-07-04T10:44:35","slug":"prefeitura-de-feira-pavimenta-mais-quatro-ruas-do-bairro-santa-monica-ii","status":"publish","type":"post","link":"https:\/\/www.encontrafeiradesantana.com.br\/sobre\/prefeitura-de-feira-pavimenta-mais-quatro-ruas-do-bairro-santa-monica-ii\/","title":{"rendered":"Prefeitura de Feira pavimenta mais quatro ruas do bairro Santa M\u00f4nica II"},"content":{"rendered":"<div class=\"3f468104ad11f00a3c9ac948316f4265\" data-index=\"1\" style=\"float: none; margin:0px;\">\n<ins class=\"adsbygoogle\"\r\n     style=\"display:block\"\r\n     data-ad-client=\"ca-pub-8585364105181520\"\r\n     data-ad-slot=\"8789329856\"\r\n     data-ad-format=\"auto\"\r\n     data-full-width-responsive=\"true\"><\/ins>\r\n<script>\r\n     (adsbygoogle = window.adsbygoogle || []).push({});\r\n<\/script>\r\n\n<\/div>\n<h2>O Compromisso da Prefeitura com a Infraestrutura<\/h2>\n<p>A gest\u00e3o da Prefeitura de Feira de Santana tem se dedicado a investir em infraestrutura, visando a melhoria das condi\u00e7\u00f5es de vida dos cidad\u00e3os. Recentemente, foi iniciada a pavimenta\u00e7\u00e3o de quatro novas ruas no bairro Santa M\u00f4nica II, demonstrando o comprometimento da administra\u00e7\u00e3o p\u00fablica em proporcionar melhor mobilidade e qualidade urbana para os moradores da regi\u00e3o.<\/p>\n<h2>Obras Inauguradas e Impacto na Comunidade<\/h2>\n<p>As obras de pavimenta\u00e7\u00e3o asf\u00e1ltica come\u00e7aram na Rua Oscar de Freitas, abrangendo uma extens\u00e3o total de 4.498 metros quadrados. Al\u00e9m desta, a Rua Guararema ser\u00e1 beneficiada com 434 metros quadrados de asfalto, enquanto a Rua Bela Vista do Para\u00edso receber\u00e1 1.193 metros quadrados e a Rua Boa Vista do Para\u00edso outros 1.145 metros quadrados. Esses projetos visam n\u00e3o apenas melhorar a infraestrutura vi\u00e1ria, mas tamb\u00e9m estimular o desenvolvimento econ\u00f4mico e social da comunidade. O impacto dessas melhorias ser\u00e1 sentido diretamente por todos os cidad\u00e3os que utilizam essas vias, com reflexos na seguran\u00e7a e na qualidade de vida.<\/p>\n<h2>Ruas Beneficiadas: Conhe\u00e7a Todas Elas<\/h2>\n<p>A pavimenta\u00e7\u00e3o ir\u00e1 beneficiar as seguintes ruas:<\/p>\n<p><img decoding=\"async\" src=\"https:\/\/www.encontrafeiradesantana.com.br\/sobre\/wp-content\/uploads\/2026\/07\/prefeitura-de-feira-pavimenta-mais-quatro-ruas-do-bairro-santa-monica-ii.webp\" alt=\"Prefeitura de Feira pavimenta mais quatro ruas do bairro Santa M\u00f4nica II\" loading=\"lazy\" \/><\/p>\n<ul>\n<li><strong>Rua Oscar de Freitas:<\/strong> 4.498 m\u00b2<\/li>\n<li><strong>Rua Guararema:<\/strong> 434 m\u00b2<\/li>\n<li><strong>Rua Bela Vista do Para\u00edso:<\/strong> 1.193 m\u00b2<\/li>\n<li><strong>Rua Boa Vista do Para\u00edso:<\/strong> 1.145 m\u00b2<\/li>\n<\/ul>\n<p>Ao todo, essa etapa do projeto abrange 7.270 metros quadrados de novas pavimenta\u00e7\u00f5es, garantindo acesso adequado e facilitando a circula\u00e7\u00e3o no bairro.<\/p>\n<h2>Material Utilizado nas Obras de Pavimenta\u00e7\u00e3o<\/h2>\n<p>Para a realiza\u00e7\u00e3o das obras, a Prefeitura optou por utilizar Concreto Betuminoso Usinado a Quente (CBUQ), um dos materiais mais eficazes e dur\u00e1veis para pavimenta\u00e7\u00e3o asf\u00e1ltica. Este tipo de asfalto proporciona uma superf\u00edcie mais lisa e maior resist\u00eancia ao tr\u00e1fego intenso, al\u00e9m de demandar menos manuten\u00e7\u00e3o a longo prazo, resultando em um investimento que se traduz em economia e efici\u00eancia.<\/p>\n<h2>Acompanhamento das Interven\u00e7\u00f5es pelo Prefeito<\/h2>\n<p>O prefeito Jos\u00e9 Ronaldo de Carvalho esteve presente no in\u00edcio das obras e enfatizou a import\u00e2ncia desse projeto para a cidade. Durante a ocupa\u00e7\u00e3o do cargo, ele reafirmou o compromisso da gest\u00e3o em implementar obras de pavimenta\u00e7\u00e3o de forma cont\u00ednua, alcan\u00e7ando gradualmente todos os bairros de Feira de Santana. \u201cEstamos focados em transformar a infraestrutura urbana, oferecendo melhores condi\u00e7\u00f5es de tr\u00e1fego e acesso para todos os cidad\u00e3os\u201d, destacou o prefeito.<\/p>\n<h2>Previs\u00e3o de Conclus\u00e3o das Obras<\/h2>\n<p>De acordo com o diretor do Departamento de Obras da Secretaria de Infraestrutura (Seinfra), Ianco Pinho, as interven\u00e7\u00f5es nas ruas mencionadas t\u00eam a expectativa de serem finalizadas em um prazo de tr\u00eas dias. Com isso, a Prefeitura poder\u00e1 avan\u00e7ar rapidamente em outras \u00e1reas que necessitam de melhorias semelhantes, progredindo assim com o cronograma de obras estabelecido.<\/p>\n<h2>Import\u00e2ncia da Pavimenta\u00e7\u00e3o para o Bairro<\/h2>\n<p>A pavimenta\u00e7\u00e3o das ruas traz benef\u00edcios significativos para o bairro Santa M\u00f4nica II. Al\u00e9m de facilitar o deslocamento dos moradores e melhor acesso a servi\u00e7os essenciais, como sa\u00fade e educa\u00e7\u00e3o, as ruas pavimentadas contribuem para a valoriza\u00e7\u00e3o imobili\u00e1ria da regi\u00e3o. A execu\u00e7\u00e3o desses projetos est\u00e1 diretamente ligada ao bem-estar e ao desenvolvimento local, criando uma infraestrutura adequada que atenda \u00e0s necessidades da popula\u00e7\u00e3o.<\/p>\n<h2>Depoimentos dos Moradores Sobre as Melhorias<\/h2>\n<p>Os moradores do bairro t\u00eam demonstrado satisfa\u00e7\u00e3o com os novos investimentos em infraestrutura. Muitos destacam que a pavimenta\u00e7\u00e3o resultar\u00e1 em um cotidiano mais seguro e tranquilo. &#8220;Com as ruas pavimentadas, minha fam\u00edlia poder\u00e1 caminhar com mais seguran\u00e7a e conforto. Al\u00e9m disso, teremos menos poeira e barro nas \u00e9pocas de chuva\u201d, comentou uma residente local, ressaltando a import\u00e2ncia dessa melhoria.<\/p>\n<h2>Como a Pavimenta\u00e7\u00e3o Contribui para a Mobilidade<\/h2>\n<p>A implementa\u00e7\u00e3o de asfalto nas ruas beneficiadas traz uma s\u00e9rie de avan\u00e7os para a mobilidade urbana. Entre os principais pontos, podemos destacar: melhor flui\u00e7\u00e3o do tr\u00e1fego, seguran\u00e7a para pedestres e motoristas, e redu\u00e7\u00e3o de acidentes. As vias pavimentadas tamb\u00e9m favorecem transportes coletivos e a log\u00edstica de entregas, facilitando a integra\u00e7\u00e3o entre diferentes \u00e1reas da cidade.<\/p>\n<h2>Pr\u00f3ximos Projetos da Prefeitura de Feira<\/h2>\n<p>Al\u00e9m das obras atuais no bairro Santa M\u00f4nica II, a Prefeitura j\u00e1 planeja uma s\u00e9rie de novos projetos para outras regi\u00f5es da cidade. O compromisso \u00e9 estender as interven\u00e7\u00f5es em infraestrutura urbana para diversos bairros, permitindo que mais cidad\u00e3os se beneficiem de ruas pavimentadas e adequadas \u00e0s demandas atuais. O objetivo \u00e9 assegurar que a qualidade de vida dos moradores melhore, preparando Feira de Santana para um futuro mais sustent\u00e1vel e acess\u00edvel.<\/p>\n<p>Essas a\u00e7\u00f5es definem um novo patamar para a infraestrutura local e demonstram a preocupa\u00e7\u00e3o da administra\u00e7\u00e3o em zelar pelo bem-estar da popula\u00e7\u00e3o. Com a continuidade desse trabalho, a expectativa \u00e9 de que mais a\u00e7\u00f5es de pavimenta\u00e7\u00e3o e melhorias urbanas sejam implantadas, levando ainda mais desenvolvimento para a cidade.<\/p>\n\n<div style=\"font-size: 0px; height: 0px; line-height: 0px; margin: 0; padding: 0; clear: both;\"><\/div>","protected":false},"excerpt":{"rendered":"<p>Prefeitura de Feira inicia obras de pavimenta\u00e7\u00e3o em Santa M\u00f4nica II.<\/p>\n","protected":false},"author":1,"featured_media":2322,"comment_status":"open","ping_status":"closed","sticky":false,"template":"","format":"standard","meta":{"footnotes":""},"categories":[25],"tags":[],"class_list":["post-2323","post","type-post","status-publish","format-standard","has-post-thumbnail","hentry","category-construcao-em-feira-de-santana","has_thumb"],"aioseo_notices":[],"aioseo_head":"\n\t\t<!-- All in One SEO 5.0.0.1 - aioseo.com -->\n\t<meta name=\"description\" content=\"Prefeitura de Feira inicia obras de pavimenta\u00e7\u00e3o em Santa M\u00f4nica II.\" \/>\n\t<meta name=\"robots\" content=\"max-image-preview:large\" \/>\n\t<meta name=\"author\" content=\"Encontra Feira de Santana\"\/>\n\t<link rel=\"canonical\" href=\"https:\/\/www.encontrafeiradesantana.com.br\/sobre\/prefeitura-de-feira-pavimenta-mais-quatro-ruas-do-bairro-santa-monica-ii\/\" \/>\n\t<meta name=\"generator\" content=\"All in One SEO (AIOSEO) 5.0.0.1\" \/>\n\t\t<meta property=\"og:locale\" content=\"pt_BR\" \/>\n\t\t<meta property=\"og:site_name\" content=\"Encontra Feira de Santana | Not\u00edcias, eventos, informa\u00e7\u00f5es e dicas na cidade Feira de Santana e regi\u00e3o.\" \/>\n\t\t<meta property=\"og:type\" content=\"article\" \/>\n\t\t<meta property=\"og:title\" content=\"Prefeitura de Feira pavimenta mais quatro ruas do bairro Santa M\u00f4nica II | Encontra Feira de Santana\" \/>\n\t\t<meta property=\"og:description\" content=\"Prefeitura de Feira inicia obras de pavimenta\u00e7\u00e3o em Santa M\u00f4nica II.\" \/>\n\t\t<meta property=\"og:url\" content=\"https:\/\/www.encontrafeiradesantana.com.br\/sobre\/prefeitura-de-feira-pavimenta-mais-quatro-ruas-do-bairro-santa-monica-ii\/\" \/>\n\t\t<meta property=\"article:published_time\" content=\"2026-07-04T10:44:35+00:00\" \/>\n\t\t<meta property=\"article:modified_time\" content=\"2026-07-04T10:44:35+00:00\" \/>\n\t\t<meta name=\"twitter:card\" content=\"summary\" \/>\n\t\t<meta name=\"twitter:title\" content=\"Prefeitura de Feira pavimenta mais quatro ruas do bairro Santa M\u00f4nica II | Encontra Feira de Santana\" \/>\n\t\t<meta name=\"twitter:description\" content=\"Prefeitura de Feira inicia obras de pavimenta\u00e7\u00e3o em Santa M\u00f4nica II.\" \/>\n\t\t<script type=\"application\/ld+json\" class=\"aioseo-schema\">\n\t\t\t{\"@context\":\"https:\\\/\\\/schema.org\",\"@graph\":[{\"@type\":\"Article\",\"@id\":\"https:\\\/\\\/www.encontrafeiradesantana.com.br\\\/sobre\\\/prefeitura-de-feira-pavimenta-mais-quatro-ruas-do-bairro-santa-monica-ii\\\/#article\",\"name\":\"Prefeitura de Feira pavimenta mais quatro ruas do bairro Santa M\\u00f4nica II | Encontra Feira de Santana\",\"headline\":\"Prefeitura de Feira pavimenta mais quatro ruas do bairro Santa M\\u00f4nica II\",\"author\":{\"@id\":\"https:\\\/\\\/www.encontrafeiradesantana.com.br\\\/sobre\\\/author\\\/efeiradesantana\\\/#author\"},\"publisher\":{\"@id\":\"https:\\\/\\\/www.encontrafeiradesantana.com.br\\\/sobre\\\/#organization\"},\"image\":{\"@type\":\"ImageObject\",\"url\":\"https:\\\/\\\/www.encontrafeiradesantana.com.br\\\/sobre\\\/wp-content\\\/uploads\\\/2026\\\/07\\\/prefeitura-de-feira-pavimenta-mais-quatro-ruas-do-bairro-santa-monica-ii.webp\",\"width\":280,\"height\":280,\"caption\":\"Prefeitura de Feira pavimenta mais quatro ruas do bairro Santa M\\u00f4nica II\"},\"datePublished\":\"2026-07-04T07:44:35-03:00\",\"dateModified\":\"2026-07-04T07:44:35-03:00\",\"inLanguage\":\"pt-BR\",\"mainEntityOfPage\":{\"@id\":\"https:\\\/\\\/www.encontrafeiradesantana.com.br\\\/sobre\\\/prefeitura-de-feira-pavimenta-mais-quatro-ruas-do-bairro-santa-monica-ii\\\/#webpage\"},\"isPartOf\":{\"@id\":\"https:\\\/\\\/www.encontrafeiradesantana.com.br\\\/sobre\\\/prefeitura-de-feira-pavimenta-mais-quatro-ruas-do-bairro-santa-monica-ii\\\/#webpage\"},\"articleSection\":\"Constru\\u00e7\\u00e3o Feira de Santana\"},{\"@type\":\"BreadcrumbList\",\"@id\":\"https:\\\/\\\/www.encontrafeiradesantana.com.br\\\/sobre\\\/prefeitura-de-feira-pavimenta-mais-quatro-ruas-do-bairro-santa-monica-ii\\\/#breadcrumblist\",\"itemListElement\":[{\"@type\":\"ListItem\",\"@id\":\"https:\\\/\\\/www.encontrafeiradesantana.com.br\\\/sobre#listItem\",\"position\":1,\"name\":\"In\\u00edcio\",\"item\":\"https:\\\/\\\/www.encontrafeiradesantana.com.br\\\/sobre\",\"nextItem\":{\"@type\":\"ListItem\",\"@id\":\"https:\\\/\\\/www.encontrafeiradesantana.com.br\\\/sobre\\\/construcao-em-feira-de-santana\\\/#listItem\",\"name\":\"Constru\\u00e7\\u00e3o Feira de Santana\"}},{\"@type\":\"ListItem\",\"@id\":\"https:\\\/\\\/www.encontrafeiradesantana.com.br\\\/sobre\\\/construcao-em-feira-de-santana\\\/#listItem\",\"position\":2,\"name\":\"Constru\\u00e7\\u00e3o Feira de Santana\",\"item\":\"https:\\\/\\\/www.encontrafeiradesantana.com.br\\\/sobre\\\/construcao-em-feira-de-santana\\\/\",\"nextItem\":{\"@type\":\"ListItem\",\"@id\":\"https:\\\/\\\/www.encontrafeiradesantana.com.br\\\/sobre\\\/prefeitura-de-feira-pavimenta-mais-quatro-ruas-do-bairro-santa-monica-ii\\\/#listItem\",\"name\":\"Prefeitura de Feira pavimenta mais quatro ruas do bairro Santa M\\u00f4nica II\"},\"previousItem\":{\"@type\":\"ListItem\",\"@id\":\"https:\\\/\\\/www.encontrafeiradesantana.com.br\\\/sobre#listItem\",\"name\":\"In\\u00edcio\"}},{\"@type\":\"ListItem\",\"@id\":\"https:\\\/\\\/www.encontrafeiradesantana.com.br\\\/sobre\\\/prefeitura-de-feira-pavimenta-mais-quatro-ruas-do-bairro-santa-monica-ii\\\/#listItem\",\"position\":3,\"name\":\"Prefeitura de Feira pavimenta mais quatro ruas do bairro Santa M\\u00f4nica II\",\"previousItem\":{\"@type\":\"ListItem\",\"@id\":\"https:\\\/\\\/www.encontrafeiradesantana.com.br\\\/sobre\\\/construcao-em-feira-de-santana\\\/#listItem\",\"name\":\"Constru\\u00e7\\u00e3o Feira de Santana\"}}]},{\"@type\":\"Organization\",\"@id\":\"https:\\\/\\\/www.encontrafeiradesantana.com.br\\\/sobre\\\/#organization\",\"name\":\"Encontra Feira de Santana\",\"description\":\"Not\\u00edcias, eventos, informa\\u00e7\\u00f5es e dicas na cidade Feira de Santana e regi\\u00e3o.\",\"url\":\"https:\\\/\\\/www.encontrafeiradesantana.com.br\\\/sobre\\\/\"},{\"@type\":\"Person\",\"@id\":\"https:\\\/\\\/www.encontrafeiradesantana.com.br\\\/sobre\\\/author\\\/efeiradesantana\\\/#author\",\"url\":\"https:\\\/\\\/www.encontrafeiradesantana.com.br\\\/sobre\\\/author\\\/efeiradesantana\\\/\",\"name\":\"Encontra Feira de Santana\",\"image\":{\"@type\":\"ImageObject\",\"@id\":\"https:\\\/\\\/www.encontrafeiradesantana.com.br\\\/sobre\\\/prefeitura-de-feira-pavimenta-mais-quatro-ruas-do-bairro-santa-monica-ii\\\/#authorImage\",\"url\":\"https:\\\/\\\/secure.gravatar.com\\\/avatar\\\/507340682b8270222e1f208e23198b6ae7e2c6a1033ae84e99bc6bce4f82a387?s=96&d=mm&r=g\",\"width\":96,\"height\":96,\"caption\":\"Encontra Feira de Santana\"}},{\"@type\":\"WebPage\",\"@id\":\"https:\\\/\\\/www.encontrafeiradesantana.com.br\\\/sobre\\\/prefeitura-de-feira-pavimenta-mais-quatro-ruas-do-bairro-santa-monica-ii\\\/#webpage\",\"url\":\"https:\\\/\\\/www.encontrafeiradesantana.com.br\\\/sobre\\\/prefeitura-de-feira-pavimenta-mais-quatro-ruas-do-bairro-santa-monica-ii\\\/\",\"name\":\"Prefeitura de Feira pavimenta mais quatro ruas do bairro Santa M\\u00f4nica II | Encontra Feira de Santana\",\"description\":\"Prefeitura de Feira inicia obras de pavimenta\\u00e7\\u00e3o em Santa M\\u00f4nica II.\",\"inLanguage\":\"pt-BR\",\"isPartOf\":{\"@id\":\"https:\\\/\\\/www.encontrafeiradesantana.com.br\\\/sobre\\\/#website\"},\"breadcrumb\":{\"@id\":\"https:\\\/\\\/www.encontrafeiradesantana.com.br\\\/sobre\\\/prefeitura-de-feira-pavimenta-mais-quatro-ruas-do-bairro-santa-monica-ii\\\/#breadcrumblist\"},\"author\":{\"@id\":\"https:\\\/\\\/www.encontrafeiradesantana.com.br\\\/sobre\\\/author\\\/efeiradesantana\\\/#author\"},\"creator\":{\"@id\":\"https:\\\/\\\/www.encontrafeiradesantana.com.br\\\/sobre\\\/author\\\/efeiradesantana\\\/#author\"},\"image\":{\"@type\":\"ImageObject\",\"url\":\"https:\\\/\\\/www.encontrafeiradesantana.com.br\\\/sobre\\\/wp-content\\\/uploads\\\/2026\\\/07\\\/prefeitura-de-feira-pavimenta-mais-quatro-ruas-do-bairro-santa-monica-ii.webp\",\"@id\":\"https:\\\/\\\/www.encontrafeiradesantana.com.br\\\/sobre\\\/prefeitura-de-feira-pavimenta-mais-quatro-ruas-do-bairro-santa-monica-ii\\\/#mainImage\",\"width\":280,\"height\":280,\"caption\":\"Prefeitura de Feira pavimenta mais quatro ruas do bairro Santa M\\u00f4nica II\"},\"primaryImageOfPage\":{\"@id\":\"https:\\\/\\\/www.encontrafeiradesantana.com.br\\\/sobre\\\/prefeitura-de-feira-pavimenta-mais-quatro-ruas-do-bairro-santa-monica-ii\\\/#mainImage\"},\"datePublished\":\"2026-07-04T07:44:35-03:00\",\"dateModified\":\"2026-07-04T07:44:35-03:00\"},{\"@type\":\"WebSite\",\"@id\":\"https:\\\/\\\/www.encontrafeiradesantana.com.br\\\/sobre\\\/#website\",\"url\":\"https:\\\/\\\/www.encontrafeiradesantana.com.br\\\/sobre\\\/\",\"name\":\"Encontra Feira de Santana\",\"description\":\"Not\\u00edcias, eventos, informa\\u00e7\\u00f5es e dicas na cidade Feira de Santana e regi\\u00e3o.\",\"inLanguage\":\"pt-BR\",\"publisher\":{\"@id\":\"https:\\\/\\\/www.encontrafeiradesantana.com.br\\\/sobre\\\/#organization\"}}]}\n\t\t<\/script>\n\t\t<!-- All in One SEO -->\n\n","aioseo_head_json":{"title":"Prefeitura de Feira pavimenta mais quatro ruas do bairro Santa M\u00f4nica II | Encontra Feira de Santana","description":"Prefeitura de Feira inicia obras de pavimenta\u00e7\u00e3o em Santa M\u00f4nica II.","canonical_url":"https:\/\/www.encontrafeiradesantana.com.br\/sobre\/prefeitura-de-feira-pavimenta-mais-quatro-ruas-do-bairro-santa-monica-ii\/","robots":"max-image-preview:large","keywords":"","webmasterTools":{"miscellaneous":""},"schema":{"@context":"https:\/\/schema.org","@graph":[{"@type":"Article","@id":"https:\/\/www.encontrafeiradesantana.com.br\/sobre\/prefeitura-de-feira-pavimenta-mais-quatro-ruas-do-bairro-santa-monica-ii\/#article","name":"Prefeitura de Feira pavimenta mais quatro ruas do bairro Santa M\u00f4nica II | Encontra Feira de Santana","headline":"Prefeitura de Feira pavimenta mais quatro ruas do bairro Santa M\u00f4nica II","author":{"@id":"https:\/\/www.encontrafeiradesantana.com.br\/sobre\/author\/efeiradesantana\/#author"},"publisher":{"@id":"https:\/\/www.encontrafeiradesantana.com.br\/sobre\/#organization"},"image":{"@type":"ImageObject","url":"https:\/\/www.encontrafeiradesantana.com.br\/sobre\/wp-content\/uploads\/2026\/07\/prefeitura-de-feira-pavimenta-mais-quatro-ruas-do-bairro-santa-monica-ii.webp","width":280,"height":280,"caption":"Prefeitura de Feira pavimenta mais quatro ruas do bairro Santa M\u00f4nica II"},"datePublished":"2026-07-04T07:44:35-03:00","dateModified":"2026-07-04T07:44:35-03:00","inLanguage":"pt-BR","mainEntityOfPage":{"@id":"https:\/\/www.encontrafeiradesantana.com.br\/sobre\/prefeitura-de-feira-pavimenta-mais-quatro-ruas-do-bairro-santa-monica-ii\/#webpage"},"isPartOf":{"@id":"https:\/\/www.encontrafeiradesantana.com.br\/sobre\/prefeitura-de-feira-pavimenta-mais-quatro-ruas-do-bairro-santa-monica-ii\/#webpage"},"articleSection":"Constru\u00e7\u00e3o Feira de Santana"},{"@type":"BreadcrumbList","@id":"https:\/\/www.encontrafeiradesantana.com.br\/sobre\/prefeitura-de-feira-pavimenta-mais-quatro-ruas-do-bairro-santa-monica-ii\/#breadcrumblist","itemListElement":[{"@type":"ListItem","@id":"https:\/\/www.encontrafeiradesantana.com.br\/sobre#listItem","position":1,"name":"In\u00edcio","item":"https:\/\/www.encontrafeiradesantana.com.br\/sobre","nextItem":{"@type":"ListItem","@id":"https:\/\/www.encontrafeiradesantana.com.br\/sobre\/construcao-em-feira-de-santana\/#listItem","name":"Constru\u00e7\u00e3o Feira de Santana"}},{"@type":"ListItem","@id":"https:\/\/www.encontrafeiradesantana.com.br\/sobre\/construcao-em-feira-de-santana\/#listItem","position":2,"name":"Constru\u00e7\u00e3o Feira de Santana","item":"https:\/\/www.encontrafeiradesantana.com.br\/sobre\/construcao-em-feira-de-santana\/","nextItem":{"@type":"ListItem","@id":"https:\/\/www.encontrafeiradesantana.com.br\/sobre\/prefeitura-de-feira-pavimenta-mais-quatro-ruas-do-bairro-santa-monica-ii\/#listItem","name":"Prefeitura de Feira pavimenta mais quatro ruas do bairro Santa M\u00f4nica II"},"previousItem":{"@type":"ListItem","@id":"https:\/\/www.encontrafeiradesantana.com.br\/sobre#listItem","name":"In\u00edcio"}},{"@type":"ListItem","@id":"https:\/\/www.encontrafeiradesantana.com.br\/sobre\/prefeitura-de-feira-pavimenta-mais-quatro-ruas-do-bairro-santa-monica-ii\/#listItem","position":3,"name":"Prefeitura de Feira pavimenta mais quatro ruas do bairro Santa M\u00f4nica II","previousItem":{"@type":"ListItem","@id":"https:\/\/www.encontrafeiradesantana.com.br\/sobre\/construcao-em-feira-de-santana\/#listItem","name":"Constru\u00e7\u00e3o Feira de Santana"}}]},{"@type":"Organization","@id":"https:\/\/www.encontrafeiradesantana.com.br\/sobre\/#organization","name":"Encontra Feira de Santana","description":"Not\u00edcias, eventos, informa\u00e7\u00f5es e dicas na cidade Feira de Santana e regi\u00e3o.","url":"https:\/\/www.encontrafeiradesantana.com.br\/sobre\/"},{"@type":"Person","@id":"https:\/\/www.encontrafeiradesantana.com.br\/sobre\/author\/efeiradesantana\/#author","url":"https:\/\/www.encontrafeiradesantana.com.br\/sobre\/author\/efeiradesantana\/","name":"Encontra Feira de Santana","image":{"@type":"ImageObject","@id":"https:\/\/www.encontrafeiradesantana.com.br\/sobre\/prefeitura-de-feira-pavimenta-mais-quatro-ruas-do-bairro-santa-monica-ii\/#authorImage","url":"https:\/\/secure.gravatar.com\/avatar\/507340682b8270222e1f208e23198b6ae7e2c6a1033ae84e99bc6bce4f82a387?s=96&d=mm&r=g","width":96,"height":96,"caption":"Encontra Feira de Santana"}},{"@type":"WebPage","@id":"https:\/\/www.encontrafeiradesantana.com.br\/sobre\/prefeitura-de-feira-pavimenta-mais-quatro-ruas-do-bairro-santa-monica-ii\/#webpage","url":"https:\/\/www.encontrafeiradesantana.com.br\/sobre\/prefeitura-de-feira-pavimenta-mais-quatro-ruas-do-bairro-santa-monica-ii\/","name":"Prefeitura de Feira pavimenta mais quatro ruas do bairro Santa M\u00f4nica II | Encontra Feira de Santana","description":"Prefeitura de Feira inicia obras de pavimenta\u00e7\u00e3o em Santa M\u00f4nica II.","inLanguage":"pt-BR","isPartOf":{"@id":"https:\/\/www.encontrafeiradesantana.com.br\/sobre\/#website"},"breadcrumb":{"@id":"https:\/\/www.encontrafeiradesantana.com.br\/sobre\/prefeitura-de-feira-pavimenta-mais-quatro-ruas-do-bairro-santa-monica-ii\/#breadcrumblist"},"author":{"@id":"https:\/\/www.encontrafeiradesantana.com.br\/sobre\/author\/efeiradesantana\/#author"},"creator":{"@id":"https:\/\/www.encontrafeiradesantana.com.br\/sobre\/author\/efeiradesantana\/#author"},"image":{"@type":"ImageObject","url":"https:\/\/www.encontrafeiradesantana.com.br\/sobre\/wp-content\/uploads\/2026\/07\/prefeitura-de-feira-pavimenta-mais-quatro-ruas-do-bairro-santa-monica-ii.webp","@id":"https:\/\/www.encontrafeiradesantana.com.br\/sobre\/prefeitura-de-feira-pavimenta-mais-quatro-ruas-do-bairro-santa-monica-ii\/#mainImage","width":280,"height":280,"caption":"Prefeitura de Feira pavimenta mais quatro ruas do bairro Santa M\u00f4nica II"},"primaryImageOfPage":{"@id":"https:\/\/www.encontrafeiradesantana.com.br\/sobre\/prefeitura-de-feira-pavimenta-mais-quatro-ruas-do-bairro-santa-monica-ii\/#mainImage"},"datePublished":"2026-07-04T07:44:35-03:00","dateModified":"2026-07-04T07:44:35-03:00"},{"@type":"WebSite","@id":"https:\/\/www.encontrafeiradesantana.com.br\/sobre\/#website","url":"https:\/\/www.encontrafeiradesantana.com.br\/sobre\/","name":"Encontra Feira de Santana","description":"Not\u00edcias, eventos, informa\u00e7\u00f5es e dicas na cidade Feira de Santana e regi\u00e3o.","inLanguage":"pt-BR","publisher":{"@id":"https:\/\/www.encontrafeiradesantana.com.br\/sobre\/#organization"}}]},"og:locale":"pt_BR","og:site_name":"Encontra Feira de Santana | Not\u00edcias, eventos, informa\u00e7\u00f5es e dicas na cidade Feira de Santana e regi\u00e3o.","og:type":"article","og:title":"Prefeitura de Feira pavimenta mais quatro ruas do bairro Santa M\u00f4nica II | Encontra Feira de Santana","og:description":"Prefeitura de Feira inicia obras de pavimenta\u00e7\u00e3o em Santa M\u00f4nica II.","og:url":"https:\/\/www.encontrafeiradesantana.com.br\/sobre\/prefeitura-de-feira-pavimenta-mais-quatro-ruas-do-bairro-santa-monica-ii\/","article:published_time":"2026-07-04T10:44:35+00:00","article:modified_time":"2026-07-04T10:44:35+00:00","twitter:card":"summary","twitter:title":"Prefeitura de Feira pavimenta mais quatro ruas do bairro Santa M\u00f4nica II | Encontra Feira de Santana","twitter:description":"Prefeitura de Feira inicia obras de pavimenta\u00e7\u00e3o em Santa M\u00f4nica II."},"aioseo_meta_data":{"post_id":"2323","title":null,"description":null,"keywords":null,"keyphrases":null,"primary_term":null,"canonical_url":null,"og_title":null,"og_description":null,"og_object_type":"default","og_image_type":"default","og_image_url":null,"og_image_width":null,"og_image_height":null,"og_image_custom_url":null,"og_image_custom_fields":null,"og_video":null,"og_custom_url":null,"og_article_section":null,"og_article_tags":null,"twitter_use_og":false,"twitter_card":"default","twitter_image_type":"default","twitter_image_url":null,"twitter_image_custom_url":null,"twitter_image_custom_fields":null,"twitter_title":null,"twitter_description":null,"schema":{"blockGraphs":[],"customGraphs":[],"default":{"data":{"Article":[],"Course":[],"Dataset":[],"FAQPage":[],"Movie":[],"Person":[],"Product":[],"ProductReview":[],"Car":[],"Recipe":[],"Service":[],"SoftwareApplication":[],"WebPage":[]},"graphName":"Article","isEnabled":true},"graphs":[]},"schema_type":"default","schema_type_options":null,"pillar_content":false,"robots_default":true,"robots_noindex":false,"robots_noarchive":false,"robots_nosnippet":false,"robots_nofollow":false,"robots_noimageindex":false,"robots_noodp":false,"robots_notranslate":false,"robots_max_snippet":null,"robots_max_videopreview":null,"robots_max_imagepreview":"large","priority":null,"frequency":null,"local_seo":null,"breadcrumb_settings":null,"limit_modified_date":false,"ai":null,"created":"2026-07-04 10:44:37","updated":"2026-07-04 10:45:06","focus_keyword":null,"additional_keywords":null,"truseo_locale":null,"seo_analyzer_scan_date":null},"aioseo_breadcrumb":"<div class=\"aioseo-breadcrumbs\"><span class=\"aioseo-breadcrumb\">\n\t\t\t<a href=\"https:\/\/www.encontrafeiradesantana.com.br\/sobre\" title=\"In\u00edcio\">In\u00edcio<\/a>\n\t\t<\/span><span class=\"aioseo-breadcrumb-separator\">&raquo;<\/span><span class=\"aioseo-breadcrumb\">\n\t\t\t<a href=\"https:\/\/www.encontrafeiradesantana.com.br\/sobre\/construcao-em-feira-de-santana\/\" title=\"Constru\u00e7\u00e3o Feira de Santana\">Constru\u00e7\u00e3o Feira de Santana<\/a>\n\t\t<\/span><span class=\"aioseo-breadcrumb-separator\">&raquo;<\/span><span class=\"aioseo-breadcrumb\">\n\t\t\tPrefeitura de Feira pavimenta mais quatro ruas do bairro Santa M\u00f4nica II\n\t\t<\/span><\/div>","aioseo_breadcrumb_json":[{"label":"In\u00edcio","link":"https:\/\/www.encontrafeiradesantana.com.br\/sobre"},{"label":"Constru\u00e7\u00e3o Feira de Santana","link":"https:\/\/www.encontrafeiradesantana.com.br\/sobre\/construcao-em-feira-de-santana\/"},{"label":"Prefeitura de Feira pavimenta mais quatro ruas do bairro Santa M\u00f4nica II","link":"https:\/\/www.encontrafeiradesantana.com.br\/sobre\/prefeitura-de-feira-pavimenta-mais-quatro-ruas-do-bairro-santa-monica-ii\/"}],"_links":{"self":[{"href":"https:\/\/www.encontrafeiradesantana.com.br\/sobre\/wp-json\/wp\/v2\/posts\/2323","targetHints":{"allow":["GET"]}}],"collection":[{"href":"https:\/\/www.encontrafeiradesantana.com.br\/sobre\/wp-json\/wp\/v2\/posts"}],"about":[{"href":"https:\/\/www.encontrafeiradesantana.com.br\/sobre\/wp-json\/wp\/v2\/types\/post"}],"author":[{"embeddable":true,"href":"https:\/\/www.encontrafeiradesantana.com.br\/sobre\/wp-json\/wp\/v2\/users\/1"}],"replies":[{"embeddable":true,"href":"https:\/\/www.encontrafeiradesantana.com.br\/sobre\/wp-json\/wp\/v2\/comments?post=2323"}],"version-history":[{"count":0,"href":"https:\/\/www.encontrafeiradesantana.com.br\/sobre\/wp-json\/wp\/v2\/posts\/2323\/revisions"}],"wp:featuredmedia":[{"embeddable":true,"href":"https:\/\/www.encontrafeiradesantana.com.br\/sobre\/wp-json\/wp\/v2\/media\/2322"}],"wp:attachment":[{"href":"https:\/\/www.encontrafeiradesantana.com.br\/sobre\/wp-json\/wp\/v2\/media?parent=2323"}],"wp:term":[{"taxonomy":"category","embeddable":true,"href":"https:\/\/www.encontrafeiradesantana.com.br\/sobre\/wp-json\/wp\/v2\/categories?post=2323"},{"taxonomy":"post_tag","embeddable":true,"href":"https:\/\/www.encontrafeiradesantana.com.br\/sobre\/wp-json\/wp\/v2\/tags?post=2323"}],"curies":[{"name":"wp","href":"https:\/\/api.w.org\/{rel}","templated":true}]}}