{"id":2319,"date":"2026-07-04T07:42:14","date_gmt":"2026-07-04T10:42:14","guid":{"rendered":"https:\/\/www.encontrafeiradesantana.com.br\/sobre\/intervencao-artistica-e-concluida-no-feiraguay-e-transforma-ruas-em-galeria-a-ceu-aberto\/"},"modified":"2026-07-04T07:42:14","modified_gmt":"2026-07-04T10:42:14","slug":"intervencao-artistica-e-concluida-no-feiraguay-e-transforma-ruas-em-galeria-a-ceu-aberto","status":"publish","type":"post","link":"https:\/\/www.encontrafeiradesantana.com.br\/sobre\/intervencao-artistica-e-concluida-no-feiraguay-e-transforma-ruas-em-galeria-a-ceu-aberto\/","title":{"rendered":"Interven\u00e7\u00e3o art\u00edstica \u00e9 conclu\u00edda no Feiraguay e transforma ruas em galeria a c\u00e9u aberto"},"content":{"rendered":"<div class=\"3f468104ad11f00a3c9ac948316f4265\" data-index=\"1\" style=\"float: none; margin:0px;\">\n<ins class=\"adsbygoogle\"\r\n     style=\"display:block\"\r\n     data-ad-client=\"ca-pub-8585364105181520\"\r\n     data-ad-slot=\"8789329856\"\r\n     data-ad-format=\"auto\"\r\n     data-full-width-responsive=\"true\"><\/ins>\r\n<script>\r\n     (adsbygoogle = window.adsbygoogle || []).push({});\r\n<\/script>\r\n\n<\/div>\n<h2>A Transforma\u00e7\u00e3o do Feiraguay<\/h2>\n<p>A interven\u00e7\u00e3o art\u00edstica nas ruas da Pra\u00e7a Presidente M\u00e9dici, pr\u00f3xima ao Feiraguay, culminou em uma metamorfose impressionante. Este evento foi conclu\u00eddo no \u00faltimo s\u00e1bado, dia 13 de junho, e resultou na cria\u00e7\u00e3o de uma galeria a c\u00e9u aberto, onde o asfalto do centro comercial foi revitalizado com arte urbana vibrante. O projeto n\u00e3o apenas embelleza o espa\u00e7o, mas tamb\u00e9m capta a ess\u00eancia cultural local em meio \u00e0 empolga\u00e7\u00e3o da Copa do Mundo.<\/p>\n<h2>Compromisso com a Cultura Local<\/h2>\n<p>Todo o esfor\u00e7o realizado ao longo deste projeto reflete um firme compromisso com a valoriza\u00e7\u00e3o da cultura local. O presidente da Associa\u00e7\u00e3o dos Vendedores Ambulantes de Feira de Santana (AVAMFS), Sandro Santana, enfatiza a import\u00e2ncia dessas iniciativas para refor\u00e7ar a identidade cultural da cidade. Para ele, a arte urbana \u00e9 uma forma de celebrar e reconhecer o talento dos artistas locais que se dedicam a trazer beleza para o cotidiano das ruas.<\/p>\n<h2>O Papel dos Artistas na Interven\u00e7\u00e3o<\/h2>\n<p>A coordena\u00e7\u00e3o da interven\u00e7\u00e3o coube ao grafiteiro Caique Pinheiro, que reuniu um grupo de aproximadamente 23 artistas. Eles colaboraram para criar uma obra que inspirasse e envolvesse a comunidade. A ideia surgiu quando a AVAMFS convidou os grafiteiros para trazer a cultura do grafite para o ambiente das ruas durante a Copa do Mundo, combinando a paix\u00e3o pelo futebol com a arte.<\/p>\n<p><img decoding=\"async\" src=\"https:\/\/www.encontrafeiradesantana.com.br\/sobre\/wp-content\/uploads\/2026\/07\/intervencao-artistica-e-concluida-no-feiraguay-e-transforma-ruas-em-galeria-a-ceu-aberto.webp\" alt=\"interven\u00e7\u00e3o art\u00edstica\" loading=\"lazy\" \/><\/p>\n<h2>Homenagens na Arte de Rua<\/h2>\n<p>Durante a interven\u00e7\u00e3o, diversas homenagens foram apresentadas, incluindo a not\u00e1vel figura do jogador Anderson Talisca. Natural de Feira de Santana, Talisca se destaca no cen\u00e1rio internacional do futebol brasileiro. A presen\u00e7a de homenagens como esta nas paredes do Feiraguay demonstra como a arte urbana pode preservar e celebrar a hist\u00f3ria local.<\/p>\n<h2>Impacto na Comunidade<\/h2>\n<p>O impacto da interven\u00e7\u00e3o se faz sentir diretamente na comunidade. Moradores, comerciantes e visitantes foram atra\u00eddos pela novidade e pela possibilidade de vivenciar a arte de uma forma interativa. As rea\u00e7\u00f5es positivas nas redes sociais e nas conversas di\u00e1rias denotam um forte sentimento de pertencimento, \u00e0 medida que os espa\u00e7os art\u00edsticos se tornam parte da vida cotidiana das pessoas que frequentam a \u00e1rea.<\/p>\n<h2>Apoio da Prefeitura Municipal<\/h2>\n<p>Um dos elementos-chave para o sucesso da interven\u00e7\u00e3o foi o apoio da Prefeitura de Feira de Santana. O secret\u00e1rio de Cultura, Cristiano L\u00f4bo, e a secret\u00e1ria de Turismo e Desenvolvimento Econ\u00f4mico, M\u00e1rcia Ferreira, desempenharam pap\u00e9is fundamentais na viabiliza\u00e7\u00e3o do projeto. O suporte da administra\u00e7\u00e3o municipal tem sido crucial para empreendimentos culturais que buscam enriquecer a oferta art\u00edstica da cidade.<\/p>\n<h2>Desenvolvimento Econ\u00f4mico e Cultural<\/h2>\n<p>Projetos como este possuem um impacto positivo tanto no setor cultural quanto na economia local. A iniciativa promove o desenvolvimento econ\u00f4mico ao atrair visitantes e estimular o com\u00e9rcio local. O Feiraguay, como um centro comercial, se torna uma vitrine n\u00e3o apenas para produtos, mas tamb\u00e9m para a arte, integrando cultura e com\u00e9rcio em um mesmo espa\u00e7o.<\/p>\n<h2>Participa\u00e7\u00e3o da Iniciativa Privada<\/h2>\n<p>Al\u00e9m do apoio governamental, a participa\u00e7\u00e3o da iniciativa privada foi essencial. O envolvimento de empresas e patrocinadores ajudou na realiza\u00e7\u00e3o do projeto, proporcionando recursos e infraestrutura necess\u00e1rios para a execu\u00e7\u00e3o das obras. Essa colabora\u00e7\u00e3o entre o setor p\u00fablico e privado \u00e9 necess\u00e1ria para garantir a continuidade de iniciativas culturais e art\u00edsticas em Feira de Santana.<\/p>\n<h2>A Contribui\u00e7\u00e3o da AVAMFS<\/h2>\n<p>A AVAMFS foi protagonista na realiza\u00e7\u00e3o deste projeto, funcionando como um elo entre os artistas e a comunidade. O convite para os grafiteiros foi resultado de uma vis\u00e3o compartilhada de transformar o espa\u00e7o urbano e melhorar a qualidade de vida dos habitantes locais. O trabalho em conjunto da associa\u00e7\u00e3o com os artistas real\u00e7ou a import\u00e2ncia do coletivo na transforma\u00e7\u00e3o do Feiraguay.<\/p>\n<h2>O Futuro das Interven\u00e7\u00f5es Art\u00edsticas<\/h2>\n<p>O sucesso da interven\u00e7\u00e3o art\u00edstica abre portas para futuras iniciativas semelhantes. A aceita\u00e7\u00e3o e o entusiasmo demonstrados pela comunidade sugerem que a arte urbana poderia ter um papel ainda mais significativo na vida cultural de Feira de Santana. Projetos em andamento e planejados podem continuar a trazer cor e vitalidade \u00e0s ruas, consolidando o Feiraguay como um espa\u00e7o de refer\u00eancia na promo\u00e7\u00e3o da arte e da cultura.<\/p>\n\n<div style=\"font-size: 0px; height: 0px; line-height: 0px; margin: 0; padding: 0; clear: both;\"><\/div>","protected":false},"excerpt":{"rendered":"<p>Interven\u00e7\u00e3o art\u00edstica transforma o Feiraguay em uma galeria a c\u00e9u aberto.<\/p>\n","protected":false},"author":1,"featured_media":2318,"comment_status":"open","ping_status":"closed","sticky":false,"template":"","format":"standard","meta":{"footnotes":""},"categories":[26],"tags":[],"class_list":["post-2319","post","type-post","status-publish","format-standard","has-post-thumbnail","hentry","category-cultura-em-feira-de-santana","has_thumb"],"aioseo_notices":[],"aioseo_head":"\n\t\t<!-- All in One SEO 5.0.0.1 - aioseo.com -->\n\t<meta name=\"description\" content=\"Interven\u00e7\u00e3o art\u00edstica transforma o Feiraguay em uma galeria a c\u00e9u aberto.\" \/>\n\t<meta name=\"robots\" content=\"max-image-preview:large\" \/>\n\t<meta name=\"author\" content=\"Encontra Feira de Santana\"\/>\n\t<link rel=\"canonical\" href=\"https:\/\/www.encontrafeiradesantana.com.br\/sobre\/intervencao-artistica-e-concluida-no-feiraguay-e-transforma-ruas-em-galeria-a-ceu-aberto\/\" \/>\n\t<meta name=\"generator\" content=\"All in One SEO (AIOSEO) 5.0.0.1\" \/>\n\t\t<meta property=\"og:locale\" content=\"pt_BR\" \/>\n\t\t<meta property=\"og:site_name\" content=\"Encontra Feira de Santana | Not\u00edcias, eventos, informa\u00e7\u00f5es e dicas na cidade Feira de Santana e regi\u00e3o.\" \/>\n\t\t<meta property=\"og:type\" content=\"article\" \/>\n\t\t<meta property=\"og:title\" content=\"Interven\u00e7\u00e3o art\u00edstica \u00e9 conclu\u00edda no Feiraguay e transforma ruas em galeria a c\u00e9u aberto | Encontra Feira de Santana\" \/>\n\t\t<meta property=\"og:description\" content=\"Interven\u00e7\u00e3o art\u00edstica transforma o Feiraguay em uma galeria a c\u00e9u aberto.\" \/>\n\t\t<meta property=\"og:url\" content=\"https:\/\/www.encontrafeiradesantana.com.br\/sobre\/intervencao-artistica-e-concluida-no-feiraguay-e-transforma-ruas-em-galeria-a-ceu-aberto\/\" \/>\n\t\t<meta property=\"article:published_time\" content=\"2026-07-04T10:42:14+00:00\" \/>\n\t\t<meta property=\"article:modified_time\" content=\"2026-07-04T10:42:14+00:00\" \/>\n\t\t<meta name=\"twitter:card\" content=\"summary\" \/>\n\t\t<meta name=\"twitter:title\" content=\"Interven\u00e7\u00e3o art\u00edstica \u00e9 conclu\u00edda no Feiraguay e transforma ruas em galeria a c\u00e9u aberto | Encontra Feira de Santana\" \/>\n\t\t<meta name=\"twitter:description\" content=\"Interven\u00e7\u00e3o art\u00edstica transforma o Feiraguay em uma galeria a c\u00e9u aberto.\" \/>\n\t\t<script type=\"application\/ld+json\" class=\"aioseo-schema\">\n\t\t\t{\"@context\":\"https:\\\/\\\/schema.org\",\"@graph\":[{\"@type\":\"Article\",\"@id\":\"https:\\\/\\\/www.encontrafeiradesantana.com.br\\\/sobre\\\/intervencao-artistica-e-concluida-no-feiraguay-e-transforma-ruas-em-galeria-a-ceu-aberto\\\/#article\",\"name\":\"Interven\\u00e7\\u00e3o art\\u00edstica \\u00e9 conclu\\u00edda no Feiraguay e transforma ruas em galeria a c\\u00e9u aberto | Encontra Feira de Santana\",\"headline\":\"Interven\\u00e7\\u00e3o art\\u00edstica \\u00e9 conclu\\u00edda no Feiraguay e transforma ruas em galeria a c\\u00e9u aberto\",\"author\":{\"@id\":\"https:\\\/\\\/www.encontrafeiradesantana.com.br\\\/sobre\\\/author\\\/efeiradesantana\\\/#author\"},\"publisher\":{\"@id\":\"https:\\\/\\\/www.encontrafeiradesantana.com.br\\\/sobre\\\/#organization\"},\"image\":{\"@type\":\"ImageObject\",\"url\":\"https:\\\/\\\/www.encontrafeiradesantana.com.br\\\/sobre\\\/wp-content\\\/uploads\\\/2026\\\/07\\\/intervencao-artistica-e-concluida-no-feiraguay-e-transforma-ruas-em-galeria-a-ceu-aberto.webp\",\"width\":280,\"height\":280,\"caption\":\"interven\\u00e7\\u00e3o art\\u00edstica\"},\"datePublished\":\"2026-07-04T07:42:14-03:00\",\"dateModified\":\"2026-07-04T07:42:14-03:00\",\"inLanguage\":\"pt-BR\",\"mainEntityOfPage\":{\"@id\":\"https:\\\/\\\/www.encontrafeiradesantana.com.br\\\/sobre\\\/intervencao-artistica-e-concluida-no-feiraguay-e-transforma-ruas-em-galeria-a-ceu-aberto\\\/#webpage\"},\"isPartOf\":{\"@id\":\"https:\\\/\\\/www.encontrafeiradesantana.com.br\\\/sobre\\\/intervencao-artistica-e-concluida-no-feiraguay-e-transforma-ruas-em-galeria-a-ceu-aberto\\\/#webpage\"},\"articleSection\":\"Cultura Feira de Santana\"},{\"@type\":\"BreadcrumbList\",\"@id\":\"https:\\\/\\\/www.encontrafeiradesantana.com.br\\\/sobre\\\/intervencao-artistica-e-concluida-no-feiraguay-e-transforma-ruas-em-galeria-a-ceu-aberto\\\/#breadcrumblist\",\"itemListElement\":[{\"@type\":\"ListItem\",\"@id\":\"https:\\\/\\\/www.encontrafeiradesantana.com.br\\\/sobre#listItem\",\"position\":1,\"name\":\"In\\u00edcio\",\"item\":\"https:\\\/\\\/www.encontrafeiradesantana.com.br\\\/sobre\",\"nextItem\":{\"@type\":\"ListItem\",\"@id\":\"https:\\\/\\\/www.encontrafeiradesantana.com.br\\\/sobre\\\/cultura-em-feira-de-santana\\\/#listItem\",\"name\":\"Cultura Feira de Santana\"}},{\"@type\":\"ListItem\",\"@id\":\"https:\\\/\\\/www.encontrafeiradesantana.com.br\\\/sobre\\\/cultura-em-feira-de-santana\\\/#listItem\",\"position\":2,\"name\":\"Cultura Feira de Santana\",\"item\":\"https:\\\/\\\/www.encontrafeiradesantana.com.br\\\/sobre\\\/cultura-em-feira-de-santana\\\/\",\"nextItem\":{\"@type\":\"ListItem\",\"@id\":\"https:\\\/\\\/www.encontrafeiradesantana.com.br\\\/sobre\\\/intervencao-artistica-e-concluida-no-feiraguay-e-transforma-ruas-em-galeria-a-ceu-aberto\\\/#listItem\",\"name\":\"Interven\\u00e7\\u00e3o art\\u00edstica \\u00e9 conclu\\u00edda no Feiraguay e transforma ruas em galeria a c\\u00e9u aberto\"},\"previousItem\":{\"@type\":\"ListItem\",\"@id\":\"https:\\\/\\\/www.encontrafeiradesantana.com.br\\\/sobre#listItem\",\"name\":\"In\\u00edcio\"}},{\"@type\":\"ListItem\",\"@id\":\"https:\\\/\\\/www.encontrafeiradesantana.com.br\\\/sobre\\\/intervencao-artistica-e-concluida-no-feiraguay-e-transforma-ruas-em-galeria-a-ceu-aberto\\\/#listItem\",\"position\":3,\"name\":\"Interven\\u00e7\\u00e3o art\\u00edstica \\u00e9 conclu\\u00edda no Feiraguay e transforma ruas em galeria a c\\u00e9u aberto\",\"previousItem\":{\"@type\":\"ListItem\",\"@id\":\"https:\\\/\\\/www.encontrafeiradesantana.com.br\\\/sobre\\\/cultura-em-feira-de-santana\\\/#listItem\",\"name\":\"Cultura Feira de Santana\"}}]},{\"@type\":\"Organization\",\"@id\":\"https:\\\/\\\/www.encontrafeiradesantana.com.br\\\/sobre\\\/#organization\",\"name\":\"Encontra Feira de Santana\",\"description\":\"Not\\u00edcias, eventos, informa\\u00e7\\u00f5es e dicas na cidade Feira de Santana e regi\\u00e3o.\",\"url\":\"https:\\\/\\\/www.encontrafeiradesantana.com.br\\\/sobre\\\/\"},{\"@type\":\"Person\",\"@id\":\"https:\\\/\\\/www.encontrafeiradesantana.com.br\\\/sobre\\\/author\\\/efeiradesantana\\\/#author\",\"url\":\"https:\\\/\\\/www.encontrafeiradesantana.com.br\\\/sobre\\\/author\\\/efeiradesantana\\\/\",\"name\":\"Encontra Feira de Santana\",\"image\":{\"@type\":\"ImageObject\",\"@id\":\"https:\\\/\\\/www.encontrafeiradesantana.com.br\\\/sobre\\\/intervencao-artistica-e-concluida-no-feiraguay-e-transforma-ruas-em-galeria-a-ceu-aberto\\\/#authorImage\",\"url\":\"https:\\\/\\\/secure.gravatar.com\\\/avatar\\\/507340682b8270222e1f208e23198b6ae7e2c6a1033ae84e99bc6bce4f82a387?s=96&d=mm&r=g\",\"width\":96,\"height\":96,\"caption\":\"Encontra Feira de Santana\"}},{\"@type\":\"WebPage\",\"@id\":\"https:\\\/\\\/www.encontrafeiradesantana.com.br\\\/sobre\\\/intervencao-artistica-e-concluida-no-feiraguay-e-transforma-ruas-em-galeria-a-ceu-aberto\\\/#webpage\",\"url\":\"https:\\\/\\\/www.encontrafeiradesantana.com.br\\\/sobre\\\/intervencao-artistica-e-concluida-no-feiraguay-e-transforma-ruas-em-galeria-a-ceu-aberto\\\/\",\"name\":\"Interven\\u00e7\\u00e3o art\\u00edstica \\u00e9 conclu\\u00edda no Feiraguay e transforma ruas em galeria a c\\u00e9u aberto | Encontra Feira de Santana\",\"description\":\"Interven\\u00e7\\u00e3o art\\u00edstica transforma o Feiraguay em uma galeria a c\\u00e9u aberto.\",\"inLanguage\":\"pt-BR\",\"isPartOf\":{\"@id\":\"https:\\\/\\\/www.encontrafeiradesantana.com.br\\\/sobre\\\/#website\"},\"breadcrumb\":{\"@id\":\"https:\\\/\\\/www.encontrafeiradesantana.com.br\\\/sobre\\\/intervencao-artistica-e-concluida-no-feiraguay-e-transforma-ruas-em-galeria-a-ceu-aberto\\\/#breadcrumblist\"},\"author\":{\"@id\":\"https:\\\/\\\/www.encontrafeiradesantana.com.br\\\/sobre\\\/author\\\/efeiradesantana\\\/#author\"},\"creator\":{\"@id\":\"https:\\\/\\\/www.encontrafeiradesantana.com.br\\\/sobre\\\/author\\\/efeiradesantana\\\/#author\"},\"image\":{\"@type\":\"ImageObject\",\"url\":\"https:\\\/\\\/www.encontrafeiradesantana.com.br\\\/sobre\\\/wp-content\\\/uploads\\\/2026\\\/07\\\/intervencao-artistica-e-concluida-no-feiraguay-e-transforma-ruas-em-galeria-a-ceu-aberto.webp\",\"@id\":\"https:\\\/\\\/www.encontrafeiradesantana.com.br\\\/sobre\\\/intervencao-artistica-e-concluida-no-feiraguay-e-transforma-ruas-em-galeria-a-ceu-aberto\\\/#mainImage\",\"width\":280,\"height\":280,\"caption\":\"interven\\u00e7\\u00e3o art\\u00edstica\"},\"primaryImageOfPage\":{\"@id\":\"https:\\\/\\\/www.encontrafeiradesantana.com.br\\\/sobre\\\/intervencao-artistica-e-concluida-no-feiraguay-e-transforma-ruas-em-galeria-a-ceu-aberto\\\/#mainImage\"},\"datePublished\":\"2026-07-04T07:42:14-03:00\",\"dateModified\":\"2026-07-04T07:42:14-03:00\"},{\"@type\":\"WebSite\",\"@id\":\"https:\\\/\\\/www.encontrafeiradesantana.com.br\\\/sobre\\\/#website\",\"url\":\"https:\\\/\\\/www.encontrafeiradesantana.com.br\\\/sobre\\\/\",\"name\":\"Encontra Feira de Santana\",\"description\":\"Not\\u00edcias, eventos, informa\\u00e7\\u00f5es e dicas na cidade Feira de Santana e regi\\u00e3o.\",\"inLanguage\":\"pt-BR\",\"publisher\":{\"@id\":\"https:\\\/\\\/www.encontrafeiradesantana.com.br\\\/sobre\\\/#organization\"}}]}\n\t\t<\/script>\n\t\t<!-- All in One SEO -->\n\n","aioseo_head_json":{"title":"Interven\u00e7\u00e3o art\u00edstica \u00e9 conclu\u00edda no Feiraguay e transforma ruas em galeria a c\u00e9u aberto | Encontra Feira de Santana","description":"Interven\u00e7\u00e3o art\u00edstica transforma o Feiraguay em uma galeria a c\u00e9u aberto.","canonical_url":"https:\/\/www.encontrafeiradesantana.com.br\/sobre\/intervencao-artistica-e-concluida-no-feiraguay-e-transforma-ruas-em-galeria-a-ceu-aberto\/","robots":"max-image-preview:large","keywords":"","webmasterTools":{"miscellaneous":""},"schema":{"@context":"https:\/\/schema.org","@graph":[{"@type":"Article","@id":"https:\/\/www.encontrafeiradesantana.com.br\/sobre\/intervencao-artistica-e-concluida-no-feiraguay-e-transforma-ruas-em-galeria-a-ceu-aberto\/#article","name":"Interven\u00e7\u00e3o art\u00edstica \u00e9 conclu\u00edda no Feiraguay e transforma ruas em galeria a c\u00e9u aberto | Encontra Feira de Santana","headline":"Interven\u00e7\u00e3o art\u00edstica \u00e9 conclu\u00edda no Feiraguay e transforma ruas em galeria a c\u00e9u aberto","author":{"@id":"https:\/\/www.encontrafeiradesantana.com.br\/sobre\/author\/efeiradesantana\/#author"},"publisher":{"@id":"https:\/\/www.encontrafeiradesantana.com.br\/sobre\/#organization"},"image":{"@type":"ImageObject","url":"https:\/\/www.encontrafeiradesantana.com.br\/sobre\/wp-content\/uploads\/2026\/07\/intervencao-artistica-e-concluida-no-feiraguay-e-transforma-ruas-em-galeria-a-ceu-aberto.webp","width":280,"height":280,"caption":"interven\u00e7\u00e3o art\u00edstica"},"datePublished":"2026-07-04T07:42:14-03:00","dateModified":"2026-07-04T07:42:14-03:00","inLanguage":"pt-BR","mainEntityOfPage":{"@id":"https:\/\/www.encontrafeiradesantana.com.br\/sobre\/intervencao-artistica-e-concluida-no-feiraguay-e-transforma-ruas-em-galeria-a-ceu-aberto\/#webpage"},"isPartOf":{"@id":"https:\/\/www.encontrafeiradesantana.com.br\/sobre\/intervencao-artistica-e-concluida-no-feiraguay-e-transforma-ruas-em-galeria-a-ceu-aberto\/#webpage"},"articleSection":"Cultura Feira de Santana"},{"@type":"BreadcrumbList","@id":"https:\/\/www.encontrafeiradesantana.com.br\/sobre\/intervencao-artistica-e-concluida-no-feiraguay-e-transforma-ruas-em-galeria-a-ceu-aberto\/#breadcrumblist","itemListElement":[{"@type":"ListItem","@id":"https:\/\/www.encontrafeiradesantana.com.br\/sobre#listItem","position":1,"name":"In\u00edcio","item":"https:\/\/www.encontrafeiradesantana.com.br\/sobre","nextItem":{"@type":"ListItem","@id":"https:\/\/www.encontrafeiradesantana.com.br\/sobre\/cultura-em-feira-de-santana\/#listItem","name":"Cultura Feira de Santana"}},{"@type":"ListItem","@id":"https:\/\/www.encontrafeiradesantana.com.br\/sobre\/cultura-em-feira-de-santana\/#listItem","position":2,"name":"Cultura Feira de Santana","item":"https:\/\/www.encontrafeiradesantana.com.br\/sobre\/cultura-em-feira-de-santana\/","nextItem":{"@type":"ListItem","@id":"https:\/\/www.encontrafeiradesantana.com.br\/sobre\/intervencao-artistica-e-concluida-no-feiraguay-e-transforma-ruas-em-galeria-a-ceu-aberto\/#listItem","name":"Interven\u00e7\u00e3o art\u00edstica \u00e9 conclu\u00edda no Feiraguay e transforma ruas em galeria a c\u00e9u aberto"},"previousItem":{"@type":"ListItem","@id":"https:\/\/www.encontrafeiradesantana.com.br\/sobre#listItem","name":"In\u00edcio"}},{"@type":"ListItem","@id":"https:\/\/www.encontrafeiradesantana.com.br\/sobre\/intervencao-artistica-e-concluida-no-feiraguay-e-transforma-ruas-em-galeria-a-ceu-aberto\/#listItem","position":3,"name":"Interven\u00e7\u00e3o art\u00edstica \u00e9 conclu\u00edda no Feiraguay e transforma ruas em galeria a c\u00e9u aberto","previousItem":{"@type":"ListItem","@id":"https:\/\/www.encontrafeiradesantana.com.br\/sobre\/cultura-em-feira-de-santana\/#listItem","name":"Cultura Feira de Santana"}}]},{"@type":"Organization","@id":"https:\/\/www.encontrafeiradesantana.com.br\/sobre\/#organization","name":"Encontra Feira de Santana","description":"Not\u00edcias, eventos, informa\u00e7\u00f5es e dicas na cidade Feira de Santana e regi\u00e3o.","url":"https:\/\/www.encontrafeiradesantana.com.br\/sobre\/"},{"@type":"Person","@id":"https:\/\/www.encontrafeiradesantana.com.br\/sobre\/author\/efeiradesantana\/#author","url":"https:\/\/www.encontrafeiradesantana.com.br\/sobre\/author\/efeiradesantana\/","name":"Encontra Feira de Santana","image":{"@type":"ImageObject","@id":"https:\/\/www.encontrafeiradesantana.com.br\/sobre\/intervencao-artistica-e-concluida-no-feiraguay-e-transforma-ruas-em-galeria-a-ceu-aberto\/#authorImage","url":"https:\/\/secure.gravatar.com\/avatar\/507340682b8270222e1f208e23198b6ae7e2c6a1033ae84e99bc6bce4f82a387?s=96&d=mm&r=g","width":96,"height":96,"caption":"Encontra Feira de Santana"}},{"@type":"WebPage","@id":"https:\/\/www.encontrafeiradesantana.com.br\/sobre\/intervencao-artistica-e-concluida-no-feiraguay-e-transforma-ruas-em-galeria-a-ceu-aberto\/#webpage","url":"https:\/\/www.encontrafeiradesantana.com.br\/sobre\/intervencao-artistica-e-concluida-no-feiraguay-e-transforma-ruas-em-galeria-a-ceu-aberto\/","name":"Interven\u00e7\u00e3o art\u00edstica \u00e9 conclu\u00edda no Feiraguay e transforma ruas em galeria a c\u00e9u aberto | Encontra Feira de Santana","description":"Interven\u00e7\u00e3o art\u00edstica transforma o Feiraguay em uma galeria a c\u00e9u aberto.","inLanguage":"pt-BR","isPartOf":{"@id":"https:\/\/www.encontrafeiradesantana.com.br\/sobre\/#website"},"breadcrumb":{"@id":"https:\/\/www.encontrafeiradesantana.com.br\/sobre\/intervencao-artistica-e-concluida-no-feiraguay-e-transforma-ruas-em-galeria-a-ceu-aberto\/#breadcrumblist"},"author":{"@id":"https:\/\/www.encontrafeiradesantana.com.br\/sobre\/author\/efeiradesantana\/#author"},"creator":{"@id":"https:\/\/www.encontrafeiradesantana.com.br\/sobre\/author\/efeiradesantana\/#author"},"image":{"@type":"ImageObject","url":"https:\/\/www.encontrafeiradesantana.com.br\/sobre\/wp-content\/uploads\/2026\/07\/intervencao-artistica-e-concluida-no-feiraguay-e-transforma-ruas-em-galeria-a-ceu-aberto.webp","@id":"https:\/\/www.encontrafeiradesantana.com.br\/sobre\/intervencao-artistica-e-concluida-no-feiraguay-e-transforma-ruas-em-galeria-a-ceu-aberto\/#mainImage","width":280,"height":280,"caption":"interven\u00e7\u00e3o art\u00edstica"},"primaryImageOfPage":{"@id":"https:\/\/www.encontrafeiradesantana.com.br\/sobre\/intervencao-artistica-e-concluida-no-feiraguay-e-transforma-ruas-em-galeria-a-ceu-aberto\/#mainImage"},"datePublished":"2026-07-04T07:42:14-03:00","dateModified":"2026-07-04T07:42:14-03:00"},{"@type":"WebSite","@id":"https:\/\/www.encontrafeiradesantana.com.br\/sobre\/#website","url":"https:\/\/www.encontrafeiradesantana.com.br\/sobre\/","name":"Encontra Feira de Santana","description":"Not\u00edcias, eventos, informa\u00e7\u00f5es e dicas na cidade Feira de Santana e regi\u00e3o.","inLanguage":"pt-BR","publisher":{"@id":"https:\/\/www.encontrafeiradesantana.com.br\/sobre\/#organization"}}]},"og:locale":"pt_BR","og:site_name":"Encontra Feira de Santana | Not\u00edcias, eventos, informa\u00e7\u00f5es e dicas na cidade Feira de Santana e regi\u00e3o.","og:type":"article","og:title":"Interven\u00e7\u00e3o art\u00edstica \u00e9 conclu\u00edda no Feiraguay e transforma ruas em galeria a c\u00e9u aberto | Encontra Feira de Santana","og:description":"Interven\u00e7\u00e3o art\u00edstica transforma o Feiraguay em uma galeria a c\u00e9u aberto.","og:url":"https:\/\/www.encontrafeiradesantana.com.br\/sobre\/intervencao-artistica-e-concluida-no-feiraguay-e-transforma-ruas-em-galeria-a-ceu-aberto\/","article:published_time":"2026-07-04T10:42:14+00:00","article:modified_time":"2026-07-04T10:42:14+00:00","twitter:card":"summary","twitter:title":"Interven\u00e7\u00e3o art\u00edstica \u00e9 conclu\u00edda no Feiraguay e transforma ruas em galeria a c\u00e9u aberto | Encontra Feira de Santana","twitter:description":"Interven\u00e7\u00e3o art\u00edstica transforma o Feiraguay em uma galeria a c\u00e9u aberto."},"aioseo_meta_data":{"post_id":"2319","title":null,"description":null,"keywords":null,"keyphrases":null,"primary_term":null,"canonical_url":null,"og_title":null,"og_description":null,"og_object_type":"default","og_image_type":"default","og_image_url":null,"og_image_width":null,"og_image_height":null,"og_image_custom_url":null,"og_image_custom_fields":null,"og_video":null,"og_custom_url":null,"og_article_section":null,"og_article_tags":null,"twitter_use_og":false,"twitter_card":"default","twitter_image_type":"default","twitter_image_url":null,"twitter_image_custom_url":null,"twitter_image_custom_fields":null,"twitter_title":null,"twitter_description":null,"schema":{"blockGraphs":[],"customGraphs":[],"default":{"data":{"Article":[],"Course":[],"Dataset":[],"FAQPage":[],"Movie":[],"Person":[],"Product":[],"ProductReview":[],"Car":[],"Recipe":[],"Service":[],"SoftwareApplication":[],"WebPage":[]},"graphName":"Article","isEnabled":true},"graphs":[]},"schema_type":"default","schema_type_options":null,"pillar_content":false,"robots_default":true,"robots_noindex":false,"robots_noarchive":false,"robots_nosnippet":false,"robots_nofollow":false,"robots_noimageindex":false,"robots_noodp":false,"robots_notranslate":false,"robots_max_snippet":null,"robots_max_videopreview":null,"robots_max_imagepreview":"large","priority":null,"frequency":null,"local_seo":null,"breadcrumb_settings":null,"limit_modified_date":false,"ai":null,"created":"2026-07-04 10:42:17","updated":"2026-07-04 10:43:26","focus_keyword":null,"additional_keywords":null,"truseo_locale":null,"seo_analyzer_scan_date":null},"aioseo_breadcrumb":"<div class=\"aioseo-breadcrumbs\"><span class=\"aioseo-breadcrumb\">\n\t\t\t<a href=\"https:\/\/www.encontrafeiradesantana.com.br\/sobre\" title=\"In\u00edcio\">In\u00edcio<\/a>\n\t\t<\/span><span class=\"aioseo-breadcrumb-separator\">&raquo;<\/span><span class=\"aioseo-breadcrumb\">\n\t\t\t<a href=\"https:\/\/www.encontrafeiradesantana.com.br\/sobre\/cultura-em-feira-de-santana\/\" title=\"Cultura Feira de Santana\">Cultura Feira de Santana<\/a>\n\t\t<\/span><span class=\"aioseo-breadcrumb-separator\">&raquo;<\/span><span class=\"aioseo-breadcrumb\">\n\t\t\tInterven\u00e7\u00e3o art\u00edstica \u00e9 conclu\u00edda no Feiraguay e transforma ruas em galeria a c\u00e9u aberto\n\t\t<\/span><\/div>","aioseo_breadcrumb_json":[{"label":"In\u00edcio","link":"https:\/\/www.encontrafeiradesantana.com.br\/sobre"},{"label":"Cultura Feira de Santana","link":"https:\/\/www.encontrafeiradesantana.com.br\/sobre\/cultura-em-feira-de-santana\/"},{"label":"Interven\u00e7\u00e3o art\u00edstica \u00e9 conclu\u00edda no Feiraguay e transforma ruas em galeria a c\u00e9u aberto","link":"https:\/\/www.encontrafeiradesantana.com.br\/sobre\/intervencao-artistica-e-concluida-no-feiraguay-e-transforma-ruas-em-galeria-a-ceu-aberto\/"}],"_links":{"self":[{"href":"https:\/\/www.encontrafeiradesantana.com.br\/sobre\/wp-json\/wp\/v2\/posts\/2319","targetHints":{"allow":["GET"]}}],"collection":[{"href":"https:\/\/www.encontrafeiradesantana.com.br\/sobre\/wp-json\/wp\/v2\/posts"}],"about":[{"href":"https:\/\/www.encontrafeiradesantana.com.br\/sobre\/wp-json\/wp\/v2\/types\/post"}],"author":[{"embeddable":true,"href":"https:\/\/www.encontrafeiradesantana.com.br\/sobre\/wp-json\/wp\/v2\/users\/1"}],"replies":[{"embeddable":true,"href":"https:\/\/www.encontrafeiradesantana.com.br\/sobre\/wp-json\/wp\/v2\/comments?post=2319"}],"version-history":[{"count":0,"href":"https:\/\/www.encontrafeiradesantana.com.br\/sobre\/wp-json\/wp\/v2\/posts\/2319\/revisions"}],"wp:featuredmedia":[{"embeddable":true,"href":"https:\/\/www.encontrafeiradesantana.com.br\/sobre\/wp-json\/wp\/v2\/media\/2318"}],"wp:attachment":[{"href":"https:\/\/www.encontrafeiradesantana.com.br\/sobre\/wp-json\/wp\/v2\/media?parent=2319"}],"wp:term":[{"taxonomy":"category","embeddable":true,"href":"https:\/\/www.encontrafeiradesantana.com.br\/sobre\/wp-json\/wp\/v2\/categories?post=2319"},{"taxonomy":"post_tag","embeddable":true,"href":"https:\/\/www.encontrafeiradesantana.com.br\/sobre\/wp-json\/wp\/v2\/tags?post=2319"}],"curies":[{"name":"wp","href":"https:\/\/api.w.org\/{rel}","templated":true}]}}