{"id":2288,"date":"2026-06-29T03:27:23","date_gmt":"2026-06-29T06:27:23","guid":{"rendered":"https:\/\/www.encontrafeiradesantana.com.br\/sobre\/com-efetivo-de-200-agentes-e-tecnologia-de-ponta-guarda-municipal-garante-sao-joao-seguro-nos-distritos\/"},"modified":"2026-06-29T03:27:23","modified_gmt":"2026-06-29T06:27:23","slug":"com-efetivo-de-200-agentes-e-tecnologia-de-ponta-guarda-municipal-garante-sao-joao-seguro-nos-distritos","status":"publish","type":"post","link":"https:\/\/www.encontrafeiradesantana.com.br\/sobre\/com-efetivo-de-200-agentes-e-tecnologia-de-ponta-guarda-municipal-garante-sao-joao-seguro-nos-distritos\/","title":{"rendered":"Com efetivo de 200 agentes e tecnologia de ponta, Guarda Municipal garante S\u00e3o Jo\u00e3o seguro nos distritos"},"content":{"rendered":"<div class=\"3f468104ad11f00a3c9ac948316f4265\" data-index=\"1\" style=\"float: none; margin:0px;\">\n<ins class=\"adsbygoogle\"\r\n     style=\"display:block\"\r\n     data-ad-client=\"ca-pub-8585364105181520\"\r\n     data-ad-slot=\"8789329856\"\r\n     data-ad-format=\"auto\"\r\n     data-full-width-responsive=\"true\"><\/ins>\r\n<script>\r\n     (adsbygoogle = window.adsbygoogle || []).push({});\r\n<\/script>\r\n\n<\/div>\n<h2>O papel da Guarda Municipal no S\u00e3o Jo\u00e3o<\/h2>\n<p>A Guarda Municipal de Feira de Santana desempenhou um papel crucial durante as festividades de S\u00e3o Jo\u00e3o, garantindo a seguran\u00e7a e o bem-estar dos foli\u00f5es. Com um contingente de aproximadamente 200 agentes, a corpora\u00e7\u00e3o se empenhou para criar um ambiente seguro para todos os participantes.<\/p>\n<h2>Tecnologia de monitoramento na seguran\u00e7a<\/h2>\n<p>Dentre as inova\u00e7\u00f5es implementadas, destacou-se o uso de tecnologia avan\u00e7ada para acompanhamento da seguran\u00e7a. A instala\u00e7\u00e3o de c\u00e2meras de monitoramento em pontos estrat\u00e9gicos possibilitou a transmiss\u00e3o em tempo real, aumentando a vigil\u00e2ncia sobre a festa. Os drones, por sua vez, ampliaram a capacidade de observa\u00e7\u00e3o, cobrindo \u00e1reas amplas e oferecendo uma vis\u00e3o panor\u00e2mica das festividades.<\/p>\n<h2>Efetivo de agentes e seu impacto<\/h2>\n<p>A presen\u00e7a ostensiva de cerca de 200 guardas municipais, que atuaram em turnos di\u00e1rios, foi fundamental para o sucesso da opera\u00e7\u00e3o. A proximidade dos agentes com o p\u00fablico n\u00e3o apenas inibiu a\u00e7\u00f5es de viol\u00eancia, mas tamb\u00e9m contribuiu para um clima de seguran\u00e7a e confian\u00e7a durante os festejos.<\/p>\n<p><img decoding=\"async\" src=\"https:\/\/www.encontrafeiradesantana.com.br\/sobre\/wp-content\/uploads\/2026\/06\/com-efetivo-de-200-agentes-e-tecnologia-de-ponta-guarda-municipal-garante-sao-joao-seguro-nos-distri.webp\" alt=\"Guarda Municipal\" loading=\"lazy\" \/><\/p>\n<h2>Patrulhamento m\u00f3vel: uma estrat\u00e9gia eficaz<\/h2>\n<p>O patrulhamento m\u00f3vel foi uma das estrat\u00e9gias mais eficazes utilizadas pela Guarda Municipal. Equipados com quatro viaturas e dez motos, os agentes puderam realizar rondas eficazes, garantindo uma resposta r\u00e1pida a qualquer incidente. O policiamento a p\u00e9, presente em pra\u00e7as de eventos, tamb\u00e9m foi essencial para aproximar os guardas da comunidade e refor\u00e7ar a sensa\u00e7\u00e3o de seguran\u00e7a.<\/p>\n<h2>Interven\u00e7\u00f5es pac\u00edficas e resultados<\/h2>\n<p>O foco da opera\u00e7\u00e3o n\u00e3o foi apenas em prevenir delitos, mas tamb\u00e9m em promover um ambiente de confraterniza\u00e7\u00e3o. A maioria das interven\u00e7\u00f5es da Guarda Municipal limitou-se a media\u00e7\u00f5es pac\u00edficas em pequenos conflitos, resultando em um S\u00e3o Jo\u00e3o marcado pela tranquilidade. O fato de n\u00e3o terem ocorrido incidentes graves demonstra a efic\u00e1cia do planejamento e da execu\u00e7\u00e3o das a\u00e7\u00f5es de seguran\u00e7a.<\/p>\n<h2>A import\u00e2ncia da comunidade na seguran\u00e7a<\/h2>\n<p>A participa\u00e7\u00e3o da comunidade \u00e9 um fator importante na seguran\u00e7a dos eventos. A colabora\u00e7\u00e3o entre a Guarda Municipal e os foli\u00f5es foi evidente, com muitos cidad\u00e3os reportando situa\u00e7\u00f5es de risco e colaborando com os agentes. Essa rela\u00e7\u00e3o positiva refor\u00e7a a import\u00e2ncia do engajamento da popula\u00e7\u00e3o na constru\u00e7\u00e3o de um espa\u00e7o seguro.<\/p>\n<h2>Relato do Comandante sobre a opera\u00e7\u00e3o<\/h2>\n<p>Marcos Dantas, comandante da Guarda Municipal, ressaltou o trabalho em equipe e as estrat\u00e9gias implementadas durante o evento. Ele destacou que o baixo \u00edndice de viol\u00eancia est\u00e1 diretamente ligado ao planejamento pr\u00e9vio e \u00e0 atua\u00e7\u00e3o coordenada entre os diferentes setores envolvidos na seguran\u00e7a p\u00fablica. Dantas enfatizou que o resultado foi um S\u00e3o Jo\u00e3o marcado pela felicidade e pela paz entre os participantes.<\/p>\n<h2>Avalia\u00e7\u00e3o da efici\u00eancia das opera\u00e7\u00f5es<\/h2>\n<p>A avalia\u00e7\u00e3o final da opera\u00e7\u00e3o foi positiva, validando o modelo de policiamento integrado e o uso de tecnologia como processos indispens\u00e1veis para garantir a seguran\u00e7a em grandes eventos. Os dados mostram que a seguran\u00e7a p\u00fablica no munic\u00edpio foi significativamente refor\u00e7ada, o que se traduz em uma expectativa positiva para futuras festividades.<\/p>\n<h2>Imagens que marcaram o evento<\/h2>\n<p>Durante os quatro dias de festa, foram capturadas diversas imagens que ilustram a movimenta\u00e7\u00e3o e a alegria do evento, al\u00e9m do trabalho da Guarda Municipal. Essas fotografias ajudam a documentar a import\u00e2ncia da seguran\u00e7a p\u00fablica para a realiza\u00e7\u00e3o de festejos populares e a seguran\u00e7a da comunidade.<\/p>\n<h2>O futuro da seguran\u00e7a em eventos p\u00fablicos<\/h2>\n<p>O \u00eaxito nas opera\u00e7\u00f5es de seguran\u00e7a durante o S\u00e3o Jo\u00e3o em Feira de Santana representa um modelo que poder\u00e1 ser replicado em outras festividades. O avan\u00e7o da tecnologia e o fortalecimento do relacionamento entre a Guarda Municipal e a comunidade s\u00e3o essenciais para a constru\u00e7\u00e3o de um futuro mais seguro para todos os envolvidos em eventos p\u00fablicos.<\/p>\n\n<div style=\"font-size: 0px; height: 0px; line-height: 0px; margin: 0; padding: 0; clear: both;\"><\/div>","protected":false},"excerpt":{"rendered":"<p>A Guarda Municipal garantiu um S\u00e3o Jo\u00e3o seguro com 200 agentes e tecnologia avan\u00e7ada.<\/p>\n","protected":false},"author":1,"featured_media":2287,"comment_status":"open","ping_status":"closed","sticky":false,"template":"","format":"standard","meta":{"footnotes":""},"categories":[6],"tags":[],"class_list":["post-2288","post","type-post","status-publish","format-standard","has-post-thumbnail","hentry","category-noticias-em-feira-de-santana","has_thumb"],"aioseo_notices":[],"aioseo_head":"\n\t\t<!-- All in One SEO 5.0.0.1 - aioseo.com -->\n\t<meta name=\"description\" content=\"A Guarda Municipal garantiu um S\u00e3o Jo\u00e3o seguro com 200 agentes e tecnologia avan\u00e7ada.\" \/>\n\t<meta name=\"robots\" content=\"max-image-preview:large\" \/>\n\t<meta name=\"author\" content=\"Encontra Feira de Santana\"\/>\n\t<link rel=\"canonical\" href=\"https:\/\/www.encontrafeiradesantana.com.br\/sobre\/com-efetivo-de-200-agentes-e-tecnologia-de-ponta-guarda-municipal-garante-sao-joao-seguro-nos-distritos\/\" \/>\n\t<meta name=\"generator\" content=\"All in One SEO (AIOSEO) 5.0.0.1\" \/>\n\t\t<meta property=\"og:locale\" content=\"pt_BR\" \/>\n\t\t<meta property=\"og:site_name\" content=\"Encontra Feira de Santana | Not\u00edcias, eventos, informa\u00e7\u00f5es e dicas na cidade Feira de Santana e regi\u00e3o.\" \/>\n\t\t<meta property=\"og:type\" content=\"article\" \/>\n\t\t<meta property=\"og:title\" content=\"Com efetivo de 200 agentes e tecnologia de ponta, Guarda Municipal garante S\u00e3o Jo\u00e3o seguro nos distritos | Encontra Feira de Santana\" \/>\n\t\t<meta property=\"og:description\" content=\"A Guarda Municipal garantiu um S\u00e3o Jo\u00e3o seguro com 200 agentes e tecnologia avan\u00e7ada.\" \/>\n\t\t<meta property=\"og:url\" content=\"https:\/\/www.encontrafeiradesantana.com.br\/sobre\/com-efetivo-de-200-agentes-e-tecnologia-de-ponta-guarda-municipal-garante-sao-joao-seguro-nos-distritos\/\" \/>\n\t\t<meta property=\"article:published_time\" content=\"2026-06-29T06:27:23+00:00\" \/>\n\t\t<meta property=\"article:modified_time\" content=\"2026-06-29T06:27:23+00:00\" \/>\n\t\t<meta name=\"twitter:card\" content=\"summary\" \/>\n\t\t<meta name=\"twitter:title\" content=\"Com efetivo de 200 agentes e tecnologia de ponta, Guarda Municipal garante S\u00e3o Jo\u00e3o seguro nos distritos | Encontra Feira de Santana\" \/>\n\t\t<meta name=\"twitter:description\" content=\"A Guarda Municipal garantiu um S\u00e3o Jo\u00e3o seguro com 200 agentes e tecnologia avan\u00e7ada.\" \/>\n\t\t<script type=\"application\/ld+json\" class=\"aioseo-schema\">\n\t\t\t{\"@context\":\"https:\\\/\\\/schema.org\",\"@graph\":[{\"@type\":\"Article\",\"@id\":\"https:\\\/\\\/www.encontrafeiradesantana.com.br\\\/sobre\\\/com-efetivo-de-200-agentes-e-tecnologia-de-ponta-guarda-municipal-garante-sao-joao-seguro-nos-distritos\\\/#article\",\"name\":\"Com efetivo de 200 agentes e tecnologia de ponta, Guarda Municipal garante S\\u00e3o Jo\\u00e3o seguro nos distritos | Encontra Feira de Santana\",\"headline\":\"Com efetivo de 200 agentes e tecnologia de ponta, Guarda Municipal garante S\\u00e3o Jo\\u00e3o seguro nos distritos\",\"author\":{\"@id\":\"https:\\\/\\\/www.encontrafeiradesantana.com.br\\\/sobre\\\/author\\\/efeiradesantana\\\/#author\"},\"publisher\":{\"@id\":\"https:\\\/\\\/www.encontrafeiradesantana.com.br\\\/sobre\\\/#organization\"},\"image\":{\"@type\":\"ImageObject\",\"url\":\"https:\\\/\\\/www.encontrafeiradesantana.com.br\\\/sobre\\\/wp-content\\\/uploads\\\/2026\\\/06\\\/com-efetivo-de-200-agentes-e-tecnologia-de-ponta-guarda-municipal-garante-sao-joao-seguro-nos-distri.webp\",\"width\":280,\"height\":280,\"caption\":\"Guarda Municipal\"},\"datePublished\":\"2026-06-29T03:27:23-03:00\",\"dateModified\":\"2026-06-29T03:27:23-03:00\",\"inLanguage\":\"pt-BR\",\"mainEntityOfPage\":{\"@id\":\"https:\\\/\\\/www.encontrafeiradesantana.com.br\\\/sobre\\\/com-efetivo-de-200-agentes-e-tecnologia-de-ponta-guarda-municipal-garante-sao-joao-seguro-nos-distritos\\\/#webpage\"},\"isPartOf\":{\"@id\":\"https:\\\/\\\/www.encontrafeiradesantana.com.br\\\/sobre\\\/com-efetivo-de-200-agentes-e-tecnologia-de-ponta-guarda-municipal-garante-sao-joao-seguro-nos-distritos\\\/#webpage\"},\"articleSection\":\"Not\\u00edcias Feira de Santana\"},{\"@type\":\"BreadcrumbList\",\"@id\":\"https:\\\/\\\/www.encontrafeiradesantana.com.br\\\/sobre\\\/com-efetivo-de-200-agentes-e-tecnologia-de-ponta-guarda-municipal-garante-sao-joao-seguro-nos-distritos\\\/#breadcrumblist\",\"itemListElement\":[{\"@type\":\"ListItem\",\"@id\":\"https:\\\/\\\/www.encontrafeiradesantana.com.br\\\/sobre#listItem\",\"position\":1,\"name\":\"In\\u00edcio\",\"item\":\"https:\\\/\\\/www.encontrafeiradesantana.com.br\\\/sobre\",\"nextItem\":{\"@type\":\"ListItem\",\"@id\":\"https:\\\/\\\/www.encontrafeiradesantana.com.br\\\/sobre\\\/noticias-em-feira-de-santana\\\/#listItem\",\"name\":\"Not\\u00edcias Feira de Santana\"}},{\"@type\":\"ListItem\",\"@id\":\"https:\\\/\\\/www.encontrafeiradesantana.com.br\\\/sobre\\\/noticias-em-feira-de-santana\\\/#listItem\",\"position\":2,\"name\":\"Not\\u00edcias Feira de Santana\",\"item\":\"https:\\\/\\\/www.encontrafeiradesantana.com.br\\\/sobre\\\/noticias-em-feira-de-santana\\\/\",\"nextItem\":{\"@type\":\"ListItem\",\"@id\":\"https:\\\/\\\/www.encontrafeiradesantana.com.br\\\/sobre\\\/com-efetivo-de-200-agentes-e-tecnologia-de-ponta-guarda-municipal-garante-sao-joao-seguro-nos-distritos\\\/#listItem\",\"name\":\"Com efetivo de 200 agentes e tecnologia de ponta, Guarda Municipal garante S\\u00e3o Jo\\u00e3o seguro nos distritos\"},\"previousItem\":{\"@type\":\"ListItem\",\"@id\":\"https:\\\/\\\/www.encontrafeiradesantana.com.br\\\/sobre#listItem\",\"name\":\"In\\u00edcio\"}},{\"@type\":\"ListItem\",\"@id\":\"https:\\\/\\\/www.encontrafeiradesantana.com.br\\\/sobre\\\/com-efetivo-de-200-agentes-e-tecnologia-de-ponta-guarda-municipal-garante-sao-joao-seguro-nos-distritos\\\/#listItem\",\"position\":3,\"name\":\"Com efetivo de 200 agentes e tecnologia de ponta, Guarda Municipal garante S\\u00e3o Jo\\u00e3o seguro nos distritos\",\"previousItem\":{\"@type\":\"ListItem\",\"@id\":\"https:\\\/\\\/www.encontrafeiradesantana.com.br\\\/sobre\\\/noticias-em-feira-de-santana\\\/#listItem\",\"name\":\"Not\\u00edcias Feira de Santana\"}}]},{\"@type\":\"Organization\",\"@id\":\"https:\\\/\\\/www.encontrafeiradesantana.com.br\\\/sobre\\\/#organization\",\"name\":\"Encontra Feira de Santana\",\"description\":\"Not\\u00edcias, eventos, informa\\u00e7\\u00f5es e dicas na cidade Feira de Santana e regi\\u00e3o.\",\"url\":\"https:\\\/\\\/www.encontrafeiradesantana.com.br\\\/sobre\\\/\"},{\"@type\":\"Person\",\"@id\":\"https:\\\/\\\/www.encontrafeiradesantana.com.br\\\/sobre\\\/author\\\/efeiradesantana\\\/#author\",\"url\":\"https:\\\/\\\/www.encontrafeiradesantana.com.br\\\/sobre\\\/author\\\/efeiradesantana\\\/\",\"name\":\"Encontra Feira de Santana\",\"image\":{\"@type\":\"ImageObject\",\"@id\":\"https:\\\/\\\/www.encontrafeiradesantana.com.br\\\/sobre\\\/com-efetivo-de-200-agentes-e-tecnologia-de-ponta-guarda-municipal-garante-sao-joao-seguro-nos-distritos\\\/#authorImage\",\"url\":\"https:\\\/\\\/secure.gravatar.com\\\/avatar\\\/507340682b8270222e1f208e23198b6ae7e2c6a1033ae84e99bc6bce4f82a387?s=96&d=mm&r=g\",\"width\":96,\"height\":96,\"caption\":\"Encontra Feira de Santana\"}},{\"@type\":\"WebPage\",\"@id\":\"https:\\\/\\\/www.encontrafeiradesantana.com.br\\\/sobre\\\/com-efetivo-de-200-agentes-e-tecnologia-de-ponta-guarda-municipal-garante-sao-joao-seguro-nos-distritos\\\/#webpage\",\"url\":\"https:\\\/\\\/www.encontrafeiradesantana.com.br\\\/sobre\\\/com-efetivo-de-200-agentes-e-tecnologia-de-ponta-guarda-municipal-garante-sao-joao-seguro-nos-distritos\\\/\",\"name\":\"Com efetivo de 200 agentes e tecnologia de ponta, Guarda Municipal garante S\\u00e3o Jo\\u00e3o seguro nos distritos | Encontra Feira de Santana\",\"description\":\"A Guarda Municipal garantiu um S\\u00e3o Jo\\u00e3o seguro com 200 agentes e tecnologia avan\\u00e7ada.\",\"inLanguage\":\"pt-BR\",\"isPartOf\":{\"@id\":\"https:\\\/\\\/www.encontrafeiradesantana.com.br\\\/sobre\\\/#website\"},\"breadcrumb\":{\"@id\":\"https:\\\/\\\/www.encontrafeiradesantana.com.br\\\/sobre\\\/com-efetivo-de-200-agentes-e-tecnologia-de-ponta-guarda-municipal-garante-sao-joao-seguro-nos-distritos\\\/#breadcrumblist\"},\"author\":{\"@id\":\"https:\\\/\\\/www.encontrafeiradesantana.com.br\\\/sobre\\\/author\\\/efeiradesantana\\\/#author\"},\"creator\":{\"@id\":\"https:\\\/\\\/www.encontrafeiradesantana.com.br\\\/sobre\\\/author\\\/efeiradesantana\\\/#author\"},\"image\":{\"@type\":\"ImageObject\",\"url\":\"https:\\\/\\\/www.encontrafeiradesantana.com.br\\\/sobre\\\/wp-content\\\/uploads\\\/2026\\\/06\\\/com-efetivo-de-200-agentes-e-tecnologia-de-ponta-guarda-municipal-garante-sao-joao-seguro-nos-distri.webp\",\"@id\":\"https:\\\/\\\/www.encontrafeiradesantana.com.br\\\/sobre\\\/com-efetivo-de-200-agentes-e-tecnologia-de-ponta-guarda-municipal-garante-sao-joao-seguro-nos-distritos\\\/#mainImage\",\"width\":280,\"height\":280,\"caption\":\"Guarda Municipal\"},\"primaryImageOfPage\":{\"@id\":\"https:\\\/\\\/www.encontrafeiradesantana.com.br\\\/sobre\\\/com-efetivo-de-200-agentes-e-tecnologia-de-ponta-guarda-municipal-garante-sao-joao-seguro-nos-distritos\\\/#mainImage\"},\"datePublished\":\"2026-06-29T03:27:23-03:00\",\"dateModified\":\"2026-06-29T03:27:23-03:00\"},{\"@type\":\"WebSite\",\"@id\":\"https:\\\/\\\/www.encontrafeiradesantana.com.br\\\/sobre\\\/#website\",\"url\":\"https:\\\/\\\/www.encontrafeiradesantana.com.br\\\/sobre\\\/\",\"name\":\"Encontra Feira de Santana\",\"description\":\"Not\\u00edcias, eventos, informa\\u00e7\\u00f5es e dicas na cidade Feira de Santana e regi\\u00e3o.\",\"inLanguage\":\"pt-BR\",\"publisher\":{\"@id\":\"https:\\\/\\\/www.encontrafeiradesantana.com.br\\\/sobre\\\/#organization\"}}]}\n\t\t<\/script>\n\t\t<!-- All in One SEO -->\n\n","aioseo_head_json":{"title":"Com efetivo de 200 agentes e tecnologia de ponta, Guarda Municipal garante S\u00e3o Jo\u00e3o seguro nos distritos | Encontra Feira de Santana","description":"A Guarda Municipal garantiu um S\u00e3o Jo\u00e3o seguro com 200 agentes e tecnologia avan\u00e7ada.","canonical_url":"https:\/\/www.encontrafeiradesantana.com.br\/sobre\/com-efetivo-de-200-agentes-e-tecnologia-de-ponta-guarda-municipal-garante-sao-joao-seguro-nos-distritos\/","robots":"max-image-preview:large","keywords":"","webmasterTools":{"miscellaneous":""},"schema":{"@context":"https:\/\/schema.org","@graph":[{"@type":"Article","@id":"https:\/\/www.encontrafeiradesantana.com.br\/sobre\/com-efetivo-de-200-agentes-e-tecnologia-de-ponta-guarda-municipal-garante-sao-joao-seguro-nos-distritos\/#article","name":"Com efetivo de 200 agentes e tecnologia de ponta, Guarda Municipal garante S\u00e3o Jo\u00e3o seguro nos distritos | Encontra Feira de Santana","headline":"Com efetivo de 200 agentes e tecnologia de ponta, Guarda Municipal garante S\u00e3o Jo\u00e3o seguro nos distritos","author":{"@id":"https:\/\/www.encontrafeiradesantana.com.br\/sobre\/author\/efeiradesantana\/#author"},"publisher":{"@id":"https:\/\/www.encontrafeiradesantana.com.br\/sobre\/#organization"},"image":{"@type":"ImageObject","url":"https:\/\/www.encontrafeiradesantana.com.br\/sobre\/wp-content\/uploads\/2026\/06\/com-efetivo-de-200-agentes-e-tecnologia-de-ponta-guarda-municipal-garante-sao-joao-seguro-nos-distri.webp","width":280,"height":280,"caption":"Guarda Municipal"},"datePublished":"2026-06-29T03:27:23-03:00","dateModified":"2026-06-29T03:27:23-03:00","inLanguage":"pt-BR","mainEntityOfPage":{"@id":"https:\/\/www.encontrafeiradesantana.com.br\/sobre\/com-efetivo-de-200-agentes-e-tecnologia-de-ponta-guarda-municipal-garante-sao-joao-seguro-nos-distritos\/#webpage"},"isPartOf":{"@id":"https:\/\/www.encontrafeiradesantana.com.br\/sobre\/com-efetivo-de-200-agentes-e-tecnologia-de-ponta-guarda-municipal-garante-sao-joao-seguro-nos-distritos\/#webpage"},"articleSection":"Not\u00edcias Feira de Santana"},{"@type":"BreadcrumbList","@id":"https:\/\/www.encontrafeiradesantana.com.br\/sobre\/com-efetivo-de-200-agentes-e-tecnologia-de-ponta-guarda-municipal-garante-sao-joao-seguro-nos-distritos\/#breadcrumblist","itemListElement":[{"@type":"ListItem","@id":"https:\/\/www.encontrafeiradesantana.com.br\/sobre#listItem","position":1,"name":"In\u00edcio","item":"https:\/\/www.encontrafeiradesantana.com.br\/sobre","nextItem":{"@type":"ListItem","@id":"https:\/\/www.encontrafeiradesantana.com.br\/sobre\/noticias-em-feira-de-santana\/#listItem","name":"Not\u00edcias Feira de Santana"}},{"@type":"ListItem","@id":"https:\/\/www.encontrafeiradesantana.com.br\/sobre\/noticias-em-feira-de-santana\/#listItem","position":2,"name":"Not\u00edcias Feira de Santana","item":"https:\/\/www.encontrafeiradesantana.com.br\/sobre\/noticias-em-feira-de-santana\/","nextItem":{"@type":"ListItem","@id":"https:\/\/www.encontrafeiradesantana.com.br\/sobre\/com-efetivo-de-200-agentes-e-tecnologia-de-ponta-guarda-municipal-garante-sao-joao-seguro-nos-distritos\/#listItem","name":"Com efetivo de 200 agentes e tecnologia de ponta, Guarda Municipal garante S\u00e3o Jo\u00e3o seguro nos distritos"},"previousItem":{"@type":"ListItem","@id":"https:\/\/www.encontrafeiradesantana.com.br\/sobre#listItem","name":"In\u00edcio"}},{"@type":"ListItem","@id":"https:\/\/www.encontrafeiradesantana.com.br\/sobre\/com-efetivo-de-200-agentes-e-tecnologia-de-ponta-guarda-municipal-garante-sao-joao-seguro-nos-distritos\/#listItem","position":3,"name":"Com efetivo de 200 agentes e tecnologia de ponta, Guarda Municipal garante S\u00e3o Jo\u00e3o seguro nos distritos","previousItem":{"@type":"ListItem","@id":"https:\/\/www.encontrafeiradesantana.com.br\/sobre\/noticias-em-feira-de-santana\/#listItem","name":"Not\u00edcias Feira de Santana"}}]},{"@type":"Organization","@id":"https:\/\/www.encontrafeiradesantana.com.br\/sobre\/#organization","name":"Encontra Feira de Santana","description":"Not\u00edcias, eventos, informa\u00e7\u00f5es e dicas na cidade Feira de Santana e regi\u00e3o.","url":"https:\/\/www.encontrafeiradesantana.com.br\/sobre\/"},{"@type":"Person","@id":"https:\/\/www.encontrafeiradesantana.com.br\/sobre\/author\/efeiradesantana\/#author","url":"https:\/\/www.encontrafeiradesantana.com.br\/sobre\/author\/efeiradesantana\/","name":"Encontra Feira de Santana","image":{"@type":"ImageObject","@id":"https:\/\/www.encontrafeiradesantana.com.br\/sobre\/com-efetivo-de-200-agentes-e-tecnologia-de-ponta-guarda-municipal-garante-sao-joao-seguro-nos-distritos\/#authorImage","url":"https:\/\/secure.gravatar.com\/avatar\/507340682b8270222e1f208e23198b6ae7e2c6a1033ae84e99bc6bce4f82a387?s=96&d=mm&r=g","width":96,"height":96,"caption":"Encontra Feira de Santana"}},{"@type":"WebPage","@id":"https:\/\/www.encontrafeiradesantana.com.br\/sobre\/com-efetivo-de-200-agentes-e-tecnologia-de-ponta-guarda-municipal-garante-sao-joao-seguro-nos-distritos\/#webpage","url":"https:\/\/www.encontrafeiradesantana.com.br\/sobre\/com-efetivo-de-200-agentes-e-tecnologia-de-ponta-guarda-municipal-garante-sao-joao-seguro-nos-distritos\/","name":"Com efetivo de 200 agentes e tecnologia de ponta, Guarda Municipal garante S\u00e3o Jo\u00e3o seguro nos distritos | Encontra Feira de Santana","description":"A Guarda Municipal garantiu um S\u00e3o Jo\u00e3o seguro com 200 agentes e tecnologia avan\u00e7ada.","inLanguage":"pt-BR","isPartOf":{"@id":"https:\/\/www.encontrafeiradesantana.com.br\/sobre\/#website"},"breadcrumb":{"@id":"https:\/\/www.encontrafeiradesantana.com.br\/sobre\/com-efetivo-de-200-agentes-e-tecnologia-de-ponta-guarda-municipal-garante-sao-joao-seguro-nos-distritos\/#breadcrumblist"},"author":{"@id":"https:\/\/www.encontrafeiradesantana.com.br\/sobre\/author\/efeiradesantana\/#author"},"creator":{"@id":"https:\/\/www.encontrafeiradesantana.com.br\/sobre\/author\/efeiradesantana\/#author"},"image":{"@type":"ImageObject","url":"https:\/\/www.encontrafeiradesantana.com.br\/sobre\/wp-content\/uploads\/2026\/06\/com-efetivo-de-200-agentes-e-tecnologia-de-ponta-guarda-municipal-garante-sao-joao-seguro-nos-distri.webp","@id":"https:\/\/www.encontrafeiradesantana.com.br\/sobre\/com-efetivo-de-200-agentes-e-tecnologia-de-ponta-guarda-municipal-garante-sao-joao-seguro-nos-distritos\/#mainImage","width":280,"height":280,"caption":"Guarda Municipal"},"primaryImageOfPage":{"@id":"https:\/\/www.encontrafeiradesantana.com.br\/sobre\/com-efetivo-de-200-agentes-e-tecnologia-de-ponta-guarda-municipal-garante-sao-joao-seguro-nos-distritos\/#mainImage"},"datePublished":"2026-06-29T03:27:23-03:00","dateModified":"2026-06-29T03:27:23-03:00"},{"@type":"WebSite","@id":"https:\/\/www.encontrafeiradesantana.com.br\/sobre\/#website","url":"https:\/\/www.encontrafeiradesantana.com.br\/sobre\/","name":"Encontra Feira de Santana","description":"Not\u00edcias, eventos, informa\u00e7\u00f5es e dicas na cidade Feira de Santana e regi\u00e3o.","inLanguage":"pt-BR","publisher":{"@id":"https:\/\/www.encontrafeiradesantana.com.br\/sobre\/#organization"}}]},"og:locale":"pt_BR","og:site_name":"Encontra Feira de Santana | Not\u00edcias, eventos, informa\u00e7\u00f5es e dicas na cidade Feira de Santana e regi\u00e3o.","og:type":"article","og:title":"Com efetivo de 200 agentes e tecnologia de ponta, Guarda Municipal garante S\u00e3o Jo\u00e3o seguro nos distritos | Encontra Feira de Santana","og:description":"A Guarda Municipal garantiu um S\u00e3o Jo\u00e3o seguro com 200 agentes e tecnologia avan\u00e7ada.","og:url":"https:\/\/www.encontrafeiradesantana.com.br\/sobre\/com-efetivo-de-200-agentes-e-tecnologia-de-ponta-guarda-municipal-garante-sao-joao-seguro-nos-distritos\/","article:published_time":"2026-06-29T06:27:23+00:00","article:modified_time":"2026-06-29T06:27:23+00:00","twitter:card":"summary","twitter:title":"Com efetivo de 200 agentes e tecnologia de ponta, Guarda Municipal garante S\u00e3o Jo\u00e3o seguro nos distritos | Encontra Feira de Santana","twitter:description":"A Guarda Municipal garantiu um S\u00e3o Jo\u00e3o seguro com 200 agentes e tecnologia avan\u00e7ada."},"aioseo_meta_data":{"post_id":"2288","title":null,"description":null,"keywords":null,"keyphrases":null,"primary_term":null,"canonical_url":null,"og_title":null,"og_description":null,"og_object_type":"default","og_image_type":"default","og_image_url":null,"og_image_width":null,"og_image_height":null,"og_image_custom_url":null,"og_image_custom_fields":null,"og_video":null,"og_custom_url":null,"og_article_section":null,"og_article_tags":null,"twitter_use_og":false,"twitter_card":"default","twitter_image_type":"default","twitter_image_url":null,"twitter_image_custom_url":null,"twitter_image_custom_fields":null,"twitter_title":null,"twitter_description":null,"schema":{"blockGraphs":[],"customGraphs":[],"default":{"data":{"Article":[],"Course":[],"Dataset":[],"FAQPage":[],"Movie":[],"Person":[],"Product":[],"ProductReview":[],"Car":[],"Recipe":[],"Service":[],"SoftwareApplication":[],"WebPage":[]},"graphName":"Article","isEnabled":true},"graphs":[]},"schema_type":"default","schema_type_options":null,"pillar_content":false,"robots_default":true,"robots_noindex":false,"robots_noarchive":false,"robots_nosnippet":false,"robots_nofollow":false,"robots_noimageindex":false,"robots_noodp":false,"robots_notranslate":false,"robots_max_snippet":null,"robots_max_videopreview":null,"robots_max_imagepreview":"large","priority":null,"frequency":null,"local_seo":null,"breadcrumb_settings":null,"limit_modified_date":false,"ai":null,"created":"2026-06-29 06:27:26","updated":"2026-06-29 06:28:13","focus_keyword":null,"additional_keywords":null,"truseo_locale":null,"seo_analyzer_scan_date":null},"aioseo_breadcrumb":"<div class=\"aioseo-breadcrumbs\"><span class=\"aioseo-breadcrumb\">\n\t\t\t<a href=\"https:\/\/www.encontrafeiradesantana.com.br\/sobre\" title=\"In\u00edcio\">In\u00edcio<\/a>\n\t\t<\/span><span class=\"aioseo-breadcrumb-separator\">&raquo;<\/span><span class=\"aioseo-breadcrumb\">\n\t\t\t<a href=\"https:\/\/www.encontrafeiradesantana.com.br\/sobre\/noticias-em-feira-de-santana\/\" title=\"Not\u00edcias Feira de Santana\">Not\u00edcias Feira de Santana<\/a>\n\t\t<\/span><span class=\"aioseo-breadcrumb-separator\">&raquo;<\/span><span class=\"aioseo-breadcrumb\">\n\t\t\tCom efetivo de 200 agentes e tecnologia de ponta, Guarda Municipal garante S\u00e3o Jo\u00e3o seguro nos distritos\n\t\t<\/span><\/div>","aioseo_breadcrumb_json":[{"label":"In\u00edcio","link":"https:\/\/www.encontrafeiradesantana.com.br\/sobre"},{"label":"Not\u00edcias Feira de Santana","link":"https:\/\/www.encontrafeiradesantana.com.br\/sobre\/noticias-em-feira-de-santana\/"},{"label":"Com efetivo de 200 agentes e tecnologia de ponta, Guarda Municipal garante S\u00e3o Jo\u00e3o seguro nos distritos","link":"https:\/\/www.encontrafeiradesantana.com.br\/sobre\/com-efetivo-de-200-agentes-e-tecnologia-de-ponta-guarda-municipal-garante-sao-joao-seguro-nos-distritos\/"}],"_links":{"self":[{"href":"https:\/\/www.encontrafeiradesantana.com.br\/sobre\/wp-json\/wp\/v2\/posts\/2288","targetHints":{"allow":["GET"]}}],"collection":[{"href":"https:\/\/www.encontrafeiradesantana.com.br\/sobre\/wp-json\/wp\/v2\/posts"}],"about":[{"href":"https:\/\/www.encontrafeiradesantana.com.br\/sobre\/wp-json\/wp\/v2\/types\/post"}],"author":[{"embeddable":true,"href":"https:\/\/www.encontrafeiradesantana.com.br\/sobre\/wp-json\/wp\/v2\/users\/1"}],"replies":[{"embeddable":true,"href":"https:\/\/www.encontrafeiradesantana.com.br\/sobre\/wp-json\/wp\/v2\/comments?post=2288"}],"version-history":[{"count":0,"href":"https:\/\/www.encontrafeiradesantana.com.br\/sobre\/wp-json\/wp\/v2\/posts\/2288\/revisions"}],"wp:featuredmedia":[{"embeddable":true,"href":"https:\/\/www.encontrafeiradesantana.com.br\/sobre\/wp-json\/wp\/v2\/media\/2287"}],"wp:attachment":[{"href":"https:\/\/www.encontrafeiradesantana.com.br\/sobre\/wp-json\/wp\/v2\/media?parent=2288"}],"wp:term":[{"taxonomy":"category","embeddable":true,"href":"https:\/\/www.encontrafeiradesantana.com.br\/sobre\/wp-json\/wp\/v2\/categories?post=2288"},{"taxonomy":"post_tag","embeddable":true,"href":"https:\/\/www.encontrafeiradesantana.com.br\/sobre\/wp-json\/wp\/v2\/tags?post=2288"}],"curies":[{"name":"wp","href":"https:\/\/api.w.org\/{rel}","templated":true}]}}