{"id":2274,"date":"2026-06-26T12:14:36","date_gmt":"2026-06-26T15:14:36","guid":{"rendered":"https:\/\/www.encontrafeiradesantana.com.br\/sobre\/nota-de-pesar\/"},"modified":"2026-06-26T12:14:36","modified_gmt":"2026-06-26T15:14:36","slug":"nota-de-pesar","status":"publish","type":"post","link":"https:\/\/www.encontrafeiradesantana.com.br\/sobre\/nota-de-pesar\/","title":{"rendered":"NOTA DE PESAR"},"content":{"rendered":"<div class=\"3f468104ad11f00a3c9ac948316f4265\" data-index=\"1\" style=\"float: none; margin:0px;\">\n<ins class=\"adsbygoogle\"\r\n     style=\"display:block\"\r\n     data-ad-client=\"ca-pub-8585364105181520\"\r\n     data-ad-slot=\"8789329856\"\r\n     data-ad-format=\"auto\"\r\n     data-full-width-responsive=\"true\"><\/ins>\r\n<script>\r\n     (adsbygoogle = window.adsbygoogle || []).push({});\r\n<\/script>\r\n\n<\/div>\n<h2>A Import\u00e2ncia de Prestar Homenagens<\/h2>\n<p>Ao perdermos algu\u00e9m querido, a sociedade frequentemente recorre \u00e0s homenagens como uma forma de reconhecer a contribui\u00e7\u00e3o e o legado dessa pessoa. Homenagear \u00e9 mais do que um gesto simb\u00f3lico; \u00e9 uma forma de celebrar a vida e as mem\u00f3rias que permanecem em nosso cora\u00e7\u00e3o. Essas celebra\u00e7\u00f5es coletivas servem para unir a comunidade e lembrar que, mesmo na perda, a vida continua com as li\u00e7\u00f5es e diretrizes ensinadas pelos que partiram.<\/p>\n<h2>Como Lidar com a Perda de um Ent querido<\/h2>\n<p>A dor da perda de um ente querido \u00e9 profunda e, muitas vezes, inimagin\u00e1vel. Cada pessoa enfrenta essa situa\u00e7\u00e3o de maneira \u00fanica. \u00c9 essencial permitir-se sentir a dor e compreender que o processo de luto \u00e9 natural e necess\u00e1rio. Conversar com amigos e familiares sobre o que se sente pode ser reconfortante. Procurar apoio psicol\u00f3gico pode ser uma decis\u00e3o s\u00e1bia, pois ajuda a encontrar formas saud\u00e1veis de lidar com a dor e a saudade.<\/p>\n<h2>Momentos Memor\u00e1veis de Colaboradores<\/h2>\n<p>Periodicamente, somos presentes em momentos que marcam nossas vidas. Para aqueles que trabalham em institui\u00e7\u00f5es de sa\u00fade, a rotina \u00e9 repleta de hist\u00f3rias emocionantes, vit\u00f3rias e desafios. Os colaboradores, como Jerfison Nascimento, tornam-se parte fundamental dessa narrativa. Recordar e compartilhar essas mem\u00f3rias pode servir como uma forma de honrar suas contribui\u00e7\u00f5es e manter sua mem\u00f3ria viva entre todos os que tiveram a honra de conhecer e trabalhar ao lado deles.<\/p>\n<p><img decoding=\"async\" src=\"https:\/\/www.encontrafeiradesantana.com.br\/sobre\/wp-content\/uploads\/2026\/06\/nota-de-pesar.webp\" alt=\"nota de pesar\" loading=\"lazy\" \/><\/p>\n<h2>A Contribui\u00e7\u00e3o dos Profissionais de Sa\u00fade<\/h2>\n<p>Os profissionais de sa\u00fade s\u00e3o pilares em nossa sociedade. Eles est\u00e3o sempre presentes, oferecendo cuidado, conhecimento e conforto aos que necessitam. O trabalho realizado por esses profissionais vai al\u00e9m das fun\u00e7\u00f5es t\u00e9cnicas; \u00e9 uma verdadeira voca\u00e7\u00e3o. O impacto que eles t\u00eam na vida das pessoas \u00e9 ineg\u00e1vel, e homenage\u00e1-los, especialmente em momentos de luto, ressalta a import\u00e2ncia de seu trabalho e a diferen\u00e7a que fazem na vida de tantas pessoas.<\/p>\n<h2>Apoio Emocional em Tempos Dif\u00edceis<\/h2>\n<p>Em tempos de luto, o apoio emocional \u00e9 crucial. Isso pode vir de amigos, familiares e colegas. Fazer parte de grupos de apoio ou participar de comunidades que compartilham experi\u00eancias semelhantes pode proporcionar al\u00edvio. O entendimento m\u00fatuo ajuda a aliviar a carga emocional e a encontrar caminhos para seguir em frente, honrando a mem\u00f3ria de quem foi perdido.<\/p>\n<h2>A Atua\u00e7\u00e3o da Funda\u00e7\u00e3o Hospitalar<\/h2>\n<p>A Funda\u00e7\u00e3o Hospitalar de Feira de Santana tem um compromisso cont\u00ednuo com a sa\u00fade e o bem-estar da comunidade. Sua atua\u00e7\u00e3o vai al\u00e9m do atendimento m\u00e9dico; envolve a\u00e7\u00f5es sociais e de acolhimento. A perda de um colaborador, como Jerfison Nascimento, ressalta a fragilidade da vida e a import\u00e2ncia de valorizar aqueles que dedicam suas vidas ao cuidado do pr\u00f3ximo. A institui\u00e7\u00e3o, nesse momento, se solidifica como um espa\u00e7o de respeitosas homenagens e apoio aos que ficam.<\/p>\n<h2>Reflex\u00f5es sobre a Vida e a Morte<\/h2>\n<p>A vida e a morte s\u00e3o temas que, quando confrontados, trazem \u00e0 tona uma s\u00e9rie de reflex\u00f5es. \u00c9 um lembrete de que a mortalidade \u00e9 uma parte inevit\u00e1vel da exist\u00eancia. Cada vida tem um significado e contribui\u00e7\u00f5es \u00fanicas, e refletir sobre isso pode proporcionar um sentido ao sofrimento e \u00e0 dor. Por meio dessas reflex\u00f5es, encontramos maneiras de transformar nosso luto em celebra\u00e7\u00e3o das vidas que foram vividas e do impacto que tiveram sobre n\u00f3s.<\/p>\n<h2>Solidariedade: Um Valor Essencial<\/h2>\n<p>A solidariedade \u00e9 um valor central em tempos de dor. Oferecer suporte aos que est\u00e3o enlutados e se mostrar presente pode fazer uma grande diferen\u00e7a. A uni\u00e3o da comunidade em momentos dif\u00edceis ajuda a amenizar a dor e a fortalecer la\u00e7os sociais. Ter empatia e oferecer compreens\u00e3o s\u00e3o atitudes que aproximam as pessoas, tornando a carga emocional mais leve.<\/p>\n<h2>Como Ajudar os que Enfrentam a Dor<\/h2>\n<p>Seja presente na vida de algu\u00e9m que est\u00e1 passando pelo luto; pequenas a\u00e7\u00f5es podem ter um grande impacto. Escute, ofere\u00e7a seu ombro e esteja disposto a ajudar de qualquer forma. \u00c0s vezes, apenas estar ao lado \u00e9 o que a pessoa precisa. Ajudar um amigo ou familiar a honrar a mem\u00f3ria do ente querido, criando um memorial ou compartilhando hist\u00f3rias, pode proporcionar um conforto significativo.<\/p>\n<h2>A Lembran\u00e7a que Fica<\/h2>\n<p>As lembran\u00e7as de quem partiu permanecem vivas atrav\u00e9s das hist\u00f3rias contadas e dos legados deixados. Celebrar a vida daquela pessoa, relembrando suas conquistas e caracter\u00edsticas \u00fanicas, ajuda a integrar sua mem\u00f3ria em nossas vidas. Embora a aus\u00eancia f\u00edsica seja dolorosa, o amor e o respeito que mantemos por aqueles que partiram continuar\u00e3o a viver em nossos cora\u00e7\u00f5es e em nossas a\u00e7\u00f5es.<\/p>\n\n<div style=\"font-size: 0px; height: 0px; line-height: 0px; margin: 0; padding: 0; clear: both;\"><\/div>","protected":false},"excerpt":{"rendered":"<p>Nota de Pesar: uma homenagem sincera \u00e0 contribui\u00e7\u00e3o e mem\u00f3ria dos que deixaram saudades.<\/p>\n","protected":false},"author":1,"featured_media":2273,"comment_status":"open","ping_status":"closed","sticky":false,"template":"","format":"standard","meta":{"footnotes":""},"categories":[6],"tags":[],"class_list":["post-2274","post","type-post","status-publish","format-standard","has-post-thumbnail","hentry","category-noticias-em-feira-de-santana","has_thumb"],"aioseo_notices":[],"aioseo_head":"\n\t\t<!-- All in One SEO 5.0.0.1 - aioseo.com -->\n\t<meta name=\"description\" content=\"Nota de Pesar: uma homenagem sincera \u00e0 contribui\u00e7\u00e3o e mem\u00f3ria dos que deixaram saudades.\" \/>\n\t<meta name=\"robots\" content=\"max-image-preview:large\" \/>\n\t<meta name=\"author\" content=\"Encontra Feira de Santana\"\/>\n\t<link rel=\"canonical\" href=\"https:\/\/www.encontrafeiradesantana.com.br\/sobre\/nota-de-pesar\/\" \/>\n\t<meta name=\"generator\" content=\"All in One SEO (AIOSEO) 5.0.0.1\" \/>\n\t\t<meta property=\"og:locale\" content=\"pt_BR\" \/>\n\t\t<meta property=\"og:site_name\" content=\"Encontra Feira de Santana | Not\u00edcias, eventos, informa\u00e7\u00f5es e dicas na cidade Feira de Santana e regi\u00e3o.\" \/>\n\t\t<meta property=\"og:type\" content=\"article\" \/>\n\t\t<meta property=\"og:title\" content=\"NOTA DE PESAR | Encontra Feira de Santana\" \/>\n\t\t<meta property=\"og:description\" content=\"Nota de Pesar: uma homenagem sincera \u00e0 contribui\u00e7\u00e3o e mem\u00f3ria dos que deixaram saudades.\" \/>\n\t\t<meta property=\"og:url\" content=\"https:\/\/www.encontrafeiradesantana.com.br\/sobre\/nota-de-pesar\/\" \/>\n\t\t<meta property=\"article:published_time\" content=\"2026-06-26T15:14:36+00:00\" \/>\n\t\t<meta property=\"article:modified_time\" content=\"2026-06-26T15:14:36+00:00\" \/>\n\t\t<meta name=\"twitter:card\" content=\"summary\" \/>\n\t\t<meta name=\"twitter:title\" content=\"NOTA DE PESAR | Encontra Feira de Santana\" \/>\n\t\t<meta name=\"twitter:description\" content=\"Nota de Pesar: uma homenagem sincera \u00e0 contribui\u00e7\u00e3o e mem\u00f3ria dos que deixaram saudades.\" \/>\n\t\t<script type=\"application\/ld+json\" class=\"aioseo-schema\">\n\t\t\t{\"@context\":\"https:\\\/\\\/schema.org\",\"@graph\":[{\"@type\":\"Article\",\"@id\":\"https:\\\/\\\/www.encontrafeiradesantana.com.br\\\/sobre\\\/nota-de-pesar\\\/#article\",\"name\":\"NOTA DE PESAR | Encontra Feira de Santana\",\"headline\":\"NOTA DE PESAR\",\"author\":{\"@id\":\"https:\\\/\\\/www.encontrafeiradesantana.com.br\\\/sobre\\\/author\\\/efeiradesantana\\\/#author\"},\"publisher\":{\"@id\":\"https:\\\/\\\/www.encontrafeiradesantana.com.br\\\/sobre\\\/#organization\"},\"image\":{\"@type\":\"ImageObject\",\"url\":\"https:\\\/\\\/www.encontrafeiradesantana.com.br\\\/sobre\\\/wp-content\\\/uploads\\\/2026\\\/06\\\/nota-de-pesar.webp\",\"width\":280,\"height\":280,\"caption\":\"nota de pesar\"},\"datePublished\":\"2026-06-26T12:14:36-03:00\",\"dateModified\":\"2026-06-26T12:14:36-03:00\",\"inLanguage\":\"pt-BR\",\"mainEntityOfPage\":{\"@id\":\"https:\\\/\\\/www.encontrafeiradesantana.com.br\\\/sobre\\\/nota-de-pesar\\\/#webpage\"},\"isPartOf\":{\"@id\":\"https:\\\/\\\/www.encontrafeiradesantana.com.br\\\/sobre\\\/nota-de-pesar\\\/#webpage\"},\"articleSection\":\"Not\\u00edcias Feira de Santana\"},{\"@type\":\"BreadcrumbList\",\"@id\":\"https:\\\/\\\/www.encontrafeiradesantana.com.br\\\/sobre\\\/nota-de-pesar\\\/#breadcrumblist\",\"itemListElement\":[{\"@type\":\"ListItem\",\"@id\":\"https:\\\/\\\/www.encontrafeiradesantana.com.br\\\/sobre#listItem\",\"position\":1,\"name\":\"In\\u00edcio\",\"item\":\"https:\\\/\\\/www.encontrafeiradesantana.com.br\\\/sobre\",\"nextItem\":{\"@type\":\"ListItem\",\"@id\":\"https:\\\/\\\/www.encontrafeiradesantana.com.br\\\/sobre\\\/noticias-em-feira-de-santana\\\/#listItem\",\"name\":\"Not\\u00edcias Feira de Santana\"}},{\"@type\":\"ListItem\",\"@id\":\"https:\\\/\\\/www.encontrafeiradesantana.com.br\\\/sobre\\\/noticias-em-feira-de-santana\\\/#listItem\",\"position\":2,\"name\":\"Not\\u00edcias Feira de Santana\",\"item\":\"https:\\\/\\\/www.encontrafeiradesantana.com.br\\\/sobre\\\/noticias-em-feira-de-santana\\\/\",\"nextItem\":{\"@type\":\"ListItem\",\"@id\":\"https:\\\/\\\/www.encontrafeiradesantana.com.br\\\/sobre\\\/nota-de-pesar\\\/#listItem\",\"name\":\"NOTA DE PESAR\"},\"previousItem\":{\"@type\":\"ListItem\",\"@id\":\"https:\\\/\\\/www.encontrafeiradesantana.com.br\\\/sobre#listItem\",\"name\":\"In\\u00edcio\"}},{\"@type\":\"ListItem\",\"@id\":\"https:\\\/\\\/www.encontrafeiradesantana.com.br\\\/sobre\\\/nota-de-pesar\\\/#listItem\",\"position\":3,\"name\":\"NOTA DE PESAR\",\"previousItem\":{\"@type\":\"ListItem\",\"@id\":\"https:\\\/\\\/www.encontrafeiradesantana.com.br\\\/sobre\\\/noticias-em-feira-de-santana\\\/#listItem\",\"name\":\"Not\\u00edcias Feira de Santana\"}}]},{\"@type\":\"Organization\",\"@id\":\"https:\\\/\\\/www.encontrafeiradesantana.com.br\\\/sobre\\\/#organization\",\"name\":\"Encontra Feira de Santana\",\"description\":\"Not\\u00edcias, eventos, informa\\u00e7\\u00f5es e dicas na cidade Feira de Santana e regi\\u00e3o.\",\"url\":\"https:\\\/\\\/www.encontrafeiradesantana.com.br\\\/sobre\\\/\"},{\"@type\":\"Person\",\"@id\":\"https:\\\/\\\/www.encontrafeiradesantana.com.br\\\/sobre\\\/author\\\/efeiradesantana\\\/#author\",\"url\":\"https:\\\/\\\/www.encontrafeiradesantana.com.br\\\/sobre\\\/author\\\/efeiradesantana\\\/\",\"name\":\"Encontra Feira de Santana\",\"image\":{\"@type\":\"ImageObject\",\"@id\":\"https:\\\/\\\/www.encontrafeiradesantana.com.br\\\/sobre\\\/nota-de-pesar\\\/#authorImage\",\"url\":\"https:\\\/\\\/secure.gravatar.com\\\/avatar\\\/507340682b8270222e1f208e23198b6ae7e2c6a1033ae84e99bc6bce4f82a387?s=96&d=mm&r=g\",\"width\":96,\"height\":96,\"caption\":\"Encontra Feira de Santana\"}},{\"@type\":\"WebPage\",\"@id\":\"https:\\\/\\\/www.encontrafeiradesantana.com.br\\\/sobre\\\/nota-de-pesar\\\/#webpage\",\"url\":\"https:\\\/\\\/www.encontrafeiradesantana.com.br\\\/sobre\\\/nota-de-pesar\\\/\",\"name\":\"NOTA DE PESAR | Encontra Feira de Santana\",\"description\":\"Nota de Pesar: uma homenagem sincera \\u00e0 contribui\\u00e7\\u00e3o e mem\\u00f3ria dos que deixaram saudades.\",\"inLanguage\":\"pt-BR\",\"isPartOf\":{\"@id\":\"https:\\\/\\\/www.encontrafeiradesantana.com.br\\\/sobre\\\/#website\"},\"breadcrumb\":{\"@id\":\"https:\\\/\\\/www.encontrafeiradesantana.com.br\\\/sobre\\\/nota-de-pesar\\\/#breadcrumblist\"},\"author\":{\"@id\":\"https:\\\/\\\/www.encontrafeiradesantana.com.br\\\/sobre\\\/author\\\/efeiradesantana\\\/#author\"},\"creator\":{\"@id\":\"https:\\\/\\\/www.encontrafeiradesantana.com.br\\\/sobre\\\/author\\\/efeiradesantana\\\/#author\"},\"image\":{\"@type\":\"ImageObject\",\"url\":\"https:\\\/\\\/www.encontrafeiradesantana.com.br\\\/sobre\\\/wp-content\\\/uploads\\\/2026\\\/06\\\/nota-de-pesar.webp\",\"@id\":\"https:\\\/\\\/www.encontrafeiradesantana.com.br\\\/sobre\\\/nota-de-pesar\\\/#mainImage\",\"width\":280,\"height\":280,\"caption\":\"nota de pesar\"},\"primaryImageOfPage\":{\"@id\":\"https:\\\/\\\/www.encontrafeiradesantana.com.br\\\/sobre\\\/nota-de-pesar\\\/#mainImage\"},\"datePublished\":\"2026-06-26T12:14:36-03:00\",\"dateModified\":\"2026-06-26T12:14:36-03:00\"},{\"@type\":\"WebSite\",\"@id\":\"https:\\\/\\\/www.encontrafeiradesantana.com.br\\\/sobre\\\/#website\",\"url\":\"https:\\\/\\\/www.encontrafeiradesantana.com.br\\\/sobre\\\/\",\"name\":\"Encontra Feira de Santana\",\"description\":\"Not\\u00edcias, eventos, informa\\u00e7\\u00f5es e dicas na cidade Feira de Santana e regi\\u00e3o.\",\"inLanguage\":\"pt-BR\",\"publisher\":{\"@id\":\"https:\\\/\\\/www.encontrafeiradesantana.com.br\\\/sobre\\\/#organization\"}}]}\n\t\t<\/script>\n\t\t<!-- All in One SEO -->\n\n","aioseo_head_json":{"title":"NOTA DE PESAR | Encontra Feira de Santana","description":"Nota de Pesar: uma homenagem sincera \u00e0 contribui\u00e7\u00e3o e mem\u00f3ria dos que deixaram saudades.","canonical_url":"https:\/\/www.encontrafeiradesantana.com.br\/sobre\/nota-de-pesar\/","robots":"max-image-preview:large","keywords":"","webmasterTools":{"miscellaneous":""},"schema":{"@context":"https:\/\/schema.org","@graph":[{"@type":"Article","@id":"https:\/\/www.encontrafeiradesantana.com.br\/sobre\/nota-de-pesar\/#article","name":"NOTA DE PESAR | Encontra Feira de Santana","headline":"NOTA DE PESAR","author":{"@id":"https:\/\/www.encontrafeiradesantana.com.br\/sobre\/author\/efeiradesantana\/#author"},"publisher":{"@id":"https:\/\/www.encontrafeiradesantana.com.br\/sobre\/#organization"},"image":{"@type":"ImageObject","url":"https:\/\/www.encontrafeiradesantana.com.br\/sobre\/wp-content\/uploads\/2026\/06\/nota-de-pesar.webp","width":280,"height":280,"caption":"nota de pesar"},"datePublished":"2026-06-26T12:14:36-03:00","dateModified":"2026-06-26T12:14:36-03:00","inLanguage":"pt-BR","mainEntityOfPage":{"@id":"https:\/\/www.encontrafeiradesantana.com.br\/sobre\/nota-de-pesar\/#webpage"},"isPartOf":{"@id":"https:\/\/www.encontrafeiradesantana.com.br\/sobre\/nota-de-pesar\/#webpage"},"articleSection":"Not\u00edcias Feira de Santana"},{"@type":"BreadcrumbList","@id":"https:\/\/www.encontrafeiradesantana.com.br\/sobre\/nota-de-pesar\/#breadcrumblist","itemListElement":[{"@type":"ListItem","@id":"https:\/\/www.encontrafeiradesantana.com.br\/sobre#listItem","position":1,"name":"In\u00edcio","item":"https:\/\/www.encontrafeiradesantana.com.br\/sobre","nextItem":{"@type":"ListItem","@id":"https:\/\/www.encontrafeiradesantana.com.br\/sobre\/noticias-em-feira-de-santana\/#listItem","name":"Not\u00edcias Feira de Santana"}},{"@type":"ListItem","@id":"https:\/\/www.encontrafeiradesantana.com.br\/sobre\/noticias-em-feira-de-santana\/#listItem","position":2,"name":"Not\u00edcias Feira de Santana","item":"https:\/\/www.encontrafeiradesantana.com.br\/sobre\/noticias-em-feira-de-santana\/","nextItem":{"@type":"ListItem","@id":"https:\/\/www.encontrafeiradesantana.com.br\/sobre\/nota-de-pesar\/#listItem","name":"NOTA DE PESAR"},"previousItem":{"@type":"ListItem","@id":"https:\/\/www.encontrafeiradesantana.com.br\/sobre#listItem","name":"In\u00edcio"}},{"@type":"ListItem","@id":"https:\/\/www.encontrafeiradesantana.com.br\/sobre\/nota-de-pesar\/#listItem","position":3,"name":"NOTA DE PESAR","previousItem":{"@type":"ListItem","@id":"https:\/\/www.encontrafeiradesantana.com.br\/sobre\/noticias-em-feira-de-santana\/#listItem","name":"Not\u00edcias Feira de Santana"}}]},{"@type":"Organization","@id":"https:\/\/www.encontrafeiradesantana.com.br\/sobre\/#organization","name":"Encontra Feira de Santana","description":"Not\u00edcias, eventos, informa\u00e7\u00f5es e dicas na cidade Feira de Santana e regi\u00e3o.","url":"https:\/\/www.encontrafeiradesantana.com.br\/sobre\/"},{"@type":"Person","@id":"https:\/\/www.encontrafeiradesantana.com.br\/sobre\/author\/efeiradesantana\/#author","url":"https:\/\/www.encontrafeiradesantana.com.br\/sobre\/author\/efeiradesantana\/","name":"Encontra Feira de Santana","image":{"@type":"ImageObject","@id":"https:\/\/www.encontrafeiradesantana.com.br\/sobre\/nota-de-pesar\/#authorImage","url":"https:\/\/secure.gravatar.com\/avatar\/507340682b8270222e1f208e23198b6ae7e2c6a1033ae84e99bc6bce4f82a387?s=96&d=mm&r=g","width":96,"height":96,"caption":"Encontra Feira de Santana"}},{"@type":"WebPage","@id":"https:\/\/www.encontrafeiradesantana.com.br\/sobre\/nota-de-pesar\/#webpage","url":"https:\/\/www.encontrafeiradesantana.com.br\/sobre\/nota-de-pesar\/","name":"NOTA DE PESAR | Encontra Feira de Santana","description":"Nota de Pesar: uma homenagem sincera \u00e0 contribui\u00e7\u00e3o e mem\u00f3ria dos que deixaram saudades.","inLanguage":"pt-BR","isPartOf":{"@id":"https:\/\/www.encontrafeiradesantana.com.br\/sobre\/#website"},"breadcrumb":{"@id":"https:\/\/www.encontrafeiradesantana.com.br\/sobre\/nota-de-pesar\/#breadcrumblist"},"author":{"@id":"https:\/\/www.encontrafeiradesantana.com.br\/sobre\/author\/efeiradesantana\/#author"},"creator":{"@id":"https:\/\/www.encontrafeiradesantana.com.br\/sobre\/author\/efeiradesantana\/#author"},"image":{"@type":"ImageObject","url":"https:\/\/www.encontrafeiradesantana.com.br\/sobre\/wp-content\/uploads\/2026\/06\/nota-de-pesar.webp","@id":"https:\/\/www.encontrafeiradesantana.com.br\/sobre\/nota-de-pesar\/#mainImage","width":280,"height":280,"caption":"nota de pesar"},"primaryImageOfPage":{"@id":"https:\/\/www.encontrafeiradesantana.com.br\/sobre\/nota-de-pesar\/#mainImage"},"datePublished":"2026-06-26T12:14:36-03:00","dateModified":"2026-06-26T12:14:36-03:00"},{"@type":"WebSite","@id":"https:\/\/www.encontrafeiradesantana.com.br\/sobre\/#website","url":"https:\/\/www.encontrafeiradesantana.com.br\/sobre\/","name":"Encontra Feira de Santana","description":"Not\u00edcias, eventos, informa\u00e7\u00f5es e dicas na cidade Feira de Santana e regi\u00e3o.","inLanguage":"pt-BR","publisher":{"@id":"https:\/\/www.encontrafeiradesantana.com.br\/sobre\/#organization"}}]},"og:locale":"pt_BR","og:site_name":"Encontra Feira de Santana | Not\u00edcias, eventos, informa\u00e7\u00f5es e dicas na cidade Feira de Santana e regi\u00e3o.","og:type":"article","og:title":"NOTA DE PESAR | Encontra Feira de Santana","og:description":"Nota de Pesar: uma homenagem sincera \u00e0 contribui\u00e7\u00e3o e mem\u00f3ria dos que deixaram saudades.","og:url":"https:\/\/www.encontrafeiradesantana.com.br\/sobre\/nota-de-pesar\/","article:published_time":"2026-06-26T15:14:36+00:00","article:modified_time":"2026-06-26T15:14:36+00:00","twitter:card":"summary","twitter:title":"NOTA DE PESAR | Encontra Feira de Santana","twitter:description":"Nota de Pesar: uma homenagem sincera \u00e0 contribui\u00e7\u00e3o e mem\u00f3ria dos que deixaram saudades."},"aioseo_meta_data":{"post_id":"2274","title":null,"description":null,"keywords":null,"keyphrases":null,"primary_term":null,"canonical_url":null,"og_title":null,"og_description":null,"og_object_type":"default","og_image_type":"default","og_image_url":null,"og_image_width":null,"og_image_height":null,"og_image_custom_url":null,"og_image_custom_fields":null,"og_video":null,"og_custom_url":null,"og_article_section":null,"og_article_tags":null,"twitter_use_og":false,"twitter_card":"default","twitter_image_type":"default","twitter_image_url":null,"twitter_image_custom_url":null,"twitter_image_custom_fields":null,"twitter_title":null,"twitter_description":null,"schema":{"blockGraphs":[],"customGraphs":[],"default":{"data":{"Article":[],"Course":[],"Dataset":[],"FAQPage":[],"Movie":[],"Person":[],"Product":[],"ProductReview":[],"Car":[],"Recipe":[],"Service":[],"SoftwareApplication":[],"WebPage":[]},"graphName":"Article","isEnabled":true},"graphs":[]},"schema_type":"default","schema_type_options":null,"pillar_content":false,"robots_default":true,"robots_noindex":false,"robots_noarchive":false,"robots_nosnippet":false,"robots_nofollow":false,"robots_noimageindex":false,"robots_noodp":false,"robots_notranslate":false,"robots_max_snippet":null,"robots_max_videopreview":null,"robots_max_imagepreview":"large","priority":null,"frequency":null,"local_seo":null,"breadcrumb_settings":null,"limit_modified_date":false,"ai":null,"created":"2026-06-26 15:14:41","updated":"2026-06-26 15:26:36","focus_keyword":null,"additional_keywords":null,"truseo_locale":null,"seo_analyzer_scan_date":null},"aioseo_breadcrumb":"<div class=\"aioseo-breadcrumbs\"><span class=\"aioseo-breadcrumb\">\n\t\t\t<a href=\"https:\/\/www.encontrafeiradesantana.com.br\/sobre\" title=\"In\u00edcio\">In\u00edcio<\/a>\n\t\t<\/span><span class=\"aioseo-breadcrumb-separator\">&raquo;<\/span><span class=\"aioseo-breadcrumb\">\n\t\t\t<a href=\"https:\/\/www.encontrafeiradesantana.com.br\/sobre\/noticias-em-feira-de-santana\/\" title=\"Not\u00edcias Feira de Santana\">Not\u00edcias Feira de Santana<\/a>\n\t\t<\/span><span class=\"aioseo-breadcrumb-separator\">&raquo;<\/span><span class=\"aioseo-breadcrumb\">\n\t\t\tNOTA DE PESAR\n\t\t<\/span><\/div>","aioseo_breadcrumb_json":[{"label":"In\u00edcio","link":"https:\/\/www.encontrafeiradesantana.com.br\/sobre"},{"label":"Not\u00edcias Feira de Santana","link":"https:\/\/www.encontrafeiradesantana.com.br\/sobre\/noticias-em-feira-de-santana\/"},{"label":"NOTA DE PESAR","link":"https:\/\/www.encontrafeiradesantana.com.br\/sobre\/nota-de-pesar\/"}],"_links":{"self":[{"href":"https:\/\/www.encontrafeiradesantana.com.br\/sobre\/wp-json\/wp\/v2\/posts\/2274","targetHints":{"allow":["GET"]}}],"collection":[{"href":"https:\/\/www.encontrafeiradesantana.com.br\/sobre\/wp-json\/wp\/v2\/posts"}],"about":[{"href":"https:\/\/www.encontrafeiradesantana.com.br\/sobre\/wp-json\/wp\/v2\/types\/post"}],"author":[{"embeddable":true,"href":"https:\/\/www.encontrafeiradesantana.com.br\/sobre\/wp-json\/wp\/v2\/users\/1"}],"replies":[{"embeddable":true,"href":"https:\/\/www.encontrafeiradesantana.com.br\/sobre\/wp-json\/wp\/v2\/comments?post=2274"}],"version-history":[{"count":0,"href":"https:\/\/www.encontrafeiradesantana.com.br\/sobre\/wp-json\/wp\/v2\/posts\/2274\/revisions"}],"wp:featuredmedia":[{"embeddable":true,"href":"https:\/\/www.encontrafeiradesantana.com.br\/sobre\/wp-json\/wp\/v2\/media\/2273"}],"wp:attachment":[{"href":"https:\/\/www.encontrafeiradesantana.com.br\/sobre\/wp-json\/wp\/v2\/media?parent=2274"}],"wp:term":[{"taxonomy":"category","embeddable":true,"href":"https:\/\/www.encontrafeiradesantana.com.br\/sobre\/wp-json\/wp\/v2\/categories?post=2274"},{"taxonomy":"post_tag","embeddable":true,"href":"https:\/\/www.encontrafeiradesantana.com.br\/sobre\/wp-json\/wp\/v2\/tags?post=2274"}],"curies":[{"name":"wp","href":"https:\/\/api.w.org\/{rel}","templated":true}]}}