{"id":2164,"date":"2026-06-02T03:17:25","date_gmt":"2026-06-02T06:17:25","guid":{"rendered":"https:\/\/www.encontrafeiradesantana.com.br\/sobre\/prefeitura-de-feira-destaca-desempenho-do-curso-pioneiro-de-formacao-intermunicipal-de-guardas\/"},"modified":"2026-06-02T03:17:25","modified_gmt":"2026-06-02T06:17:25","slug":"prefeitura-de-feira-destaca-desempenho-do-curso-pioneiro-de-formacao-intermunicipal-de-guardas","status":"publish","type":"post","link":"https:\/\/www.encontrafeiradesantana.com.br\/sobre\/prefeitura-de-feira-destaca-desempenho-do-curso-pioneiro-de-formacao-intermunicipal-de-guardas\/","title":{"rendered":"Prefeitura de Feira destaca desempenho do curso pioneiro de forma\u00e7\u00e3o intermunicipal de guardas"},"content":{"rendered":"<div class=\"3f468104ad11f00a3c9ac948316f4265\" data-index=\"1\" style=\"float: none; margin:0px;\">\n<ins class=\"adsbygoogle\"\r\n     style=\"display:block\"\r\n     data-ad-client=\"ca-pub-8585364105181520\"\r\n     data-ad-slot=\"8789329856\"\r\n     data-ad-format=\"auto\"\r\n     data-full-width-responsive=\"true\"><\/ins>\r\n<script>\r\n     (adsbygoogle = window.adsbygoogle || []).push({});\r\n<\/script>\r\n\n<\/div>\n<h2>Import\u00e2ncia da Forma\u00e7\u00e3o de Guardas Municipais<\/h2>\n<p>A forma\u00e7\u00e3o de guardas municipais \u00e9 crucial para garantir a seguran\u00e7a nas cidades e promover a prote\u00e7\u00e3o dos cidad\u00e3os. Treinamentos adequados fortalecem a atua\u00e7\u00e3o desses profissionais, permitindo-lhes enfrentar desafios di\u00e1rios com maior efici\u00eancia e responsabilidade.<\/p>\n<p>Com um enfoque na elevac\u00e3o de padr\u00f5es operacionais e na integra\u00e7\u00e3o entre as diferentes corpora\u00e7\u00f5es, a forma\u00e7\u00e3o contribui para uma a\u00e7\u00e3o efetiva na preven\u00e7\u00e3o e no combate \u00e0 criminalidade.<\/p>\n<h2>Detalhes do Curso de Forma\u00e7\u00e3o Integrado<\/h2>\n<p>O Curso de Forma\u00e7\u00e3o Integrado das Guardas Municipais da Regi\u00e3o Metropolitana, iniciado no dia 4 de maio, possui uma carga hor\u00e1ria de 500 horas. Este treinamento envolve 58 novos guardas municipais provenientes de diversos munic\u00edpios, incluindo Feira de Santana, Santo Est\u00eav\u00e3o, Serra Preta e Concei\u00e7\u00e3o do Jacu\u00edpe. As aulas est\u00e3o sendo realizadas na sede da Guarda Municipal, localizada na Rua Santos Dumont.<\/p>\n<p><img decoding=\"async\" src=\"https:\/\/www.encontrafeiradesantana.com.br\/sobre\/wp-content\/uploads\/2026\/06\/prefeitura-de-feira-destaca-desempenho-do-curso-pioneiro-de-formacao-intermunicipal-de-guardas.webp\" alt=\"forma\u00e7\u00e3o intermunicipal de guardas\" loading=\"lazy\" \/><\/p>\n<p>O projeto \u00e9 reconhecido como pioneiro em sua abordagem, unindo alunos de v\u00e1rias localidades em um modelo de coopera\u00e7\u00e3o t\u00e9cnica inovador. O foco \u00e9 capacitar os profissionais para um servi\u00e7o de qualidade, elevando os padr\u00f5es de seguran\u00e7a p\u00fablica na regi\u00e3o.<\/p>\n<h2>A experi\u00eancia de alunos de v\u00e1rias cidades<\/h2>\n<p>Os alunos do curso est\u00e3o experimentando um interc\u00e2mbio valioso de conhecimento e experi\u00eancias. Essa troca enriquece o aprendizado e fortalece as redes de colabora\u00e7\u00e3o entre os munic\u00edpios, permitindo que guardas de diferentes origens aprendam uns com os outros sobre as pr\u00e1ticas e desafios locais. Essa intera\u00e7\u00e3o cria um ambiente de solidariedade e coopera\u00e7\u00e3o entre os profissionais, essencial para a constru\u00e7\u00e3o de uma seguran\u00e7a p\u00fablica eficaz.<\/p>\n<h2>Envolvimento do Prefeito e Secretaria de Comunica\u00e7\u00e3o<\/h2>\n<p>Durante uma visita aos participantes do curso, o prefeito Jos\u00e9 Ronaldo de Carvalho ressaltou a import\u00e2ncia da forma\u00e7\u00e3o cont\u00ednua para a efetividade do trabalho dos guardas municipais. A presen\u00e7a dele, juntamente com outros representantes do governo, demonstra o comprometimento da administra\u00e7\u00e3o com a seguran\u00e7a p\u00fablica e a valoriza\u00e7\u00e3o dos profissionais que atuam na \u00e1rea. Este suporte institucional \u00e9 fundamental para a continuidade do programa e o sucesso dos futuros guardas.<\/p>\n<h2>O papel da Pol\u00edcia Militar no curso<\/h2>\n<p>O curso tamb\u00e9m conta com a colabora\u00e7\u00e3o da Pol\u00edcia Militar, que participa ativamente das aulas, proporcionando uma perspectiva adicional sobre a seguran\u00e7a p\u00fablica. O comandante regional da Pol\u00edcia Militar, Coronel Muller, esteve presente, evidenciando a import\u00e2ncia do trabalho em conjunto entre as for\u00e7as de seguran\u00e7a para garantir uma abordagem abrangente e integrada nas opera\u00e7\u00f5es de seguran\u00e7a das cidades.<\/p>\n<h2>Capacita\u00e7\u00e3o como refer\u00eancia regional<\/h2>\n<p>Este curso foi concebido como um modelo de refer\u00eancia para a forma\u00e7\u00e3o de guardas municipais na regi\u00e3o. A iniciativa visa n\u00e3o apenas qualificar o contingente atual, mas tamb\u00e9m servir de base para a cria\u00e7\u00e3o de novos programas de forma\u00e7\u00e3o em outras localidades. Essa padroniza\u00e7\u00e3o \u00e9 essencial para garantir um n\u00edvel consistente de forma\u00e7\u00e3o e efic\u00e1cia nas a\u00e7\u00f5es de seguran\u00e7a p\u00fablica.<\/p>\n<h2>Disciplinas abordadas durante o curso<\/h2>\n<p>O conte\u00fado program\u00e1tico do curso inclui uma variedade de disciplinas que s\u00e3o vitais para a forma\u00e7\u00e3o dos futuros guardas. Entre as \u00e1reas abordadas, destacam-se:<\/p>\n<ul>\n<li><strong>Legisla\u00e7\u00e3o:<\/strong> Conhecimento das leis que regem o trabalho de seguran\u00e7a p\u00fablica.<\/li>\n<li><strong>T\u00e9cnicas Operacionais:<\/strong> Pr\u00e1ticas de a\u00e7\u00e3o em situa\u00e7\u00f5es de emerg\u00eancia e manuseio de equipamentos.<\/li>\n<li><strong>Direitos Humanos:<\/strong> Forma\u00e7\u00e3o \u00e9tica que respeita os direitos do cidad\u00e3o.<\/li>\n<li><strong>Rela\u00e7\u00e3o com a Comunidade:<\/strong> Como estabelecer uma comunica\u00e7\u00e3o eficaz com os cidad\u00e3os.<\/li>\n<\/ul>\n<p>A integra\u00e7\u00e3o dessas disciplinas visa preparar os alunos de forma abrangente, garantindo que estejam prontos para atuar com responsabilidade e compet\u00eancia nas suas fun\u00e7\u00f5es.<\/p>\n<h2>Impacto positivo na seguran\u00e7a p\u00fablica<\/h2>\n<p>A qualifica\u00e7\u00e3o dos guardas municipais tem um impacto direto na seguran\u00e7a p\u00fablica local. Profissionais bem treinados s\u00e3o capazes de identificar e responder a situa\u00e7\u00f5es de risco de forma mais eficaz, contribuindo para a redu\u00e7\u00e3o da criminalidade e a promo\u00e7\u00e3o da paz social.<\/p>\n<p>Al\u00e9m disso, a forma\u00e7\u00e3o cont\u00ednua garante que os guardas estejam sempre atualizados sobre novas legisla\u00e7\u00f5es e t\u00e9cnicas, o que \u00e9 fundamental para uma atua\u00e7\u00e3o proativa e responsiva \u00e0s necessidades da comunidade.<\/p>\n<h2>Interc\u00e2mbio de experi\u00eancias entre munic\u00edpios<\/h2>\n<p>O curso n\u00e3o s\u00f3 melhora as habilidades dos indiv\u00edduos, mas tamb\u00e9m promove um interc\u00e2mbio de experi\u00eancias valiosas entre diferentes munic\u00edpios. Isso gera uma atmosfera de aprendizado colaborativo, onde pr\u00e1ticas exitosas e estrat\u00e9gias bem-sucedidas podem ser compartilhadas, ampliando o conhecimento coletivo dos profissionais envolvidos.<\/p>\n<p>A troca de conhecimentos \u00e9 fundamental para a implementa\u00e7\u00e3o de solu\u00e7\u00f5es criativas e eficazes para os desafios enfrentados pelas guardas municipais na regi\u00e3o.<\/p>\n<h2>Planos futuros para novas turmas de guardas<\/h2>\n<p>Com o sucesso do curso atual, a Prefeitura de Feira de Santana e outras autoridades locais j\u00e1 est\u00e3o considerando a expans\u00e3o dessa forma\u00e7\u00e3o para novas turmas. Essa \u00e9 uma estrat\u00e9gia para assegurar que mais guardas municipais recebam a forma\u00e7\u00e3o adequada, ampliando o alcance e a efic\u00e1cia da seguran\u00e7a p\u00fablica na regi\u00e3o.<\/p>\n<p>Essa continuidade no treinamento n\u00e3o s\u00f3 beneficiar\u00e1 os profissionais, mas tamb\u00e9m contribuir\u00e1 para a forma\u00e7\u00e3o de um ambiente mais seguro e coeso nas cidades envolvidas, refletindo a import\u00e2ncia de investimentos em educa\u00e7\u00e3o e capacita\u00e7\u00e3o na \u00e1rea da seguran\u00e7a.<\/p>\n\n<div style=\"font-size: 0px; height: 0px; line-height: 0px; margin: 0; padding: 0; clear: both;\"><\/div>","protected":false},"excerpt":{"rendered":"<p>Curso pioneiro de forma\u00e7\u00e3o de guardas \u00e9 destaque na Prefeitura de Feira.<\/p>\n","protected":false},"author":1,"featured_media":2163,"comment_status":"open","ping_status":"closed","sticky":false,"template":"","format":"standard","meta":{"footnotes":""},"categories":[6],"tags":[],"class_list":["post-2164","post","type-post","status-publish","format-standard","has-post-thumbnail","hentry","category-noticias-em-feira-de-santana","has_thumb"],"aioseo_notices":[],"aioseo_head":"\n\t\t<!-- All in One SEO 5.0.0.1 - aioseo.com -->\n\t<meta name=\"description\" content=\"Curso pioneiro de forma\u00e7\u00e3o de guardas \u00e9 destaque na Prefeitura de Feira.\" \/>\n\t<meta name=\"robots\" content=\"max-image-preview:large\" \/>\n\t<meta name=\"author\" content=\"Encontra Feira de Santana\"\/>\n\t<link rel=\"canonical\" href=\"https:\/\/www.encontrafeiradesantana.com.br\/sobre\/prefeitura-de-feira-destaca-desempenho-do-curso-pioneiro-de-formacao-intermunicipal-de-guardas\/\" \/>\n\t<meta name=\"generator\" content=\"All in One SEO (AIOSEO) 5.0.0.1\" \/>\n\t\t<meta property=\"og:locale\" content=\"pt_BR\" \/>\n\t\t<meta property=\"og:site_name\" content=\"Encontra Feira de Santana | Not\u00edcias, eventos, informa\u00e7\u00f5es e dicas na cidade Feira de Santana e regi\u00e3o.\" \/>\n\t\t<meta property=\"og:type\" content=\"article\" \/>\n\t\t<meta property=\"og:title\" content=\"Prefeitura de Feira destaca desempenho do curso pioneiro de forma\u00e7\u00e3o intermunicipal de guardas | Encontra Feira de Santana\" \/>\n\t\t<meta property=\"og:description\" content=\"Curso pioneiro de forma\u00e7\u00e3o de guardas \u00e9 destaque na Prefeitura de Feira.\" \/>\n\t\t<meta property=\"og:url\" content=\"https:\/\/www.encontrafeiradesantana.com.br\/sobre\/prefeitura-de-feira-destaca-desempenho-do-curso-pioneiro-de-formacao-intermunicipal-de-guardas\/\" \/>\n\t\t<meta property=\"article:published_time\" content=\"2026-06-02T06:17:25+00:00\" \/>\n\t\t<meta property=\"article:modified_time\" content=\"2026-06-02T06:17:25+00:00\" \/>\n\t\t<meta name=\"twitter:card\" content=\"summary\" \/>\n\t\t<meta name=\"twitter:title\" content=\"Prefeitura de Feira destaca desempenho do curso pioneiro de forma\u00e7\u00e3o intermunicipal de guardas | Encontra Feira de Santana\" \/>\n\t\t<meta name=\"twitter:description\" content=\"Curso pioneiro de forma\u00e7\u00e3o de guardas \u00e9 destaque na Prefeitura de Feira.\" \/>\n\t\t<script type=\"application\/ld+json\" class=\"aioseo-schema\">\n\t\t\t{\"@context\":\"https:\\\/\\\/schema.org\",\"@graph\":[{\"@type\":\"Article\",\"@id\":\"https:\\\/\\\/www.encontrafeiradesantana.com.br\\\/sobre\\\/prefeitura-de-feira-destaca-desempenho-do-curso-pioneiro-de-formacao-intermunicipal-de-guardas\\\/#article\",\"name\":\"Prefeitura de Feira destaca desempenho do curso pioneiro de forma\\u00e7\\u00e3o intermunicipal de guardas | Encontra Feira de Santana\",\"headline\":\"Prefeitura de Feira destaca desempenho do curso pioneiro de forma\\u00e7\\u00e3o intermunicipal de guardas\",\"author\":{\"@id\":\"https:\\\/\\\/www.encontrafeiradesantana.com.br\\\/sobre\\\/author\\\/efeiradesantana\\\/#author\"},\"publisher\":{\"@id\":\"https:\\\/\\\/www.encontrafeiradesantana.com.br\\\/sobre\\\/#organization\"},\"image\":{\"@type\":\"ImageObject\",\"url\":\"https:\\\/\\\/www.encontrafeiradesantana.com.br\\\/sobre\\\/wp-content\\\/uploads\\\/2026\\\/06\\\/prefeitura-de-feira-destaca-desempenho-do-curso-pioneiro-de-formacao-intermunicipal-de-guardas.webp\",\"width\":280,\"height\":280,\"caption\":\"forma\\u00e7\\u00e3o intermunicipal de guardas\"},\"datePublished\":\"2026-06-02T03:17:25-03:00\",\"dateModified\":\"2026-06-02T03:17:25-03:00\",\"inLanguage\":\"pt-BR\",\"mainEntityOfPage\":{\"@id\":\"https:\\\/\\\/www.encontrafeiradesantana.com.br\\\/sobre\\\/prefeitura-de-feira-destaca-desempenho-do-curso-pioneiro-de-formacao-intermunicipal-de-guardas\\\/#webpage\"},\"isPartOf\":{\"@id\":\"https:\\\/\\\/www.encontrafeiradesantana.com.br\\\/sobre\\\/prefeitura-de-feira-destaca-desempenho-do-curso-pioneiro-de-formacao-intermunicipal-de-guardas\\\/#webpage\"},\"articleSection\":\"Not\\u00edcias Feira de Santana\"},{\"@type\":\"BreadcrumbList\",\"@id\":\"https:\\\/\\\/www.encontrafeiradesantana.com.br\\\/sobre\\\/prefeitura-de-feira-destaca-desempenho-do-curso-pioneiro-de-formacao-intermunicipal-de-guardas\\\/#breadcrumblist\",\"itemListElement\":[{\"@type\":\"ListItem\",\"@id\":\"https:\\\/\\\/www.encontrafeiradesantana.com.br\\\/sobre#listItem\",\"position\":1,\"name\":\"In\\u00edcio\",\"item\":\"https:\\\/\\\/www.encontrafeiradesantana.com.br\\\/sobre\",\"nextItem\":{\"@type\":\"ListItem\",\"@id\":\"https:\\\/\\\/www.encontrafeiradesantana.com.br\\\/sobre\\\/noticias-em-feira-de-santana\\\/#listItem\",\"name\":\"Not\\u00edcias Feira de Santana\"}},{\"@type\":\"ListItem\",\"@id\":\"https:\\\/\\\/www.encontrafeiradesantana.com.br\\\/sobre\\\/noticias-em-feira-de-santana\\\/#listItem\",\"position\":2,\"name\":\"Not\\u00edcias Feira de Santana\",\"item\":\"https:\\\/\\\/www.encontrafeiradesantana.com.br\\\/sobre\\\/noticias-em-feira-de-santana\\\/\",\"nextItem\":{\"@type\":\"ListItem\",\"@id\":\"https:\\\/\\\/www.encontrafeiradesantana.com.br\\\/sobre\\\/prefeitura-de-feira-destaca-desempenho-do-curso-pioneiro-de-formacao-intermunicipal-de-guardas\\\/#listItem\",\"name\":\"Prefeitura de Feira destaca desempenho do curso pioneiro de forma\\u00e7\\u00e3o intermunicipal de guardas\"},\"previousItem\":{\"@type\":\"ListItem\",\"@id\":\"https:\\\/\\\/www.encontrafeiradesantana.com.br\\\/sobre#listItem\",\"name\":\"In\\u00edcio\"}},{\"@type\":\"ListItem\",\"@id\":\"https:\\\/\\\/www.encontrafeiradesantana.com.br\\\/sobre\\\/prefeitura-de-feira-destaca-desempenho-do-curso-pioneiro-de-formacao-intermunicipal-de-guardas\\\/#listItem\",\"position\":3,\"name\":\"Prefeitura de Feira destaca desempenho do curso pioneiro de forma\\u00e7\\u00e3o intermunicipal de guardas\",\"previousItem\":{\"@type\":\"ListItem\",\"@id\":\"https:\\\/\\\/www.encontrafeiradesantana.com.br\\\/sobre\\\/noticias-em-feira-de-santana\\\/#listItem\",\"name\":\"Not\\u00edcias Feira de Santana\"}}]},{\"@type\":\"Organization\",\"@id\":\"https:\\\/\\\/www.encontrafeiradesantana.com.br\\\/sobre\\\/#organization\",\"name\":\"Encontra Feira de Santana\",\"description\":\"Not\\u00edcias, eventos, informa\\u00e7\\u00f5es e dicas na cidade Feira de Santana e regi\\u00e3o.\",\"url\":\"https:\\\/\\\/www.encontrafeiradesantana.com.br\\\/sobre\\\/\"},{\"@type\":\"Person\",\"@id\":\"https:\\\/\\\/www.encontrafeiradesantana.com.br\\\/sobre\\\/author\\\/efeiradesantana\\\/#author\",\"url\":\"https:\\\/\\\/www.encontrafeiradesantana.com.br\\\/sobre\\\/author\\\/efeiradesantana\\\/\",\"name\":\"Encontra Feira de Santana\",\"image\":{\"@type\":\"ImageObject\",\"@id\":\"https:\\\/\\\/www.encontrafeiradesantana.com.br\\\/sobre\\\/prefeitura-de-feira-destaca-desempenho-do-curso-pioneiro-de-formacao-intermunicipal-de-guardas\\\/#authorImage\",\"url\":\"https:\\\/\\\/secure.gravatar.com\\\/avatar\\\/507340682b8270222e1f208e23198b6ae7e2c6a1033ae84e99bc6bce4f82a387?s=96&d=mm&r=g\",\"width\":96,\"height\":96,\"caption\":\"Encontra Feira de Santana\"}},{\"@type\":\"WebPage\",\"@id\":\"https:\\\/\\\/www.encontrafeiradesantana.com.br\\\/sobre\\\/prefeitura-de-feira-destaca-desempenho-do-curso-pioneiro-de-formacao-intermunicipal-de-guardas\\\/#webpage\",\"url\":\"https:\\\/\\\/www.encontrafeiradesantana.com.br\\\/sobre\\\/prefeitura-de-feira-destaca-desempenho-do-curso-pioneiro-de-formacao-intermunicipal-de-guardas\\\/\",\"name\":\"Prefeitura de Feira destaca desempenho do curso pioneiro de forma\\u00e7\\u00e3o intermunicipal de guardas | Encontra Feira de Santana\",\"description\":\"Curso pioneiro de forma\\u00e7\\u00e3o de guardas \\u00e9 destaque na Prefeitura de Feira.\",\"inLanguage\":\"pt-BR\",\"isPartOf\":{\"@id\":\"https:\\\/\\\/www.encontrafeiradesantana.com.br\\\/sobre\\\/#website\"},\"breadcrumb\":{\"@id\":\"https:\\\/\\\/www.encontrafeiradesantana.com.br\\\/sobre\\\/prefeitura-de-feira-destaca-desempenho-do-curso-pioneiro-de-formacao-intermunicipal-de-guardas\\\/#breadcrumblist\"},\"author\":{\"@id\":\"https:\\\/\\\/www.encontrafeiradesantana.com.br\\\/sobre\\\/author\\\/efeiradesantana\\\/#author\"},\"creator\":{\"@id\":\"https:\\\/\\\/www.encontrafeiradesantana.com.br\\\/sobre\\\/author\\\/efeiradesantana\\\/#author\"},\"image\":{\"@type\":\"ImageObject\",\"url\":\"https:\\\/\\\/www.encontrafeiradesantana.com.br\\\/sobre\\\/wp-content\\\/uploads\\\/2026\\\/06\\\/prefeitura-de-feira-destaca-desempenho-do-curso-pioneiro-de-formacao-intermunicipal-de-guardas.webp\",\"@id\":\"https:\\\/\\\/www.encontrafeiradesantana.com.br\\\/sobre\\\/prefeitura-de-feira-destaca-desempenho-do-curso-pioneiro-de-formacao-intermunicipal-de-guardas\\\/#mainImage\",\"width\":280,\"height\":280,\"caption\":\"forma\\u00e7\\u00e3o intermunicipal de guardas\"},\"primaryImageOfPage\":{\"@id\":\"https:\\\/\\\/www.encontrafeiradesantana.com.br\\\/sobre\\\/prefeitura-de-feira-destaca-desempenho-do-curso-pioneiro-de-formacao-intermunicipal-de-guardas\\\/#mainImage\"},\"datePublished\":\"2026-06-02T03:17:25-03:00\",\"dateModified\":\"2026-06-02T03:17:25-03:00\"},{\"@type\":\"WebSite\",\"@id\":\"https:\\\/\\\/www.encontrafeiradesantana.com.br\\\/sobre\\\/#website\",\"url\":\"https:\\\/\\\/www.encontrafeiradesantana.com.br\\\/sobre\\\/\",\"name\":\"Encontra Feira de Santana\",\"description\":\"Not\\u00edcias, eventos, informa\\u00e7\\u00f5es e dicas na cidade Feira de Santana e regi\\u00e3o.\",\"inLanguage\":\"pt-BR\",\"publisher\":{\"@id\":\"https:\\\/\\\/www.encontrafeiradesantana.com.br\\\/sobre\\\/#organization\"}}]}\n\t\t<\/script>\n\t\t<!-- All in One SEO -->\n\n","aioseo_head_json":{"title":"Prefeitura de Feira destaca desempenho do curso pioneiro de forma\u00e7\u00e3o intermunicipal de guardas | Encontra Feira de Santana","description":"Curso pioneiro de forma\u00e7\u00e3o de guardas \u00e9 destaque na Prefeitura de Feira.","canonical_url":"https:\/\/www.encontrafeiradesantana.com.br\/sobre\/prefeitura-de-feira-destaca-desempenho-do-curso-pioneiro-de-formacao-intermunicipal-de-guardas\/","robots":"max-image-preview:large","keywords":"","webmasterTools":{"miscellaneous":""},"schema":{"@context":"https:\/\/schema.org","@graph":[{"@type":"Article","@id":"https:\/\/www.encontrafeiradesantana.com.br\/sobre\/prefeitura-de-feira-destaca-desempenho-do-curso-pioneiro-de-formacao-intermunicipal-de-guardas\/#article","name":"Prefeitura de Feira destaca desempenho do curso pioneiro de forma\u00e7\u00e3o intermunicipal de guardas | Encontra Feira de Santana","headline":"Prefeitura de Feira destaca desempenho do curso pioneiro de forma\u00e7\u00e3o intermunicipal de guardas","author":{"@id":"https:\/\/www.encontrafeiradesantana.com.br\/sobre\/author\/efeiradesantana\/#author"},"publisher":{"@id":"https:\/\/www.encontrafeiradesantana.com.br\/sobre\/#organization"},"image":{"@type":"ImageObject","url":"https:\/\/www.encontrafeiradesantana.com.br\/sobre\/wp-content\/uploads\/2026\/06\/prefeitura-de-feira-destaca-desempenho-do-curso-pioneiro-de-formacao-intermunicipal-de-guardas.webp","width":280,"height":280,"caption":"forma\u00e7\u00e3o intermunicipal de guardas"},"datePublished":"2026-06-02T03:17:25-03:00","dateModified":"2026-06-02T03:17:25-03:00","inLanguage":"pt-BR","mainEntityOfPage":{"@id":"https:\/\/www.encontrafeiradesantana.com.br\/sobre\/prefeitura-de-feira-destaca-desempenho-do-curso-pioneiro-de-formacao-intermunicipal-de-guardas\/#webpage"},"isPartOf":{"@id":"https:\/\/www.encontrafeiradesantana.com.br\/sobre\/prefeitura-de-feira-destaca-desempenho-do-curso-pioneiro-de-formacao-intermunicipal-de-guardas\/#webpage"},"articleSection":"Not\u00edcias Feira de Santana"},{"@type":"BreadcrumbList","@id":"https:\/\/www.encontrafeiradesantana.com.br\/sobre\/prefeitura-de-feira-destaca-desempenho-do-curso-pioneiro-de-formacao-intermunicipal-de-guardas\/#breadcrumblist","itemListElement":[{"@type":"ListItem","@id":"https:\/\/www.encontrafeiradesantana.com.br\/sobre#listItem","position":1,"name":"In\u00edcio","item":"https:\/\/www.encontrafeiradesantana.com.br\/sobre","nextItem":{"@type":"ListItem","@id":"https:\/\/www.encontrafeiradesantana.com.br\/sobre\/noticias-em-feira-de-santana\/#listItem","name":"Not\u00edcias Feira de Santana"}},{"@type":"ListItem","@id":"https:\/\/www.encontrafeiradesantana.com.br\/sobre\/noticias-em-feira-de-santana\/#listItem","position":2,"name":"Not\u00edcias Feira de Santana","item":"https:\/\/www.encontrafeiradesantana.com.br\/sobre\/noticias-em-feira-de-santana\/","nextItem":{"@type":"ListItem","@id":"https:\/\/www.encontrafeiradesantana.com.br\/sobre\/prefeitura-de-feira-destaca-desempenho-do-curso-pioneiro-de-formacao-intermunicipal-de-guardas\/#listItem","name":"Prefeitura de Feira destaca desempenho do curso pioneiro de forma\u00e7\u00e3o intermunicipal de guardas"},"previousItem":{"@type":"ListItem","@id":"https:\/\/www.encontrafeiradesantana.com.br\/sobre#listItem","name":"In\u00edcio"}},{"@type":"ListItem","@id":"https:\/\/www.encontrafeiradesantana.com.br\/sobre\/prefeitura-de-feira-destaca-desempenho-do-curso-pioneiro-de-formacao-intermunicipal-de-guardas\/#listItem","position":3,"name":"Prefeitura de Feira destaca desempenho do curso pioneiro de forma\u00e7\u00e3o intermunicipal de guardas","previousItem":{"@type":"ListItem","@id":"https:\/\/www.encontrafeiradesantana.com.br\/sobre\/noticias-em-feira-de-santana\/#listItem","name":"Not\u00edcias Feira de Santana"}}]},{"@type":"Organization","@id":"https:\/\/www.encontrafeiradesantana.com.br\/sobre\/#organization","name":"Encontra Feira de Santana","description":"Not\u00edcias, eventos, informa\u00e7\u00f5es e dicas na cidade Feira de Santana e regi\u00e3o.","url":"https:\/\/www.encontrafeiradesantana.com.br\/sobre\/"},{"@type":"Person","@id":"https:\/\/www.encontrafeiradesantana.com.br\/sobre\/author\/efeiradesantana\/#author","url":"https:\/\/www.encontrafeiradesantana.com.br\/sobre\/author\/efeiradesantana\/","name":"Encontra Feira de Santana","image":{"@type":"ImageObject","@id":"https:\/\/www.encontrafeiradesantana.com.br\/sobre\/prefeitura-de-feira-destaca-desempenho-do-curso-pioneiro-de-formacao-intermunicipal-de-guardas\/#authorImage","url":"https:\/\/secure.gravatar.com\/avatar\/507340682b8270222e1f208e23198b6ae7e2c6a1033ae84e99bc6bce4f82a387?s=96&d=mm&r=g","width":96,"height":96,"caption":"Encontra Feira de Santana"}},{"@type":"WebPage","@id":"https:\/\/www.encontrafeiradesantana.com.br\/sobre\/prefeitura-de-feira-destaca-desempenho-do-curso-pioneiro-de-formacao-intermunicipal-de-guardas\/#webpage","url":"https:\/\/www.encontrafeiradesantana.com.br\/sobre\/prefeitura-de-feira-destaca-desempenho-do-curso-pioneiro-de-formacao-intermunicipal-de-guardas\/","name":"Prefeitura de Feira destaca desempenho do curso pioneiro de forma\u00e7\u00e3o intermunicipal de guardas | Encontra Feira de Santana","description":"Curso pioneiro de forma\u00e7\u00e3o de guardas \u00e9 destaque na Prefeitura de Feira.","inLanguage":"pt-BR","isPartOf":{"@id":"https:\/\/www.encontrafeiradesantana.com.br\/sobre\/#website"},"breadcrumb":{"@id":"https:\/\/www.encontrafeiradesantana.com.br\/sobre\/prefeitura-de-feira-destaca-desempenho-do-curso-pioneiro-de-formacao-intermunicipal-de-guardas\/#breadcrumblist"},"author":{"@id":"https:\/\/www.encontrafeiradesantana.com.br\/sobre\/author\/efeiradesantana\/#author"},"creator":{"@id":"https:\/\/www.encontrafeiradesantana.com.br\/sobre\/author\/efeiradesantana\/#author"},"image":{"@type":"ImageObject","url":"https:\/\/www.encontrafeiradesantana.com.br\/sobre\/wp-content\/uploads\/2026\/06\/prefeitura-de-feira-destaca-desempenho-do-curso-pioneiro-de-formacao-intermunicipal-de-guardas.webp","@id":"https:\/\/www.encontrafeiradesantana.com.br\/sobre\/prefeitura-de-feira-destaca-desempenho-do-curso-pioneiro-de-formacao-intermunicipal-de-guardas\/#mainImage","width":280,"height":280,"caption":"forma\u00e7\u00e3o intermunicipal de guardas"},"primaryImageOfPage":{"@id":"https:\/\/www.encontrafeiradesantana.com.br\/sobre\/prefeitura-de-feira-destaca-desempenho-do-curso-pioneiro-de-formacao-intermunicipal-de-guardas\/#mainImage"},"datePublished":"2026-06-02T03:17:25-03:00","dateModified":"2026-06-02T03:17:25-03:00"},{"@type":"WebSite","@id":"https:\/\/www.encontrafeiradesantana.com.br\/sobre\/#website","url":"https:\/\/www.encontrafeiradesantana.com.br\/sobre\/","name":"Encontra Feira de Santana","description":"Not\u00edcias, eventos, informa\u00e7\u00f5es e dicas na cidade Feira de Santana e regi\u00e3o.","inLanguage":"pt-BR","publisher":{"@id":"https:\/\/www.encontrafeiradesantana.com.br\/sobre\/#organization"}}]},"og:locale":"pt_BR","og:site_name":"Encontra Feira de Santana | Not\u00edcias, eventos, informa\u00e7\u00f5es e dicas na cidade Feira de Santana e regi\u00e3o.","og:type":"article","og:title":"Prefeitura de Feira destaca desempenho do curso pioneiro de forma\u00e7\u00e3o intermunicipal de guardas | Encontra Feira de Santana","og:description":"Curso pioneiro de forma\u00e7\u00e3o de guardas \u00e9 destaque na Prefeitura de Feira.","og:url":"https:\/\/www.encontrafeiradesantana.com.br\/sobre\/prefeitura-de-feira-destaca-desempenho-do-curso-pioneiro-de-formacao-intermunicipal-de-guardas\/","article:published_time":"2026-06-02T06:17:25+00:00","article:modified_time":"2026-06-02T06:17:25+00:00","twitter:card":"summary","twitter:title":"Prefeitura de Feira destaca desempenho do curso pioneiro de forma\u00e7\u00e3o intermunicipal de guardas | Encontra Feira de Santana","twitter:description":"Curso pioneiro de forma\u00e7\u00e3o de guardas \u00e9 destaque na Prefeitura de Feira."},"aioseo_meta_data":{"post_id":"2164","title":null,"description":null,"keywords":null,"keyphrases":null,"primary_term":null,"canonical_url":null,"og_title":null,"og_description":null,"og_object_type":"default","og_image_type":"default","og_image_url":null,"og_image_width":null,"og_image_height":null,"og_image_custom_url":null,"og_image_custom_fields":null,"og_video":null,"og_custom_url":null,"og_article_section":null,"og_article_tags":null,"twitter_use_og":false,"twitter_card":"default","twitter_image_type":"default","twitter_image_url":null,"twitter_image_custom_url":null,"twitter_image_custom_fields":null,"twitter_title":null,"twitter_description":null,"schema":{"blockGraphs":[],"customGraphs":[],"default":{"data":{"Article":[],"Course":[],"Dataset":[],"FAQPage":[],"Movie":[],"Person":[],"Product":[],"ProductReview":[],"Car":[],"Recipe":[],"Service":[],"SoftwareApplication":[],"WebPage":[]},"graphName":"Article","isEnabled":true},"graphs":[]},"schema_type":"default","schema_type_options":null,"pillar_content":false,"robots_default":true,"robots_noindex":false,"robots_noarchive":false,"robots_nosnippet":false,"robots_nofollow":false,"robots_noimageindex":false,"robots_noodp":false,"robots_notranslate":false,"robots_max_snippet":null,"robots_max_videopreview":null,"robots_max_imagepreview":"large","priority":null,"frequency":null,"local_seo":null,"breadcrumb_settings":null,"limit_modified_date":false,"ai":null,"created":"2026-06-02 06:19:35","updated":"2026-06-02 06:27:40","focus_keyword":null,"additional_keywords":null,"truseo_locale":null,"seo_analyzer_scan_date":null},"aioseo_breadcrumb":"<div class=\"aioseo-breadcrumbs\"><span class=\"aioseo-breadcrumb\">\n\t\t\t<a href=\"https:\/\/www.encontrafeiradesantana.com.br\/sobre\" title=\"In\u00edcio\">In\u00edcio<\/a>\n\t\t<\/span><span class=\"aioseo-breadcrumb-separator\">&raquo;<\/span><span class=\"aioseo-breadcrumb\">\n\t\t\t<a href=\"https:\/\/www.encontrafeiradesantana.com.br\/sobre\/noticias-em-feira-de-santana\/\" title=\"Not\u00edcias Feira de Santana\">Not\u00edcias Feira de Santana<\/a>\n\t\t<\/span><span class=\"aioseo-breadcrumb-separator\">&raquo;<\/span><span class=\"aioseo-breadcrumb\">\n\t\t\tPrefeitura de Feira destaca desempenho do curso pioneiro de forma\u00e7\u00e3o intermunicipal de guardas\n\t\t<\/span><\/div>","aioseo_breadcrumb_json":[{"label":"In\u00edcio","link":"https:\/\/www.encontrafeiradesantana.com.br\/sobre"},{"label":"Not\u00edcias Feira de Santana","link":"https:\/\/www.encontrafeiradesantana.com.br\/sobre\/noticias-em-feira-de-santana\/"},{"label":"Prefeitura de Feira destaca desempenho do curso pioneiro de forma\u00e7\u00e3o intermunicipal de guardas","link":"https:\/\/www.encontrafeiradesantana.com.br\/sobre\/prefeitura-de-feira-destaca-desempenho-do-curso-pioneiro-de-formacao-intermunicipal-de-guardas\/"}],"_links":{"self":[{"href":"https:\/\/www.encontrafeiradesantana.com.br\/sobre\/wp-json\/wp\/v2\/posts\/2164","targetHints":{"allow":["GET"]}}],"collection":[{"href":"https:\/\/www.encontrafeiradesantana.com.br\/sobre\/wp-json\/wp\/v2\/posts"}],"about":[{"href":"https:\/\/www.encontrafeiradesantana.com.br\/sobre\/wp-json\/wp\/v2\/types\/post"}],"author":[{"embeddable":true,"href":"https:\/\/www.encontrafeiradesantana.com.br\/sobre\/wp-json\/wp\/v2\/users\/1"}],"replies":[{"embeddable":true,"href":"https:\/\/www.encontrafeiradesantana.com.br\/sobre\/wp-json\/wp\/v2\/comments?post=2164"}],"version-history":[{"count":0,"href":"https:\/\/www.encontrafeiradesantana.com.br\/sobre\/wp-json\/wp\/v2\/posts\/2164\/revisions"}],"wp:featuredmedia":[{"embeddable":true,"href":"https:\/\/www.encontrafeiradesantana.com.br\/sobre\/wp-json\/wp\/v2\/media\/2163"}],"wp:attachment":[{"href":"https:\/\/www.encontrafeiradesantana.com.br\/sobre\/wp-json\/wp\/v2\/media?parent=2164"}],"wp:term":[{"taxonomy":"category","embeddable":true,"href":"https:\/\/www.encontrafeiradesantana.com.br\/sobre\/wp-json\/wp\/v2\/categories?post=2164"},{"taxonomy":"post_tag","embeddable":true,"href":"https:\/\/www.encontrafeiradesantana.com.br\/sobre\/wp-json\/wp\/v2\/tags?post=2164"}],"curies":[{"name":"wp","href":"https:\/\/api.w.org\/{rel}","templated":true}]}}