{"id":213,"date":"2013-05-07T00:01:33","date_gmt":"2013-05-07T03:01:33","guid":{"rendered":"http:\/\/www.encontrafeiradesantana.com.br\/noticias\/?p=213"},"modified":"2019-04-29T17:46:29","modified_gmt":"2019-04-29T20:46:29","slug":"prefeitura-de-feira-de-santana-busca-iniciativa-privada-para-contratar-grandes-atracoes-nos-festejos-juninos","status":"publish","type":"post","link":"https:\/\/www.encontrafeiradesantana.com.br\/sobre\/prefeitura-de-feira-de-santana-busca-iniciativa-privada-para-contratar-grandes-atracoes-nos-festejos-juninos\/","title":{"rendered":"Prefeitura de Feira de Santana busca iniciativa privada para contratar grandes atra\u00e7\u00f5es nos festejos juninos"},"content":{"rendered":"<div class=\"3f468104ad11f00a3c9ac948316f4265\" data-index=\"1\" style=\"float: none; margin:0px;\">\n<ins class=\"adsbygoogle\"\r\n     style=\"display:block\"\r\n     data-ad-client=\"ca-pub-8585364105181520\"\r\n     data-ad-slot=\"8789329856\"\r\n     data-ad-format=\"auto\"\r\n     data-full-width-responsive=\"true\"><\/ins>\r\n<script>\r\n     (adsbygoogle = window.adsbygoogle || []).push({});\r\n<\/script>\r\n\n<\/div>\n<p>A contrata\u00e7\u00e3o de cantores e bandas de express\u00e3o regional para animar os festejos juninos em Feira de Santana, no Estado da Bahia, est\u00e1 condicionada \u00e0 participa\u00e7\u00e3o da iniciativa privada, informou o prefeito Jos\u00e9 Ronaldo de Carvalho.<\/p>\n<p>A Prefeitura Municipal de Feira de Santana promove o S\u00e3o Jo\u00e3o de S\u00e3o Jos\u00e9, no distrito de Maria Quit\u00e9ria, e o S\u00e3o Pedro nos distritos de Bonfim de Feira, Ja\u00edba e Humildes.<\/p>\n<p>De acordo com o prefeito, se n\u00e3o houver a participa\u00e7\u00e3o de empresas, com a libera\u00e7\u00e3o de recursos, as festas do evento na cidade de Feira de Santana ser\u00e3o realizadas com atra\u00e7\u00f5es locais. A decis\u00e3o de n\u00e3o destinar alto valor de recursos p\u00fablicos est\u00e1 relacionada \u00e0 seca.<\/p>\n<p>Jos\u00e9 Ronaldo afirmou que vai procurar as empresas e apresentar o projeto da festa. \u201cQueremos realizar grandes S\u00e3o Jo\u00e3o e S\u00e3o Pedro, mas, diante das dificuldades, n\u00e3o podemos destinar altos recursos\u201d.<\/p>\n<p><em>Fonte: Acorda Cidade<\/em><\/p>\n\n<div style=\"font-size: 0px; height: 0px; line-height: 0px; margin: 0; padding: 0; clear: both;\"><\/div>","protected":false},"excerpt":{"rendered":"<p>A contrata\u00e7\u00e3o de cantores e bandas de express\u00e3o regional para animar os festejos juninos em Feira de Santana, no Estado da Bahia, est\u00e1 condicionada \u00e0 participa\u00e7\u00e3o da iniciativa privada, informou o prefeito Jos\u00e9 Ronaldo de Carvalho. A Prefeitura Municipal de Feira de Santana promove o S\u00e3o Jo\u00e3o de S\u00e3o Jos\u00e9, no distrito de Maria Quit\u00e9ria, e o S\u00e3o Pedro nos distritos de Bonfim de Feira, Ja\u00edba e Humildes. De acordo com o prefeito, se n\u00e3o houver a participa\u00e7\u00e3o de empresas, com a libera\u00e7\u00e3o de recursos, as festas do evento na cidade de Feira de Santana ser\u00e3o realizadas com atra\u00e7\u00f5es locais. <\/p>\n","protected":false},"author":1,"featured_media":0,"comment_status":"open","ping_status":"closed","sticky":false,"template":"","format":"standard","meta":{"footnotes":""},"categories":[6,8],"tags":[12],"class_list":["post-213","post","type-post","status-publish","format-standard","hentry","category-noticias-em-feira-de-santana","category-servicos-em-feira-de-santana","tag-feira-de-santana"],"aioseo_notices":[],"aioseo_head":"\n\t\t<!-- All in One SEO 5.0.0.1 - aioseo.com -->\n\t<meta name=\"description\" content=\"A contrata\u00e7\u00e3o de cantores e bandas de express\u00e3o regional para animar os festejos juninos em Feira de Santana, no Estado da Bahia, est\u00e1 condicionada \u00e0 participa\u00e7\u00e3o da iniciativa privada, informou o prefeito Jos\u00e9 Ronaldo de Carvalho. A Prefeitura Municipal de Feira de Santana promove o S\u00e3o Jo\u00e3o de S\u00e3o Jos\u00e9, no distrito de Maria Quit\u00e9ria,\" \/>\n\t<meta name=\"robots\" content=\"max-image-preview:large\" \/>\n\t<meta name=\"author\" content=\"Encontra Feira de Santana\"\/>\n\t<link rel=\"canonical\" href=\"https:\/\/www.encontrafeiradesantana.com.br\/sobre\/prefeitura-de-feira-de-santana-busca-iniciativa-privada-para-contratar-grandes-atracoes-nos-festejos-juninos\/\" \/>\n\t<meta name=\"generator\" content=\"All in One SEO (AIOSEO) 5.0.0.1\" \/>\n\t\t<meta property=\"og:locale\" content=\"pt_BR\" \/>\n\t\t<meta property=\"og:site_name\" content=\"Encontra Feira de Santana | Not\u00edcias, eventos, informa\u00e7\u00f5es e dicas na cidade Feira de Santana e regi\u00e3o.\" \/>\n\t\t<meta property=\"og:type\" content=\"article\" \/>\n\t\t<meta property=\"og:title\" content=\"Prefeitura de Feira de Santana busca iniciativa privada para contratar grandes atra\u00e7\u00f5es nos festejos juninos | Encontra Feira de Santana\" \/>\n\t\t<meta property=\"og:description\" content=\"A contrata\u00e7\u00e3o de cantores e bandas de express\u00e3o regional para animar os festejos juninos em Feira de Santana, no Estado da Bahia, est\u00e1 condicionada \u00e0 participa\u00e7\u00e3o da iniciativa privada, informou o prefeito Jos\u00e9 Ronaldo de Carvalho. A Prefeitura Municipal de Feira de Santana promove o S\u00e3o Jo\u00e3o de S\u00e3o Jos\u00e9, no distrito de Maria Quit\u00e9ria,\" \/>\n\t\t<meta property=\"og:url\" content=\"https:\/\/www.encontrafeiradesantana.com.br\/sobre\/prefeitura-de-feira-de-santana-busca-iniciativa-privada-para-contratar-grandes-atracoes-nos-festejos-juninos\/\" \/>\n\t\t<meta property=\"article:published_time\" content=\"2013-05-07T03:01:33+00:00\" \/>\n\t\t<meta property=\"article:modified_time\" content=\"2019-04-29T20:46:29+00:00\" \/>\n\t\t<meta name=\"twitter:card\" content=\"summary\" \/>\n\t\t<meta name=\"twitter:title\" content=\"Prefeitura de Feira de Santana busca iniciativa privada para contratar grandes atra\u00e7\u00f5es nos festejos juninos | Encontra Feira de Santana\" \/>\n\t\t<meta name=\"twitter:description\" content=\"A contrata\u00e7\u00e3o de cantores e bandas de express\u00e3o regional para animar os festejos juninos em Feira de Santana, no Estado da Bahia, est\u00e1 condicionada \u00e0 participa\u00e7\u00e3o da iniciativa privada, informou o prefeito Jos\u00e9 Ronaldo de Carvalho. A Prefeitura Municipal de Feira de Santana promove o S\u00e3o Jo\u00e3o de S\u00e3o Jos\u00e9, no distrito de Maria Quit\u00e9ria,\" \/>\n\t\t<script type=\"application\/ld+json\" class=\"aioseo-schema\">\n\t\t\t{\"@context\":\"https:\\\/\\\/schema.org\",\"@graph\":[{\"@type\":\"Article\",\"@id\":\"https:\\\/\\\/www.encontrafeiradesantana.com.br\\\/sobre\\\/prefeitura-de-feira-de-santana-busca-iniciativa-privada-para-contratar-grandes-atracoes-nos-festejos-juninos\\\/#article\",\"name\":\"Prefeitura de Feira de Santana busca iniciativa privada para contratar grandes atra\\u00e7\\u00f5es nos festejos juninos | Encontra Feira de Santana\",\"headline\":\"Prefeitura de Feira de Santana busca iniciativa privada para contratar grandes atra\\u00e7\\u00f5es nos festejos juninos\",\"author\":{\"@id\":\"https:\\\/\\\/www.encontrafeiradesantana.com.br\\\/sobre\\\/author\\\/efeiradesantana\\\/#author\"},\"publisher\":{\"@id\":\"https:\\\/\\\/www.encontrafeiradesantana.com.br\\\/sobre\\\/#organization\"},\"datePublished\":\"2013-05-07T00:01:33-03:00\",\"dateModified\":\"2019-04-29T17:46:29-03:00\",\"inLanguage\":\"pt-BR\",\"mainEntityOfPage\":{\"@id\":\"https:\\\/\\\/www.encontrafeiradesantana.com.br\\\/sobre\\\/prefeitura-de-feira-de-santana-busca-iniciativa-privada-para-contratar-grandes-atracoes-nos-festejos-juninos\\\/#webpage\"},\"isPartOf\":{\"@id\":\"https:\\\/\\\/www.encontrafeiradesantana.com.br\\\/sobre\\\/prefeitura-de-feira-de-santana-busca-iniciativa-privada-para-contratar-grandes-atracoes-nos-festejos-juninos\\\/#webpage\"},\"articleSection\":\"Not\\u00edcias Feira de Santana, Servi\\u00e7os Feira de Santana, Feira de Santana\"},{\"@type\":\"BreadcrumbList\",\"@id\":\"https:\\\/\\\/www.encontrafeiradesantana.com.br\\\/sobre\\\/prefeitura-de-feira-de-santana-busca-iniciativa-privada-para-contratar-grandes-atracoes-nos-festejos-juninos\\\/#breadcrumblist\",\"itemListElement\":[{\"@type\":\"ListItem\",\"@id\":\"https:\\\/\\\/www.encontrafeiradesantana.com.br\\\/sobre#listItem\",\"position\":1,\"name\":\"In\\u00edcio\",\"item\":\"https:\\\/\\\/www.encontrafeiradesantana.com.br\\\/sobre\",\"nextItem\":{\"@type\":\"ListItem\",\"@id\":\"https:\\\/\\\/www.encontrafeiradesantana.com.br\\\/sobre\\\/noticias-em-feira-de-santana\\\/#listItem\",\"name\":\"Not\\u00edcias Feira de Santana\"}},{\"@type\":\"ListItem\",\"@id\":\"https:\\\/\\\/www.encontrafeiradesantana.com.br\\\/sobre\\\/noticias-em-feira-de-santana\\\/#listItem\",\"position\":2,\"name\":\"Not\\u00edcias Feira de Santana\",\"item\":\"https:\\\/\\\/www.encontrafeiradesantana.com.br\\\/sobre\\\/noticias-em-feira-de-santana\\\/\",\"nextItem\":{\"@type\":\"ListItem\",\"@id\":\"https:\\\/\\\/www.encontrafeiradesantana.com.br\\\/sobre\\\/prefeitura-de-feira-de-santana-busca-iniciativa-privada-para-contratar-grandes-atracoes-nos-festejos-juninos\\\/#listItem\",\"name\":\"Prefeitura de Feira de Santana busca iniciativa privada para contratar grandes atra\\u00e7\\u00f5es nos festejos juninos\"},\"previousItem\":{\"@type\":\"ListItem\",\"@id\":\"https:\\\/\\\/www.encontrafeiradesantana.com.br\\\/sobre#listItem\",\"name\":\"In\\u00edcio\"}},{\"@type\":\"ListItem\",\"@id\":\"https:\\\/\\\/www.encontrafeiradesantana.com.br\\\/sobre\\\/prefeitura-de-feira-de-santana-busca-iniciativa-privada-para-contratar-grandes-atracoes-nos-festejos-juninos\\\/#listItem\",\"position\":3,\"name\":\"Prefeitura de Feira de Santana busca iniciativa privada para contratar grandes atra\\u00e7\\u00f5es nos festejos juninos\",\"previousItem\":{\"@type\":\"ListItem\",\"@id\":\"https:\\\/\\\/www.encontrafeiradesantana.com.br\\\/sobre\\\/noticias-em-feira-de-santana\\\/#listItem\",\"name\":\"Not\\u00edcias Feira de Santana\"}}]},{\"@type\":\"Organization\",\"@id\":\"https:\\\/\\\/www.encontrafeiradesantana.com.br\\\/sobre\\\/#organization\",\"name\":\"Encontra Feira de Santana\",\"description\":\"Not\\u00edcias, eventos, informa\\u00e7\\u00f5es e dicas na cidade Feira de Santana e regi\\u00e3o.\",\"url\":\"https:\\\/\\\/www.encontrafeiradesantana.com.br\\\/sobre\\\/\"},{\"@type\":\"Person\",\"@id\":\"https:\\\/\\\/www.encontrafeiradesantana.com.br\\\/sobre\\\/author\\\/efeiradesantana\\\/#author\",\"url\":\"https:\\\/\\\/www.encontrafeiradesantana.com.br\\\/sobre\\\/author\\\/efeiradesantana\\\/\",\"name\":\"Encontra Feira de Santana\",\"image\":{\"@type\":\"ImageObject\",\"@id\":\"https:\\\/\\\/www.encontrafeiradesantana.com.br\\\/sobre\\\/prefeitura-de-feira-de-santana-busca-iniciativa-privada-para-contratar-grandes-atracoes-nos-festejos-juninos\\\/#authorImage\",\"url\":\"https:\\\/\\\/secure.gravatar.com\\\/avatar\\\/507340682b8270222e1f208e23198b6ae7e2c6a1033ae84e99bc6bce4f82a387?s=96&d=mm&r=g\",\"width\":96,\"height\":96,\"caption\":\"Encontra Feira de Santana\"}},{\"@type\":\"WebPage\",\"@id\":\"https:\\\/\\\/www.encontrafeiradesantana.com.br\\\/sobre\\\/prefeitura-de-feira-de-santana-busca-iniciativa-privada-para-contratar-grandes-atracoes-nos-festejos-juninos\\\/#webpage\",\"url\":\"https:\\\/\\\/www.encontrafeiradesantana.com.br\\\/sobre\\\/prefeitura-de-feira-de-santana-busca-iniciativa-privada-para-contratar-grandes-atracoes-nos-festejos-juninos\\\/\",\"name\":\"Prefeitura de Feira de Santana busca iniciativa privada para contratar grandes atra\\u00e7\\u00f5es nos festejos juninos | Encontra Feira de Santana\",\"description\":\"A contrata\\u00e7\\u00e3o de cantores e bandas de express\\u00e3o regional para animar os festejos juninos em Feira de Santana, no Estado da Bahia, est\\u00e1 condicionada \\u00e0 participa\\u00e7\\u00e3o da iniciativa privada, informou o prefeito Jos\\u00e9 Ronaldo de Carvalho. A Prefeitura Municipal de Feira de Santana promove o S\\u00e3o Jo\\u00e3o de S\\u00e3o Jos\\u00e9, no distrito de Maria Quit\\u00e9ria,\",\"inLanguage\":\"pt-BR\",\"isPartOf\":{\"@id\":\"https:\\\/\\\/www.encontrafeiradesantana.com.br\\\/sobre\\\/#website\"},\"breadcrumb\":{\"@id\":\"https:\\\/\\\/www.encontrafeiradesantana.com.br\\\/sobre\\\/prefeitura-de-feira-de-santana-busca-iniciativa-privada-para-contratar-grandes-atracoes-nos-festejos-juninos\\\/#breadcrumblist\"},\"author\":{\"@id\":\"https:\\\/\\\/www.encontrafeiradesantana.com.br\\\/sobre\\\/author\\\/efeiradesantana\\\/#author\"},\"creator\":{\"@id\":\"https:\\\/\\\/www.encontrafeiradesantana.com.br\\\/sobre\\\/author\\\/efeiradesantana\\\/#author\"},\"datePublished\":\"2013-05-07T00:01:33-03:00\",\"dateModified\":\"2019-04-29T17:46:29-03:00\"},{\"@type\":\"WebSite\",\"@id\":\"https:\\\/\\\/www.encontrafeiradesantana.com.br\\\/sobre\\\/#website\",\"url\":\"https:\\\/\\\/www.encontrafeiradesantana.com.br\\\/sobre\\\/\",\"name\":\"Encontra Feira de Santana\",\"description\":\"Not\\u00edcias, eventos, informa\\u00e7\\u00f5es e dicas na cidade Feira de Santana e regi\\u00e3o.\",\"inLanguage\":\"pt-BR\",\"publisher\":{\"@id\":\"https:\\\/\\\/www.encontrafeiradesantana.com.br\\\/sobre\\\/#organization\"}}]}\n\t\t<\/script>\n\t\t<!-- All in One SEO -->\n\n","aioseo_head_json":{"title":"Prefeitura de Feira de Santana busca iniciativa privada para contratar grandes atra\u00e7\u00f5es nos festejos juninos | Encontra Feira de Santana","description":"A contrata\u00e7\u00e3o de cantores e bandas de express\u00e3o regional para animar os festejos juninos em Feira de Santana, no Estado da Bahia, est\u00e1 condicionada \u00e0 participa\u00e7\u00e3o da iniciativa privada, informou o prefeito Jos\u00e9 Ronaldo de Carvalho. A Prefeitura Municipal de Feira de Santana promove o S\u00e3o Jo\u00e3o de S\u00e3o Jos\u00e9, no distrito de Maria Quit\u00e9ria,","canonical_url":"https:\/\/www.encontrafeiradesantana.com.br\/sobre\/prefeitura-de-feira-de-santana-busca-iniciativa-privada-para-contratar-grandes-atracoes-nos-festejos-juninos\/","robots":"max-image-preview:large","keywords":"","webmasterTools":{"miscellaneous":""},"schema":{"@context":"https:\/\/schema.org","@graph":[{"@type":"Article","@id":"https:\/\/www.encontrafeiradesantana.com.br\/sobre\/prefeitura-de-feira-de-santana-busca-iniciativa-privada-para-contratar-grandes-atracoes-nos-festejos-juninos\/#article","name":"Prefeitura de Feira de Santana busca iniciativa privada para contratar grandes atra\u00e7\u00f5es nos festejos juninos | Encontra Feira de Santana","headline":"Prefeitura de Feira de Santana busca iniciativa privada para contratar grandes atra\u00e7\u00f5es nos festejos juninos","author":{"@id":"https:\/\/www.encontrafeiradesantana.com.br\/sobre\/author\/efeiradesantana\/#author"},"publisher":{"@id":"https:\/\/www.encontrafeiradesantana.com.br\/sobre\/#organization"},"datePublished":"2013-05-07T00:01:33-03:00","dateModified":"2019-04-29T17:46:29-03:00","inLanguage":"pt-BR","mainEntityOfPage":{"@id":"https:\/\/www.encontrafeiradesantana.com.br\/sobre\/prefeitura-de-feira-de-santana-busca-iniciativa-privada-para-contratar-grandes-atracoes-nos-festejos-juninos\/#webpage"},"isPartOf":{"@id":"https:\/\/www.encontrafeiradesantana.com.br\/sobre\/prefeitura-de-feira-de-santana-busca-iniciativa-privada-para-contratar-grandes-atracoes-nos-festejos-juninos\/#webpage"},"articleSection":"Not\u00edcias Feira de Santana, Servi\u00e7os Feira de Santana, Feira de Santana"},{"@type":"BreadcrumbList","@id":"https:\/\/www.encontrafeiradesantana.com.br\/sobre\/prefeitura-de-feira-de-santana-busca-iniciativa-privada-para-contratar-grandes-atracoes-nos-festejos-juninos\/#breadcrumblist","itemListElement":[{"@type":"ListItem","@id":"https:\/\/www.encontrafeiradesantana.com.br\/sobre#listItem","position":1,"name":"In\u00edcio","item":"https:\/\/www.encontrafeiradesantana.com.br\/sobre","nextItem":{"@type":"ListItem","@id":"https:\/\/www.encontrafeiradesantana.com.br\/sobre\/noticias-em-feira-de-santana\/#listItem","name":"Not\u00edcias Feira de Santana"}},{"@type":"ListItem","@id":"https:\/\/www.encontrafeiradesantana.com.br\/sobre\/noticias-em-feira-de-santana\/#listItem","position":2,"name":"Not\u00edcias Feira de Santana","item":"https:\/\/www.encontrafeiradesantana.com.br\/sobre\/noticias-em-feira-de-santana\/","nextItem":{"@type":"ListItem","@id":"https:\/\/www.encontrafeiradesantana.com.br\/sobre\/prefeitura-de-feira-de-santana-busca-iniciativa-privada-para-contratar-grandes-atracoes-nos-festejos-juninos\/#listItem","name":"Prefeitura de Feira de Santana busca iniciativa privada para contratar grandes atra\u00e7\u00f5es nos festejos juninos"},"previousItem":{"@type":"ListItem","@id":"https:\/\/www.encontrafeiradesantana.com.br\/sobre#listItem","name":"In\u00edcio"}},{"@type":"ListItem","@id":"https:\/\/www.encontrafeiradesantana.com.br\/sobre\/prefeitura-de-feira-de-santana-busca-iniciativa-privada-para-contratar-grandes-atracoes-nos-festejos-juninos\/#listItem","position":3,"name":"Prefeitura de Feira de Santana busca iniciativa privada para contratar grandes atra\u00e7\u00f5es nos festejos juninos","previousItem":{"@type":"ListItem","@id":"https:\/\/www.encontrafeiradesantana.com.br\/sobre\/noticias-em-feira-de-santana\/#listItem","name":"Not\u00edcias Feira de Santana"}}]},{"@type":"Organization","@id":"https:\/\/www.encontrafeiradesantana.com.br\/sobre\/#organization","name":"Encontra Feira de Santana","description":"Not\u00edcias, eventos, informa\u00e7\u00f5es e dicas na cidade Feira de Santana e regi\u00e3o.","url":"https:\/\/www.encontrafeiradesantana.com.br\/sobre\/"},{"@type":"Person","@id":"https:\/\/www.encontrafeiradesantana.com.br\/sobre\/author\/efeiradesantana\/#author","url":"https:\/\/www.encontrafeiradesantana.com.br\/sobre\/author\/efeiradesantana\/","name":"Encontra Feira de Santana","image":{"@type":"ImageObject","@id":"https:\/\/www.encontrafeiradesantana.com.br\/sobre\/prefeitura-de-feira-de-santana-busca-iniciativa-privada-para-contratar-grandes-atracoes-nos-festejos-juninos\/#authorImage","url":"https:\/\/secure.gravatar.com\/avatar\/507340682b8270222e1f208e23198b6ae7e2c6a1033ae84e99bc6bce4f82a387?s=96&d=mm&r=g","width":96,"height":96,"caption":"Encontra Feira de Santana"}},{"@type":"WebPage","@id":"https:\/\/www.encontrafeiradesantana.com.br\/sobre\/prefeitura-de-feira-de-santana-busca-iniciativa-privada-para-contratar-grandes-atracoes-nos-festejos-juninos\/#webpage","url":"https:\/\/www.encontrafeiradesantana.com.br\/sobre\/prefeitura-de-feira-de-santana-busca-iniciativa-privada-para-contratar-grandes-atracoes-nos-festejos-juninos\/","name":"Prefeitura de Feira de Santana busca iniciativa privada para contratar grandes atra\u00e7\u00f5es nos festejos juninos | Encontra Feira de Santana","description":"A contrata\u00e7\u00e3o de cantores e bandas de express\u00e3o regional para animar os festejos juninos em Feira de Santana, no Estado da Bahia, est\u00e1 condicionada \u00e0 participa\u00e7\u00e3o da iniciativa privada, informou o prefeito Jos\u00e9 Ronaldo de Carvalho. A Prefeitura Municipal de Feira de Santana promove o S\u00e3o Jo\u00e3o de S\u00e3o Jos\u00e9, no distrito de Maria Quit\u00e9ria,","inLanguage":"pt-BR","isPartOf":{"@id":"https:\/\/www.encontrafeiradesantana.com.br\/sobre\/#website"},"breadcrumb":{"@id":"https:\/\/www.encontrafeiradesantana.com.br\/sobre\/prefeitura-de-feira-de-santana-busca-iniciativa-privada-para-contratar-grandes-atracoes-nos-festejos-juninos\/#breadcrumblist"},"author":{"@id":"https:\/\/www.encontrafeiradesantana.com.br\/sobre\/author\/efeiradesantana\/#author"},"creator":{"@id":"https:\/\/www.encontrafeiradesantana.com.br\/sobre\/author\/efeiradesantana\/#author"},"datePublished":"2013-05-07T00:01:33-03:00","dateModified":"2019-04-29T17:46:29-03:00"},{"@type":"WebSite","@id":"https:\/\/www.encontrafeiradesantana.com.br\/sobre\/#website","url":"https:\/\/www.encontrafeiradesantana.com.br\/sobre\/","name":"Encontra Feira de Santana","description":"Not\u00edcias, eventos, informa\u00e7\u00f5es e dicas na cidade Feira de Santana e regi\u00e3o.","inLanguage":"pt-BR","publisher":{"@id":"https:\/\/www.encontrafeiradesantana.com.br\/sobre\/#organization"}}]},"og:locale":"pt_BR","og:site_name":"Encontra Feira de Santana | Not\u00edcias, eventos, informa\u00e7\u00f5es e dicas na cidade Feira de Santana e regi\u00e3o.","og:type":"article","og:title":"Prefeitura de Feira de Santana busca iniciativa privada para contratar grandes atra\u00e7\u00f5es nos festejos juninos | Encontra Feira de Santana","og:description":"A contrata\u00e7\u00e3o de cantores e bandas de express\u00e3o regional para animar os festejos juninos em Feira de Santana, no Estado da Bahia, est\u00e1 condicionada \u00e0 participa\u00e7\u00e3o da iniciativa privada, informou o prefeito Jos\u00e9 Ronaldo de Carvalho. A Prefeitura Municipal de Feira de Santana promove o S\u00e3o Jo\u00e3o de S\u00e3o Jos\u00e9, no distrito de Maria Quit\u00e9ria,","og:url":"https:\/\/www.encontrafeiradesantana.com.br\/sobre\/prefeitura-de-feira-de-santana-busca-iniciativa-privada-para-contratar-grandes-atracoes-nos-festejos-juninos\/","article:published_time":"2013-05-07T03:01:33+00:00","article:modified_time":"2019-04-29T20:46:29+00:00","twitter:card":"summary","twitter:title":"Prefeitura de Feira de Santana busca iniciativa privada para contratar grandes atra\u00e7\u00f5es nos festejos juninos | Encontra Feira de Santana","twitter:description":"A contrata\u00e7\u00e3o de cantores e bandas de express\u00e3o regional para animar os festejos juninos em Feira de Santana, no Estado da Bahia, est\u00e1 condicionada \u00e0 participa\u00e7\u00e3o da iniciativa privada, informou o prefeito Jos\u00e9 Ronaldo de Carvalho. A Prefeitura Municipal de Feira de Santana promove o S\u00e3o Jo\u00e3o de S\u00e3o Jos\u00e9, no distrito de Maria Quit\u00e9ria,"},"aioseo_meta_data":{"post_id":"213","title":null,"description":null,"keywords":null,"keyphrases":null,"primary_term":null,"canonical_url":null,"og_title":null,"og_description":null,"og_object_type":"default","og_image_type":"default","og_image_url":null,"og_image_width":null,"og_image_height":null,"og_image_custom_url":null,"og_image_custom_fields":null,"og_video":null,"og_custom_url":null,"og_article_section":null,"og_article_tags":null,"twitter_use_og":false,"twitter_card":"default","twitter_image_type":"default","twitter_image_url":null,"twitter_image_custom_url":null,"twitter_image_custom_fields":null,"twitter_title":null,"twitter_description":null,"schema":{"blockGraphs":[],"customGraphs":[],"default":{"data":{"Article":[],"Course":[],"Dataset":[],"FAQPage":[],"Movie":[],"Person":[],"Product":[],"ProductReview":[],"Car":[],"Recipe":[],"Service":[],"SoftwareApplication":[],"WebPage":[]},"graphName":"Article","isEnabled":true},"graphs":[]},"schema_type":null,"schema_type_options":null,"pillar_content":false,"robots_default":true,"robots_noindex":false,"robots_noarchive":false,"robots_nosnippet":false,"robots_nofollow":false,"robots_noimageindex":false,"robots_noodp":false,"robots_notranslate":false,"robots_max_snippet":null,"robots_max_videopreview":null,"robots_max_imagepreview":"large","priority":null,"frequency":null,"local_seo":null,"breadcrumb_settings":null,"limit_modified_date":false,"ai":null,"created":"2021-04-20 14:17:10","updated":"2025-09-22 16:34:57","focus_keyword":null,"additional_keywords":null,"truseo_locale":null,"seo_analyzer_scan_date":null},"aioseo_breadcrumb":"<div class=\"aioseo-breadcrumbs\"><span class=\"aioseo-breadcrumb\">\n\t\t\t<a href=\"https:\/\/www.encontrafeiradesantana.com.br\/sobre\" title=\"In\u00edcio\">In\u00edcio<\/a>\n\t\t<\/span><span class=\"aioseo-breadcrumb-separator\">&raquo;<\/span><span class=\"aioseo-breadcrumb\">\n\t\t\t<a href=\"https:\/\/www.encontrafeiradesantana.com.br\/sobre\/noticias-em-feira-de-santana\/\" title=\"Not\u00edcias Feira de Santana\">Not\u00edcias Feira de Santana<\/a>\n\t\t<\/span><span class=\"aioseo-breadcrumb-separator\">&raquo;<\/span><span class=\"aioseo-breadcrumb\">\n\t\t\tPrefeitura de Feira de Santana busca iniciativa privada para contratar grandes atra\u00e7\u00f5es nos festejos juninos\n\t\t<\/span><\/div>","aioseo_breadcrumb_json":[{"label":"In\u00edcio","link":"https:\/\/www.encontrafeiradesantana.com.br\/sobre"},{"label":"Not\u00edcias Feira de Santana","link":"https:\/\/www.encontrafeiradesantana.com.br\/sobre\/noticias-em-feira-de-santana\/"},{"label":"Prefeitura de Feira de Santana busca iniciativa privada para contratar grandes atra\u00e7\u00f5es nos festejos juninos","link":"https:\/\/www.encontrafeiradesantana.com.br\/sobre\/prefeitura-de-feira-de-santana-busca-iniciativa-privada-para-contratar-grandes-atracoes-nos-festejos-juninos\/"}],"_links":{"self":[{"href":"https:\/\/www.encontrafeiradesantana.com.br\/sobre\/wp-json\/wp\/v2\/posts\/213","targetHints":{"allow":["GET"]}}],"collection":[{"href":"https:\/\/www.encontrafeiradesantana.com.br\/sobre\/wp-json\/wp\/v2\/posts"}],"about":[{"href":"https:\/\/www.encontrafeiradesantana.com.br\/sobre\/wp-json\/wp\/v2\/types\/post"}],"author":[{"embeddable":true,"href":"https:\/\/www.encontrafeiradesantana.com.br\/sobre\/wp-json\/wp\/v2\/users\/1"}],"replies":[{"embeddable":true,"href":"https:\/\/www.encontrafeiradesantana.com.br\/sobre\/wp-json\/wp\/v2\/comments?post=213"}],"version-history":[{"count":5,"href":"https:\/\/www.encontrafeiradesantana.com.br\/sobre\/wp-json\/wp\/v2\/posts\/213\/revisions"}],"predecessor-version":[{"id":535,"href":"https:\/\/www.encontrafeiradesantana.com.br\/sobre\/wp-json\/wp\/v2\/posts\/213\/revisions\/535"}],"wp:attachment":[{"href":"https:\/\/www.encontrafeiradesantana.com.br\/sobre\/wp-json\/wp\/v2\/media?parent=213"}],"wp:term":[{"taxonomy":"category","embeddable":true,"href":"https:\/\/www.encontrafeiradesantana.com.br\/sobre\/wp-json\/wp\/v2\/categories?post=213"},{"taxonomy":"post_tag","embeddable":true,"href":"https:\/\/www.encontrafeiradesantana.com.br\/sobre\/wp-json\/wp\/v2\/tags?post=213"}],"curies":[{"name":"wp","href":"https:\/\/api.w.org\/{rel}","templated":true}]}}