{"id":2125,"date":"2026-05-25T03:15:17","date_gmt":"2026-05-25T06:15:17","guid":{"rendered":"https:\/\/www.encontrafeiradesantana.com.br\/sobre\/semmam-acompanha-revitalizacao-das-lagoas-do-papagaio-e-da-prainha-em-feira-de-santana\/"},"modified":"2026-05-25T03:15:17","modified_gmt":"2026-05-25T06:15:17","slug":"semmam-acompanha-revitalizacao-das-lagoas-do-papagaio-e-da-prainha-em-feira-de-santana","status":"publish","type":"post","link":"https:\/\/www.encontrafeiradesantana.com.br\/sobre\/semmam-acompanha-revitalizacao-das-lagoas-do-papagaio-e-da-prainha-em-feira-de-santana\/","title":{"rendered":"SEMMAM acompanha revitaliza\u00e7\u00e3o das lagoas do Papagaio e da Prainha em Feira de Santana"},"content":{"rendered":"<div class=\"3f468104ad11f00a3c9ac948316f4265\" data-index=\"1\" style=\"float: none; margin:0px;\">\n<ins class=\"adsbygoogle\"\r\n     style=\"display:block\"\r\n     data-ad-client=\"ca-pub-8585364105181520\"\r\n     data-ad-slot=\"8789329856\"\r\n     data-ad-format=\"auto\"\r\n     data-full-width-responsive=\"true\"><\/ins>\r\n<script>\r\n     (adsbygoogle = window.adsbygoogle || []).push({});\r\n<\/script>\r\n\n<\/div>\n<h2>Objetivos da Revitaliza\u00e7\u00e3o<\/h2>\n<p>A revitaliza\u00e7\u00e3o das Lagoas do Papagaio e da Prainha \u00e9 uma iniciativa significativa que busca transformar esses espa\u00e7os, que antes eram negligenciados, em \u00e1reas agrad\u00e1veis e funcionais para a popula\u00e7\u00e3o. O principal objetivo desse projeto \u00e9 melhorar a qualidade de vida dos moradores da regi\u00e3o ao proporcionar um ambiente limpo e seguro, al\u00e9m de preservar a biodiversidade local. A revitaliza\u00e7\u00e3o tamb\u00e9m visa aumentar a conscientiza\u00e7\u00e3o ambiental entre os cidad\u00e3os, promovendo um sentimento de pertencimento e responsabilidade pelo cuidado com os recursos naturais.<\/p>\n<h2>Impactos Ambientais Positivos<\/h2>\n<p>Os impactos ambientais resultantes da revitaliza\u00e7\u00e3o s\u00e3o abrangentes e visam a recupera\u00e7\u00e3o do ecossistema local. Medidas de despolui\u00e7\u00e3o e limpeza das lagoas s\u00e3o fundamentais para a restaura\u00e7\u00e3o da fauna e flora nativa. Com a revitaliza\u00e7\u00e3o, espera-se que a qualidade da \u00e1gua melhore, beneficiando as esp\u00e9cies que habitam a regi\u00e3o e, ao mesmo tempo, oferecendo um habitat adequado para aves e peixes. A implementa\u00e7\u00e3o de \u00e1reas verdes ao redor das lagoas n\u00e3o s\u00f3 embeleza a paisagem, mas tamb\u00e9m contribui para a redu\u00e7\u00e3o da temperatura e melhora a qualidade do ar.<\/p>\n<h2>A Import\u00e2ncia da Participa\u00e7\u00e3o da Comunidade<\/h2>\n<p>O engajamento da comunidade \u00e9 um fator essencial para o sucesso da revitaliza\u00e7\u00e3o das lagoas. A participa\u00e7\u00e3o dos moradores nas a\u00e7\u00f5es de preserva\u00e7\u00e3o e educa\u00e7\u00e3o ambiental fortalece a conscientiza\u00e7\u00e3o sobre a import\u00e2ncia da conserva\u00e7\u00e3o dos recursos naturais. Iniciativas como mutir\u00f5es de limpeza, palestras e oficinas t\u00eam sido realizadas para envolver o p\u00fablico local, garantindo que a popula\u00e7\u00e3o se sinta parte do processo e respons\u00e1vel pela manuten\u00e7\u00e3o dos novos espa\u00e7os.<\/p>\n<h2>Melhorias nos Espa\u00e7os de Lazer<\/h2>\n<p>A revitaliza\u00e7\u00e3o das lagoas traz consigo a implementa\u00e7\u00e3o de diversas melhorias que beneficiam as op\u00e7\u00f5es de lazer dispon\u00edveis para os cidad\u00e3os. \u00c1reas destinadas a piqueniques, caminhadas e atividades ao ar livre foram criadas, permitindo que as fam\u00edlias aproveitem os espa\u00e7os de maneira segura e agrad\u00e1vel. Com o paisagismo adequado e mobili\u00e1rio urbano, as lagoas se transformam em pontos de encontro e conviv\u00eancia, proporcionando um ambiente prop\u00edcio para o lazer e a socializa\u00e7\u00e3o.<\/p>\n<h2>Desafios Durante a Execu\u00e7\u00e3o das Obras<\/h2>\n<p>A execu\u00e7\u00e3o das obras de revitaliza\u00e7\u00e3o n\u00e3o ocorreu sem desafios. Um dos principais obst\u00e1culos enfrentados foi a dificuldade na remo\u00e7\u00e3o de detritos e poluentes acumulados ao longo dos anos, que exigiu t\u00e9cnicas especializadas para minimizar impactos ambientais negativos. Al\u00e9m disso, as condi\u00e7\u00f5es clim\u00e1ticas adversas tamb\u00e9m atrasaram o cronograma das obras. No entanto, a equipe de trabalho se dedicou a superar esses desafios, utilizando solu\u00e7\u00f5es inovadoras e eficientes para garantir o progresso das atividades.<\/p>\n<h2>Depoimentos dos Residentes<\/h2>\n<p>A recep\u00e7\u00e3o da comunidade em rela\u00e7\u00e3o \u00e0s obras de revitaliza\u00e7\u00e3o tem sido amplamente positiva. \u201cVer as lagoas se transformando em espa\u00e7os limpos e agrad\u00e1veis \u00e9 uma alegria para todos n\u00f3s. \u00c9 um orgulho saber que estamos cuidando do nosso meio ambiente\u201d, afirmou um morador da regi\u00e3o. Al\u00e9m disso, muitos residentes mencionaram como a revitaliza\u00e7\u00e3o j\u00e1 come\u00e7ou a influenciar positivamente suas rotinas, incentivando h\u00e1bitos mais saud\u00e1veis, como caminhadas e passeios em fam\u00edlia.<\/p>\n<h2>O Papel da SEMMAM na Fiscaliza\u00e7\u00e3o<\/h2>\n<p>A Secretaria Municipal de Meio Ambiente e Recursos Naturais (SEMMAM) tem desempenhado um papel crucial na fiscaliza\u00e7\u00e3o das obras de revitaliza\u00e7\u00e3o. \u00c9 respons\u00e1vel por garantir que todas as etapas sejam executadas de acordo com as normas ambientais e que as melhores pr\u00e1ticas sejam adotadas. Este acompanhamento rigoroso \u00e9 fundamental para assegurar que as interven\u00e7\u00f5es n\u00e3o apenas melhorem a apar\u00eancia das lagoas, mas tamb\u00e9m contribuam efetivamente para a recupera\u00e7\u00e3o do ecossistema local.<\/p>\n<h2>Futuras A\u00e7\u00f5es de Manuten\u00e7\u00e3o<\/h2>\n<p>A manuten\u00e7\u00e3o das lagoas revitalizadas ser\u00e1 essencial para garantir que os benef\u00edcios adquiridos sejam duradouros. Planos de a\u00e7\u00e3o para a limpeza regular, monitoramento da qualidade da \u00e1gua e cuidados com o paisagismo j\u00e1 est\u00e3o sendo desenvolvidos. A participa\u00e7\u00e3o cont\u00ednua da comunidade ser\u00e1 incentivada, promovendo a ado\u00e7\u00e3o de pr\u00e1ticas sustent\u00e1veis e a educa\u00e7\u00e3o ambiental para que todos se sintam respons\u00e1veis pelo cuidado das lagoas.<\/p>\n<h2>Conscientiza\u00e7\u00e3o Ambiental na Cidade<\/h2>\n<p>Com a revitaliza\u00e7\u00e3o das lagoas, um dos objetivos \u00e9 intensificar as a\u00e7\u00f5es de conscientiza\u00e7\u00e3o ambiental na cidade. Campanhas educativas sobre a import\u00e2ncia da preserva\u00e7\u00e3o dos recursos naturais e palestras em escolas e associa\u00e7\u00f5es locais s\u00e3o fundamentais. Educa\u00e7\u00e3o ambiental ajudar\u00e1 a formar cidad\u00e3os mais conscientes e engajados na luta pela preserva\u00e7\u00e3o do meio ambiente, assegurando um futuro melhor para a comunidade.<\/p>\n<h2>Atra\u00e7\u00f5es e Eventos nas Lagoas<\/h2>\n<p>Al\u00e9m das melhorias f\u00edsicas, o planejamento das lagoas inclui a realiza\u00e7\u00e3o de eventos culturais e recreativos, como feiras, apresenta\u00e7\u00f5es art\u00edsticas e atividades voltadas para a promo\u00e7\u00e3o do turismo local. Essas atra\u00e7\u00f5es t\u00eam o potencial de atrair visitantes e fomentar a economia local, al\u00e9m de promover as lagoas como um ponto de destaque na cidade. Integrar a cultura ao ambiente natural contribui para a valoriza\u00e7\u00e3o dos espa\u00e7os e a promo\u00e7\u00e3o da identidade local.<\/p>\n\n<div style=\"font-size: 0px; height: 0px; line-height: 0px; margin: 0; padding: 0; clear: both;\"><\/div>","protected":false},"excerpt":{"rendered":"<p>Revitaliza\u00e7\u00e3o das lagoas do Papagaio e da Prainha traz melhorias significativas.<\/p>\n","protected":false},"author":1,"featured_media":0,"comment_status":"open","ping_status":"closed","sticky":false,"template":"","format":"standard","meta":{"footnotes":""},"categories":[26],"tags":[],"class_list":["post-2125","post","type-post","status-publish","format-standard","hentry","category-cultura-em-feira-de-santana"],"aioseo_notices":[],"aioseo_head":"\n\t\t<!-- All in One SEO 5.0.0.1 - aioseo.com -->\n\t<meta name=\"description\" content=\"Revitaliza\u00e7\u00e3o das lagoas do Papagaio e da Prainha traz melhorias significativas.\" \/>\n\t<meta name=\"robots\" content=\"max-image-preview:large\" \/>\n\t<meta name=\"author\" content=\"Encontra Feira de Santana\"\/>\n\t<link rel=\"canonical\" href=\"https:\/\/www.encontrafeiradesantana.com.br\/sobre\/semmam-acompanha-revitalizacao-das-lagoas-do-papagaio-e-da-prainha-em-feira-de-santana\/\" \/>\n\t<meta name=\"generator\" content=\"All in One SEO (AIOSEO) 5.0.0.1\" \/>\n\t\t<meta property=\"og:locale\" content=\"pt_BR\" \/>\n\t\t<meta property=\"og:site_name\" content=\"Encontra Feira de Santana | Not\u00edcias, eventos, informa\u00e7\u00f5es e dicas na cidade Feira de Santana e regi\u00e3o.\" \/>\n\t\t<meta property=\"og:type\" content=\"article\" \/>\n\t\t<meta property=\"og:title\" content=\"SEMMAM acompanha revitaliza\u00e7\u00e3o das lagoas do Papagaio e da Prainha em Feira de Santana | Encontra Feira de Santana\" \/>\n\t\t<meta property=\"og:description\" content=\"Revitaliza\u00e7\u00e3o das lagoas do Papagaio e da Prainha traz melhorias significativas.\" \/>\n\t\t<meta property=\"og:url\" content=\"https:\/\/www.encontrafeiradesantana.com.br\/sobre\/semmam-acompanha-revitalizacao-das-lagoas-do-papagaio-e-da-prainha-em-feira-de-santana\/\" \/>\n\t\t<meta property=\"article:published_time\" content=\"2026-05-25T06:15:17+00:00\" \/>\n\t\t<meta property=\"article:modified_time\" content=\"2026-05-25T06:15:17+00:00\" \/>\n\t\t<meta name=\"twitter:card\" content=\"summary\" \/>\n\t\t<meta name=\"twitter:title\" content=\"SEMMAM acompanha revitaliza\u00e7\u00e3o das lagoas do Papagaio e da Prainha em Feira de Santana | Encontra Feira de Santana\" \/>\n\t\t<meta name=\"twitter:description\" content=\"Revitaliza\u00e7\u00e3o das lagoas do Papagaio e da Prainha traz melhorias significativas.\" \/>\n\t\t<script type=\"application\/ld+json\" class=\"aioseo-schema\">\n\t\t\t{\"@context\":\"https:\\\/\\\/schema.org\",\"@graph\":[{\"@type\":\"Article\",\"@id\":\"https:\\\/\\\/www.encontrafeiradesantana.com.br\\\/sobre\\\/semmam-acompanha-revitalizacao-das-lagoas-do-papagaio-e-da-prainha-em-feira-de-santana\\\/#article\",\"name\":\"SEMMAM acompanha revitaliza\\u00e7\\u00e3o das lagoas do Papagaio e da Prainha em Feira de Santana | Encontra Feira de Santana\",\"headline\":\"SEMMAM acompanha revitaliza\\u00e7\\u00e3o das lagoas do Papagaio e da Prainha em Feira de Santana\",\"author\":{\"@id\":\"https:\\\/\\\/www.encontrafeiradesantana.com.br\\\/sobre\\\/author\\\/efeiradesantana\\\/#author\"},\"publisher\":{\"@id\":\"https:\\\/\\\/www.encontrafeiradesantana.com.br\\\/sobre\\\/#organization\"},\"datePublished\":\"2026-05-25T03:15:17-03:00\",\"dateModified\":\"2026-05-25T03:15:17-03:00\",\"inLanguage\":\"pt-BR\",\"mainEntityOfPage\":{\"@id\":\"https:\\\/\\\/www.encontrafeiradesantana.com.br\\\/sobre\\\/semmam-acompanha-revitalizacao-das-lagoas-do-papagaio-e-da-prainha-em-feira-de-santana\\\/#webpage\"},\"isPartOf\":{\"@id\":\"https:\\\/\\\/www.encontrafeiradesantana.com.br\\\/sobre\\\/semmam-acompanha-revitalizacao-das-lagoas-do-papagaio-e-da-prainha-em-feira-de-santana\\\/#webpage\"},\"articleSection\":\"Cultura Feira de Santana\"},{\"@type\":\"BreadcrumbList\",\"@id\":\"https:\\\/\\\/www.encontrafeiradesantana.com.br\\\/sobre\\\/semmam-acompanha-revitalizacao-das-lagoas-do-papagaio-e-da-prainha-em-feira-de-santana\\\/#breadcrumblist\",\"itemListElement\":[{\"@type\":\"ListItem\",\"@id\":\"https:\\\/\\\/www.encontrafeiradesantana.com.br\\\/sobre#listItem\",\"position\":1,\"name\":\"In\\u00edcio\",\"item\":\"https:\\\/\\\/www.encontrafeiradesantana.com.br\\\/sobre\",\"nextItem\":{\"@type\":\"ListItem\",\"@id\":\"https:\\\/\\\/www.encontrafeiradesantana.com.br\\\/sobre\\\/cultura-em-feira-de-santana\\\/#listItem\",\"name\":\"Cultura Feira de Santana\"}},{\"@type\":\"ListItem\",\"@id\":\"https:\\\/\\\/www.encontrafeiradesantana.com.br\\\/sobre\\\/cultura-em-feira-de-santana\\\/#listItem\",\"position\":2,\"name\":\"Cultura Feira de Santana\",\"item\":\"https:\\\/\\\/www.encontrafeiradesantana.com.br\\\/sobre\\\/cultura-em-feira-de-santana\\\/\",\"nextItem\":{\"@type\":\"ListItem\",\"@id\":\"https:\\\/\\\/www.encontrafeiradesantana.com.br\\\/sobre\\\/semmam-acompanha-revitalizacao-das-lagoas-do-papagaio-e-da-prainha-em-feira-de-santana\\\/#listItem\",\"name\":\"SEMMAM acompanha revitaliza\\u00e7\\u00e3o das lagoas do Papagaio e da Prainha em Feira de Santana\"},\"previousItem\":{\"@type\":\"ListItem\",\"@id\":\"https:\\\/\\\/www.encontrafeiradesantana.com.br\\\/sobre#listItem\",\"name\":\"In\\u00edcio\"}},{\"@type\":\"ListItem\",\"@id\":\"https:\\\/\\\/www.encontrafeiradesantana.com.br\\\/sobre\\\/semmam-acompanha-revitalizacao-das-lagoas-do-papagaio-e-da-prainha-em-feira-de-santana\\\/#listItem\",\"position\":3,\"name\":\"SEMMAM acompanha revitaliza\\u00e7\\u00e3o das lagoas do Papagaio e da Prainha em Feira de Santana\",\"previousItem\":{\"@type\":\"ListItem\",\"@id\":\"https:\\\/\\\/www.encontrafeiradesantana.com.br\\\/sobre\\\/cultura-em-feira-de-santana\\\/#listItem\",\"name\":\"Cultura Feira de Santana\"}}]},{\"@type\":\"Organization\",\"@id\":\"https:\\\/\\\/www.encontrafeiradesantana.com.br\\\/sobre\\\/#organization\",\"name\":\"Encontra Feira de Santana\",\"description\":\"Not\\u00edcias, eventos, informa\\u00e7\\u00f5es e dicas na cidade Feira de Santana e regi\\u00e3o.\",\"url\":\"https:\\\/\\\/www.encontrafeiradesantana.com.br\\\/sobre\\\/\"},{\"@type\":\"Person\",\"@id\":\"https:\\\/\\\/www.encontrafeiradesantana.com.br\\\/sobre\\\/author\\\/efeiradesantana\\\/#author\",\"url\":\"https:\\\/\\\/www.encontrafeiradesantana.com.br\\\/sobre\\\/author\\\/efeiradesantana\\\/\",\"name\":\"Encontra Feira de Santana\",\"image\":{\"@type\":\"ImageObject\",\"@id\":\"https:\\\/\\\/www.encontrafeiradesantana.com.br\\\/sobre\\\/semmam-acompanha-revitalizacao-das-lagoas-do-papagaio-e-da-prainha-em-feira-de-santana\\\/#authorImage\",\"url\":\"https:\\\/\\\/secure.gravatar.com\\\/avatar\\\/507340682b8270222e1f208e23198b6ae7e2c6a1033ae84e99bc6bce4f82a387?s=96&d=mm&r=g\",\"width\":96,\"height\":96,\"caption\":\"Encontra Feira de Santana\"}},{\"@type\":\"WebPage\",\"@id\":\"https:\\\/\\\/www.encontrafeiradesantana.com.br\\\/sobre\\\/semmam-acompanha-revitalizacao-das-lagoas-do-papagaio-e-da-prainha-em-feira-de-santana\\\/#webpage\",\"url\":\"https:\\\/\\\/www.encontrafeiradesantana.com.br\\\/sobre\\\/semmam-acompanha-revitalizacao-das-lagoas-do-papagaio-e-da-prainha-em-feira-de-santana\\\/\",\"name\":\"SEMMAM acompanha revitaliza\\u00e7\\u00e3o das lagoas do Papagaio e da Prainha em Feira de Santana | Encontra Feira de Santana\",\"description\":\"Revitaliza\\u00e7\\u00e3o das lagoas do Papagaio e da Prainha traz melhorias significativas.\",\"inLanguage\":\"pt-BR\",\"isPartOf\":{\"@id\":\"https:\\\/\\\/www.encontrafeiradesantana.com.br\\\/sobre\\\/#website\"},\"breadcrumb\":{\"@id\":\"https:\\\/\\\/www.encontrafeiradesantana.com.br\\\/sobre\\\/semmam-acompanha-revitalizacao-das-lagoas-do-papagaio-e-da-prainha-em-feira-de-santana\\\/#breadcrumblist\"},\"author\":{\"@id\":\"https:\\\/\\\/www.encontrafeiradesantana.com.br\\\/sobre\\\/author\\\/efeiradesantana\\\/#author\"},\"creator\":{\"@id\":\"https:\\\/\\\/www.encontrafeiradesantana.com.br\\\/sobre\\\/author\\\/efeiradesantana\\\/#author\"},\"datePublished\":\"2026-05-25T03:15:17-03:00\",\"dateModified\":\"2026-05-25T03:15:17-03:00\"},{\"@type\":\"WebSite\",\"@id\":\"https:\\\/\\\/www.encontrafeiradesantana.com.br\\\/sobre\\\/#website\",\"url\":\"https:\\\/\\\/www.encontrafeiradesantana.com.br\\\/sobre\\\/\",\"name\":\"Encontra Feira de Santana\",\"description\":\"Not\\u00edcias, eventos, informa\\u00e7\\u00f5es e dicas na cidade Feira de Santana e regi\\u00e3o.\",\"inLanguage\":\"pt-BR\",\"publisher\":{\"@id\":\"https:\\\/\\\/www.encontrafeiradesantana.com.br\\\/sobre\\\/#organization\"}}]}\n\t\t<\/script>\n\t\t<!-- All in One SEO -->\n\n","aioseo_head_json":{"title":"SEMMAM acompanha revitaliza\u00e7\u00e3o das lagoas do Papagaio e da Prainha em Feira de Santana | Encontra Feira de Santana","description":"Revitaliza\u00e7\u00e3o das lagoas do Papagaio e da Prainha traz melhorias significativas.","canonical_url":"https:\/\/www.encontrafeiradesantana.com.br\/sobre\/semmam-acompanha-revitalizacao-das-lagoas-do-papagaio-e-da-prainha-em-feira-de-santana\/","robots":"max-image-preview:large","keywords":"","webmasterTools":{"miscellaneous":""},"schema":{"@context":"https:\/\/schema.org","@graph":[{"@type":"Article","@id":"https:\/\/www.encontrafeiradesantana.com.br\/sobre\/semmam-acompanha-revitalizacao-das-lagoas-do-papagaio-e-da-prainha-em-feira-de-santana\/#article","name":"SEMMAM acompanha revitaliza\u00e7\u00e3o das lagoas do Papagaio e da Prainha em Feira de Santana | Encontra Feira de Santana","headline":"SEMMAM acompanha revitaliza\u00e7\u00e3o das lagoas do Papagaio e da Prainha em Feira de Santana","author":{"@id":"https:\/\/www.encontrafeiradesantana.com.br\/sobre\/author\/efeiradesantana\/#author"},"publisher":{"@id":"https:\/\/www.encontrafeiradesantana.com.br\/sobre\/#organization"},"datePublished":"2026-05-25T03:15:17-03:00","dateModified":"2026-05-25T03:15:17-03:00","inLanguage":"pt-BR","mainEntityOfPage":{"@id":"https:\/\/www.encontrafeiradesantana.com.br\/sobre\/semmam-acompanha-revitalizacao-das-lagoas-do-papagaio-e-da-prainha-em-feira-de-santana\/#webpage"},"isPartOf":{"@id":"https:\/\/www.encontrafeiradesantana.com.br\/sobre\/semmam-acompanha-revitalizacao-das-lagoas-do-papagaio-e-da-prainha-em-feira-de-santana\/#webpage"},"articleSection":"Cultura Feira de Santana"},{"@type":"BreadcrumbList","@id":"https:\/\/www.encontrafeiradesantana.com.br\/sobre\/semmam-acompanha-revitalizacao-das-lagoas-do-papagaio-e-da-prainha-em-feira-de-santana\/#breadcrumblist","itemListElement":[{"@type":"ListItem","@id":"https:\/\/www.encontrafeiradesantana.com.br\/sobre#listItem","position":1,"name":"In\u00edcio","item":"https:\/\/www.encontrafeiradesantana.com.br\/sobre","nextItem":{"@type":"ListItem","@id":"https:\/\/www.encontrafeiradesantana.com.br\/sobre\/cultura-em-feira-de-santana\/#listItem","name":"Cultura Feira de Santana"}},{"@type":"ListItem","@id":"https:\/\/www.encontrafeiradesantana.com.br\/sobre\/cultura-em-feira-de-santana\/#listItem","position":2,"name":"Cultura Feira de Santana","item":"https:\/\/www.encontrafeiradesantana.com.br\/sobre\/cultura-em-feira-de-santana\/","nextItem":{"@type":"ListItem","@id":"https:\/\/www.encontrafeiradesantana.com.br\/sobre\/semmam-acompanha-revitalizacao-das-lagoas-do-papagaio-e-da-prainha-em-feira-de-santana\/#listItem","name":"SEMMAM acompanha revitaliza\u00e7\u00e3o das lagoas do Papagaio e da Prainha em Feira de Santana"},"previousItem":{"@type":"ListItem","@id":"https:\/\/www.encontrafeiradesantana.com.br\/sobre#listItem","name":"In\u00edcio"}},{"@type":"ListItem","@id":"https:\/\/www.encontrafeiradesantana.com.br\/sobre\/semmam-acompanha-revitalizacao-das-lagoas-do-papagaio-e-da-prainha-em-feira-de-santana\/#listItem","position":3,"name":"SEMMAM acompanha revitaliza\u00e7\u00e3o das lagoas do Papagaio e da Prainha em Feira de Santana","previousItem":{"@type":"ListItem","@id":"https:\/\/www.encontrafeiradesantana.com.br\/sobre\/cultura-em-feira-de-santana\/#listItem","name":"Cultura Feira de Santana"}}]},{"@type":"Organization","@id":"https:\/\/www.encontrafeiradesantana.com.br\/sobre\/#organization","name":"Encontra Feira de Santana","description":"Not\u00edcias, eventos, informa\u00e7\u00f5es e dicas na cidade Feira de Santana e regi\u00e3o.","url":"https:\/\/www.encontrafeiradesantana.com.br\/sobre\/"},{"@type":"Person","@id":"https:\/\/www.encontrafeiradesantana.com.br\/sobre\/author\/efeiradesantana\/#author","url":"https:\/\/www.encontrafeiradesantana.com.br\/sobre\/author\/efeiradesantana\/","name":"Encontra Feira de Santana","image":{"@type":"ImageObject","@id":"https:\/\/www.encontrafeiradesantana.com.br\/sobre\/semmam-acompanha-revitalizacao-das-lagoas-do-papagaio-e-da-prainha-em-feira-de-santana\/#authorImage","url":"https:\/\/secure.gravatar.com\/avatar\/507340682b8270222e1f208e23198b6ae7e2c6a1033ae84e99bc6bce4f82a387?s=96&d=mm&r=g","width":96,"height":96,"caption":"Encontra Feira de Santana"}},{"@type":"WebPage","@id":"https:\/\/www.encontrafeiradesantana.com.br\/sobre\/semmam-acompanha-revitalizacao-das-lagoas-do-papagaio-e-da-prainha-em-feira-de-santana\/#webpage","url":"https:\/\/www.encontrafeiradesantana.com.br\/sobre\/semmam-acompanha-revitalizacao-das-lagoas-do-papagaio-e-da-prainha-em-feira-de-santana\/","name":"SEMMAM acompanha revitaliza\u00e7\u00e3o das lagoas do Papagaio e da Prainha em Feira de Santana | Encontra Feira de Santana","description":"Revitaliza\u00e7\u00e3o das lagoas do Papagaio e da Prainha traz melhorias significativas.","inLanguage":"pt-BR","isPartOf":{"@id":"https:\/\/www.encontrafeiradesantana.com.br\/sobre\/#website"},"breadcrumb":{"@id":"https:\/\/www.encontrafeiradesantana.com.br\/sobre\/semmam-acompanha-revitalizacao-das-lagoas-do-papagaio-e-da-prainha-em-feira-de-santana\/#breadcrumblist"},"author":{"@id":"https:\/\/www.encontrafeiradesantana.com.br\/sobre\/author\/efeiradesantana\/#author"},"creator":{"@id":"https:\/\/www.encontrafeiradesantana.com.br\/sobre\/author\/efeiradesantana\/#author"},"datePublished":"2026-05-25T03:15:17-03:00","dateModified":"2026-05-25T03:15:17-03:00"},{"@type":"WebSite","@id":"https:\/\/www.encontrafeiradesantana.com.br\/sobre\/#website","url":"https:\/\/www.encontrafeiradesantana.com.br\/sobre\/","name":"Encontra Feira de Santana","description":"Not\u00edcias, eventos, informa\u00e7\u00f5es e dicas na cidade Feira de Santana e regi\u00e3o.","inLanguage":"pt-BR","publisher":{"@id":"https:\/\/www.encontrafeiradesantana.com.br\/sobre\/#organization"}}]},"og:locale":"pt_BR","og:site_name":"Encontra Feira de Santana | Not\u00edcias, eventos, informa\u00e7\u00f5es e dicas na cidade Feira de Santana e regi\u00e3o.","og:type":"article","og:title":"SEMMAM acompanha revitaliza\u00e7\u00e3o das lagoas do Papagaio e da Prainha em Feira de Santana | Encontra Feira de Santana","og:description":"Revitaliza\u00e7\u00e3o das lagoas do Papagaio e da Prainha traz melhorias significativas.","og:url":"https:\/\/www.encontrafeiradesantana.com.br\/sobre\/semmam-acompanha-revitalizacao-das-lagoas-do-papagaio-e-da-prainha-em-feira-de-santana\/","article:published_time":"2026-05-25T06:15:17+00:00","article:modified_time":"2026-05-25T06:15:17+00:00","twitter:card":"summary","twitter:title":"SEMMAM acompanha revitaliza\u00e7\u00e3o das lagoas do Papagaio e da Prainha em Feira de Santana | Encontra Feira de Santana","twitter:description":"Revitaliza\u00e7\u00e3o das lagoas do Papagaio e da Prainha traz melhorias significativas."},"aioseo_meta_data":{"post_id":"2125","title":null,"description":null,"keywords":null,"keyphrases":null,"primary_term":null,"canonical_url":null,"og_title":null,"og_description":null,"og_object_type":"default","og_image_type":"default","og_image_url":null,"og_image_width":null,"og_image_height":null,"og_image_custom_url":null,"og_image_custom_fields":null,"og_video":null,"og_custom_url":null,"og_article_section":null,"og_article_tags":null,"twitter_use_og":false,"twitter_card":"default","twitter_image_type":"default","twitter_image_url":null,"twitter_image_custom_url":null,"twitter_image_custom_fields":null,"twitter_title":null,"twitter_description":null,"schema":{"blockGraphs":[],"customGraphs":[],"default":{"data":{"Article":[],"Course":[],"Dataset":[],"FAQPage":[],"Movie":[],"Person":[],"Product":[],"ProductReview":[],"Car":[],"Recipe":[],"Service":[],"SoftwareApplication":[],"WebPage":[]},"graphName":"Article","isEnabled":true},"graphs":[]},"schema_type":"default","schema_type_options":null,"pillar_content":false,"robots_default":true,"robots_noindex":false,"robots_noarchive":false,"robots_nosnippet":false,"robots_nofollow":false,"robots_noimageindex":false,"robots_noodp":false,"robots_notranslate":false,"robots_max_snippet":null,"robots_max_videopreview":null,"robots_max_imagepreview":"large","priority":null,"frequency":null,"local_seo":null,"breadcrumb_settings":null,"limit_modified_date":false,"ai":null,"created":"2026-05-25 06:15:21","updated":"2026-05-25 06:32:13","focus_keyword":null,"additional_keywords":null,"truseo_locale":null,"seo_analyzer_scan_date":null},"aioseo_breadcrumb":"<div class=\"aioseo-breadcrumbs\"><span class=\"aioseo-breadcrumb\">\n\t\t\t<a href=\"https:\/\/www.encontrafeiradesantana.com.br\/sobre\" title=\"In\u00edcio\">In\u00edcio<\/a>\n\t\t<\/span><span class=\"aioseo-breadcrumb-separator\">&raquo;<\/span><span class=\"aioseo-breadcrumb\">\n\t\t\t<a href=\"https:\/\/www.encontrafeiradesantana.com.br\/sobre\/cultura-em-feira-de-santana\/\" title=\"Cultura Feira de Santana\">Cultura Feira de Santana<\/a>\n\t\t<\/span><span class=\"aioseo-breadcrumb-separator\">&raquo;<\/span><span class=\"aioseo-breadcrumb\">\n\t\t\tSEMMAM acompanha revitaliza\u00e7\u00e3o das lagoas do Papagaio e da Prainha em Feira de Santana\n\t\t<\/span><\/div>","aioseo_breadcrumb_json":[{"label":"In\u00edcio","link":"https:\/\/www.encontrafeiradesantana.com.br\/sobre"},{"label":"Cultura Feira de Santana","link":"https:\/\/www.encontrafeiradesantana.com.br\/sobre\/cultura-em-feira-de-santana\/"},{"label":"SEMMAM acompanha revitaliza\u00e7\u00e3o das lagoas do Papagaio e da Prainha em Feira de Santana","link":"https:\/\/www.encontrafeiradesantana.com.br\/sobre\/semmam-acompanha-revitalizacao-das-lagoas-do-papagaio-e-da-prainha-em-feira-de-santana\/"}],"_links":{"self":[{"href":"https:\/\/www.encontrafeiradesantana.com.br\/sobre\/wp-json\/wp\/v2\/posts\/2125","targetHints":{"allow":["GET"]}}],"collection":[{"href":"https:\/\/www.encontrafeiradesantana.com.br\/sobre\/wp-json\/wp\/v2\/posts"}],"about":[{"href":"https:\/\/www.encontrafeiradesantana.com.br\/sobre\/wp-json\/wp\/v2\/types\/post"}],"author":[{"embeddable":true,"href":"https:\/\/www.encontrafeiradesantana.com.br\/sobre\/wp-json\/wp\/v2\/users\/1"}],"replies":[{"embeddable":true,"href":"https:\/\/www.encontrafeiradesantana.com.br\/sobre\/wp-json\/wp\/v2\/comments?post=2125"}],"version-history":[{"count":0,"href":"https:\/\/www.encontrafeiradesantana.com.br\/sobre\/wp-json\/wp\/v2\/posts\/2125\/revisions"}],"wp:attachment":[{"href":"https:\/\/www.encontrafeiradesantana.com.br\/sobre\/wp-json\/wp\/v2\/media?parent=2125"}],"wp:term":[{"taxonomy":"category","embeddable":true,"href":"https:\/\/www.encontrafeiradesantana.com.br\/sobre\/wp-json\/wp\/v2\/categories?post=2125"},{"taxonomy":"post_tag","embeddable":true,"href":"https:\/\/www.encontrafeiradesantana.com.br\/sobre\/wp-json\/wp\/v2\/tags?post=2125"}],"curies":[{"name":"wp","href":"https:\/\/api.w.org\/{rel}","templated":true}]}}