{"id":2095,"date":"2026-05-18T03:15:43","date_gmt":"2026-05-18T06:15:43","guid":{"rendered":"https:\/\/www.encontrafeiradesantana.com.br\/sobre\/prefeitura-e-senai-promovem-curso-gratuito-de-costura-industrial-com-bolsa\/"},"modified":"2026-05-18T03:15:43","modified_gmt":"2026-05-18T06:15:43","slug":"prefeitura-e-senai-promovem-curso-gratuito-de-costura-industrial-com-bolsa","status":"publish","type":"post","link":"https:\/\/www.encontrafeiradesantana.com.br\/sobre\/prefeitura-e-senai-promovem-curso-gratuito-de-costura-industrial-com-bolsa\/","title":{"rendered":"Prefeitura e Senai promovem curso gratuito de costura industrial com bolsa"},"content":{"rendered":"<div class=\"3f468104ad11f00a3c9ac948316f4265\" data-index=\"1\" style=\"float: none; margin:0px;\">\n<ins class=\"adsbygoogle\"\r\n     style=\"display:block\"\r\n     data-ad-client=\"ca-pub-8585364105181520\"\r\n     data-ad-slot=\"8789329856\"\r\n     data-ad-format=\"auto\"\r\n     data-full-width-responsive=\"true\"><\/ins>\r\n<script>\r\n     (adsbygoogle = window.adsbygoogle || []).push({});\r\n<\/script>\r\n\n<\/div>\n<h2>O que \u00e9 o Curso de Costura Industrial?<\/h2>\n<p>O curso gratuito de Operador de M\u00e1quina de Costura Industrial \u00e9 uma iniciativa promovida pela Prefeitura de Feira de Santana, em colabora\u00e7\u00e3o com o Senai. Este programa \u00e9 direcionado a pessoas que desejam desenvolver habilidades pr\u00e1ticas na \u00e1rea t\u00eaxtil, capacitando-os para atuar no setor de confec\u00e7\u00e3o de roupas e outros produtos utilizando m\u00e1quinas de costura industriais.<\/p>\n<h2>Quem pode se Inscrever no Curso?<\/h2>\n<p>Este curso \u00e9 aberto a todos os moradores de Humildes e regi\u00e3o que tenham interesse em ingressar no mercado de trabalho na \u00e1rea de costura. N\u00e3o h\u00e1 um limite de idade, mas \u00e9 recomendado que os participantes tenham conclu\u00eddo o ensino fundamental. A iniciativa busca atingir tanto jovens que procuram sua primeira oportunidade quanto adultos que desejam requalificar-se profissionalmente.<\/p>\n<h2>Como funciona a Bolsa-Aux\u00edlio?<\/h2>\n<p>Os alunos que se inscreverem e forem aprovados no curso receber\u00e3o uma bolsa-aux\u00edlio de R$ 500. Este valor \u00e9 uma forma de incentivar o comprometimento dos alunos durante as aulas, garantindo que possam se dedicar integralmente ao aprendizado sem preocupa\u00e7\u00f5es financeiras durante a forma\u00e7\u00e3o.<\/p>\n<p><img decoding=\"async\" src=\"https:\/\/www.encontrafeiradesantana.com.br\/sobre\/wp-content\/uploads\/2026\/05\/prefeitura-e-senai-promovem-curso-gratuito-de-costura-industrial-com-bolsa.webp\" alt=\"curso gratuito de costura industrial\" loading=\"lazy\" \/><\/p>\n<h2>Datas e Local das Aulas<\/h2>\n<p>As aulas est\u00e3o programadas para ocorrer em duas turmas: uma \u00e0 tarde e outra \u00e0 noite, facilitando a participa\u00e7\u00e3o de diferentes perfis de alunos. O curso ser\u00e1 realizado em um espa\u00e7o localizado no distrito de Humildes, que foi escolhido para aumentar o acesso \u00e0 forma\u00e7\u00e3o para a popula\u00e7\u00e3o local. As datas espec\u00edficas das aulas ser\u00e3o divulgadas durante o per\u00edodo de inscri\u00e7\u00e3o.<\/p>\n<h2>Benef\u00edcios da Forma\u00e7\u00e3o em Costura<\/h2>\n<p>Participar deste curso oferece diversos benef\u00edcios:<\/p>\n<ul>\n<li><strong>Capacita\u00e7\u00e3o profissional:<\/strong> Os alunos aprender\u00e3o a operar m\u00e1quinas de costura industriais, confeccionar pe\u00e7as e realizar o controle de qualidade, habilidades altamente demandadas no mercado.<\/li>\n<li><strong>Oportunidade de emprego:<\/strong> Ao final do curso, aqueles que tiverem um bom desempenho ser\u00e3o encaminhados para vagas na ind\u00fastria do vestu\u00e1rio.<\/li>\n<li><strong>Bolsa-aux\u00edlio:<\/strong> O apoio financeiro proporciona uma maior acessibilidade e motiva\u00e7\u00e3o durante o curso.<\/li>\n<li><strong>Desenvolvimento pessoal:<\/strong> Al\u00e9m das quest\u00f5es t\u00e9cnicas, o curso tamb\u00e9m promove o crescimento pessoal e a autoconfian\u00e7a dos participantes.<\/li>\n<\/ul>\n<h2>Testemunhos de Alunos<\/h2>\n<p>Os testemunhos de alunos que participaram de edi\u00e7\u00f5es anteriores do curso s\u00e3o bastante positivos. Muitos destacam a qualidade das aulas e a import\u00e2ncia do aprendizado adquirido, que facilitou sua entrada no mercado de trabalho. Os alunos mencionam a intera\u00e7\u00e3o com os instrutores e a pr\u00e1tica intensa com as m\u00e1quinas como fatores-chave para seu crescimento profissional.<\/p>\n<h2>Resultados Esperados Ap\u00f3s a Conclus\u00e3o<\/h2>\n<p>Ao final do curso, espera-se que os alunos estejam preparados para atuar de forma eficaz na ind\u00fastria do vestu\u00e1rio. Os resultados incluem:<\/p>\n<ul>\n<li><strong>Habilidade pr\u00e1tica:<\/strong> Opera\u00e7\u00e3o de diferentes m\u00e1quinas de costura e confec\u00e7\u00e3o de pe\u00e7as com controle de qualidade.<\/li>\n<li><strong>Conhecimento t\u00e9cnico:<\/strong> Compreens\u00e3o das normas de seguran\u00e7a e processos produtivos do setor t\u00eaxtil.<\/li>\n<li><strong>Inser\u00e7\u00e3o no mercado:<\/strong> Encaminhamento para oportunidades de emprego, aumentando a chance dos alunos de conseguirem uma coloca\u00e7\u00e3o no mercado.<\/li>\n<\/ul>\n<h2>Inscri\u00e7\u00f5es e Requisitos Necess\u00e1rios<\/h2>\n<p>As inscri\u00e7\u00f5es para o curso ser\u00e3o divulgadas junto ao in\u00edcio das aulas. Para participar, os interessados devem apresentar documentos pessoais e comprovar que residem na regi\u00e3o. \u00c9 importante ficar atento \u00e0s informa\u00e7\u00f5es que ser\u00e3o divulgadas na p\u00e1gina da Prefeitura de Feira de Santana e no Senai, onde tamb\u00e9m podem ser esclarecidas d\u00favidas sobre o processo.<\/p>\n<h2>A Import\u00e2ncia da Qualifica\u00e7\u00e3o Profissional<\/h2>\n<p>Investir em qualifica\u00e7\u00e3o profissional \u00e9 essencial, especialmente em uma \u00e1rea t\u00e3o din\u00e2mica quanto a costura industrial. Com a crescente demanda por profissionais qualificados na ind\u00fastria t\u00eaxtil, esse curso se torna uma porta de entrada para muitos. A qualifica\u00e7\u00e3o n\u00e3o apenas aumenta as chances de empregabilidade, mas tamb\u00e9m melhora as condi\u00e7\u00f5es de trabalho e a estabilidade financeira dos profissionais qualificados.<\/p>\n<h2>Pr\u00f3ximos Passos Ap\u00f3s a Forma\u00e7\u00e3o<\/h2>\n<p>Ap\u00f3s concluir o curso, os alunos t\u00eam a oportunidade de:<\/p>\n<ul>\n<li><strong>Buscar emprego:<\/strong> Com o conhecimento adquirido, podem se candidatar a diversas posi\u00e7\u00f5es na ind\u00fastria do vestu\u00e1rio.<\/li>\n<li><strong>Continuar a forma\u00e7\u00e3o:<\/strong> Considerar a possibilidade de se especializar em \u00e1reas relacionadas ou buscar cursos complementares.<\/li>\n<li><strong>Usar as habilidades aprendidas:<\/strong> Muitos optam por abrir o pr\u00f3prio neg\u00f3cio, utilizando as habilidades de costura adquiridas.<\/li>\n<\/ul>\n<p>Este curso gratuito \u00e9 uma excelente oportunidade para quem deseja ingressar no mundo da costura industrial e se preparar para o mercado de trabalho. Os interessados s\u00e3o incentivados a n\u00e3o perder essa chance de crescimento profissional e pessoal.<\/p>\n\n<div style=\"font-size: 0px; height: 0px; line-height: 0px; margin: 0; padding: 0; clear: both;\"><\/div>","protected":false},"excerpt":{"rendered":"<p>Curso gratuito de costura industrial em Humildes com bolsa-aux\u00edlio de R$ 500.<\/p>\n","protected":false},"author":1,"featured_media":2094,"comment_status":"open","ping_status":"closed","sticky":false,"template":"","format":"standard","meta":{"footnotes":""},"categories":[6],"tags":[],"class_list":["post-2095","post","type-post","status-publish","format-standard","has-post-thumbnail","hentry","category-noticias-em-feira-de-santana","has_thumb"],"aioseo_notices":[],"aioseo_head":"\n\t\t<!-- All in One SEO 5.0.0.1 - aioseo.com -->\n\t<meta name=\"description\" content=\"Curso gratuito de costura industrial em Humildes com bolsa-aux\u00edlio de R$ 500.\" \/>\n\t<meta name=\"robots\" content=\"max-image-preview:large\" \/>\n\t<meta name=\"author\" content=\"Encontra Feira de Santana\"\/>\n\t<link rel=\"canonical\" href=\"https:\/\/www.encontrafeiradesantana.com.br\/sobre\/prefeitura-e-senai-promovem-curso-gratuito-de-costura-industrial-com-bolsa\/\" \/>\n\t<meta name=\"generator\" content=\"All in One SEO (AIOSEO) 5.0.0.1\" \/>\n\t\t<meta property=\"og:locale\" content=\"pt_BR\" \/>\n\t\t<meta property=\"og:site_name\" content=\"Encontra Feira de Santana | Not\u00edcias, eventos, informa\u00e7\u00f5es e dicas na cidade Feira de Santana e regi\u00e3o.\" \/>\n\t\t<meta property=\"og:type\" content=\"article\" \/>\n\t\t<meta property=\"og:title\" content=\"Prefeitura e Senai promovem curso gratuito de costura industrial com bolsa | Encontra Feira de Santana\" \/>\n\t\t<meta property=\"og:description\" content=\"Curso gratuito de costura industrial em Humildes com bolsa-aux\u00edlio de R$ 500.\" \/>\n\t\t<meta property=\"og:url\" content=\"https:\/\/www.encontrafeiradesantana.com.br\/sobre\/prefeitura-e-senai-promovem-curso-gratuito-de-costura-industrial-com-bolsa\/\" \/>\n\t\t<meta property=\"article:published_time\" content=\"2026-05-18T06:15:43+00:00\" \/>\n\t\t<meta property=\"article:modified_time\" content=\"2026-05-18T06:15:43+00:00\" \/>\n\t\t<meta name=\"twitter:card\" content=\"summary\" \/>\n\t\t<meta name=\"twitter:title\" content=\"Prefeitura e Senai promovem curso gratuito de costura industrial com bolsa | Encontra Feira de Santana\" \/>\n\t\t<meta name=\"twitter:description\" content=\"Curso gratuito de costura industrial em Humildes com bolsa-aux\u00edlio de R$ 500.\" \/>\n\t\t<script type=\"application\/ld+json\" class=\"aioseo-schema\">\n\t\t\t{\"@context\":\"https:\\\/\\\/schema.org\",\"@graph\":[{\"@type\":\"Article\",\"@id\":\"https:\\\/\\\/www.encontrafeiradesantana.com.br\\\/sobre\\\/prefeitura-e-senai-promovem-curso-gratuito-de-costura-industrial-com-bolsa\\\/#article\",\"name\":\"Prefeitura e Senai promovem curso gratuito de costura industrial com bolsa | Encontra Feira de Santana\",\"headline\":\"Prefeitura e Senai promovem curso gratuito de costura industrial com bolsa\",\"author\":{\"@id\":\"https:\\\/\\\/www.encontrafeiradesantana.com.br\\\/sobre\\\/author\\\/efeiradesantana\\\/#author\"},\"publisher\":{\"@id\":\"https:\\\/\\\/www.encontrafeiradesantana.com.br\\\/sobre\\\/#organization\"},\"image\":{\"@type\":\"ImageObject\",\"url\":\"https:\\\/\\\/www.encontrafeiradesantana.com.br\\\/sobre\\\/wp-content\\\/uploads\\\/2026\\\/05\\\/prefeitura-e-senai-promovem-curso-gratuito-de-costura-industrial-com-bolsa.webp\",\"width\":280,\"height\":280,\"caption\":\"curso gratuito de costura industrial\"},\"datePublished\":\"2026-05-18T03:15:43-03:00\",\"dateModified\":\"2026-05-18T03:15:43-03:00\",\"inLanguage\":\"pt-BR\",\"mainEntityOfPage\":{\"@id\":\"https:\\\/\\\/www.encontrafeiradesantana.com.br\\\/sobre\\\/prefeitura-e-senai-promovem-curso-gratuito-de-costura-industrial-com-bolsa\\\/#webpage\"},\"isPartOf\":{\"@id\":\"https:\\\/\\\/www.encontrafeiradesantana.com.br\\\/sobre\\\/prefeitura-e-senai-promovem-curso-gratuito-de-costura-industrial-com-bolsa\\\/#webpage\"},\"articleSection\":\"Not\\u00edcias Feira de Santana\"},{\"@type\":\"BreadcrumbList\",\"@id\":\"https:\\\/\\\/www.encontrafeiradesantana.com.br\\\/sobre\\\/prefeitura-e-senai-promovem-curso-gratuito-de-costura-industrial-com-bolsa\\\/#breadcrumblist\",\"itemListElement\":[{\"@type\":\"ListItem\",\"@id\":\"https:\\\/\\\/www.encontrafeiradesantana.com.br\\\/sobre#listItem\",\"position\":1,\"name\":\"In\\u00edcio\",\"item\":\"https:\\\/\\\/www.encontrafeiradesantana.com.br\\\/sobre\",\"nextItem\":{\"@type\":\"ListItem\",\"@id\":\"https:\\\/\\\/www.encontrafeiradesantana.com.br\\\/sobre\\\/noticias-em-feira-de-santana\\\/#listItem\",\"name\":\"Not\\u00edcias Feira de Santana\"}},{\"@type\":\"ListItem\",\"@id\":\"https:\\\/\\\/www.encontrafeiradesantana.com.br\\\/sobre\\\/noticias-em-feira-de-santana\\\/#listItem\",\"position\":2,\"name\":\"Not\\u00edcias Feira de Santana\",\"item\":\"https:\\\/\\\/www.encontrafeiradesantana.com.br\\\/sobre\\\/noticias-em-feira-de-santana\\\/\",\"nextItem\":{\"@type\":\"ListItem\",\"@id\":\"https:\\\/\\\/www.encontrafeiradesantana.com.br\\\/sobre\\\/prefeitura-e-senai-promovem-curso-gratuito-de-costura-industrial-com-bolsa\\\/#listItem\",\"name\":\"Prefeitura e Senai promovem curso gratuito de costura industrial com bolsa\"},\"previousItem\":{\"@type\":\"ListItem\",\"@id\":\"https:\\\/\\\/www.encontrafeiradesantana.com.br\\\/sobre#listItem\",\"name\":\"In\\u00edcio\"}},{\"@type\":\"ListItem\",\"@id\":\"https:\\\/\\\/www.encontrafeiradesantana.com.br\\\/sobre\\\/prefeitura-e-senai-promovem-curso-gratuito-de-costura-industrial-com-bolsa\\\/#listItem\",\"position\":3,\"name\":\"Prefeitura e Senai promovem curso gratuito de costura industrial com bolsa\",\"previousItem\":{\"@type\":\"ListItem\",\"@id\":\"https:\\\/\\\/www.encontrafeiradesantana.com.br\\\/sobre\\\/noticias-em-feira-de-santana\\\/#listItem\",\"name\":\"Not\\u00edcias Feira de Santana\"}}]},{\"@type\":\"Organization\",\"@id\":\"https:\\\/\\\/www.encontrafeiradesantana.com.br\\\/sobre\\\/#organization\",\"name\":\"Encontra Feira de Santana\",\"description\":\"Not\\u00edcias, eventos, informa\\u00e7\\u00f5es e dicas na cidade Feira de Santana e regi\\u00e3o.\",\"url\":\"https:\\\/\\\/www.encontrafeiradesantana.com.br\\\/sobre\\\/\"},{\"@type\":\"Person\",\"@id\":\"https:\\\/\\\/www.encontrafeiradesantana.com.br\\\/sobre\\\/author\\\/efeiradesantana\\\/#author\",\"url\":\"https:\\\/\\\/www.encontrafeiradesantana.com.br\\\/sobre\\\/author\\\/efeiradesantana\\\/\",\"name\":\"Encontra Feira de Santana\",\"image\":{\"@type\":\"ImageObject\",\"@id\":\"https:\\\/\\\/www.encontrafeiradesantana.com.br\\\/sobre\\\/prefeitura-e-senai-promovem-curso-gratuito-de-costura-industrial-com-bolsa\\\/#authorImage\",\"url\":\"https:\\\/\\\/secure.gravatar.com\\\/avatar\\\/507340682b8270222e1f208e23198b6ae7e2c6a1033ae84e99bc6bce4f82a387?s=96&d=mm&r=g\",\"width\":96,\"height\":96,\"caption\":\"Encontra Feira de Santana\"}},{\"@type\":\"WebPage\",\"@id\":\"https:\\\/\\\/www.encontrafeiradesantana.com.br\\\/sobre\\\/prefeitura-e-senai-promovem-curso-gratuito-de-costura-industrial-com-bolsa\\\/#webpage\",\"url\":\"https:\\\/\\\/www.encontrafeiradesantana.com.br\\\/sobre\\\/prefeitura-e-senai-promovem-curso-gratuito-de-costura-industrial-com-bolsa\\\/\",\"name\":\"Prefeitura e Senai promovem curso gratuito de costura industrial com bolsa | Encontra Feira de Santana\",\"description\":\"Curso gratuito de costura industrial em Humildes com bolsa-aux\\u00edlio de R$ 500.\",\"inLanguage\":\"pt-BR\",\"isPartOf\":{\"@id\":\"https:\\\/\\\/www.encontrafeiradesantana.com.br\\\/sobre\\\/#website\"},\"breadcrumb\":{\"@id\":\"https:\\\/\\\/www.encontrafeiradesantana.com.br\\\/sobre\\\/prefeitura-e-senai-promovem-curso-gratuito-de-costura-industrial-com-bolsa\\\/#breadcrumblist\"},\"author\":{\"@id\":\"https:\\\/\\\/www.encontrafeiradesantana.com.br\\\/sobre\\\/author\\\/efeiradesantana\\\/#author\"},\"creator\":{\"@id\":\"https:\\\/\\\/www.encontrafeiradesantana.com.br\\\/sobre\\\/author\\\/efeiradesantana\\\/#author\"},\"image\":{\"@type\":\"ImageObject\",\"url\":\"https:\\\/\\\/www.encontrafeiradesantana.com.br\\\/sobre\\\/wp-content\\\/uploads\\\/2026\\\/05\\\/prefeitura-e-senai-promovem-curso-gratuito-de-costura-industrial-com-bolsa.webp\",\"@id\":\"https:\\\/\\\/www.encontrafeiradesantana.com.br\\\/sobre\\\/prefeitura-e-senai-promovem-curso-gratuito-de-costura-industrial-com-bolsa\\\/#mainImage\",\"width\":280,\"height\":280,\"caption\":\"curso gratuito de costura industrial\"},\"primaryImageOfPage\":{\"@id\":\"https:\\\/\\\/www.encontrafeiradesantana.com.br\\\/sobre\\\/prefeitura-e-senai-promovem-curso-gratuito-de-costura-industrial-com-bolsa\\\/#mainImage\"},\"datePublished\":\"2026-05-18T03:15:43-03:00\",\"dateModified\":\"2026-05-18T03:15:43-03:00\"},{\"@type\":\"WebSite\",\"@id\":\"https:\\\/\\\/www.encontrafeiradesantana.com.br\\\/sobre\\\/#website\",\"url\":\"https:\\\/\\\/www.encontrafeiradesantana.com.br\\\/sobre\\\/\",\"name\":\"Encontra Feira de Santana\",\"description\":\"Not\\u00edcias, eventos, informa\\u00e7\\u00f5es e dicas na cidade Feira de Santana e regi\\u00e3o.\",\"inLanguage\":\"pt-BR\",\"publisher\":{\"@id\":\"https:\\\/\\\/www.encontrafeiradesantana.com.br\\\/sobre\\\/#organization\"}}]}\n\t\t<\/script>\n\t\t<!-- All in One SEO -->\n\n","aioseo_head_json":{"title":"Prefeitura e Senai promovem curso gratuito de costura industrial com bolsa | Encontra Feira de Santana","description":"Curso gratuito de costura industrial em Humildes com bolsa-aux\u00edlio de R$ 500.","canonical_url":"https:\/\/www.encontrafeiradesantana.com.br\/sobre\/prefeitura-e-senai-promovem-curso-gratuito-de-costura-industrial-com-bolsa\/","robots":"max-image-preview:large","keywords":"","webmasterTools":{"miscellaneous":""},"schema":{"@context":"https:\/\/schema.org","@graph":[{"@type":"Article","@id":"https:\/\/www.encontrafeiradesantana.com.br\/sobre\/prefeitura-e-senai-promovem-curso-gratuito-de-costura-industrial-com-bolsa\/#article","name":"Prefeitura e Senai promovem curso gratuito de costura industrial com bolsa | Encontra Feira de Santana","headline":"Prefeitura e Senai promovem curso gratuito de costura industrial com bolsa","author":{"@id":"https:\/\/www.encontrafeiradesantana.com.br\/sobre\/author\/efeiradesantana\/#author"},"publisher":{"@id":"https:\/\/www.encontrafeiradesantana.com.br\/sobre\/#organization"},"image":{"@type":"ImageObject","url":"https:\/\/www.encontrafeiradesantana.com.br\/sobre\/wp-content\/uploads\/2026\/05\/prefeitura-e-senai-promovem-curso-gratuito-de-costura-industrial-com-bolsa.webp","width":280,"height":280,"caption":"curso gratuito de costura industrial"},"datePublished":"2026-05-18T03:15:43-03:00","dateModified":"2026-05-18T03:15:43-03:00","inLanguage":"pt-BR","mainEntityOfPage":{"@id":"https:\/\/www.encontrafeiradesantana.com.br\/sobre\/prefeitura-e-senai-promovem-curso-gratuito-de-costura-industrial-com-bolsa\/#webpage"},"isPartOf":{"@id":"https:\/\/www.encontrafeiradesantana.com.br\/sobre\/prefeitura-e-senai-promovem-curso-gratuito-de-costura-industrial-com-bolsa\/#webpage"},"articleSection":"Not\u00edcias Feira de Santana"},{"@type":"BreadcrumbList","@id":"https:\/\/www.encontrafeiradesantana.com.br\/sobre\/prefeitura-e-senai-promovem-curso-gratuito-de-costura-industrial-com-bolsa\/#breadcrumblist","itemListElement":[{"@type":"ListItem","@id":"https:\/\/www.encontrafeiradesantana.com.br\/sobre#listItem","position":1,"name":"In\u00edcio","item":"https:\/\/www.encontrafeiradesantana.com.br\/sobre","nextItem":{"@type":"ListItem","@id":"https:\/\/www.encontrafeiradesantana.com.br\/sobre\/noticias-em-feira-de-santana\/#listItem","name":"Not\u00edcias Feira de Santana"}},{"@type":"ListItem","@id":"https:\/\/www.encontrafeiradesantana.com.br\/sobre\/noticias-em-feira-de-santana\/#listItem","position":2,"name":"Not\u00edcias Feira de Santana","item":"https:\/\/www.encontrafeiradesantana.com.br\/sobre\/noticias-em-feira-de-santana\/","nextItem":{"@type":"ListItem","@id":"https:\/\/www.encontrafeiradesantana.com.br\/sobre\/prefeitura-e-senai-promovem-curso-gratuito-de-costura-industrial-com-bolsa\/#listItem","name":"Prefeitura e Senai promovem curso gratuito de costura industrial com bolsa"},"previousItem":{"@type":"ListItem","@id":"https:\/\/www.encontrafeiradesantana.com.br\/sobre#listItem","name":"In\u00edcio"}},{"@type":"ListItem","@id":"https:\/\/www.encontrafeiradesantana.com.br\/sobre\/prefeitura-e-senai-promovem-curso-gratuito-de-costura-industrial-com-bolsa\/#listItem","position":3,"name":"Prefeitura e Senai promovem curso gratuito de costura industrial com bolsa","previousItem":{"@type":"ListItem","@id":"https:\/\/www.encontrafeiradesantana.com.br\/sobre\/noticias-em-feira-de-santana\/#listItem","name":"Not\u00edcias Feira de Santana"}}]},{"@type":"Organization","@id":"https:\/\/www.encontrafeiradesantana.com.br\/sobre\/#organization","name":"Encontra Feira de Santana","description":"Not\u00edcias, eventos, informa\u00e7\u00f5es e dicas na cidade Feira de Santana e regi\u00e3o.","url":"https:\/\/www.encontrafeiradesantana.com.br\/sobre\/"},{"@type":"Person","@id":"https:\/\/www.encontrafeiradesantana.com.br\/sobre\/author\/efeiradesantana\/#author","url":"https:\/\/www.encontrafeiradesantana.com.br\/sobre\/author\/efeiradesantana\/","name":"Encontra Feira de Santana","image":{"@type":"ImageObject","@id":"https:\/\/www.encontrafeiradesantana.com.br\/sobre\/prefeitura-e-senai-promovem-curso-gratuito-de-costura-industrial-com-bolsa\/#authorImage","url":"https:\/\/secure.gravatar.com\/avatar\/507340682b8270222e1f208e23198b6ae7e2c6a1033ae84e99bc6bce4f82a387?s=96&d=mm&r=g","width":96,"height":96,"caption":"Encontra Feira de Santana"}},{"@type":"WebPage","@id":"https:\/\/www.encontrafeiradesantana.com.br\/sobre\/prefeitura-e-senai-promovem-curso-gratuito-de-costura-industrial-com-bolsa\/#webpage","url":"https:\/\/www.encontrafeiradesantana.com.br\/sobre\/prefeitura-e-senai-promovem-curso-gratuito-de-costura-industrial-com-bolsa\/","name":"Prefeitura e Senai promovem curso gratuito de costura industrial com bolsa | Encontra Feira de Santana","description":"Curso gratuito de costura industrial em Humildes com bolsa-aux\u00edlio de R$ 500.","inLanguage":"pt-BR","isPartOf":{"@id":"https:\/\/www.encontrafeiradesantana.com.br\/sobre\/#website"},"breadcrumb":{"@id":"https:\/\/www.encontrafeiradesantana.com.br\/sobre\/prefeitura-e-senai-promovem-curso-gratuito-de-costura-industrial-com-bolsa\/#breadcrumblist"},"author":{"@id":"https:\/\/www.encontrafeiradesantana.com.br\/sobre\/author\/efeiradesantana\/#author"},"creator":{"@id":"https:\/\/www.encontrafeiradesantana.com.br\/sobre\/author\/efeiradesantana\/#author"},"image":{"@type":"ImageObject","url":"https:\/\/www.encontrafeiradesantana.com.br\/sobre\/wp-content\/uploads\/2026\/05\/prefeitura-e-senai-promovem-curso-gratuito-de-costura-industrial-com-bolsa.webp","@id":"https:\/\/www.encontrafeiradesantana.com.br\/sobre\/prefeitura-e-senai-promovem-curso-gratuito-de-costura-industrial-com-bolsa\/#mainImage","width":280,"height":280,"caption":"curso gratuito de costura industrial"},"primaryImageOfPage":{"@id":"https:\/\/www.encontrafeiradesantana.com.br\/sobre\/prefeitura-e-senai-promovem-curso-gratuito-de-costura-industrial-com-bolsa\/#mainImage"},"datePublished":"2026-05-18T03:15:43-03:00","dateModified":"2026-05-18T03:15:43-03:00"},{"@type":"WebSite","@id":"https:\/\/www.encontrafeiradesantana.com.br\/sobre\/#website","url":"https:\/\/www.encontrafeiradesantana.com.br\/sobre\/","name":"Encontra Feira de Santana","description":"Not\u00edcias, eventos, informa\u00e7\u00f5es e dicas na cidade Feira de Santana e regi\u00e3o.","inLanguage":"pt-BR","publisher":{"@id":"https:\/\/www.encontrafeiradesantana.com.br\/sobre\/#organization"}}]},"og:locale":"pt_BR","og:site_name":"Encontra Feira de Santana | Not\u00edcias, eventos, informa\u00e7\u00f5es e dicas na cidade Feira de Santana e regi\u00e3o.","og:type":"article","og:title":"Prefeitura e Senai promovem curso gratuito de costura industrial com bolsa | Encontra Feira de Santana","og:description":"Curso gratuito de costura industrial em Humildes com bolsa-aux\u00edlio de R$ 500.","og:url":"https:\/\/www.encontrafeiradesantana.com.br\/sobre\/prefeitura-e-senai-promovem-curso-gratuito-de-costura-industrial-com-bolsa\/","article:published_time":"2026-05-18T06:15:43+00:00","article:modified_time":"2026-05-18T06:15:43+00:00","twitter:card":"summary","twitter:title":"Prefeitura e Senai promovem curso gratuito de costura industrial com bolsa | Encontra Feira de Santana","twitter:description":"Curso gratuito de costura industrial em Humildes com bolsa-aux\u00edlio de R$ 500."},"aioseo_meta_data":{"post_id":"2095","title":null,"description":null,"keywords":null,"keyphrases":null,"primary_term":null,"canonical_url":null,"og_title":null,"og_description":null,"og_object_type":"default","og_image_type":"default","og_image_url":null,"og_image_width":null,"og_image_height":null,"og_image_custom_url":null,"og_image_custom_fields":null,"og_video":null,"og_custom_url":null,"og_article_section":null,"og_article_tags":null,"twitter_use_og":false,"twitter_card":"default","twitter_image_type":"default","twitter_image_url":null,"twitter_image_custom_url":null,"twitter_image_custom_fields":null,"twitter_title":null,"twitter_description":null,"schema":{"blockGraphs":[],"customGraphs":[],"default":{"data":{"Article":[],"Course":[],"Dataset":[],"FAQPage":[],"Movie":[],"Person":[],"Product":[],"ProductReview":[],"Car":[],"Recipe":[],"Service":[],"SoftwareApplication":[],"WebPage":[]},"graphName":"Article","isEnabled":true},"graphs":[]},"schema_type":"default","schema_type_options":null,"pillar_content":false,"robots_default":true,"robots_noindex":false,"robots_noarchive":false,"robots_nosnippet":false,"robots_nofollow":false,"robots_noimageindex":false,"robots_noodp":false,"robots_notranslate":false,"robots_max_snippet":null,"robots_max_videopreview":null,"robots_max_imagepreview":"large","priority":null,"frequency":null,"local_seo":null,"breadcrumb_settings":null,"limit_modified_date":false,"ai":null,"created":"2026-05-18 06:15:46","updated":"2026-05-18 06:24:47","focus_keyword":null,"additional_keywords":null,"truseo_locale":null,"seo_analyzer_scan_date":null},"aioseo_breadcrumb":"<div class=\"aioseo-breadcrumbs\"><span class=\"aioseo-breadcrumb\">\n\t\t\t<a href=\"https:\/\/www.encontrafeiradesantana.com.br\/sobre\" title=\"In\u00edcio\">In\u00edcio<\/a>\n\t\t<\/span><span class=\"aioseo-breadcrumb-separator\">&raquo;<\/span><span class=\"aioseo-breadcrumb\">\n\t\t\t<a href=\"https:\/\/www.encontrafeiradesantana.com.br\/sobre\/noticias-em-feira-de-santana\/\" title=\"Not\u00edcias Feira de Santana\">Not\u00edcias Feira de Santana<\/a>\n\t\t<\/span><span class=\"aioseo-breadcrumb-separator\">&raquo;<\/span><span class=\"aioseo-breadcrumb\">\n\t\t\tPrefeitura e Senai promovem curso gratuito de costura industrial com bolsa\n\t\t<\/span><\/div>","aioseo_breadcrumb_json":[{"label":"In\u00edcio","link":"https:\/\/www.encontrafeiradesantana.com.br\/sobre"},{"label":"Not\u00edcias Feira de Santana","link":"https:\/\/www.encontrafeiradesantana.com.br\/sobre\/noticias-em-feira-de-santana\/"},{"label":"Prefeitura e Senai promovem curso gratuito de costura industrial com bolsa","link":"https:\/\/www.encontrafeiradesantana.com.br\/sobre\/prefeitura-e-senai-promovem-curso-gratuito-de-costura-industrial-com-bolsa\/"}],"_links":{"self":[{"href":"https:\/\/www.encontrafeiradesantana.com.br\/sobre\/wp-json\/wp\/v2\/posts\/2095","targetHints":{"allow":["GET"]}}],"collection":[{"href":"https:\/\/www.encontrafeiradesantana.com.br\/sobre\/wp-json\/wp\/v2\/posts"}],"about":[{"href":"https:\/\/www.encontrafeiradesantana.com.br\/sobre\/wp-json\/wp\/v2\/types\/post"}],"author":[{"embeddable":true,"href":"https:\/\/www.encontrafeiradesantana.com.br\/sobre\/wp-json\/wp\/v2\/users\/1"}],"replies":[{"embeddable":true,"href":"https:\/\/www.encontrafeiradesantana.com.br\/sobre\/wp-json\/wp\/v2\/comments?post=2095"}],"version-history":[{"count":0,"href":"https:\/\/www.encontrafeiradesantana.com.br\/sobre\/wp-json\/wp\/v2\/posts\/2095\/revisions"}],"wp:featuredmedia":[{"embeddable":true,"href":"https:\/\/www.encontrafeiradesantana.com.br\/sobre\/wp-json\/wp\/v2\/media\/2094"}],"wp:attachment":[{"href":"https:\/\/www.encontrafeiradesantana.com.br\/sobre\/wp-json\/wp\/v2\/media?parent=2095"}],"wp:term":[{"taxonomy":"category","embeddable":true,"href":"https:\/\/www.encontrafeiradesantana.com.br\/sobre\/wp-json\/wp\/v2\/categories?post=2095"},{"taxonomy":"post_tag","embeddable":true,"href":"https:\/\/www.encontrafeiradesantana.com.br\/sobre\/wp-json\/wp\/v2\/tags?post=2095"}],"curies":[{"name":"wp","href":"https:\/\/api.w.org\/{rel}","templated":true}]}}