{"id":2093,"date":"2026-05-17T03:18:42","date_gmt":"2026-05-17T06:18:42","guid":{"rendered":"https:\/\/www.encontrafeiradesantana.com.br\/sobre\/reforma-da-praca-dos-sapateiros-vai-modernizar-ponto-historico-de-feira-de-santana\/"},"modified":"2026-05-17T03:18:42","modified_gmt":"2026-05-17T06:18:42","slug":"reforma-da-praca-dos-sapateiros-vai-modernizar-ponto-historico-de-feira-de-santana","status":"publish","type":"post","link":"https:\/\/www.encontrafeiradesantana.com.br\/sobre\/reforma-da-praca-dos-sapateiros-vai-modernizar-ponto-historico-de-feira-de-santana\/","title":{"rendered":"Reforma da Pra\u00e7a dos Sapateiros vai modernizar ponto hist\u00f3rico de Feira de Santana"},"content":{"rendered":"<div class=\"3f468104ad11f00a3c9ac948316f4265\" data-index=\"1\" style=\"float: none; margin:0px;\">\n<ins class=\"adsbygoogle\"\r\n     style=\"display:block\"\r\n     data-ad-client=\"ca-pub-8585364105181520\"\r\n     data-ad-slot=\"8789329856\"\r\n     data-ad-format=\"auto\"\r\n     data-full-width-responsive=\"true\"><\/ins>\r\n<script>\r\n     (adsbygoogle = window.adsbygoogle || []).push({});\r\n<\/script>\r\n\n<\/div>\n<h2>Transforma\u00e7\u00e3o da Pra\u00e7a dos Sapateiros<\/h2>\n<p>A Pra\u00e7a dos Sapateiros, tamb\u00e9m conhecida como Pra\u00e7a Senadinho, em Feira de Santana, est\u00e1 prestes a sofrer uma transforma\u00e7\u00e3o significativa. Com a autoriza\u00e7\u00e3o do prefeito Jos\u00e9 Ronaldo de Carvalho, a revitaliza\u00e7\u00e3o dessa \u00e1rea hist\u00f3rica foi oficialmente anunciada em uma reuni\u00e3o realizada no dia 12 de maio de 2026. O local est\u00e1 estrategicamente posicionado no canteiro central da Avenida Get\u00falio Vargas, em frente \u00e0 sede da Prefeitura, tornando-se um ponto focal para a comunidade e visitantes.<\/p>\n<h2>A import\u00e2ncia hist\u00f3rica da Pra\u00e7a dos Sapateiros<\/h2>\n<p>Este espa\u00e7o n\u00e3o \u00e9 apenas um local de com\u00e9rcio, mas sim um s\u00edmbolo cultural da cidade. A Pra\u00e7a dos Sapateiros reflete a hist\u00f3ria e a identidade de Feira de Santana, abrigando profissionais que trabalham com a confec\u00e7\u00e3o e o reparo de cal\u00e7ados. A tradi\u00e7\u00e3o dos sapateiros n\u00e3o s\u00f3 representa a habilidade artesanal, mas tamb\u00e9m a heran\u00e7a econ\u00f4mica que sustenta muitas fam\u00edlias na regi\u00e3o. Portanto, reformar essa pra\u00e7a \u00e9 mais do que uma simples quest\u00e3o de est\u00e9tica, \u00e9 um reconhecimento da import\u00e2ncia desses trabalhadores para a cidade.<\/p>\n<h2>Como a obra ser\u00e1 realizada<\/h2>\n<p>A execu\u00e7\u00e3o da obra ser\u00e1 responsabilidade da empresa 5M Constru\u00e7\u00f5es, vencedora do processo de licita\u00e7\u00e3o. Com um prazo estimado de 120 dias para a conclus\u00e3o, o projeto envolve a demoli\u00e7\u00e3o total da estrutura atual, que j\u00e1 apresenta sinais de desgaste. O plano \u00e9 reconstruir a pra\u00e7a com um design moderno e funcional, transformando-a em um cart\u00e3o-postal que se alinhe \u00e0s necessidades dos trabalhadores, ao mesmo tempo que valorize a \u00e1rea central da cidade.<\/p>\n<p><img decoding=\"async\" src=\"https:\/\/www.encontrafeiradesantana.com.br\/sobre\/wp-content\/uploads\/2026\/05\/reforma-da-praca-dos-sapateiros-vai-modernizar-ponto-historico-de-feira-de-santana.webp\" alt=\"Reforma da Pra\u00e7a dos Sapateiros\" loading=\"lazy\" \/><\/p>\n<h2>Benef\u00edcios da moderniza\u00e7\u00e3o para a comunidade<\/h2>\n<p>Os benef\u00edcios da reforma s\u00e3o diversos e impactantes. Al\u00e9m de oferecer um espa\u00e7o mais bonito e atraente, a nova pra\u00e7a proporcionar\u00e1:<\/p>\n<ul>\n<li><strong>Melhorias na infraestrutura:<\/strong> Com novos boxes de alvenaria e cobertura met\u00e1lica, a estrutura ser\u00e1 moderna e mais resistente ao tempo.<\/li>\n<li><strong>Acessibilidade:<\/strong> A instala\u00e7\u00e3o de piso intertravado e corredores com pergolado met\u00e1lico garantir\u00e1 um ambiente mais acess\u00edvel a todos os visitantes.<\/li>\n<li><strong>Seguran\u00e7a:<\/strong> O novo projeto incluir\u00e1 c\u00e2meras de videomonitoramento, aumentando a seguran\u00e7a dos trabalhadores e do p\u00fablico.<\/li>\n<li><strong>Conforto:<\/strong> Ser\u00e3o criados sanit\u00e1rios fixos masculinos e femininos, oferecendo mais comodidade para quem frequenta o local.<\/li>\n<\/ul>\n<h2>Estrutura provis\u00f3ria para comerciantes<\/h2>\n<p>Para garantir que os sapateiros e demais comerciantes continuem a operar durante o per\u00edodo de reforma, o governo municipal instalar\u00e1 uma estrutura provis\u00f3ria. Esto inclui:<\/p>\n<ul>\n<li><strong>Barracas padronizadas:<\/strong> Proporcionar um espa\u00e7o tempor\u00e1rio para que os trabalhadores mantenham suas atividades.<\/li>\n<li><strong>Sanit\u00e1rios qu\u00edmicos:<\/strong> Para garantir que as necessidades dos trabalhadores e dos visitantes sejam atendidas.<\/li>\n<li><strong>Cont\u00eainer de armazenamento:<\/strong> Para preservar os materiais e ferramentas dos comerciantes, assegurando que possam operar sem interrup\u00e7\u00f5es.<\/li>\n<\/ul>\n<h2>Compromisso do prefeito com os trabalhadores<\/h2>\n<p>O prefeito Jos\u00e9 Ronaldo de Carvalho reafirmou seu compromisso com a categoria dos trabalhadores ao anunciar a reforma, que \u00e9 uma promessa h\u00e1 muito esperada. A \u00faltima atualiza\u00e7\u00e3o significativa na pra\u00e7a ocorreu nos anos 90, e a nova reforma \u00e9 vista como uma a\u00e7\u00e3o necess\u00e1ria para valorizar esses profissionais que fazem parte do cotidiano da cidade. A dignidade proporcionada pela moderniza\u00e7\u00e3o \u00e9 algo que os sapateiros aguardavam ansiosamente, e a gest\u00e3o p\u00fablica se mostra sens\u00edvel a essa demanda.<\/p>\n<h2>Diferen\u00e7as entre a estrutura antiga e a nova<\/h2>\n<p>A nova infraestrutura traz inova\u00e7\u00f5es que contrastam com a precariedade da estrutura anterior. Algumas das principais diferen\u00e7as incluem:<\/p>\n<ul>\n<li><strong>Materiais:<\/strong> A nova constru\u00e7\u00e3o usar\u00e1 materiais modernos e dur\u00e1veis, em oposi\u00e7\u00e3o \u00e0s estruturas que j\u00e1 estavam deterioradas.<\/li>\n<li><strong>Ilumina\u00e7\u00e3o:<\/strong> A instala\u00e7\u00e3o de ilumina\u00e7\u00e3o moderna substituir\u00e1 as l\u00e2mpadas antigas, criando um ambiente mais seguro e acolhedor.<\/li>\n<li><strong>Espa\u00e7o:<\/strong> Com um layout otimizado, a pra\u00e7a ser\u00e1 mais espacialmente eficiente, permitindo melhor circula\u00e7\u00e3o e intera\u00e7\u00e3o entre comerciantes e clientes.<\/li>\n<\/ul>\n<h2>Perspectivas futuras para a Pra\u00e7a dos Sapateiros<\/h2>\n<p>Com a reforma, a expectativa \u00e9 que a Pra\u00e7a dos Sapateiros se torne um ponto de refer\u00eancia n\u00e3o s\u00f3 para a atividade comercial, mas tamb\u00e9m para eventos culturais e sociais. O novo design permitir\u00e1 que a pra\u00e7a receba atividades comunit\u00e1rias, enriquecendo a vida social da cidade.<\/p>\n<h2>O que esperar da nova ilumina\u00e7\u00e3o<\/h2>\n<p>A nova ilumina\u00e7\u00e3o \u00e9 um aspecto crucial do projeto de revitaliza\u00e7\u00e3o. Com lumin\u00e1rias modernas, espera-se:<\/p>\n<ul>\n<li><strong>Aumentar a visibilidade:<\/strong> Proporcionar seguran\u00e7a durante a noite, atraindo mais visitantes mesmo em hor\u00e1rios ap\u00f3s o p\u00f4r do sol.<\/li>\n<li><strong>Melhorar a est\u00e9tica:<\/strong> A ilumina\u00e7\u00e3o adequada destacar\u00e1 arquitetonicamente a pra\u00e7a, valorizando a experi\u00eancia dos frequentadores.<\/li>\n<li><strong>Efici\u00eancia energ\u00e9tica:<\/strong> As l\u00e2mpadas ir\u00e3o utilizar tecnologia mais eficiente, reduzindo os custos operacionais.<\/li>\n<\/ul>\n<h2>Opini\u00f5es dos sapateiros sobre a reforma<\/h2>\n<p>Os trabalhadores que atuam na pra\u00e7a expressaram sua satisfa\u00e7\u00e3o e expectativa positiva em rela\u00e7\u00e3o \u00e0 reforma. O sapateiro Elli Jonh de Oliveira Santana comentou que essa mudan\u00e7a representa um marco para a categoria, trazendo dignidade ao trabalho e potencialmente atraindo novos clientes. Ele acredita que um ambiente organizado e bem estruturado poder\u00e1 elevar o prest\u00edgio da profiss\u00e3o e aprimorar as condi\u00e7\u00f5es de trabalho para todos os envolvidos.<\/p>\n\n<div style=\"font-size: 0px; height: 0px; line-height: 0px; margin: 0; padding: 0; clear: both;\"><\/div>","protected":false},"excerpt":{"rendered":"<p>Reforma da Pra\u00e7a dos Sapateiros traz moderniza\u00e7\u00e3o para Feira de Santana.<\/p>\n","protected":false},"author":1,"featured_media":2092,"comment_status":"open","ping_status":"closed","sticky":false,"template":"","format":"standard","meta":{"footnotes":""},"categories":[6],"tags":[],"class_list":["post-2093","post","type-post","status-publish","format-standard","has-post-thumbnail","hentry","category-noticias-em-feira-de-santana","has_thumb"],"aioseo_notices":[],"aioseo_head":"\n\t\t<!-- All in One SEO 5.0.0.1 - aioseo.com -->\n\t<meta name=\"description\" content=\"Reforma da Pra\u00e7a dos Sapateiros traz moderniza\u00e7\u00e3o para Feira de Santana.\" \/>\n\t<meta name=\"robots\" content=\"max-image-preview:large\" \/>\n\t<meta name=\"author\" content=\"Encontra Feira de Santana\"\/>\n\t<link rel=\"canonical\" href=\"https:\/\/www.encontrafeiradesantana.com.br\/sobre\/reforma-da-praca-dos-sapateiros-vai-modernizar-ponto-historico-de-feira-de-santana\/\" \/>\n\t<meta name=\"generator\" content=\"All in One SEO (AIOSEO) 5.0.0.1\" \/>\n\t\t<meta property=\"og:locale\" content=\"pt_BR\" \/>\n\t\t<meta property=\"og:site_name\" content=\"Encontra Feira de Santana | Not\u00edcias, eventos, informa\u00e7\u00f5es e dicas na cidade Feira de Santana e regi\u00e3o.\" \/>\n\t\t<meta property=\"og:type\" content=\"article\" \/>\n\t\t<meta property=\"og:title\" content=\"Reforma da Pra\u00e7a dos Sapateiros vai modernizar ponto hist\u00f3rico de Feira de Santana | Encontra Feira de Santana\" \/>\n\t\t<meta property=\"og:description\" content=\"Reforma da Pra\u00e7a dos Sapateiros traz moderniza\u00e7\u00e3o para Feira de Santana.\" \/>\n\t\t<meta property=\"og:url\" content=\"https:\/\/www.encontrafeiradesantana.com.br\/sobre\/reforma-da-praca-dos-sapateiros-vai-modernizar-ponto-historico-de-feira-de-santana\/\" \/>\n\t\t<meta property=\"article:published_time\" content=\"2026-05-17T06:18:42+00:00\" \/>\n\t\t<meta property=\"article:modified_time\" content=\"2026-05-17T06:18:42+00:00\" \/>\n\t\t<meta name=\"twitter:card\" content=\"summary\" \/>\n\t\t<meta name=\"twitter:title\" content=\"Reforma da Pra\u00e7a dos Sapateiros vai modernizar ponto hist\u00f3rico de Feira de Santana | Encontra Feira de Santana\" \/>\n\t\t<meta name=\"twitter:description\" content=\"Reforma da Pra\u00e7a dos Sapateiros traz moderniza\u00e7\u00e3o para Feira de Santana.\" \/>\n\t\t<script type=\"application\/ld+json\" class=\"aioseo-schema\">\n\t\t\t{\"@context\":\"https:\\\/\\\/schema.org\",\"@graph\":[{\"@type\":\"Article\",\"@id\":\"https:\\\/\\\/www.encontrafeiradesantana.com.br\\\/sobre\\\/reforma-da-praca-dos-sapateiros-vai-modernizar-ponto-historico-de-feira-de-santana\\\/#article\",\"name\":\"Reforma da Pra\\u00e7a dos Sapateiros vai modernizar ponto hist\\u00f3rico de Feira de Santana | Encontra Feira de Santana\",\"headline\":\"Reforma da Pra\\u00e7a dos Sapateiros vai modernizar ponto hist\\u00f3rico de Feira de Santana\",\"author\":{\"@id\":\"https:\\\/\\\/www.encontrafeiradesantana.com.br\\\/sobre\\\/author\\\/efeiradesantana\\\/#author\"},\"publisher\":{\"@id\":\"https:\\\/\\\/www.encontrafeiradesantana.com.br\\\/sobre\\\/#organization\"},\"image\":{\"@type\":\"ImageObject\",\"url\":\"https:\\\/\\\/www.encontrafeiradesantana.com.br\\\/sobre\\\/wp-content\\\/uploads\\\/2026\\\/05\\\/reforma-da-praca-dos-sapateiros-vai-modernizar-ponto-historico-de-feira-de-santana.webp\",\"width\":280,\"height\":280,\"caption\":\"Reforma da Pra\\u00e7a dos Sapateiros\"},\"datePublished\":\"2026-05-17T03:18:42-03:00\",\"dateModified\":\"2026-05-17T03:18:42-03:00\",\"inLanguage\":\"pt-BR\",\"mainEntityOfPage\":{\"@id\":\"https:\\\/\\\/www.encontrafeiradesantana.com.br\\\/sobre\\\/reforma-da-praca-dos-sapateiros-vai-modernizar-ponto-historico-de-feira-de-santana\\\/#webpage\"},\"isPartOf\":{\"@id\":\"https:\\\/\\\/www.encontrafeiradesantana.com.br\\\/sobre\\\/reforma-da-praca-dos-sapateiros-vai-modernizar-ponto-historico-de-feira-de-santana\\\/#webpage\"},\"articleSection\":\"Not\\u00edcias Feira de Santana\"},{\"@type\":\"BreadcrumbList\",\"@id\":\"https:\\\/\\\/www.encontrafeiradesantana.com.br\\\/sobre\\\/reforma-da-praca-dos-sapateiros-vai-modernizar-ponto-historico-de-feira-de-santana\\\/#breadcrumblist\",\"itemListElement\":[{\"@type\":\"ListItem\",\"@id\":\"https:\\\/\\\/www.encontrafeiradesantana.com.br\\\/sobre#listItem\",\"position\":1,\"name\":\"In\\u00edcio\",\"item\":\"https:\\\/\\\/www.encontrafeiradesantana.com.br\\\/sobre\",\"nextItem\":{\"@type\":\"ListItem\",\"@id\":\"https:\\\/\\\/www.encontrafeiradesantana.com.br\\\/sobre\\\/noticias-em-feira-de-santana\\\/#listItem\",\"name\":\"Not\\u00edcias Feira de Santana\"}},{\"@type\":\"ListItem\",\"@id\":\"https:\\\/\\\/www.encontrafeiradesantana.com.br\\\/sobre\\\/noticias-em-feira-de-santana\\\/#listItem\",\"position\":2,\"name\":\"Not\\u00edcias Feira de Santana\",\"item\":\"https:\\\/\\\/www.encontrafeiradesantana.com.br\\\/sobre\\\/noticias-em-feira-de-santana\\\/\",\"nextItem\":{\"@type\":\"ListItem\",\"@id\":\"https:\\\/\\\/www.encontrafeiradesantana.com.br\\\/sobre\\\/reforma-da-praca-dos-sapateiros-vai-modernizar-ponto-historico-de-feira-de-santana\\\/#listItem\",\"name\":\"Reforma da Pra\\u00e7a dos Sapateiros vai modernizar ponto hist\\u00f3rico de Feira de Santana\"},\"previousItem\":{\"@type\":\"ListItem\",\"@id\":\"https:\\\/\\\/www.encontrafeiradesantana.com.br\\\/sobre#listItem\",\"name\":\"In\\u00edcio\"}},{\"@type\":\"ListItem\",\"@id\":\"https:\\\/\\\/www.encontrafeiradesantana.com.br\\\/sobre\\\/reforma-da-praca-dos-sapateiros-vai-modernizar-ponto-historico-de-feira-de-santana\\\/#listItem\",\"position\":3,\"name\":\"Reforma da Pra\\u00e7a dos Sapateiros vai modernizar ponto hist\\u00f3rico de Feira de Santana\",\"previousItem\":{\"@type\":\"ListItem\",\"@id\":\"https:\\\/\\\/www.encontrafeiradesantana.com.br\\\/sobre\\\/noticias-em-feira-de-santana\\\/#listItem\",\"name\":\"Not\\u00edcias Feira de Santana\"}}]},{\"@type\":\"Organization\",\"@id\":\"https:\\\/\\\/www.encontrafeiradesantana.com.br\\\/sobre\\\/#organization\",\"name\":\"Encontra Feira de Santana\",\"description\":\"Not\\u00edcias, eventos, informa\\u00e7\\u00f5es e dicas na cidade Feira de Santana e regi\\u00e3o.\",\"url\":\"https:\\\/\\\/www.encontrafeiradesantana.com.br\\\/sobre\\\/\"},{\"@type\":\"Person\",\"@id\":\"https:\\\/\\\/www.encontrafeiradesantana.com.br\\\/sobre\\\/author\\\/efeiradesantana\\\/#author\",\"url\":\"https:\\\/\\\/www.encontrafeiradesantana.com.br\\\/sobre\\\/author\\\/efeiradesantana\\\/\",\"name\":\"Encontra Feira de Santana\",\"image\":{\"@type\":\"ImageObject\",\"@id\":\"https:\\\/\\\/www.encontrafeiradesantana.com.br\\\/sobre\\\/reforma-da-praca-dos-sapateiros-vai-modernizar-ponto-historico-de-feira-de-santana\\\/#authorImage\",\"url\":\"https:\\\/\\\/secure.gravatar.com\\\/avatar\\\/507340682b8270222e1f208e23198b6ae7e2c6a1033ae84e99bc6bce4f82a387?s=96&d=mm&r=g\",\"width\":96,\"height\":96,\"caption\":\"Encontra Feira de Santana\"}},{\"@type\":\"WebPage\",\"@id\":\"https:\\\/\\\/www.encontrafeiradesantana.com.br\\\/sobre\\\/reforma-da-praca-dos-sapateiros-vai-modernizar-ponto-historico-de-feira-de-santana\\\/#webpage\",\"url\":\"https:\\\/\\\/www.encontrafeiradesantana.com.br\\\/sobre\\\/reforma-da-praca-dos-sapateiros-vai-modernizar-ponto-historico-de-feira-de-santana\\\/\",\"name\":\"Reforma da Pra\\u00e7a dos Sapateiros vai modernizar ponto hist\\u00f3rico de Feira de Santana | Encontra Feira de Santana\",\"description\":\"Reforma da Pra\\u00e7a dos Sapateiros traz moderniza\\u00e7\\u00e3o para Feira de Santana.\",\"inLanguage\":\"pt-BR\",\"isPartOf\":{\"@id\":\"https:\\\/\\\/www.encontrafeiradesantana.com.br\\\/sobre\\\/#website\"},\"breadcrumb\":{\"@id\":\"https:\\\/\\\/www.encontrafeiradesantana.com.br\\\/sobre\\\/reforma-da-praca-dos-sapateiros-vai-modernizar-ponto-historico-de-feira-de-santana\\\/#breadcrumblist\"},\"author\":{\"@id\":\"https:\\\/\\\/www.encontrafeiradesantana.com.br\\\/sobre\\\/author\\\/efeiradesantana\\\/#author\"},\"creator\":{\"@id\":\"https:\\\/\\\/www.encontrafeiradesantana.com.br\\\/sobre\\\/author\\\/efeiradesantana\\\/#author\"},\"image\":{\"@type\":\"ImageObject\",\"url\":\"https:\\\/\\\/www.encontrafeiradesantana.com.br\\\/sobre\\\/wp-content\\\/uploads\\\/2026\\\/05\\\/reforma-da-praca-dos-sapateiros-vai-modernizar-ponto-historico-de-feira-de-santana.webp\",\"@id\":\"https:\\\/\\\/www.encontrafeiradesantana.com.br\\\/sobre\\\/reforma-da-praca-dos-sapateiros-vai-modernizar-ponto-historico-de-feira-de-santana\\\/#mainImage\",\"width\":280,\"height\":280,\"caption\":\"Reforma da Pra\\u00e7a dos Sapateiros\"},\"primaryImageOfPage\":{\"@id\":\"https:\\\/\\\/www.encontrafeiradesantana.com.br\\\/sobre\\\/reforma-da-praca-dos-sapateiros-vai-modernizar-ponto-historico-de-feira-de-santana\\\/#mainImage\"},\"datePublished\":\"2026-05-17T03:18:42-03:00\",\"dateModified\":\"2026-05-17T03:18:42-03:00\"},{\"@type\":\"WebSite\",\"@id\":\"https:\\\/\\\/www.encontrafeiradesantana.com.br\\\/sobre\\\/#website\",\"url\":\"https:\\\/\\\/www.encontrafeiradesantana.com.br\\\/sobre\\\/\",\"name\":\"Encontra Feira de Santana\",\"description\":\"Not\\u00edcias, eventos, informa\\u00e7\\u00f5es e dicas na cidade Feira de Santana e regi\\u00e3o.\",\"inLanguage\":\"pt-BR\",\"publisher\":{\"@id\":\"https:\\\/\\\/www.encontrafeiradesantana.com.br\\\/sobre\\\/#organization\"}}]}\n\t\t<\/script>\n\t\t<!-- All in One SEO -->\n\n","aioseo_head_json":{"title":"Reforma da Pra\u00e7a dos Sapateiros vai modernizar ponto hist\u00f3rico de Feira de Santana | Encontra Feira de Santana","description":"Reforma da Pra\u00e7a dos Sapateiros traz moderniza\u00e7\u00e3o para Feira de Santana.","canonical_url":"https:\/\/www.encontrafeiradesantana.com.br\/sobre\/reforma-da-praca-dos-sapateiros-vai-modernizar-ponto-historico-de-feira-de-santana\/","robots":"max-image-preview:large","keywords":"","webmasterTools":{"miscellaneous":""},"schema":{"@context":"https:\/\/schema.org","@graph":[{"@type":"Article","@id":"https:\/\/www.encontrafeiradesantana.com.br\/sobre\/reforma-da-praca-dos-sapateiros-vai-modernizar-ponto-historico-de-feira-de-santana\/#article","name":"Reforma da Pra\u00e7a dos Sapateiros vai modernizar ponto hist\u00f3rico de Feira de Santana | Encontra Feira de Santana","headline":"Reforma da Pra\u00e7a dos Sapateiros vai modernizar ponto hist\u00f3rico de Feira de Santana","author":{"@id":"https:\/\/www.encontrafeiradesantana.com.br\/sobre\/author\/efeiradesantana\/#author"},"publisher":{"@id":"https:\/\/www.encontrafeiradesantana.com.br\/sobre\/#organization"},"image":{"@type":"ImageObject","url":"https:\/\/www.encontrafeiradesantana.com.br\/sobre\/wp-content\/uploads\/2026\/05\/reforma-da-praca-dos-sapateiros-vai-modernizar-ponto-historico-de-feira-de-santana.webp","width":280,"height":280,"caption":"Reforma da Pra\u00e7a dos Sapateiros"},"datePublished":"2026-05-17T03:18:42-03:00","dateModified":"2026-05-17T03:18:42-03:00","inLanguage":"pt-BR","mainEntityOfPage":{"@id":"https:\/\/www.encontrafeiradesantana.com.br\/sobre\/reforma-da-praca-dos-sapateiros-vai-modernizar-ponto-historico-de-feira-de-santana\/#webpage"},"isPartOf":{"@id":"https:\/\/www.encontrafeiradesantana.com.br\/sobre\/reforma-da-praca-dos-sapateiros-vai-modernizar-ponto-historico-de-feira-de-santana\/#webpage"},"articleSection":"Not\u00edcias Feira de Santana"},{"@type":"BreadcrumbList","@id":"https:\/\/www.encontrafeiradesantana.com.br\/sobre\/reforma-da-praca-dos-sapateiros-vai-modernizar-ponto-historico-de-feira-de-santana\/#breadcrumblist","itemListElement":[{"@type":"ListItem","@id":"https:\/\/www.encontrafeiradesantana.com.br\/sobre#listItem","position":1,"name":"In\u00edcio","item":"https:\/\/www.encontrafeiradesantana.com.br\/sobre","nextItem":{"@type":"ListItem","@id":"https:\/\/www.encontrafeiradesantana.com.br\/sobre\/noticias-em-feira-de-santana\/#listItem","name":"Not\u00edcias Feira de Santana"}},{"@type":"ListItem","@id":"https:\/\/www.encontrafeiradesantana.com.br\/sobre\/noticias-em-feira-de-santana\/#listItem","position":2,"name":"Not\u00edcias Feira de Santana","item":"https:\/\/www.encontrafeiradesantana.com.br\/sobre\/noticias-em-feira-de-santana\/","nextItem":{"@type":"ListItem","@id":"https:\/\/www.encontrafeiradesantana.com.br\/sobre\/reforma-da-praca-dos-sapateiros-vai-modernizar-ponto-historico-de-feira-de-santana\/#listItem","name":"Reforma da Pra\u00e7a dos Sapateiros vai modernizar ponto hist\u00f3rico de Feira de Santana"},"previousItem":{"@type":"ListItem","@id":"https:\/\/www.encontrafeiradesantana.com.br\/sobre#listItem","name":"In\u00edcio"}},{"@type":"ListItem","@id":"https:\/\/www.encontrafeiradesantana.com.br\/sobre\/reforma-da-praca-dos-sapateiros-vai-modernizar-ponto-historico-de-feira-de-santana\/#listItem","position":3,"name":"Reforma da Pra\u00e7a dos Sapateiros vai modernizar ponto hist\u00f3rico de Feira de Santana","previousItem":{"@type":"ListItem","@id":"https:\/\/www.encontrafeiradesantana.com.br\/sobre\/noticias-em-feira-de-santana\/#listItem","name":"Not\u00edcias Feira de Santana"}}]},{"@type":"Organization","@id":"https:\/\/www.encontrafeiradesantana.com.br\/sobre\/#organization","name":"Encontra Feira de Santana","description":"Not\u00edcias, eventos, informa\u00e7\u00f5es e dicas na cidade Feira de Santana e regi\u00e3o.","url":"https:\/\/www.encontrafeiradesantana.com.br\/sobre\/"},{"@type":"Person","@id":"https:\/\/www.encontrafeiradesantana.com.br\/sobre\/author\/efeiradesantana\/#author","url":"https:\/\/www.encontrafeiradesantana.com.br\/sobre\/author\/efeiradesantana\/","name":"Encontra Feira de Santana","image":{"@type":"ImageObject","@id":"https:\/\/www.encontrafeiradesantana.com.br\/sobre\/reforma-da-praca-dos-sapateiros-vai-modernizar-ponto-historico-de-feira-de-santana\/#authorImage","url":"https:\/\/secure.gravatar.com\/avatar\/507340682b8270222e1f208e23198b6ae7e2c6a1033ae84e99bc6bce4f82a387?s=96&d=mm&r=g","width":96,"height":96,"caption":"Encontra Feira de Santana"}},{"@type":"WebPage","@id":"https:\/\/www.encontrafeiradesantana.com.br\/sobre\/reforma-da-praca-dos-sapateiros-vai-modernizar-ponto-historico-de-feira-de-santana\/#webpage","url":"https:\/\/www.encontrafeiradesantana.com.br\/sobre\/reforma-da-praca-dos-sapateiros-vai-modernizar-ponto-historico-de-feira-de-santana\/","name":"Reforma da Pra\u00e7a dos Sapateiros vai modernizar ponto hist\u00f3rico de Feira de Santana | Encontra Feira de Santana","description":"Reforma da Pra\u00e7a dos Sapateiros traz moderniza\u00e7\u00e3o para Feira de Santana.","inLanguage":"pt-BR","isPartOf":{"@id":"https:\/\/www.encontrafeiradesantana.com.br\/sobre\/#website"},"breadcrumb":{"@id":"https:\/\/www.encontrafeiradesantana.com.br\/sobre\/reforma-da-praca-dos-sapateiros-vai-modernizar-ponto-historico-de-feira-de-santana\/#breadcrumblist"},"author":{"@id":"https:\/\/www.encontrafeiradesantana.com.br\/sobre\/author\/efeiradesantana\/#author"},"creator":{"@id":"https:\/\/www.encontrafeiradesantana.com.br\/sobre\/author\/efeiradesantana\/#author"},"image":{"@type":"ImageObject","url":"https:\/\/www.encontrafeiradesantana.com.br\/sobre\/wp-content\/uploads\/2026\/05\/reforma-da-praca-dos-sapateiros-vai-modernizar-ponto-historico-de-feira-de-santana.webp","@id":"https:\/\/www.encontrafeiradesantana.com.br\/sobre\/reforma-da-praca-dos-sapateiros-vai-modernizar-ponto-historico-de-feira-de-santana\/#mainImage","width":280,"height":280,"caption":"Reforma da Pra\u00e7a dos Sapateiros"},"primaryImageOfPage":{"@id":"https:\/\/www.encontrafeiradesantana.com.br\/sobre\/reforma-da-praca-dos-sapateiros-vai-modernizar-ponto-historico-de-feira-de-santana\/#mainImage"},"datePublished":"2026-05-17T03:18:42-03:00","dateModified":"2026-05-17T03:18:42-03:00"},{"@type":"WebSite","@id":"https:\/\/www.encontrafeiradesantana.com.br\/sobre\/#website","url":"https:\/\/www.encontrafeiradesantana.com.br\/sobre\/","name":"Encontra Feira de Santana","description":"Not\u00edcias, eventos, informa\u00e7\u00f5es e dicas na cidade Feira de Santana e regi\u00e3o.","inLanguage":"pt-BR","publisher":{"@id":"https:\/\/www.encontrafeiradesantana.com.br\/sobre\/#organization"}}]},"og:locale":"pt_BR","og:site_name":"Encontra Feira de Santana | Not\u00edcias, eventos, informa\u00e7\u00f5es e dicas na cidade Feira de Santana e regi\u00e3o.","og:type":"article","og:title":"Reforma da Pra\u00e7a dos Sapateiros vai modernizar ponto hist\u00f3rico de Feira de Santana | Encontra Feira de Santana","og:description":"Reforma da Pra\u00e7a dos Sapateiros traz moderniza\u00e7\u00e3o para Feira de Santana.","og:url":"https:\/\/www.encontrafeiradesantana.com.br\/sobre\/reforma-da-praca-dos-sapateiros-vai-modernizar-ponto-historico-de-feira-de-santana\/","article:published_time":"2026-05-17T06:18:42+00:00","article:modified_time":"2026-05-17T06:18:42+00:00","twitter:card":"summary","twitter:title":"Reforma da Pra\u00e7a dos Sapateiros vai modernizar ponto hist\u00f3rico de Feira de Santana | Encontra Feira de Santana","twitter:description":"Reforma da Pra\u00e7a dos Sapateiros traz moderniza\u00e7\u00e3o para Feira de Santana."},"aioseo_meta_data":{"post_id":"2093","title":null,"description":null,"keywords":null,"keyphrases":null,"primary_term":null,"canonical_url":null,"og_title":null,"og_description":null,"og_object_type":"default","og_image_type":"default","og_image_url":null,"og_image_width":null,"og_image_height":null,"og_image_custom_url":null,"og_image_custom_fields":null,"og_video":null,"og_custom_url":null,"og_article_section":null,"og_article_tags":null,"twitter_use_og":false,"twitter_card":"default","twitter_image_type":"default","twitter_image_url":null,"twitter_image_custom_url":null,"twitter_image_custom_fields":null,"twitter_title":null,"twitter_description":null,"schema":{"blockGraphs":[],"customGraphs":[],"default":{"data":{"Article":[],"Course":[],"Dataset":[],"FAQPage":[],"Movie":[],"Person":[],"Product":[],"ProductReview":[],"Car":[],"Recipe":[],"Service":[],"SoftwareApplication":[],"WebPage":[]},"graphName":"Article","isEnabled":true},"graphs":[]},"schema_type":"default","schema_type_options":null,"pillar_content":false,"robots_default":true,"robots_noindex":false,"robots_noarchive":false,"robots_nosnippet":false,"robots_nofollow":false,"robots_noimageindex":false,"robots_noodp":false,"robots_notranslate":false,"robots_max_snippet":null,"robots_max_videopreview":null,"robots_max_imagepreview":"large","priority":null,"frequency":null,"local_seo":null,"breadcrumb_settings":null,"limit_modified_date":false,"ai":null,"created":"2026-05-17 06:18:46","updated":"2026-05-17 06:32:14","focus_keyword":null,"additional_keywords":null,"truseo_locale":null,"seo_analyzer_scan_date":null},"aioseo_breadcrumb":"<div class=\"aioseo-breadcrumbs\"><span class=\"aioseo-breadcrumb\">\n\t\t\t<a href=\"https:\/\/www.encontrafeiradesantana.com.br\/sobre\" title=\"In\u00edcio\">In\u00edcio<\/a>\n\t\t<\/span><span class=\"aioseo-breadcrumb-separator\">&raquo;<\/span><span class=\"aioseo-breadcrumb\">\n\t\t\t<a href=\"https:\/\/www.encontrafeiradesantana.com.br\/sobre\/noticias-em-feira-de-santana\/\" title=\"Not\u00edcias Feira de Santana\">Not\u00edcias Feira de Santana<\/a>\n\t\t<\/span><span class=\"aioseo-breadcrumb-separator\">&raquo;<\/span><span class=\"aioseo-breadcrumb\">\n\t\t\tReforma da Pra\u00e7a dos Sapateiros vai modernizar ponto hist\u00f3rico de Feira de Santana\n\t\t<\/span><\/div>","aioseo_breadcrumb_json":[{"label":"In\u00edcio","link":"https:\/\/www.encontrafeiradesantana.com.br\/sobre"},{"label":"Not\u00edcias Feira de Santana","link":"https:\/\/www.encontrafeiradesantana.com.br\/sobre\/noticias-em-feira-de-santana\/"},{"label":"Reforma da Pra\u00e7a dos Sapateiros vai modernizar ponto hist\u00f3rico de Feira de Santana","link":"https:\/\/www.encontrafeiradesantana.com.br\/sobre\/reforma-da-praca-dos-sapateiros-vai-modernizar-ponto-historico-de-feira-de-santana\/"}],"_links":{"self":[{"href":"https:\/\/www.encontrafeiradesantana.com.br\/sobre\/wp-json\/wp\/v2\/posts\/2093","targetHints":{"allow":["GET"]}}],"collection":[{"href":"https:\/\/www.encontrafeiradesantana.com.br\/sobre\/wp-json\/wp\/v2\/posts"}],"about":[{"href":"https:\/\/www.encontrafeiradesantana.com.br\/sobre\/wp-json\/wp\/v2\/types\/post"}],"author":[{"embeddable":true,"href":"https:\/\/www.encontrafeiradesantana.com.br\/sobre\/wp-json\/wp\/v2\/users\/1"}],"replies":[{"embeddable":true,"href":"https:\/\/www.encontrafeiradesantana.com.br\/sobre\/wp-json\/wp\/v2\/comments?post=2093"}],"version-history":[{"count":0,"href":"https:\/\/www.encontrafeiradesantana.com.br\/sobre\/wp-json\/wp\/v2\/posts\/2093\/revisions"}],"wp:featuredmedia":[{"embeddable":true,"href":"https:\/\/www.encontrafeiradesantana.com.br\/sobre\/wp-json\/wp\/v2\/media\/2092"}],"wp:attachment":[{"href":"https:\/\/www.encontrafeiradesantana.com.br\/sobre\/wp-json\/wp\/v2\/media?parent=2093"}],"wp:term":[{"taxonomy":"category","embeddable":true,"href":"https:\/\/www.encontrafeiradesantana.com.br\/sobre\/wp-json\/wp\/v2\/categories?post=2093"},{"taxonomy":"post_tag","embeddable":true,"href":"https:\/\/www.encontrafeiradesantana.com.br\/sobre\/wp-json\/wp\/v2\/tags?post=2093"}],"curies":[{"name":"wp","href":"https:\/\/api.w.org\/{rel}","templated":true}]}}