{"id":2079,"date":"2026-05-15T03:02:38","date_gmt":"2026-05-15T06:02:38","guid":{"rendered":"https:\/\/www.encontrafeiradesantana.com.br\/sobre\/leilao-na-b3-define-consorcio-para-construcao-e-gestao-do-novo-hospital-municipal-de-feira-de-santana\/"},"modified":"2026-05-15T03:02:38","modified_gmt":"2026-05-15T06:02:38","slug":"leilao-na-b3-define-consorcio-para-construcao-e-gestao-do-novo-hospital-municipal-de-feira-de-santana","status":"publish","type":"post","link":"https:\/\/www.encontrafeiradesantana.com.br\/sobre\/leilao-na-b3-define-consorcio-para-construcao-e-gestao-do-novo-hospital-municipal-de-feira-de-santana\/","title":{"rendered":"Leil\u00e3o na B3 define cons\u00f3rcio para constru\u00e7\u00e3o e gest\u00e3o do novo Hospital Municipal de Feira de Santana"},"content":{"rendered":"<div class=\"3f468104ad11f00a3c9ac948316f4265\" data-index=\"1\" style=\"float: none; margin:0px;\">\n<ins class=\"adsbygoogle\"\r\n     style=\"display:block\"\r\n     data-ad-client=\"ca-pub-8585364105181520\"\r\n     data-ad-slot=\"8789329856\"\r\n     data-ad-format=\"auto\"\r\n     data-full-width-responsive=\"true\"><\/ins>\r\n<script>\r\n     (adsbygoogle = window.adsbygoogle || []).push({});\r\n<\/script>\r\n\n<\/div>\n<h2>O que \u00e9 o Leil\u00e3o na B3?<\/h2>\n<p>No pr\u00f3ximo dia 15 de maio de 2026, a B3, Bolsa de Valores de S\u00e3o Paulo, ser\u00e1 palco de um importante evento no setor de sa\u00fade p\u00fablica. Trata-se de um leil\u00e3o para a concess\u00e3o administrativa que visa selecionar uma empresa ou cons\u00f3rcio respons\u00e1vel pela constru\u00e7\u00e3o e gest\u00e3o do novo Hospital Municipal de Feira de Santana. Esse leil\u00e3o est\u00e1 programado para as 14h, e o crit\u00e9rio utilizado para a escolha da proposta vencedora ser\u00e1 o menor pre\u00e7o global, buscando, assim, maximizar os benef\u00edcios para o munic\u00edpio.<\/p>\n<h2>Import\u00e2ncia da Concess\u00e3o Administrativa<\/h2>\n<p>A concess\u00e3o administrativa tem como principal objetivo modernizar e otimizar a presta\u00e7\u00e3o de servi\u00e7os p\u00fablicos. No caso de Feira de Santana, a realiza\u00e7\u00e3o desse leil\u00e3o representa uma oportunidade valiosa para melhorar a infraestrutura e a gest\u00e3o hospitalar, proporcionando um atendimento mais eficiente e de qualidade para a popula\u00e7\u00e3o. A expectativa \u00e9 que o novo hospital sirva como um marco para a sa\u00fade p\u00fablica local, atendendo a demanda por servi\u00e7os m\u00e9dicos e contribuindo para o desenvolvimento social.<\/p>\n<h2>Impactos no Atendimento de Sa\u00fade<\/h2>\n<p>Com a chegada do novo Hospital Municipal, espera-se que o atendimento em sa\u00fade em Feira de Santana se torne mais \u00e1gil e eficaz. A proposta inclui a inje\u00e7\u00e3o de um investimento significativo ao longo de 22 anos de parceria p\u00fablico-privada, totalizando R$ 1.881.936.896,23. Desse valor, aproximadamente R$ 286,2 milh\u00f5es ser\u00e3o destinados a investimentos diretos e futuras melhorias na infraestrutura. Essa inje\u00e7\u00e3o financeira, especialmente os R$ 161,6 milh\u00f5es previstos para os primeiros dois anos, \u00e9 crucial para garantir que as obras avancem rapidamente e que a unidade hospitalar seja entregue no menor prazo poss\u00edvel.<\/p>\n<p><img decoding=\"async\" src=\"https:\/\/www.encontrafeiradesantana.com.br\/sobre\/wp-content\/uploads\/2026\/05\/leilao-na-b3-define-consorcio-para-construcao-e-gestao-do-novo-hospital-municipal-de-feira-de-santan.webp\" alt=\"leil\u00e3o na B3\" loading=\"lazy\" \/><\/p>\n<h2>Investimentos Estruturais Planejados<\/h2>\n<p>O projeto para o novo hospital \u00e9 bastante inovador e tem como foco a divis\u00e3o clara entre as atividades cl\u00ednicas e a gest\u00e3o da infraestrutura. Isso significa que a empresa vencedora do leil\u00e3o n\u00e3o s\u00f3 ser\u00e1 respons\u00e1vel pela constru\u00e7\u00e3o do hospital, mas tamb\u00e9m pela execu\u00e7\u00e3o das fun\u00e7\u00f5es n\u00e3o assistenciais, como manuten\u00e7\u00e3o, seguran\u00e7a, lavanderia e log\u00edstica. Tal modelagem busca trazer a efici\u00eancia que o setor privado oferece para a administra\u00e7\u00e3o do hospital, resultando em uma gest\u00e3o mais racional e otimizada dos recursos p\u00fablicos.<\/p>\n<h2>O Papel da Concession\u00e1ria Vencedora<\/h2>\n<p>A concession\u00e1ria que for escolhida ter\u00e1 um papel fundamental na transforma\u00e7\u00e3o do sistema de sa\u00fade local. Al\u00e9m de gerenciar a constru\u00e7\u00e3o e opera\u00e7\u00e3o do novo hospital, essa entidade ser\u00e1 incumbida de implementar pr\u00e1ticas que garantam a qualidade do atendimento e a satisfa\u00e7\u00e3o dos usu\u00e1rios. A perspectiva \u00e9 que a atua\u00e7\u00e3o empresarial, aliada ao foco em efici\u00eancia, possa melhorar substancialmente a experi\u00eancia dos pacientes, promovendo um atendimento humanizado e de qualidade.<\/p>\n<h2>Divis\u00e3o entre Gest\u00e3o Cl\u00ednica e Infraestrutura<\/h2>\n<p>Uma das inova\u00e7\u00f5es mais significativas do projeto \u00e9 a divis\u00e3o entre a gest\u00e3o cl\u00ednica e as opera\u00e7\u00f5es de infraestrutura. Isso permitir\u00e1 que a administra\u00e7\u00e3o se concentre nas necessidades de sa\u00fade da popula\u00e7\u00e3o, enquanto a parte t\u00e9cnica e log\u00edstica ficar\u00e1 sob a responsabilidade da concession\u00e1ria. Essa separa\u00e7\u00e3o pode proporcionar um controle mais rigoroso sobre os recursos utilizados, al\u00e9m de possibilitar maior transpar\u00eancia e efic\u00e1cia nas a\u00e7\u00f5es do hospital.<\/p>\n<h2>Como a Prefeitura Vai Focar em Sa\u00fade<\/h2>\n<p>Com a transfer\u00eancia da gest\u00e3o de infraestrutura para o setor privado, a Prefeitura de Feira de Santana poder\u00e1 concentrar seus esfor\u00e7os nas \u00e1reas mais cr\u00edticas da sa\u00fade, como a contrata\u00e7\u00e3o de profissionais, a melhoria das condi\u00e7\u00f5es de trabalho e a implementa\u00e7\u00e3o de pol\u00edticas de sa\u00fade p\u00fablica. Isso significa que a administra\u00e7\u00e3o municipal ter\u00e1 mais liberdade para investir diretamente na qualidade do atendimento que cada cidad\u00e3o receber\u00e1, transformando a vida de milhares de pessoas na cidade.<\/p>\n<h2>O Processo de Credenciamento para Imprensa<\/h2>\n<p>O leil\u00e3o realizado na B3 ser\u00e1 acess\u00edvel \u00e0 imprensa, com credenciamento necess\u00e1rio para os jornalistas que desejarem comparecer presencialmente. O processo de credenciamento deve ser formalizado por e-mail, permitindo que rep\u00f3rteres e ve\u00edculos de comunica\u00e7\u00e3o possam acompanhar de perto o desenrolar do evento. Essa abertura para a m\u00eddia tamb\u00e9m tende a fortalecer a transpar\u00eancia do processo, garantindo que a popula\u00e7\u00e3o esteja informada sobre os relevantes desdobramentos relacionados ao leil\u00e3o.<\/p>\n<h2>Transmiss\u00e3o ao Vivo do Leil\u00e3o<\/h2>\n<p>Para assegurar que o p\u00fablico em geral tenha acesso \u00e0s informa\u00e7\u00f5es em tempo real, o leil\u00e3o ser\u00e1 transmitido ao vivo pelo canal digital da TV B3. Isso possibilitar\u00e1 que n\u00e3o apenas os ve\u00edculos de imprensa, mas tamb\u00e9m a popula\u00e7\u00e3o local e demais interessados possam acompanhar a escolha da empresa respons\u00e1vel pela constru\u00e7\u00e3o e gest\u00e3o do novo hospital. A transpar\u00eancia e a acessibilidade dessas informa\u00e7\u00f5es s\u00e3o cruciais para o fortalecimento da confian\u00e7a da comunidade nas a\u00e7\u00f5es do governo.<\/p>\n<h2>Expectativas para Futuras Melhorias na Sa\u00fade<\/h2>\n<p>Com a implementa\u00e7\u00e3o do novo Hospital Municipal de Feira de Santana, as expectativas s\u00e3o otimistas. A previs\u00e3o \u00e9 que as melhorias na infraestrutura e gest\u00e3o do servi\u00e7o de sa\u00fade se traduzam em melhor atendimento e mais qualidade na presta\u00e7\u00e3o de servi\u00e7os m\u00e9dicos. Isso n\u00e3o s\u00f3 atender\u00e1 a demanda crescente por tratamentos e consultas, como tamb\u00e9m poder\u00e1 impactar positivamente a qualidade de vida da popula\u00e7\u00e3o, promovendo uma sa\u00fade mais acess\u00edvel e de qualidade para todos.<\/p>\n\n<div style=\"font-size: 0px; height: 0px; line-height: 0px; margin: 0; padding: 0; clear: both;\"><\/div>","protected":false},"excerpt":{"rendered":"<p>Leil\u00e3o na B3 promete melhorias significativas no Hospital Municipal de Feira de Santana.<\/p>\n","protected":false},"author":1,"featured_media":2078,"comment_status":"open","ping_status":"closed","sticky":false,"template":"","format":"standard","meta":{"footnotes":""},"categories":[6],"tags":[],"class_list":["post-2079","post","type-post","status-publish","format-standard","has-post-thumbnail","hentry","category-noticias-em-feira-de-santana","has_thumb"],"aioseo_notices":[],"aioseo_head":"\n\t\t<!-- All in One SEO 5.0.0.1 - aioseo.com -->\n\t<meta name=\"description\" content=\"Leil\u00e3o na B3 promete melhorias significativas no Hospital Municipal de Feira de Santana.\" \/>\n\t<meta name=\"robots\" content=\"max-image-preview:large\" \/>\n\t<meta name=\"author\" content=\"Encontra Feira de Santana\"\/>\n\t<link rel=\"canonical\" href=\"https:\/\/www.encontrafeiradesantana.com.br\/sobre\/leilao-na-b3-define-consorcio-para-construcao-e-gestao-do-novo-hospital-municipal-de-feira-de-santana\/\" \/>\n\t<meta name=\"generator\" content=\"All in One SEO (AIOSEO) 5.0.0.1\" \/>\n\t\t<meta property=\"og:locale\" content=\"pt_BR\" \/>\n\t\t<meta property=\"og:site_name\" content=\"Encontra Feira de Santana | Not\u00edcias, eventos, informa\u00e7\u00f5es e dicas na cidade Feira de Santana e regi\u00e3o.\" \/>\n\t\t<meta property=\"og:type\" content=\"article\" \/>\n\t\t<meta property=\"og:title\" content=\"Leil\u00e3o na B3 define cons\u00f3rcio para constru\u00e7\u00e3o e gest\u00e3o do novo Hospital Municipal de Feira de Santana | Encontra Feira de Santana\" \/>\n\t\t<meta property=\"og:description\" content=\"Leil\u00e3o na B3 promete melhorias significativas no Hospital Municipal de Feira de Santana.\" \/>\n\t\t<meta property=\"og:url\" content=\"https:\/\/www.encontrafeiradesantana.com.br\/sobre\/leilao-na-b3-define-consorcio-para-construcao-e-gestao-do-novo-hospital-municipal-de-feira-de-santana\/\" \/>\n\t\t<meta property=\"article:published_time\" content=\"2026-05-15T06:02:38+00:00\" \/>\n\t\t<meta property=\"article:modified_time\" content=\"2026-05-15T06:02:38+00:00\" \/>\n\t\t<meta name=\"twitter:card\" content=\"summary\" \/>\n\t\t<meta name=\"twitter:title\" content=\"Leil\u00e3o na B3 define cons\u00f3rcio para constru\u00e7\u00e3o e gest\u00e3o do novo Hospital Municipal de Feira de Santana | Encontra Feira de Santana\" \/>\n\t\t<meta name=\"twitter:description\" content=\"Leil\u00e3o na B3 promete melhorias significativas no Hospital Municipal de Feira de Santana.\" \/>\n\t\t<script type=\"application\/ld+json\" class=\"aioseo-schema\">\n\t\t\t{\"@context\":\"https:\\\/\\\/schema.org\",\"@graph\":[{\"@type\":\"Article\",\"@id\":\"https:\\\/\\\/www.encontrafeiradesantana.com.br\\\/sobre\\\/leilao-na-b3-define-consorcio-para-construcao-e-gestao-do-novo-hospital-municipal-de-feira-de-santana\\\/#article\",\"name\":\"Leil\\u00e3o na B3 define cons\\u00f3rcio para constru\\u00e7\\u00e3o e gest\\u00e3o do novo Hospital Municipal de Feira de Santana | Encontra Feira de Santana\",\"headline\":\"Leil\\u00e3o na B3 define cons\\u00f3rcio para constru\\u00e7\\u00e3o e gest\\u00e3o do novo Hospital Municipal de Feira de Santana\",\"author\":{\"@id\":\"https:\\\/\\\/www.encontrafeiradesantana.com.br\\\/sobre\\\/author\\\/efeiradesantana\\\/#author\"},\"publisher\":{\"@id\":\"https:\\\/\\\/www.encontrafeiradesantana.com.br\\\/sobre\\\/#organization\"},\"image\":{\"@type\":\"ImageObject\",\"url\":\"https:\\\/\\\/www.encontrafeiradesantana.com.br\\\/sobre\\\/wp-content\\\/uploads\\\/2026\\\/05\\\/leilao-na-b3-define-consorcio-para-construcao-e-gestao-do-novo-hospital-municipal-de-feira-de-santan.webp\",\"width\":280,\"height\":280,\"caption\":\"leil\\u00e3o na B3\"},\"datePublished\":\"2026-05-15T03:02:38-03:00\",\"dateModified\":\"2026-05-15T03:02:38-03:00\",\"inLanguage\":\"pt-BR\",\"mainEntityOfPage\":{\"@id\":\"https:\\\/\\\/www.encontrafeiradesantana.com.br\\\/sobre\\\/leilao-na-b3-define-consorcio-para-construcao-e-gestao-do-novo-hospital-municipal-de-feira-de-santana\\\/#webpage\"},\"isPartOf\":{\"@id\":\"https:\\\/\\\/www.encontrafeiradesantana.com.br\\\/sobre\\\/leilao-na-b3-define-consorcio-para-construcao-e-gestao-do-novo-hospital-municipal-de-feira-de-santana\\\/#webpage\"},\"articleSection\":\"Not\\u00edcias Feira de Santana\"},{\"@type\":\"BreadcrumbList\",\"@id\":\"https:\\\/\\\/www.encontrafeiradesantana.com.br\\\/sobre\\\/leilao-na-b3-define-consorcio-para-construcao-e-gestao-do-novo-hospital-municipal-de-feira-de-santana\\\/#breadcrumblist\",\"itemListElement\":[{\"@type\":\"ListItem\",\"@id\":\"https:\\\/\\\/www.encontrafeiradesantana.com.br\\\/sobre#listItem\",\"position\":1,\"name\":\"In\\u00edcio\",\"item\":\"https:\\\/\\\/www.encontrafeiradesantana.com.br\\\/sobre\",\"nextItem\":{\"@type\":\"ListItem\",\"@id\":\"https:\\\/\\\/www.encontrafeiradesantana.com.br\\\/sobre\\\/noticias-em-feira-de-santana\\\/#listItem\",\"name\":\"Not\\u00edcias Feira de Santana\"}},{\"@type\":\"ListItem\",\"@id\":\"https:\\\/\\\/www.encontrafeiradesantana.com.br\\\/sobre\\\/noticias-em-feira-de-santana\\\/#listItem\",\"position\":2,\"name\":\"Not\\u00edcias Feira de Santana\",\"item\":\"https:\\\/\\\/www.encontrafeiradesantana.com.br\\\/sobre\\\/noticias-em-feira-de-santana\\\/\",\"nextItem\":{\"@type\":\"ListItem\",\"@id\":\"https:\\\/\\\/www.encontrafeiradesantana.com.br\\\/sobre\\\/leilao-na-b3-define-consorcio-para-construcao-e-gestao-do-novo-hospital-municipal-de-feira-de-santana\\\/#listItem\",\"name\":\"Leil\\u00e3o na B3 define cons\\u00f3rcio para constru\\u00e7\\u00e3o e gest\\u00e3o do novo Hospital Municipal de Feira de Santana\"},\"previousItem\":{\"@type\":\"ListItem\",\"@id\":\"https:\\\/\\\/www.encontrafeiradesantana.com.br\\\/sobre#listItem\",\"name\":\"In\\u00edcio\"}},{\"@type\":\"ListItem\",\"@id\":\"https:\\\/\\\/www.encontrafeiradesantana.com.br\\\/sobre\\\/leilao-na-b3-define-consorcio-para-construcao-e-gestao-do-novo-hospital-municipal-de-feira-de-santana\\\/#listItem\",\"position\":3,\"name\":\"Leil\\u00e3o na B3 define cons\\u00f3rcio para constru\\u00e7\\u00e3o e gest\\u00e3o do novo Hospital Municipal de Feira de Santana\",\"previousItem\":{\"@type\":\"ListItem\",\"@id\":\"https:\\\/\\\/www.encontrafeiradesantana.com.br\\\/sobre\\\/noticias-em-feira-de-santana\\\/#listItem\",\"name\":\"Not\\u00edcias Feira de Santana\"}}]},{\"@type\":\"Organization\",\"@id\":\"https:\\\/\\\/www.encontrafeiradesantana.com.br\\\/sobre\\\/#organization\",\"name\":\"Encontra Feira de Santana\",\"description\":\"Not\\u00edcias, eventos, informa\\u00e7\\u00f5es e dicas na cidade Feira de Santana e regi\\u00e3o.\",\"url\":\"https:\\\/\\\/www.encontrafeiradesantana.com.br\\\/sobre\\\/\"},{\"@type\":\"Person\",\"@id\":\"https:\\\/\\\/www.encontrafeiradesantana.com.br\\\/sobre\\\/author\\\/efeiradesantana\\\/#author\",\"url\":\"https:\\\/\\\/www.encontrafeiradesantana.com.br\\\/sobre\\\/author\\\/efeiradesantana\\\/\",\"name\":\"Encontra Feira de Santana\",\"image\":{\"@type\":\"ImageObject\",\"@id\":\"https:\\\/\\\/www.encontrafeiradesantana.com.br\\\/sobre\\\/leilao-na-b3-define-consorcio-para-construcao-e-gestao-do-novo-hospital-municipal-de-feira-de-santana\\\/#authorImage\",\"url\":\"https:\\\/\\\/secure.gravatar.com\\\/avatar\\\/507340682b8270222e1f208e23198b6ae7e2c6a1033ae84e99bc6bce4f82a387?s=96&d=mm&r=g\",\"width\":96,\"height\":96,\"caption\":\"Encontra Feira de Santana\"}},{\"@type\":\"WebPage\",\"@id\":\"https:\\\/\\\/www.encontrafeiradesantana.com.br\\\/sobre\\\/leilao-na-b3-define-consorcio-para-construcao-e-gestao-do-novo-hospital-municipal-de-feira-de-santana\\\/#webpage\",\"url\":\"https:\\\/\\\/www.encontrafeiradesantana.com.br\\\/sobre\\\/leilao-na-b3-define-consorcio-para-construcao-e-gestao-do-novo-hospital-municipal-de-feira-de-santana\\\/\",\"name\":\"Leil\\u00e3o na B3 define cons\\u00f3rcio para constru\\u00e7\\u00e3o e gest\\u00e3o do novo Hospital Municipal de Feira de Santana | Encontra Feira de Santana\",\"description\":\"Leil\\u00e3o na B3 promete melhorias significativas no Hospital Municipal de Feira de Santana.\",\"inLanguage\":\"pt-BR\",\"isPartOf\":{\"@id\":\"https:\\\/\\\/www.encontrafeiradesantana.com.br\\\/sobre\\\/#website\"},\"breadcrumb\":{\"@id\":\"https:\\\/\\\/www.encontrafeiradesantana.com.br\\\/sobre\\\/leilao-na-b3-define-consorcio-para-construcao-e-gestao-do-novo-hospital-municipal-de-feira-de-santana\\\/#breadcrumblist\"},\"author\":{\"@id\":\"https:\\\/\\\/www.encontrafeiradesantana.com.br\\\/sobre\\\/author\\\/efeiradesantana\\\/#author\"},\"creator\":{\"@id\":\"https:\\\/\\\/www.encontrafeiradesantana.com.br\\\/sobre\\\/author\\\/efeiradesantana\\\/#author\"},\"image\":{\"@type\":\"ImageObject\",\"url\":\"https:\\\/\\\/www.encontrafeiradesantana.com.br\\\/sobre\\\/wp-content\\\/uploads\\\/2026\\\/05\\\/leilao-na-b3-define-consorcio-para-construcao-e-gestao-do-novo-hospital-municipal-de-feira-de-santan.webp\",\"@id\":\"https:\\\/\\\/www.encontrafeiradesantana.com.br\\\/sobre\\\/leilao-na-b3-define-consorcio-para-construcao-e-gestao-do-novo-hospital-municipal-de-feira-de-santana\\\/#mainImage\",\"width\":280,\"height\":280,\"caption\":\"leil\\u00e3o na B3\"},\"primaryImageOfPage\":{\"@id\":\"https:\\\/\\\/www.encontrafeiradesantana.com.br\\\/sobre\\\/leilao-na-b3-define-consorcio-para-construcao-e-gestao-do-novo-hospital-municipal-de-feira-de-santana\\\/#mainImage\"},\"datePublished\":\"2026-05-15T03:02:38-03:00\",\"dateModified\":\"2026-05-15T03:02:38-03:00\"},{\"@type\":\"WebSite\",\"@id\":\"https:\\\/\\\/www.encontrafeiradesantana.com.br\\\/sobre\\\/#website\",\"url\":\"https:\\\/\\\/www.encontrafeiradesantana.com.br\\\/sobre\\\/\",\"name\":\"Encontra Feira de Santana\",\"description\":\"Not\\u00edcias, eventos, informa\\u00e7\\u00f5es e dicas na cidade Feira de Santana e regi\\u00e3o.\",\"inLanguage\":\"pt-BR\",\"publisher\":{\"@id\":\"https:\\\/\\\/www.encontrafeiradesantana.com.br\\\/sobre\\\/#organization\"}}]}\n\t\t<\/script>\n\t\t<!-- All in One SEO -->\n\n","aioseo_head_json":{"title":"Leil\u00e3o na B3 define cons\u00f3rcio para constru\u00e7\u00e3o e gest\u00e3o do novo Hospital Municipal de Feira de Santana | Encontra Feira de Santana","description":"Leil\u00e3o na B3 promete melhorias significativas no Hospital Municipal de Feira de Santana.","canonical_url":"https:\/\/www.encontrafeiradesantana.com.br\/sobre\/leilao-na-b3-define-consorcio-para-construcao-e-gestao-do-novo-hospital-municipal-de-feira-de-santana\/","robots":"max-image-preview:large","keywords":"","webmasterTools":{"miscellaneous":""},"schema":{"@context":"https:\/\/schema.org","@graph":[{"@type":"Article","@id":"https:\/\/www.encontrafeiradesantana.com.br\/sobre\/leilao-na-b3-define-consorcio-para-construcao-e-gestao-do-novo-hospital-municipal-de-feira-de-santana\/#article","name":"Leil\u00e3o na B3 define cons\u00f3rcio para constru\u00e7\u00e3o e gest\u00e3o do novo Hospital Municipal de Feira de Santana | Encontra Feira de Santana","headline":"Leil\u00e3o na B3 define cons\u00f3rcio para constru\u00e7\u00e3o e gest\u00e3o do novo Hospital Municipal de Feira de Santana","author":{"@id":"https:\/\/www.encontrafeiradesantana.com.br\/sobre\/author\/efeiradesantana\/#author"},"publisher":{"@id":"https:\/\/www.encontrafeiradesantana.com.br\/sobre\/#organization"},"image":{"@type":"ImageObject","url":"https:\/\/www.encontrafeiradesantana.com.br\/sobre\/wp-content\/uploads\/2026\/05\/leilao-na-b3-define-consorcio-para-construcao-e-gestao-do-novo-hospital-municipal-de-feira-de-santan.webp","width":280,"height":280,"caption":"leil\u00e3o na B3"},"datePublished":"2026-05-15T03:02:38-03:00","dateModified":"2026-05-15T03:02:38-03:00","inLanguage":"pt-BR","mainEntityOfPage":{"@id":"https:\/\/www.encontrafeiradesantana.com.br\/sobre\/leilao-na-b3-define-consorcio-para-construcao-e-gestao-do-novo-hospital-municipal-de-feira-de-santana\/#webpage"},"isPartOf":{"@id":"https:\/\/www.encontrafeiradesantana.com.br\/sobre\/leilao-na-b3-define-consorcio-para-construcao-e-gestao-do-novo-hospital-municipal-de-feira-de-santana\/#webpage"},"articleSection":"Not\u00edcias Feira de Santana"},{"@type":"BreadcrumbList","@id":"https:\/\/www.encontrafeiradesantana.com.br\/sobre\/leilao-na-b3-define-consorcio-para-construcao-e-gestao-do-novo-hospital-municipal-de-feira-de-santana\/#breadcrumblist","itemListElement":[{"@type":"ListItem","@id":"https:\/\/www.encontrafeiradesantana.com.br\/sobre#listItem","position":1,"name":"In\u00edcio","item":"https:\/\/www.encontrafeiradesantana.com.br\/sobre","nextItem":{"@type":"ListItem","@id":"https:\/\/www.encontrafeiradesantana.com.br\/sobre\/noticias-em-feira-de-santana\/#listItem","name":"Not\u00edcias Feira de Santana"}},{"@type":"ListItem","@id":"https:\/\/www.encontrafeiradesantana.com.br\/sobre\/noticias-em-feira-de-santana\/#listItem","position":2,"name":"Not\u00edcias Feira de Santana","item":"https:\/\/www.encontrafeiradesantana.com.br\/sobre\/noticias-em-feira-de-santana\/","nextItem":{"@type":"ListItem","@id":"https:\/\/www.encontrafeiradesantana.com.br\/sobre\/leilao-na-b3-define-consorcio-para-construcao-e-gestao-do-novo-hospital-municipal-de-feira-de-santana\/#listItem","name":"Leil\u00e3o na B3 define cons\u00f3rcio para constru\u00e7\u00e3o e gest\u00e3o do novo Hospital Municipal de Feira de Santana"},"previousItem":{"@type":"ListItem","@id":"https:\/\/www.encontrafeiradesantana.com.br\/sobre#listItem","name":"In\u00edcio"}},{"@type":"ListItem","@id":"https:\/\/www.encontrafeiradesantana.com.br\/sobre\/leilao-na-b3-define-consorcio-para-construcao-e-gestao-do-novo-hospital-municipal-de-feira-de-santana\/#listItem","position":3,"name":"Leil\u00e3o na B3 define cons\u00f3rcio para constru\u00e7\u00e3o e gest\u00e3o do novo Hospital Municipal de Feira de Santana","previousItem":{"@type":"ListItem","@id":"https:\/\/www.encontrafeiradesantana.com.br\/sobre\/noticias-em-feira-de-santana\/#listItem","name":"Not\u00edcias Feira de Santana"}}]},{"@type":"Organization","@id":"https:\/\/www.encontrafeiradesantana.com.br\/sobre\/#organization","name":"Encontra Feira de Santana","description":"Not\u00edcias, eventos, informa\u00e7\u00f5es e dicas na cidade Feira de Santana e regi\u00e3o.","url":"https:\/\/www.encontrafeiradesantana.com.br\/sobre\/"},{"@type":"Person","@id":"https:\/\/www.encontrafeiradesantana.com.br\/sobre\/author\/efeiradesantana\/#author","url":"https:\/\/www.encontrafeiradesantana.com.br\/sobre\/author\/efeiradesantana\/","name":"Encontra Feira de Santana","image":{"@type":"ImageObject","@id":"https:\/\/www.encontrafeiradesantana.com.br\/sobre\/leilao-na-b3-define-consorcio-para-construcao-e-gestao-do-novo-hospital-municipal-de-feira-de-santana\/#authorImage","url":"https:\/\/secure.gravatar.com\/avatar\/507340682b8270222e1f208e23198b6ae7e2c6a1033ae84e99bc6bce4f82a387?s=96&d=mm&r=g","width":96,"height":96,"caption":"Encontra Feira de Santana"}},{"@type":"WebPage","@id":"https:\/\/www.encontrafeiradesantana.com.br\/sobre\/leilao-na-b3-define-consorcio-para-construcao-e-gestao-do-novo-hospital-municipal-de-feira-de-santana\/#webpage","url":"https:\/\/www.encontrafeiradesantana.com.br\/sobre\/leilao-na-b3-define-consorcio-para-construcao-e-gestao-do-novo-hospital-municipal-de-feira-de-santana\/","name":"Leil\u00e3o na B3 define cons\u00f3rcio para constru\u00e7\u00e3o e gest\u00e3o do novo Hospital Municipal de Feira de Santana | Encontra Feira de Santana","description":"Leil\u00e3o na B3 promete melhorias significativas no Hospital Municipal de Feira de Santana.","inLanguage":"pt-BR","isPartOf":{"@id":"https:\/\/www.encontrafeiradesantana.com.br\/sobre\/#website"},"breadcrumb":{"@id":"https:\/\/www.encontrafeiradesantana.com.br\/sobre\/leilao-na-b3-define-consorcio-para-construcao-e-gestao-do-novo-hospital-municipal-de-feira-de-santana\/#breadcrumblist"},"author":{"@id":"https:\/\/www.encontrafeiradesantana.com.br\/sobre\/author\/efeiradesantana\/#author"},"creator":{"@id":"https:\/\/www.encontrafeiradesantana.com.br\/sobre\/author\/efeiradesantana\/#author"},"image":{"@type":"ImageObject","url":"https:\/\/www.encontrafeiradesantana.com.br\/sobre\/wp-content\/uploads\/2026\/05\/leilao-na-b3-define-consorcio-para-construcao-e-gestao-do-novo-hospital-municipal-de-feira-de-santan.webp","@id":"https:\/\/www.encontrafeiradesantana.com.br\/sobre\/leilao-na-b3-define-consorcio-para-construcao-e-gestao-do-novo-hospital-municipal-de-feira-de-santana\/#mainImage","width":280,"height":280,"caption":"leil\u00e3o na B3"},"primaryImageOfPage":{"@id":"https:\/\/www.encontrafeiradesantana.com.br\/sobre\/leilao-na-b3-define-consorcio-para-construcao-e-gestao-do-novo-hospital-municipal-de-feira-de-santana\/#mainImage"},"datePublished":"2026-05-15T03:02:38-03:00","dateModified":"2026-05-15T03:02:38-03:00"},{"@type":"WebSite","@id":"https:\/\/www.encontrafeiradesantana.com.br\/sobre\/#website","url":"https:\/\/www.encontrafeiradesantana.com.br\/sobre\/","name":"Encontra Feira de Santana","description":"Not\u00edcias, eventos, informa\u00e7\u00f5es e dicas na cidade Feira de Santana e regi\u00e3o.","inLanguage":"pt-BR","publisher":{"@id":"https:\/\/www.encontrafeiradesantana.com.br\/sobre\/#organization"}}]},"og:locale":"pt_BR","og:site_name":"Encontra Feira de Santana | Not\u00edcias, eventos, informa\u00e7\u00f5es e dicas na cidade Feira de Santana e regi\u00e3o.","og:type":"article","og:title":"Leil\u00e3o na B3 define cons\u00f3rcio para constru\u00e7\u00e3o e gest\u00e3o do novo Hospital Municipal de Feira de Santana | Encontra Feira de Santana","og:description":"Leil\u00e3o na B3 promete melhorias significativas no Hospital Municipal de Feira de Santana.","og:url":"https:\/\/www.encontrafeiradesantana.com.br\/sobre\/leilao-na-b3-define-consorcio-para-construcao-e-gestao-do-novo-hospital-municipal-de-feira-de-santana\/","article:published_time":"2026-05-15T06:02:38+00:00","article:modified_time":"2026-05-15T06:02:38+00:00","twitter:card":"summary","twitter:title":"Leil\u00e3o na B3 define cons\u00f3rcio para constru\u00e7\u00e3o e gest\u00e3o do novo Hospital Municipal de Feira de Santana | Encontra Feira de Santana","twitter:description":"Leil\u00e3o na B3 promete melhorias significativas no Hospital Municipal de Feira de Santana."},"aioseo_meta_data":{"post_id":"2079","title":null,"description":null,"keywords":null,"keyphrases":null,"primary_term":null,"canonical_url":null,"og_title":null,"og_description":null,"og_object_type":"default","og_image_type":"default","og_image_url":null,"og_image_width":null,"og_image_height":null,"og_image_custom_url":null,"og_image_custom_fields":null,"og_video":null,"og_custom_url":null,"og_article_section":null,"og_article_tags":null,"twitter_use_og":false,"twitter_card":"default","twitter_image_type":"default","twitter_image_url":null,"twitter_image_custom_url":null,"twitter_image_custom_fields":null,"twitter_title":null,"twitter_description":null,"schema":{"blockGraphs":[],"customGraphs":[],"default":{"data":{"Article":[],"Course":[],"Dataset":[],"FAQPage":[],"Movie":[],"Person":[],"Product":[],"ProductReview":[],"Car":[],"Recipe":[],"Service":[],"SoftwareApplication":[],"WebPage":[]},"graphName":"Article","isEnabled":true},"graphs":[]},"schema_type":"default","schema_type_options":null,"pillar_content":false,"robots_default":true,"robots_noindex":false,"robots_noarchive":false,"robots_nosnippet":false,"robots_nofollow":false,"robots_noimageindex":false,"robots_noodp":false,"robots_notranslate":false,"robots_max_snippet":null,"robots_max_videopreview":null,"robots_max_imagepreview":"large","priority":null,"frequency":null,"local_seo":null,"breadcrumb_settings":null,"limit_modified_date":false,"ai":null,"created":"2026-05-15 06:02:43","updated":"2026-05-15 06:04:00","focus_keyword":null,"additional_keywords":null,"truseo_locale":null,"seo_analyzer_scan_date":null},"aioseo_breadcrumb":"<div class=\"aioseo-breadcrumbs\"><span class=\"aioseo-breadcrumb\">\n\t\t\t<a href=\"https:\/\/www.encontrafeiradesantana.com.br\/sobre\" title=\"In\u00edcio\">In\u00edcio<\/a>\n\t\t<\/span><span class=\"aioseo-breadcrumb-separator\">&raquo;<\/span><span class=\"aioseo-breadcrumb\">\n\t\t\t<a href=\"https:\/\/www.encontrafeiradesantana.com.br\/sobre\/noticias-em-feira-de-santana\/\" title=\"Not\u00edcias Feira de Santana\">Not\u00edcias Feira de Santana<\/a>\n\t\t<\/span><span class=\"aioseo-breadcrumb-separator\">&raquo;<\/span><span class=\"aioseo-breadcrumb\">\n\t\t\tLeil\u00e3o na B3 define cons\u00f3rcio para constru\u00e7\u00e3o e gest\u00e3o do novo Hospital Municipal de Feira de Santana\n\t\t<\/span><\/div>","aioseo_breadcrumb_json":[{"label":"In\u00edcio","link":"https:\/\/www.encontrafeiradesantana.com.br\/sobre"},{"label":"Not\u00edcias Feira de Santana","link":"https:\/\/www.encontrafeiradesantana.com.br\/sobre\/noticias-em-feira-de-santana\/"},{"label":"Leil\u00e3o na B3 define cons\u00f3rcio para constru\u00e7\u00e3o e gest\u00e3o do novo Hospital Municipal de Feira de Santana","link":"https:\/\/www.encontrafeiradesantana.com.br\/sobre\/leilao-na-b3-define-consorcio-para-construcao-e-gestao-do-novo-hospital-municipal-de-feira-de-santana\/"}],"_links":{"self":[{"href":"https:\/\/www.encontrafeiradesantana.com.br\/sobre\/wp-json\/wp\/v2\/posts\/2079","targetHints":{"allow":["GET"]}}],"collection":[{"href":"https:\/\/www.encontrafeiradesantana.com.br\/sobre\/wp-json\/wp\/v2\/posts"}],"about":[{"href":"https:\/\/www.encontrafeiradesantana.com.br\/sobre\/wp-json\/wp\/v2\/types\/post"}],"author":[{"embeddable":true,"href":"https:\/\/www.encontrafeiradesantana.com.br\/sobre\/wp-json\/wp\/v2\/users\/1"}],"replies":[{"embeddable":true,"href":"https:\/\/www.encontrafeiradesantana.com.br\/sobre\/wp-json\/wp\/v2\/comments?post=2079"}],"version-history":[{"count":0,"href":"https:\/\/www.encontrafeiradesantana.com.br\/sobre\/wp-json\/wp\/v2\/posts\/2079\/revisions"}],"wp:featuredmedia":[{"embeddable":true,"href":"https:\/\/www.encontrafeiradesantana.com.br\/sobre\/wp-json\/wp\/v2\/media\/2078"}],"wp:attachment":[{"href":"https:\/\/www.encontrafeiradesantana.com.br\/sobre\/wp-json\/wp\/v2\/media?parent=2079"}],"wp:term":[{"taxonomy":"category","embeddable":true,"href":"https:\/\/www.encontrafeiradesantana.com.br\/sobre\/wp-json\/wp\/v2\/categories?post=2079"},{"taxonomy":"post_tag","embeddable":true,"href":"https:\/\/www.encontrafeiradesantana.com.br\/sobre\/wp-json\/wp\/v2\/tags?post=2079"}],"curies":[{"name":"wp","href":"https:\/\/api.w.org\/{rel}","templated":true}]}}