{"id":2057,"date":"2026-05-10T03:17:05","date_gmt":"2026-05-10T06:17:05","guid":{"rendered":"https:\/\/www.encontrafeiradesantana.com.br\/sobre\/semana-nacional-do-registro-civil-inicia-nesta-segunda\/"},"modified":"2026-05-10T03:17:05","modified_gmt":"2026-05-10T06:17:05","slug":"semana-nacional-do-registro-civil-inicia-nesta-segunda","status":"publish","type":"post","link":"https:\/\/www.encontrafeiradesantana.com.br\/sobre\/semana-nacional-do-registro-civil-inicia-nesta-segunda\/","title":{"rendered":"Semana Nacional do Registro Civil inicia nesta segunda"},"content":{"rendered":"<div class=\"3f468104ad11f00a3c9ac948316f4265\" data-index=\"1\" style=\"float: none; margin:0px;\">\n<ins class=\"adsbygoogle\"\r\n     style=\"display:block\"\r\n     data-ad-client=\"ca-pub-8585364105181520\"\r\n     data-ad-slot=\"8789329856\"\r\n     data-ad-format=\"auto\"\r\n     data-full-width-responsive=\"true\"><\/ins>\r\n<script>\r\n     (adsbygoogle = window.adsbygoogle || []).push({});\r\n<\/script>\r\n\n<\/div>\n<h2>Objetivo da Semana Nacional do Registro Civil<\/h2>\n<p>A Semana Nacional do Registro Civil, intitulada <strong>&#8220;Registre-se&#8221;<\/strong>, tem como foco principal facilitar o acesso \u00e0 documenta\u00e7\u00e3o essencial, especialmente para aqueles que se encontram em estado de vulnerabilidade social. Essa \u00e9 uma iniciativa de grande import\u00e2ncia, pois a formaliza\u00e7\u00e3o da cidadania \u00e9 um passo crucial para garantir direitos e servi\u00e7os b\u00e1sicos, promovendo a inclus\u00e3o e a dignidade das pessoas beneficiadas.<\/p>\n<h2>Atendimentos Gratuitos Dispon\u00edveis<\/h2>\n<p>No per\u00edodo da campanha, os cidad\u00e3os poder\u00e3o acessar uma variedade de servi\u00e7os gratuitos relacionados \u00e0 emiss\u00e3o e regulariza\u00e7\u00e3o de documentos civis. Entre os servi\u00e7os oferecidos est\u00e3o:<\/p>\n<ul>\n<li>Emiss\u00e3o de certid\u00f5es de nascimento;<\/li>\n<li>Registro de \u00f3bitos;<\/li>\n<li>Solicita\u00e7\u00e3o de segunda via de documentos;<\/li>\n<li>Orienta\u00e7\u00e3o sobre como regularizar a situa\u00e7\u00e3o civil.<\/li>\n<\/ul>\n<h2>Depoimentos da Secret\u00e1ria de Desenvolvimento Social<\/h2>\n<p>A secret\u00e1ria de Desenvolvimento Social, <strong>Gerusa Sampaio<\/strong>, destacou a import\u00e2ncia desta a\u00e7\u00e3o ao afirmar: <em>&#8220;A SEDESO est\u00e1 de portas abertas para receber cada cidad\u00e3o com o devido respeito e sensibilidade, compreendendo as necessidades daqueles que mais precisam. Nosso intuito \u00e9 promover a inclus\u00e3o social, garantindo que todos tenham acesso \u00e0 documenta\u00e7\u00e3o necess\u00e1ria para exercer seus direitos.&#8221;<\/em> Ela tamb\u00e9m reiterou que a secretaria est\u00e1 comprometida em aproximar os servi\u00e7os p\u00fablicos das popula\u00e7\u00f5es mais vulner\u00e1veis.<\/p>\n<p><img decoding=\"async\" src=\"https:\/\/www.encontrafeiradesantana.com.br\/sobre\/wp-content\/uploads\/2026\/05\/semana-nacional-do-registro-civil-inicia-nesta-segunda.webp\" alt=\"Semana Nacional do Registro Civil\" loading=\"lazy\" \/><\/p>\n<h2>Import\u00e2ncia do Registro Civil na Cidadania<\/h2>\n<p>O Registro Civil \u00e9 um dos pilares da cidadania. Sem a documenta\u00e7\u00e3o adequada, indiv\u00edduos enfrentam dificuldades em acessar servi\u00e7os de sa\u00fade, educa\u00e7\u00e3o e outros direitos fundamentais. \u00c9 importante ressaltar que ter a documenta\u00e7\u00e3o em ordem \u00e9 essencial para que cidad\u00e3os possam participar ativamente da vida social e pol\u00edtica, adicionando um valor significativo \u00e0 sua qualidade de vida.<\/p>\n<h2>Parceria entre SEDESO e Cart\u00f3rios<\/h2>\n<p>A colabora\u00e7\u00e3o entre a <strong>Secretaria de Desenvolvimento Social (SEDESO)<\/strong> e os cart\u00f3rios resulta em um trabalho conjunto que visa atender o maior n\u00famero de pessoas poss\u00edvel. Segundo <strong>Roque Moraes<\/strong>, diretor do Departamento de Seguran\u00e7a Alimentar Nutricional e Cidadania, essa parceria \u00e9 vital: <em>&#8220;Essa a\u00e7\u00e3o \u00e9 muito importante, pois muitas pessoas n\u00e3o possuem o b\u00e1sico, que \u00e9 o registro. Estamos aqui para resolver quaisquer demandas da popula\u00e7\u00e3o.&#8221;<\/em><\/p>\n<h2>Local e Hor\u00e1rio dos Atendimentos<\/h2>\n<p>Os atendimentos ocorrer\u00e3o na sede da SEDESO, que est\u00e1 situada na <strong>Avenida Senhor dos Passos, n\u00ba 212<\/strong>. O hor\u00e1rio de funcionamento ser\u00e1 das <strong>8h \u00e0s 16h<\/strong>, e a distribui\u00e7\u00e3o de senhas para atendimento ser\u00e1 feita at\u00e9 as <strong>14h<\/strong>. Isso garante um atendimento eficiente e organizado para todos os cidad\u00e3os que comparecerem.<\/p>\n<h2>Documentos Necess\u00e1rios para Registro<\/h2>\n<p>Para facilitar o processo de registro civil, \u00e9 recomendado que os cidad\u00e3os levem alguns documentos que ser\u00e3o necess\u00e1rios. Os documentos incluem:<\/p>\n<ul>\n<li>Documento de identidade (RG ou similar);<\/li>\n<li>CPF;<\/li>\n<li>Comprovante de resid\u00eancia;<\/li>\n<li>Documentos que comprovem a situa\u00e7\u00e3o de vulnerabilidade, caso aplic\u00e1vel.<\/li>\n<\/ul>\n<h2>Benef\u00edcios da Inclus\u00e3o Social<\/h2>\n<p>A inclus\u00e3o social \u00e9 um objetivo primordial nesta iniciativa. Ao oferecer acesso \u00e0 documenta\u00e7\u00e3o civil, a SEDESO n\u00e3o s\u00f3 facilita a formaliza\u00e7\u00e3o da cidadania, mas tamb\u00e9m contribui para que mais indiv\u00edduos possam acessar servi\u00e7os de sa\u00fade, educa\u00e7\u00e3o, e programas sociais, promovendo assim um ciclo de oportunidades e crescimento para a comunidade.<\/p>\n<h2>Como essa Iniciativa Afeta a Comunidade<\/h2>\n<p>A realiza\u00e7\u00e3o da Semana Nacional do Registro Civil reflete um compromisso com a melhoria das condi\u00e7\u00f5es de vida das popula\u00e7\u00f5es em situa\u00e7\u00e3o de vulnerabilidade. O acesso facilitado aos registros n\u00e3o apenas ajuda as fam\u00edlias a se regularizarem, mas tamb\u00e9m \u00e9 um passo importante para a constru\u00e7\u00e3o de uma sociedade mais justa e equitativa.<\/p>\n<h2>Pr\u00f3ximos Passos ap\u00f3s a Semana do Registro<\/h2>\n<p>Ap\u00f3s o encerramento da Semana Nacional do Registro Civil, \u00e9 importante que as a\u00e7\u00f5es continuem. A SEDESO ir\u00e1 criar planos e estrat\u00e9gias para manter o contato e apoiar aqueles que ainda precisam regularizar sua situa\u00e7\u00e3o. Incentivar a continuidade do atendimento ser\u00e1 essencial para garantir que mais cidad\u00e3os tenham acesso aos seus direitos.<\/p>\n\n<div style=\"font-size: 0px; height: 0px; line-height: 0px; margin: 0; padding: 0; clear: both;\"><\/div>","protected":false},"excerpt":{"rendered":"<p>Semana Nacional do Registro Civil oferece atendimentos gratuitos em Feira de Santana.<\/p>\n","protected":false},"author":1,"featured_media":2056,"comment_status":"open","ping_status":"closed","sticky":false,"template":"","format":"standard","meta":{"footnotes":""},"categories":[6],"tags":[],"class_list":["post-2057","post","type-post","status-publish","format-standard","has-post-thumbnail","hentry","category-noticias-em-feira-de-santana","has_thumb"],"aioseo_notices":[],"aioseo_head":"\n\t\t<!-- All in One SEO 5.0.0.1 - aioseo.com -->\n\t<meta name=\"description\" content=\"Semana Nacional do Registro Civil oferece atendimentos gratuitos em Feira de Santana.\" \/>\n\t<meta name=\"robots\" content=\"max-image-preview:large\" \/>\n\t<meta name=\"author\" content=\"Encontra Feira de Santana\"\/>\n\t<link rel=\"canonical\" href=\"https:\/\/www.encontrafeiradesantana.com.br\/sobre\/semana-nacional-do-registro-civil-inicia-nesta-segunda\/\" \/>\n\t<meta name=\"generator\" content=\"All in One SEO (AIOSEO) 5.0.0.1\" \/>\n\t\t<meta property=\"og:locale\" content=\"pt_BR\" \/>\n\t\t<meta property=\"og:site_name\" content=\"Encontra Feira de Santana | Not\u00edcias, eventos, informa\u00e7\u00f5es e dicas na cidade Feira de Santana e regi\u00e3o.\" \/>\n\t\t<meta property=\"og:type\" content=\"article\" \/>\n\t\t<meta property=\"og:title\" content=\"Semana Nacional do Registro Civil inicia nesta segunda | Encontra Feira de Santana\" \/>\n\t\t<meta property=\"og:description\" content=\"Semana Nacional do Registro Civil oferece atendimentos gratuitos em Feira de Santana.\" \/>\n\t\t<meta property=\"og:url\" content=\"https:\/\/www.encontrafeiradesantana.com.br\/sobre\/semana-nacional-do-registro-civil-inicia-nesta-segunda\/\" \/>\n\t\t<meta property=\"article:published_time\" content=\"2026-05-10T06:17:05+00:00\" \/>\n\t\t<meta property=\"article:modified_time\" content=\"2026-05-10T06:17:05+00:00\" \/>\n\t\t<meta name=\"twitter:card\" content=\"summary\" \/>\n\t\t<meta name=\"twitter:title\" content=\"Semana Nacional do Registro Civil inicia nesta segunda | Encontra Feira de Santana\" \/>\n\t\t<meta name=\"twitter:description\" content=\"Semana Nacional do Registro Civil oferece atendimentos gratuitos em Feira de Santana.\" \/>\n\t\t<script type=\"application\/ld+json\" class=\"aioseo-schema\">\n\t\t\t{\"@context\":\"https:\\\/\\\/schema.org\",\"@graph\":[{\"@type\":\"Article\",\"@id\":\"https:\\\/\\\/www.encontrafeiradesantana.com.br\\\/sobre\\\/semana-nacional-do-registro-civil-inicia-nesta-segunda\\\/#article\",\"name\":\"Semana Nacional do Registro Civil inicia nesta segunda | Encontra Feira de Santana\",\"headline\":\"Semana Nacional do Registro Civil inicia nesta segunda\",\"author\":{\"@id\":\"https:\\\/\\\/www.encontrafeiradesantana.com.br\\\/sobre\\\/author\\\/efeiradesantana\\\/#author\"},\"publisher\":{\"@id\":\"https:\\\/\\\/www.encontrafeiradesantana.com.br\\\/sobre\\\/#organization\"},\"image\":{\"@type\":\"ImageObject\",\"url\":\"https:\\\/\\\/www.encontrafeiradesantana.com.br\\\/sobre\\\/wp-content\\\/uploads\\\/2026\\\/05\\\/semana-nacional-do-registro-civil-inicia-nesta-segunda.webp\",\"width\":280,\"height\":280,\"caption\":\"Semana Nacional do Registro Civil\"},\"datePublished\":\"2026-05-10T03:17:05-03:00\",\"dateModified\":\"2026-05-10T03:17:05-03:00\",\"inLanguage\":\"pt-BR\",\"mainEntityOfPage\":{\"@id\":\"https:\\\/\\\/www.encontrafeiradesantana.com.br\\\/sobre\\\/semana-nacional-do-registro-civil-inicia-nesta-segunda\\\/#webpage\"},\"isPartOf\":{\"@id\":\"https:\\\/\\\/www.encontrafeiradesantana.com.br\\\/sobre\\\/semana-nacional-do-registro-civil-inicia-nesta-segunda\\\/#webpage\"},\"articleSection\":\"Not\\u00edcias Feira de Santana\"},{\"@type\":\"BreadcrumbList\",\"@id\":\"https:\\\/\\\/www.encontrafeiradesantana.com.br\\\/sobre\\\/semana-nacional-do-registro-civil-inicia-nesta-segunda\\\/#breadcrumblist\",\"itemListElement\":[{\"@type\":\"ListItem\",\"@id\":\"https:\\\/\\\/www.encontrafeiradesantana.com.br\\\/sobre#listItem\",\"position\":1,\"name\":\"In\\u00edcio\",\"item\":\"https:\\\/\\\/www.encontrafeiradesantana.com.br\\\/sobre\",\"nextItem\":{\"@type\":\"ListItem\",\"@id\":\"https:\\\/\\\/www.encontrafeiradesantana.com.br\\\/sobre\\\/noticias-em-feira-de-santana\\\/#listItem\",\"name\":\"Not\\u00edcias Feira de Santana\"}},{\"@type\":\"ListItem\",\"@id\":\"https:\\\/\\\/www.encontrafeiradesantana.com.br\\\/sobre\\\/noticias-em-feira-de-santana\\\/#listItem\",\"position\":2,\"name\":\"Not\\u00edcias Feira de Santana\",\"item\":\"https:\\\/\\\/www.encontrafeiradesantana.com.br\\\/sobre\\\/noticias-em-feira-de-santana\\\/\",\"nextItem\":{\"@type\":\"ListItem\",\"@id\":\"https:\\\/\\\/www.encontrafeiradesantana.com.br\\\/sobre\\\/semana-nacional-do-registro-civil-inicia-nesta-segunda\\\/#listItem\",\"name\":\"Semana Nacional do Registro Civil inicia nesta segunda\"},\"previousItem\":{\"@type\":\"ListItem\",\"@id\":\"https:\\\/\\\/www.encontrafeiradesantana.com.br\\\/sobre#listItem\",\"name\":\"In\\u00edcio\"}},{\"@type\":\"ListItem\",\"@id\":\"https:\\\/\\\/www.encontrafeiradesantana.com.br\\\/sobre\\\/semana-nacional-do-registro-civil-inicia-nesta-segunda\\\/#listItem\",\"position\":3,\"name\":\"Semana Nacional do Registro Civil inicia nesta segunda\",\"previousItem\":{\"@type\":\"ListItem\",\"@id\":\"https:\\\/\\\/www.encontrafeiradesantana.com.br\\\/sobre\\\/noticias-em-feira-de-santana\\\/#listItem\",\"name\":\"Not\\u00edcias Feira de Santana\"}}]},{\"@type\":\"Organization\",\"@id\":\"https:\\\/\\\/www.encontrafeiradesantana.com.br\\\/sobre\\\/#organization\",\"name\":\"Encontra Feira de Santana\",\"description\":\"Not\\u00edcias, eventos, informa\\u00e7\\u00f5es e dicas na cidade Feira de Santana e regi\\u00e3o.\",\"url\":\"https:\\\/\\\/www.encontrafeiradesantana.com.br\\\/sobre\\\/\"},{\"@type\":\"Person\",\"@id\":\"https:\\\/\\\/www.encontrafeiradesantana.com.br\\\/sobre\\\/author\\\/efeiradesantana\\\/#author\",\"url\":\"https:\\\/\\\/www.encontrafeiradesantana.com.br\\\/sobre\\\/author\\\/efeiradesantana\\\/\",\"name\":\"Encontra Feira de Santana\",\"image\":{\"@type\":\"ImageObject\",\"@id\":\"https:\\\/\\\/www.encontrafeiradesantana.com.br\\\/sobre\\\/semana-nacional-do-registro-civil-inicia-nesta-segunda\\\/#authorImage\",\"url\":\"https:\\\/\\\/secure.gravatar.com\\\/avatar\\\/507340682b8270222e1f208e23198b6ae7e2c6a1033ae84e99bc6bce4f82a387?s=96&d=mm&r=g\",\"width\":96,\"height\":96,\"caption\":\"Encontra Feira de Santana\"}},{\"@type\":\"WebPage\",\"@id\":\"https:\\\/\\\/www.encontrafeiradesantana.com.br\\\/sobre\\\/semana-nacional-do-registro-civil-inicia-nesta-segunda\\\/#webpage\",\"url\":\"https:\\\/\\\/www.encontrafeiradesantana.com.br\\\/sobre\\\/semana-nacional-do-registro-civil-inicia-nesta-segunda\\\/\",\"name\":\"Semana Nacional do Registro Civil inicia nesta segunda | Encontra Feira de Santana\",\"description\":\"Semana Nacional do Registro Civil oferece atendimentos gratuitos em Feira de Santana.\",\"inLanguage\":\"pt-BR\",\"isPartOf\":{\"@id\":\"https:\\\/\\\/www.encontrafeiradesantana.com.br\\\/sobre\\\/#website\"},\"breadcrumb\":{\"@id\":\"https:\\\/\\\/www.encontrafeiradesantana.com.br\\\/sobre\\\/semana-nacional-do-registro-civil-inicia-nesta-segunda\\\/#breadcrumblist\"},\"author\":{\"@id\":\"https:\\\/\\\/www.encontrafeiradesantana.com.br\\\/sobre\\\/author\\\/efeiradesantana\\\/#author\"},\"creator\":{\"@id\":\"https:\\\/\\\/www.encontrafeiradesantana.com.br\\\/sobre\\\/author\\\/efeiradesantana\\\/#author\"},\"image\":{\"@type\":\"ImageObject\",\"url\":\"https:\\\/\\\/www.encontrafeiradesantana.com.br\\\/sobre\\\/wp-content\\\/uploads\\\/2026\\\/05\\\/semana-nacional-do-registro-civil-inicia-nesta-segunda.webp\",\"@id\":\"https:\\\/\\\/www.encontrafeiradesantana.com.br\\\/sobre\\\/semana-nacional-do-registro-civil-inicia-nesta-segunda\\\/#mainImage\",\"width\":280,\"height\":280,\"caption\":\"Semana Nacional do Registro Civil\"},\"primaryImageOfPage\":{\"@id\":\"https:\\\/\\\/www.encontrafeiradesantana.com.br\\\/sobre\\\/semana-nacional-do-registro-civil-inicia-nesta-segunda\\\/#mainImage\"},\"datePublished\":\"2026-05-10T03:17:05-03:00\",\"dateModified\":\"2026-05-10T03:17:05-03:00\"},{\"@type\":\"WebSite\",\"@id\":\"https:\\\/\\\/www.encontrafeiradesantana.com.br\\\/sobre\\\/#website\",\"url\":\"https:\\\/\\\/www.encontrafeiradesantana.com.br\\\/sobre\\\/\",\"name\":\"Encontra Feira de Santana\",\"description\":\"Not\\u00edcias, eventos, informa\\u00e7\\u00f5es e dicas na cidade Feira de Santana e regi\\u00e3o.\",\"inLanguage\":\"pt-BR\",\"publisher\":{\"@id\":\"https:\\\/\\\/www.encontrafeiradesantana.com.br\\\/sobre\\\/#organization\"}}]}\n\t\t<\/script>\n\t\t<!-- All in One SEO -->\n\n","aioseo_head_json":{"title":"Semana Nacional do Registro Civil inicia nesta segunda | Encontra Feira de Santana","description":"Semana Nacional do Registro Civil oferece atendimentos gratuitos em Feira de Santana.","canonical_url":"https:\/\/www.encontrafeiradesantana.com.br\/sobre\/semana-nacional-do-registro-civil-inicia-nesta-segunda\/","robots":"max-image-preview:large","keywords":"","webmasterTools":{"miscellaneous":""},"schema":{"@context":"https:\/\/schema.org","@graph":[{"@type":"Article","@id":"https:\/\/www.encontrafeiradesantana.com.br\/sobre\/semana-nacional-do-registro-civil-inicia-nesta-segunda\/#article","name":"Semana Nacional do Registro Civil inicia nesta segunda | Encontra Feira de Santana","headline":"Semana Nacional do Registro Civil inicia nesta segunda","author":{"@id":"https:\/\/www.encontrafeiradesantana.com.br\/sobre\/author\/efeiradesantana\/#author"},"publisher":{"@id":"https:\/\/www.encontrafeiradesantana.com.br\/sobre\/#organization"},"image":{"@type":"ImageObject","url":"https:\/\/www.encontrafeiradesantana.com.br\/sobre\/wp-content\/uploads\/2026\/05\/semana-nacional-do-registro-civil-inicia-nesta-segunda.webp","width":280,"height":280,"caption":"Semana Nacional do Registro Civil"},"datePublished":"2026-05-10T03:17:05-03:00","dateModified":"2026-05-10T03:17:05-03:00","inLanguage":"pt-BR","mainEntityOfPage":{"@id":"https:\/\/www.encontrafeiradesantana.com.br\/sobre\/semana-nacional-do-registro-civil-inicia-nesta-segunda\/#webpage"},"isPartOf":{"@id":"https:\/\/www.encontrafeiradesantana.com.br\/sobre\/semana-nacional-do-registro-civil-inicia-nesta-segunda\/#webpage"},"articleSection":"Not\u00edcias Feira de Santana"},{"@type":"BreadcrumbList","@id":"https:\/\/www.encontrafeiradesantana.com.br\/sobre\/semana-nacional-do-registro-civil-inicia-nesta-segunda\/#breadcrumblist","itemListElement":[{"@type":"ListItem","@id":"https:\/\/www.encontrafeiradesantana.com.br\/sobre#listItem","position":1,"name":"In\u00edcio","item":"https:\/\/www.encontrafeiradesantana.com.br\/sobre","nextItem":{"@type":"ListItem","@id":"https:\/\/www.encontrafeiradesantana.com.br\/sobre\/noticias-em-feira-de-santana\/#listItem","name":"Not\u00edcias Feira de Santana"}},{"@type":"ListItem","@id":"https:\/\/www.encontrafeiradesantana.com.br\/sobre\/noticias-em-feira-de-santana\/#listItem","position":2,"name":"Not\u00edcias Feira de Santana","item":"https:\/\/www.encontrafeiradesantana.com.br\/sobre\/noticias-em-feira-de-santana\/","nextItem":{"@type":"ListItem","@id":"https:\/\/www.encontrafeiradesantana.com.br\/sobre\/semana-nacional-do-registro-civil-inicia-nesta-segunda\/#listItem","name":"Semana Nacional do Registro Civil inicia nesta segunda"},"previousItem":{"@type":"ListItem","@id":"https:\/\/www.encontrafeiradesantana.com.br\/sobre#listItem","name":"In\u00edcio"}},{"@type":"ListItem","@id":"https:\/\/www.encontrafeiradesantana.com.br\/sobre\/semana-nacional-do-registro-civil-inicia-nesta-segunda\/#listItem","position":3,"name":"Semana Nacional do Registro Civil inicia nesta segunda","previousItem":{"@type":"ListItem","@id":"https:\/\/www.encontrafeiradesantana.com.br\/sobre\/noticias-em-feira-de-santana\/#listItem","name":"Not\u00edcias Feira de Santana"}}]},{"@type":"Organization","@id":"https:\/\/www.encontrafeiradesantana.com.br\/sobre\/#organization","name":"Encontra Feira de Santana","description":"Not\u00edcias, eventos, informa\u00e7\u00f5es e dicas na cidade Feira de Santana e regi\u00e3o.","url":"https:\/\/www.encontrafeiradesantana.com.br\/sobre\/"},{"@type":"Person","@id":"https:\/\/www.encontrafeiradesantana.com.br\/sobre\/author\/efeiradesantana\/#author","url":"https:\/\/www.encontrafeiradesantana.com.br\/sobre\/author\/efeiradesantana\/","name":"Encontra Feira de Santana","image":{"@type":"ImageObject","@id":"https:\/\/www.encontrafeiradesantana.com.br\/sobre\/semana-nacional-do-registro-civil-inicia-nesta-segunda\/#authorImage","url":"https:\/\/secure.gravatar.com\/avatar\/507340682b8270222e1f208e23198b6ae7e2c6a1033ae84e99bc6bce4f82a387?s=96&d=mm&r=g","width":96,"height":96,"caption":"Encontra Feira de Santana"}},{"@type":"WebPage","@id":"https:\/\/www.encontrafeiradesantana.com.br\/sobre\/semana-nacional-do-registro-civil-inicia-nesta-segunda\/#webpage","url":"https:\/\/www.encontrafeiradesantana.com.br\/sobre\/semana-nacional-do-registro-civil-inicia-nesta-segunda\/","name":"Semana Nacional do Registro Civil inicia nesta segunda | Encontra Feira de Santana","description":"Semana Nacional do Registro Civil oferece atendimentos gratuitos em Feira de Santana.","inLanguage":"pt-BR","isPartOf":{"@id":"https:\/\/www.encontrafeiradesantana.com.br\/sobre\/#website"},"breadcrumb":{"@id":"https:\/\/www.encontrafeiradesantana.com.br\/sobre\/semana-nacional-do-registro-civil-inicia-nesta-segunda\/#breadcrumblist"},"author":{"@id":"https:\/\/www.encontrafeiradesantana.com.br\/sobre\/author\/efeiradesantana\/#author"},"creator":{"@id":"https:\/\/www.encontrafeiradesantana.com.br\/sobre\/author\/efeiradesantana\/#author"},"image":{"@type":"ImageObject","url":"https:\/\/www.encontrafeiradesantana.com.br\/sobre\/wp-content\/uploads\/2026\/05\/semana-nacional-do-registro-civil-inicia-nesta-segunda.webp","@id":"https:\/\/www.encontrafeiradesantana.com.br\/sobre\/semana-nacional-do-registro-civil-inicia-nesta-segunda\/#mainImage","width":280,"height":280,"caption":"Semana Nacional do Registro Civil"},"primaryImageOfPage":{"@id":"https:\/\/www.encontrafeiradesantana.com.br\/sobre\/semana-nacional-do-registro-civil-inicia-nesta-segunda\/#mainImage"},"datePublished":"2026-05-10T03:17:05-03:00","dateModified":"2026-05-10T03:17:05-03:00"},{"@type":"WebSite","@id":"https:\/\/www.encontrafeiradesantana.com.br\/sobre\/#website","url":"https:\/\/www.encontrafeiradesantana.com.br\/sobre\/","name":"Encontra Feira de Santana","description":"Not\u00edcias, eventos, informa\u00e7\u00f5es e dicas na cidade Feira de Santana e regi\u00e3o.","inLanguage":"pt-BR","publisher":{"@id":"https:\/\/www.encontrafeiradesantana.com.br\/sobre\/#organization"}}]},"og:locale":"pt_BR","og:site_name":"Encontra Feira de Santana | Not\u00edcias, eventos, informa\u00e7\u00f5es e dicas na cidade Feira de Santana e regi\u00e3o.","og:type":"article","og:title":"Semana Nacional do Registro Civil inicia nesta segunda | Encontra Feira de Santana","og:description":"Semana Nacional do Registro Civil oferece atendimentos gratuitos em Feira de Santana.","og:url":"https:\/\/www.encontrafeiradesantana.com.br\/sobre\/semana-nacional-do-registro-civil-inicia-nesta-segunda\/","article:published_time":"2026-05-10T06:17:05+00:00","article:modified_time":"2026-05-10T06:17:05+00:00","twitter:card":"summary","twitter:title":"Semana Nacional do Registro Civil inicia nesta segunda | Encontra Feira de Santana","twitter:description":"Semana Nacional do Registro Civil oferece atendimentos gratuitos em Feira de Santana."},"aioseo_meta_data":{"post_id":"2057","title":null,"description":null,"keywords":null,"keyphrases":null,"primary_term":null,"canonical_url":null,"og_title":null,"og_description":null,"og_object_type":"default","og_image_type":"default","og_image_url":null,"og_image_width":null,"og_image_height":null,"og_image_custom_url":null,"og_image_custom_fields":null,"og_video":null,"og_custom_url":null,"og_article_section":null,"og_article_tags":null,"twitter_use_og":false,"twitter_card":"default","twitter_image_type":"default","twitter_image_url":null,"twitter_image_custom_url":null,"twitter_image_custom_fields":null,"twitter_title":null,"twitter_description":null,"schema":{"blockGraphs":[],"customGraphs":[],"default":{"data":{"Article":[],"Course":[],"Dataset":[],"FAQPage":[],"Movie":[],"Person":[],"Product":[],"ProductReview":[],"Car":[],"Recipe":[],"Service":[],"SoftwareApplication":[],"WebPage":[]},"graphName":"Article","isEnabled":true},"graphs":[]},"schema_type":"default","schema_type_options":null,"pillar_content":false,"robots_default":true,"robots_noindex":false,"robots_noarchive":false,"robots_nosnippet":false,"robots_nofollow":false,"robots_noimageindex":false,"robots_noodp":false,"robots_notranslate":false,"robots_max_snippet":null,"robots_max_videopreview":null,"robots_max_imagepreview":"large","priority":null,"frequency":null,"local_seo":null,"breadcrumb_settings":null,"limit_modified_date":false,"ai":null,"created":"2026-05-10 06:17:10","updated":"2026-05-10 06:19:53","focus_keyword":null,"additional_keywords":null,"truseo_locale":null,"seo_analyzer_scan_date":null},"aioseo_breadcrumb":"<div class=\"aioseo-breadcrumbs\"><span class=\"aioseo-breadcrumb\">\n\t\t\t<a href=\"https:\/\/www.encontrafeiradesantana.com.br\/sobre\" title=\"In\u00edcio\">In\u00edcio<\/a>\n\t\t<\/span><span class=\"aioseo-breadcrumb-separator\">&raquo;<\/span><span class=\"aioseo-breadcrumb\">\n\t\t\t<a href=\"https:\/\/www.encontrafeiradesantana.com.br\/sobre\/noticias-em-feira-de-santana\/\" title=\"Not\u00edcias Feira de Santana\">Not\u00edcias Feira de Santana<\/a>\n\t\t<\/span><span class=\"aioseo-breadcrumb-separator\">&raquo;<\/span><span class=\"aioseo-breadcrumb\">\n\t\t\tSemana Nacional do Registro Civil inicia nesta segunda\n\t\t<\/span><\/div>","aioseo_breadcrumb_json":[{"label":"In\u00edcio","link":"https:\/\/www.encontrafeiradesantana.com.br\/sobre"},{"label":"Not\u00edcias Feira de Santana","link":"https:\/\/www.encontrafeiradesantana.com.br\/sobre\/noticias-em-feira-de-santana\/"},{"label":"Semana Nacional do Registro Civil inicia nesta segunda","link":"https:\/\/www.encontrafeiradesantana.com.br\/sobre\/semana-nacional-do-registro-civil-inicia-nesta-segunda\/"}],"_links":{"self":[{"href":"https:\/\/www.encontrafeiradesantana.com.br\/sobre\/wp-json\/wp\/v2\/posts\/2057","targetHints":{"allow":["GET"]}}],"collection":[{"href":"https:\/\/www.encontrafeiradesantana.com.br\/sobre\/wp-json\/wp\/v2\/posts"}],"about":[{"href":"https:\/\/www.encontrafeiradesantana.com.br\/sobre\/wp-json\/wp\/v2\/types\/post"}],"author":[{"embeddable":true,"href":"https:\/\/www.encontrafeiradesantana.com.br\/sobre\/wp-json\/wp\/v2\/users\/1"}],"replies":[{"embeddable":true,"href":"https:\/\/www.encontrafeiradesantana.com.br\/sobre\/wp-json\/wp\/v2\/comments?post=2057"}],"version-history":[{"count":0,"href":"https:\/\/www.encontrafeiradesantana.com.br\/sobre\/wp-json\/wp\/v2\/posts\/2057\/revisions"}],"wp:featuredmedia":[{"embeddable":true,"href":"https:\/\/www.encontrafeiradesantana.com.br\/sobre\/wp-json\/wp\/v2\/media\/2056"}],"wp:attachment":[{"href":"https:\/\/www.encontrafeiradesantana.com.br\/sobre\/wp-json\/wp\/v2\/media?parent=2057"}],"wp:term":[{"taxonomy":"category","embeddable":true,"href":"https:\/\/www.encontrafeiradesantana.com.br\/sobre\/wp-json\/wp\/v2\/categories?post=2057"},{"taxonomy":"post_tag","embeddable":true,"href":"https:\/\/www.encontrafeiradesantana.com.br\/sobre\/wp-json\/wp\/v2\/tags?post=2057"}],"curies":[{"name":"wp","href":"https:\/\/api.w.org\/{rel}","templated":true}]}}