{"id":2037,"date":"2026-05-06T03:15:42","date_gmt":"2026-05-06T06:15:42","guid":{"rendered":"https:\/\/www.encontrafeiradesantana.com.br\/sobre\/feira-de-santana-recebe-encontro-territorial-2026-do-movimento-bahia-pela-educacao-no-dia-14\/"},"modified":"2026-05-06T03:15:42","modified_gmt":"2026-05-06T06:15:42","slug":"feira-de-santana-recebe-encontro-territorial-2026-do-movimento-bahia-pela-educacao-no-dia-14","status":"publish","type":"post","link":"https:\/\/www.encontrafeiradesantana.com.br\/sobre\/feira-de-santana-recebe-encontro-territorial-2026-do-movimento-bahia-pela-educacao-no-dia-14\/","title":{"rendered":"Feira de Santana recebe Encontro Territorial 2026 do Movimento Bahia pela Educa\u00e7\u00e3o no dia 14"},"content":{"rendered":"<div class=\"3f468104ad11f00a3c9ac948316f4265\" data-index=\"1\" style=\"float: none; margin:0px;\">\n<ins class=\"adsbygoogle\"\r\n     style=\"display:block\"\r\n     data-ad-client=\"ca-pub-8585364105181520\"\r\n     data-ad-slot=\"8789329856\"\r\n     data-ad-format=\"auto\"\r\n     data-full-width-responsive=\"true\"><\/ins>\r\n<script>\r\n     (adsbygoogle = window.adsbygoogle || []).push({});\r\n<\/script>\r\n\n<\/div>\n<h2>O que \u00e9 o Movimento Bahia pela Educa\u00e7\u00e3o?<\/h2>\n<p>O Movimento Bahia pela Educa\u00e7\u00e3o \u00e9 uma parceria entre diversas institui\u00e7\u00f5es, que visa promover melhorias na educa\u00e7\u00e3o do estado da Bahia. Com o objetivo de garantir que as crian\u00e7as sejam alfabetizadas na idade certa, o Movimento mobiliza gestores p\u00fablicos, especialistas e a sociedade civil para discutir e implementar estrat\u00e9gias eficazes de educa\u00e7\u00e3o.<\/p>\n<h2>Import\u00e2ncia da Alfabetiza\u00e7\u00e3o na Idade Certa<\/h2>\n<p>A alfabetiza\u00e7\u00e3o na idade correta \u00e9 fundamental para o desenvolvimento das crian\u00e7as e influencia diretamente seu futuro educacional e profissional. Quando as crian\u00e7as aprendem a ler e a escrever nos anos iniciais, elas t\u00eam melhores chances de se tornar alunos pr\u00f3speros e, posteriormente, cidad\u00e3os ativos e conscientes. A capacidade de se comunicar e processar informa\u00e7\u00f5es \u00e9 essencial em uma sociedade cada vez mais complexa e tecnol\u00f3gica.<\/p>\n<h2>Hist\u00f3rico dos Encontros Territoriais<\/h2>\n<p>Os Encontros Territoriais do Movimento Bahia pela Educa\u00e7\u00e3o t\u00eam sido realizados em diferentes munic\u00edpios, promovendo um espa\u00e7o para que os gestores e educadores compartilhem pr\u00e1ticas e experi\u00eancias que t\u00eam dado certo. Essas reuni\u00f5es s\u00e3o uma oportunidade para que todos possam alinhar suas a\u00e7\u00f5es e esfor\u00e7os em prol da educa\u00e7\u00e3o, visando o resultado positivo na alfabetiza\u00e7\u00e3o at\u00e9 2030.<\/p>\n<p><img decoding=\"async\" src=\"https:\/\/www.encontrafeiradesantana.com.br\/sobre\/wp-content\/uploads\/2026\/05\/feira-de-santana-recebe-encontro-territorial-2026-do-movimento-bahia-pela-educacao-no-dia-14.webp\" alt=\"Feira de Santana\" loading=\"lazy\" \/><\/p>\n<h2>O Papel dos Gestores P\u00fablicos na Educa\u00e7\u00e3o<\/h2>\n<p>Os gestores p\u00fablicos desempenham um papel cr\u00edtico no avan\u00e7o da educa\u00e7\u00e3o dentro de seus munic\u00edpios. Eles s\u00e3o respons\u00e1veis por implementar pol\u00edticas que garantam recursos, forma\u00e7\u00e3o de professores e infraestrutura adequada. A colabora\u00e7\u00e3o entre eles e as diversas entidades envolvidas \u00e9 vital para o sucesso de iniciativas como o Movimento Bahia pela Educa\u00e7\u00e3o.<\/p>\n<h2>Resultados do Movimento Bahia pela Educa\u00e7\u00e3o<\/h2>\n<p>Desde o in\u00edcio do Movimento, a Bahia tem observado um aumento significativo na taxa de alfabetiza\u00e7\u00e3o. Entre 2024 e 2025, por exemplo, houve um crescimento de 19 pontos percentuais, atingindo 55% de crian\u00e7as alfabetizadas na idade certa. Isso reflete n\u00e3o apenas um esfor\u00e7o conjunto entre o estado e os munic\u00edpios, mas tamb\u00e9m a efic\u00e1cia das metodologias desenvolvidas durante as mobiliza\u00e7\u00f5es.<\/p>\n<h2>Estrat\u00e9gias para Ampliar a Alfabetiza\u00e7\u00e3o<\/h2>\n<p>Para expandir os \u00edndices de alfabetiza\u00e7\u00e3o, v\u00e1rias estrat\u00e9gias s\u00e3o recomendadas, como: <\/p>\n<ul>\n<li><strong>Capacita\u00e7\u00e3o de Professores:<\/strong> Investir em forma\u00e7\u00e3o continuada para docentes, assegurando que estejam preparados para lidar com as diversas dificuldades dos alunos.<\/li>\n<li><strong>Materiais Did\u00e1ticos:<\/strong> Disponibiliza\u00e7\u00e3o de recursos pedag\u00f3gicos adequados e inovadores, que estimulam o aprendizado.<\/li>\n<li><strong>Integra\u00e7\u00e3o com a Comunidade:<\/strong> Envolver a fam\u00edlia e a comunidade no processo educacional \u00e9 essencial para criar um ambiente de apoio.<\/li>\n<li><strong>Acompanhamento e Avalia\u00e7\u00e3o:<\/strong> Monitorar o progresso dos alunos para ajustar as estrat\u00e9gias e interven\u00e7\u00f5es de forma mais eficaz.<\/li>\n<\/ul>\n<h2>O Encontro como Oportunidade de Di\u00e1logo<\/h2>\n<p>O Encontro Territorial programado para Feira de Santana serve como uma plataforma para di\u00e1logos robustos. O evento contar\u00e1 com a participa\u00e7\u00e3o de prefeitos, secret\u00e1rios municipais de educa\u00e7\u00e3o e coordenadores escolares, que poder\u00e3o discutir e alinhar as pol\u00edticas p\u00fablicas educacionais. Este interc\u00e2mbio de ideias \u00e9 crucial para consolidar as boas pr\u00e1ticas e expandir as iniciativas bem-sucedidas em toda a Bahia.<\/p>\n<h2>Como Participar do Encontro em Feira de Santana<\/h2>\n<p>A participa\u00e7\u00e3o \u00e9 aberta a todos os gestores educacionais e interessados no avan\u00e7o da educa\u00e7\u00e3o na Bahia. Para se inscrever, \u00e9 preciso acessar o link disponibilizado na comunica\u00e7\u00e3o do evento e garantir sua presen\u00e7a. A troca de experi\u00eancias e conhecimentos torna o evento uma oportunidade valiosa para quem deseja contribuir com a alfabetiza\u00e7\u00e3o das crian\u00e7as do estado.<\/p>\n<h2>Informa\u00e7\u00f5es sobre o Local e Hor\u00e1rio do Evento<\/h2>\n<p>O Encontro Territorial 2026 ocorrer\u00e1 no dia 14 de abril, das 8h30 \u00e0s 18h30, no <strong>Anfiteatro da Universidade Estadual de Feira de Santana<\/strong>, localizado na Av. Transnordestina, s\/n, Novo Horizonte. O local foi escolhido por sua estrutura que comporta um p\u00fablico diversificado e favorece as discuss\u00f5es em grupo.<\/p>\n<h2>Expectativas para o Encontro de 2026<\/h2>\n<p>As expectativas para o encontro s\u00e3o altas. Espera-se n\u00e3o apenas consolidar o que foi aprendido nos encontros anteriores, mas tamb\u00e9m tra\u00e7ar novas metas e a\u00e7\u00f5es para garantir que o desafio da alfabetiza\u00e7\u00e3o em larga escala seja cumprido. O evento representa um momento crucial para reafirmar o compromisso do estado com a educa\u00e7\u00e3o e engajar todos os envolvidos nesse processo.<\/p>\n\n<div style=\"font-size: 0px; height: 0px; line-height: 0px; margin: 0; padding: 0; clear: both;\"><\/div>","protected":false},"excerpt":{"rendered":"<p>Feira de Santana recebe Encontro Territorial do Movimento Bahia pela Educa\u00e7\u00e3o em 14 de abril.<\/p>\n","protected":false},"author":1,"featured_media":2036,"comment_status":"open","ping_status":"closed","sticky":false,"template":"","format":"standard","meta":{"footnotes":""},"categories":[6],"tags":[],"class_list":["post-2037","post","type-post","status-publish","format-standard","has-post-thumbnail","hentry","category-noticias-em-feira-de-santana","has_thumb"],"aioseo_notices":[],"aioseo_head":"\n\t\t<!-- All in One SEO 5.0.0.1 - aioseo.com -->\n\t<meta name=\"description\" content=\"Feira de Santana recebe Encontro Territorial do Movimento Bahia pela Educa\u00e7\u00e3o em 14 de abril.\" \/>\n\t<meta name=\"robots\" content=\"max-image-preview:large\" \/>\n\t<meta name=\"author\" content=\"Encontra Feira de Santana\"\/>\n\t<link rel=\"canonical\" href=\"https:\/\/www.encontrafeiradesantana.com.br\/sobre\/feira-de-santana-recebe-encontro-territorial-2026-do-movimento-bahia-pela-educacao-no-dia-14\/\" \/>\n\t<meta name=\"generator\" content=\"All in One SEO (AIOSEO) 5.0.0.1\" \/>\n\t\t<meta property=\"og:locale\" content=\"pt_BR\" \/>\n\t\t<meta property=\"og:site_name\" content=\"Encontra Feira de Santana | Not\u00edcias, eventos, informa\u00e7\u00f5es e dicas na cidade Feira de Santana e regi\u00e3o.\" \/>\n\t\t<meta property=\"og:type\" content=\"article\" \/>\n\t\t<meta property=\"og:title\" content=\"Feira de Santana recebe Encontro Territorial 2026 do Movimento Bahia pela Educa\u00e7\u00e3o no dia 14 | Encontra Feira de Santana\" \/>\n\t\t<meta property=\"og:description\" content=\"Feira de Santana recebe Encontro Territorial do Movimento Bahia pela Educa\u00e7\u00e3o em 14 de abril.\" \/>\n\t\t<meta property=\"og:url\" content=\"https:\/\/www.encontrafeiradesantana.com.br\/sobre\/feira-de-santana-recebe-encontro-territorial-2026-do-movimento-bahia-pela-educacao-no-dia-14\/\" \/>\n\t\t<meta property=\"article:published_time\" content=\"2026-05-06T06:15:42+00:00\" \/>\n\t\t<meta property=\"article:modified_time\" content=\"2026-05-06T06:15:42+00:00\" \/>\n\t\t<meta name=\"twitter:card\" content=\"summary\" \/>\n\t\t<meta name=\"twitter:title\" content=\"Feira de Santana recebe Encontro Territorial 2026 do Movimento Bahia pela Educa\u00e7\u00e3o no dia 14 | Encontra Feira de Santana\" \/>\n\t\t<meta name=\"twitter:description\" content=\"Feira de Santana recebe Encontro Territorial do Movimento Bahia pela Educa\u00e7\u00e3o em 14 de abril.\" \/>\n\t\t<script type=\"application\/ld+json\" class=\"aioseo-schema\">\n\t\t\t{\"@context\":\"https:\\\/\\\/schema.org\",\"@graph\":[{\"@type\":\"Article\",\"@id\":\"https:\\\/\\\/www.encontrafeiradesantana.com.br\\\/sobre\\\/feira-de-santana-recebe-encontro-territorial-2026-do-movimento-bahia-pela-educacao-no-dia-14\\\/#article\",\"name\":\"Feira de Santana recebe Encontro Territorial 2026 do Movimento Bahia pela Educa\\u00e7\\u00e3o no dia 14 | Encontra Feira de Santana\",\"headline\":\"Feira de Santana recebe Encontro Territorial 2026 do Movimento Bahia pela Educa\\u00e7\\u00e3o no dia 14\",\"author\":{\"@id\":\"https:\\\/\\\/www.encontrafeiradesantana.com.br\\\/sobre\\\/author\\\/efeiradesantana\\\/#author\"},\"publisher\":{\"@id\":\"https:\\\/\\\/www.encontrafeiradesantana.com.br\\\/sobre\\\/#organization\"},\"image\":{\"@type\":\"ImageObject\",\"url\":\"https:\\\/\\\/www.encontrafeiradesantana.com.br\\\/sobre\\\/wp-content\\\/uploads\\\/2026\\\/05\\\/feira-de-santana-recebe-encontro-territorial-2026-do-movimento-bahia-pela-educacao-no-dia-14.webp\",\"width\":280,\"height\":280,\"caption\":\"Feira de Santana\"},\"datePublished\":\"2026-05-06T03:15:42-03:00\",\"dateModified\":\"2026-05-06T03:15:42-03:00\",\"inLanguage\":\"pt-BR\",\"mainEntityOfPage\":{\"@id\":\"https:\\\/\\\/www.encontrafeiradesantana.com.br\\\/sobre\\\/feira-de-santana-recebe-encontro-territorial-2026-do-movimento-bahia-pela-educacao-no-dia-14\\\/#webpage\"},\"isPartOf\":{\"@id\":\"https:\\\/\\\/www.encontrafeiradesantana.com.br\\\/sobre\\\/feira-de-santana-recebe-encontro-territorial-2026-do-movimento-bahia-pela-educacao-no-dia-14\\\/#webpage\"},\"articleSection\":\"Not\\u00edcias Feira de Santana\"},{\"@type\":\"BreadcrumbList\",\"@id\":\"https:\\\/\\\/www.encontrafeiradesantana.com.br\\\/sobre\\\/feira-de-santana-recebe-encontro-territorial-2026-do-movimento-bahia-pela-educacao-no-dia-14\\\/#breadcrumblist\",\"itemListElement\":[{\"@type\":\"ListItem\",\"@id\":\"https:\\\/\\\/www.encontrafeiradesantana.com.br\\\/sobre#listItem\",\"position\":1,\"name\":\"In\\u00edcio\",\"item\":\"https:\\\/\\\/www.encontrafeiradesantana.com.br\\\/sobre\",\"nextItem\":{\"@type\":\"ListItem\",\"@id\":\"https:\\\/\\\/www.encontrafeiradesantana.com.br\\\/sobre\\\/noticias-em-feira-de-santana\\\/#listItem\",\"name\":\"Not\\u00edcias Feira de Santana\"}},{\"@type\":\"ListItem\",\"@id\":\"https:\\\/\\\/www.encontrafeiradesantana.com.br\\\/sobre\\\/noticias-em-feira-de-santana\\\/#listItem\",\"position\":2,\"name\":\"Not\\u00edcias Feira de Santana\",\"item\":\"https:\\\/\\\/www.encontrafeiradesantana.com.br\\\/sobre\\\/noticias-em-feira-de-santana\\\/\",\"nextItem\":{\"@type\":\"ListItem\",\"@id\":\"https:\\\/\\\/www.encontrafeiradesantana.com.br\\\/sobre\\\/feira-de-santana-recebe-encontro-territorial-2026-do-movimento-bahia-pela-educacao-no-dia-14\\\/#listItem\",\"name\":\"Feira de Santana recebe Encontro Territorial 2026 do Movimento Bahia pela Educa\\u00e7\\u00e3o no dia 14\"},\"previousItem\":{\"@type\":\"ListItem\",\"@id\":\"https:\\\/\\\/www.encontrafeiradesantana.com.br\\\/sobre#listItem\",\"name\":\"In\\u00edcio\"}},{\"@type\":\"ListItem\",\"@id\":\"https:\\\/\\\/www.encontrafeiradesantana.com.br\\\/sobre\\\/feira-de-santana-recebe-encontro-territorial-2026-do-movimento-bahia-pela-educacao-no-dia-14\\\/#listItem\",\"position\":3,\"name\":\"Feira de Santana recebe Encontro Territorial 2026 do Movimento Bahia pela Educa\\u00e7\\u00e3o no dia 14\",\"previousItem\":{\"@type\":\"ListItem\",\"@id\":\"https:\\\/\\\/www.encontrafeiradesantana.com.br\\\/sobre\\\/noticias-em-feira-de-santana\\\/#listItem\",\"name\":\"Not\\u00edcias Feira de Santana\"}}]},{\"@type\":\"Organization\",\"@id\":\"https:\\\/\\\/www.encontrafeiradesantana.com.br\\\/sobre\\\/#organization\",\"name\":\"Encontra Feira de Santana\",\"description\":\"Not\\u00edcias, eventos, informa\\u00e7\\u00f5es e dicas na cidade Feira de Santana e regi\\u00e3o.\",\"url\":\"https:\\\/\\\/www.encontrafeiradesantana.com.br\\\/sobre\\\/\"},{\"@type\":\"Person\",\"@id\":\"https:\\\/\\\/www.encontrafeiradesantana.com.br\\\/sobre\\\/author\\\/efeiradesantana\\\/#author\",\"url\":\"https:\\\/\\\/www.encontrafeiradesantana.com.br\\\/sobre\\\/author\\\/efeiradesantana\\\/\",\"name\":\"Encontra Feira de Santana\",\"image\":{\"@type\":\"ImageObject\",\"@id\":\"https:\\\/\\\/www.encontrafeiradesantana.com.br\\\/sobre\\\/feira-de-santana-recebe-encontro-territorial-2026-do-movimento-bahia-pela-educacao-no-dia-14\\\/#authorImage\",\"url\":\"https:\\\/\\\/secure.gravatar.com\\\/avatar\\\/507340682b8270222e1f208e23198b6ae7e2c6a1033ae84e99bc6bce4f82a387?s=96&d=mm&r=g\",\"width\":96,\"height\":96,\"caption\":\"Encontra Feira de Santana\"}},{\"@type\":\"WebPage\",\"@id\":\"https:\\\/\\\/www.encontrafeiradesantana.com.br\\\/sobre\\\/feira-de-santana-recebe-encontro-territorial-2026-do-movimento-bahia-pela-educacao-no-dia-14\\\/#webpage\",\"url\":\"https:\\\/\\\/www.encontrafeiradesantana.com.br\\\/sobre\\\/feira-de-santana-recebe-encontro-territorial-2026-do-movimento-bahia-pela-educacao-no-dia-14\\\/\",\"name\":\"Feira de Santana recebe Encontro Territorial 2026 do Movimento Bahia pela Educa\\u00e7\\u00e3o no dia 14 | Encontra Feira de Santana\",\"description\":\"Feira de Santana recebe Encontro Territorial do Movimento Bahia pela Educa\\u00e7\\u00e3o em 14 de abril.\",\"inLanguage\":\"pt-BR\",\"isPartOf\":{\"@id\":\"https:\\\/\\\/www.encontrafeiradesantana.com.br\\\/sobre\\\/#website\"},\"breadcrumb\":{\"@id\":\"https:\\\/\\\/www.encontrafeiradesantana.com.br\\\/sobre\\\/feira-de-santana-recebe-encontro-territorial-2026-do-movimento-bahia-pela-educacao-no-dia-14\\\/#breadcrumblist\"},\"author\":{\"@id\":\"https:\\\/\\\/www.encontrafeiradesantana.com.br\\\/sobre\\\/author\\\/efeiradesantana\\\/#author\"},\"creator\":{\"@id\":\"https:\\\/\\\/www.encontrafeiradesantana.com.br\\\/sobre\\\/author\\\/efeiradesantana\\\/#author\"},\"image\":{\"@type\":\"ImageObject\",\"url\":\"https:\\\/\\\/www.encontrafeiradesantana.com.br\\\/sobre\\\/wp-content\\\/uploads\\\/2026\\\/05\\\/feira-de-santana-recebe-encontro-territorial-2026-do-movimento-bahia-pela-educacao-no-dia-14.webp\",\"@id\":\"https:\\\/\\\/www.encontrafeiradesantana.com.br\\\/sobre\\\/feira-de-santana-recebe-encontro-territorial-2026-do-movimento-bahia-pela-educacao-no-dia-14\\\/#mainImage\",\"width\":280,\"height\":280,\"caption\":\"Feira de Santana\"},\"primaryImageOfPage\":{\"@id\":\"https:\\\/\\\/www.encontrafeiradesantana.com.br\\\/sobre\\\/feira-de-santana-recebe-encontro-territorial-2026-do-movimento-bahia-pela-educacao-no-dia-14\\\/#mainImage\"},\"datePublished\":\"2026-05-06T03:15:42-03:00\",\"dateModified\":\"2026-05-06T03:15:42-03:00\"},{\"@type\":\"WebSite\",\"@id\":\"https:\\\/\\\/www.encontrafeiradesantana.com.br\\\/sobre\\\/#website\",\"url\":\"https:\\\/\\\/www.encontrafeiradesantana.com.br\\\/sobre\\\/\",\"name\":\"Encontra Feira de Santana\",\"description\":\"Not\\u00edcias, eventos, informa\\u00e7\\u00f5es e dicas na cidade Feira de Santana e regi\\u00e3o.\",\"inLanguage\":\"pt-BR\",\"publisher\":{\"@id\":\"https:\\\/\\\/www.encontrafeiradesantana.com.br\\\/sobre\\\/#organization\"}}]}\n\t\t<\/script>\n\t\t<!-- All in One SEO -->\n\n","aioseo_head_json":{"title":"Feira de Santana recebe Encontro Territorial 2026 do Movimento Bahia pela Educa\u00e7\u00e3o no dia 14 | Encontra Feira de Santana","description":"Feira de Santana recebe Encontro Territorial do Movimento Bahia pela Educa\u00e7\u00e3o em 14 de abril.","canonical_url":"https:\/\/www.encontrafeiradesantana.com.br\/sobre\/feira-de-santana-recebe-encontro-territorial-2026-do-movimento-bahia-pela-educacao-no-dia-14\/","robots":"max-image-preview:large","keywords":"","webmasterTools":{"miscellaneous":""},"schema":{"@context":"https:\/\/schema.org","@graph":[{"@type":"Article","@id":"https:\/\/www.encontrafeiradesantana.com.br\/sobre\/feira-de-santana-recebe-encontro-territorial-2026-do-movimento-bahia-pela-educacao-no-dia-14\/#article","name":"Feira de Santana recebe Encontro Territorial 2026 do Movimento Bahia pela Educa\u00e7\u00e3o no dia 14 | Encontra Feira de Santana","headline":"Feira de Santana recebe Encontro Territorial 2026 do Movimento Bahia pela Educa\u00e7\u00e3o no dia 14","author":{"@id":"https:\/\/www.encontrafeiradesantana.com.br\/sobre\/author\/efeiradesantana\/#author"},"publisher":{"@id":"https:\/\/www.encontrafeiradesantana.com.br\/sobre\/#organization"},"image":{"@type":"ImageObject","url":"https:\/\/www.encontrafeiradesantana.com.br\/sobre\/wp-content\/uploads\/2026\/05\/feira-de-santana-recebe-encontro-territorial-2026-do-movimento-bahia-pela-educacao-no-dia-14.webp","width":280,"height":280,"caption":"Feira de Santana"},"datePublished":"2026-05-06T03:15:42-03:00","dateModified":"2026-05-06T03:15:42-03:00","inLanguage":"pt-BR","mainEntityOfPage":{"@id":"https:\/\/www.encontrafeiradesantana.com.br\/sobre\/feira-de-santana-recebe-encontro-territorial-2026-do-movimento-bahia-pela-educacao-no-dia-14\/#webpage"},"isPartOf":{"@id":"https:\/\/www.encontrafeiradesantana.com.br\/sobre\/feira-de-santana-recebe-encontro-territorial-2026-do-movimento-bahia-pela-educacao-no-dia-14\/#webpage"},"articleSection":"Not\u00edcias Feira de Santana"},{"@type":"BreadcrumbList","@id":"https:\/\/www.encontrafeiradesantana.com.br\/sobre\/feira-de-santana-recebe-encontro-territorial-2026-do-movimento-bahia-pela-educacao-no-dia-14\/#breadcrumblist","itemListElement":[{"@type":"ListItem","@id":"https:\/\/www.encontrafeiradesantana.com.br\/sobre#listItem","position":1,"name":"In\u00edcio","item":"https:\/\/www.encontrafeiradesantana.com.br\/sobre","nextItem":{"@type":"ListItem","@id":"https:\/\/www.encontrafeiradesantana.com.br\/sobre\/noticias-em-feira-de-santana\/#listItem","name":"Not\u00edcias Feira de Santana"}},{"@type":"ListItem","@id":"https:\/\/www.encontrafeiradesantana.com.br\/sobre\/noticias-em-feira-de-santana\/#listItem","position":2,"name":"Not\u00edcias Feira de Santana","item":"https:\/\/www.encontrafeiradesantana.com.br\/sobre\/noticias-em-feira-de-santana\/","nextItem":{"@type":"ListItem","@id":"https:\/\/www.encontrafeiradesantana.com.br\/sobre\/feira-de-santana-recebe-encontro-territorial-2026-do-movimento-bahia-pela-educacao-no-dia-14\/#listItem","name":"Feira de Santana recebe Encontro Territorial 2026 do Movimento Bahia pela Educa\u00e7\u00e3o no dia 14"},"previousItem":{"@type":"ListItem","@id":"https:\/\/www.encontrafeiradesantana.com.br\/sobre#listItem","name":"In\u00edcio"}},{"@type":"ListItem","@id":"https:\/\/www.encontrafeiradesantana.com.br\/sobre\/feira-de-santana-recebe-encontro-territorial-2026-do-movimento-bahia-pela-educacao-no-dia-14\/#listItem","position":3,"name":"Feira de Santana recebe Encontro Territorial 2026 do Movimento Bahia pela Educa\u00e7\u00e3o no dia 14","previousItem":{"@type":"ListItem","@id":"https:\/\/www.encontrafeiradesantana.com.br\/sobre\/noticias-em-feira-de-santana\/#listItem","name":"Not\u00edcias Feira de Santana"}}]},{"@type":"Organization","@id":"https:\/\/www.encontrafeiradesantana.com.br\/sobre\/#organization","name":"Encontra Feira de Santana","description":"Not\u00edcias, eventos, informa\u00e7\u00f5es e dicas na cidade Feira de Santana e regi\u00e3o.","url":"https:\/\/www.encontrafeiradesantana.com.br\/sobre\/"},{"@type":"Person","@id":"https:\/\/www.encontrafeiradesantana.com.br\/sobre\/author\/efeiradesantana\/#author","url":"https:\/\/www.encontrafeiradesantana.com.br\/sobre\/author\/efeiradesantana\/","name":"Encontra Feira de Santana","image":{"@type":"ImageObject","@id":"https:\/\/www.encontrafeiradesantana.com.br\/sobre\/feira-de-santana-recebe-encontro-territorial-2026-do-movimento-bahia-pela-educacao-no-dia-14\/#authorImage","url":"https:\/\/secure.gravatar.com\/avatar\/507340682b8270222e1f208e23198b6ae7e2c6a1033ae84e99bc6bce4f82a387?s=96&d=mm&r=g","width":96,"height":96,"caption":"Encontra Feira de Santana"}},{"@type":"WebPage","@id":"https:\/\/www.encontrafeiradesantana.com.br\/sobre\/feira-de-santana-recebe-encontro-territorial-2026-do-movimento-bahia-pela-educacao-no-dia-14\/#webpage","url":"https:\/\/www.encontrafeiradesantana.com.br\/sobre\/feira-de-santana-recebe-encontro-territorial-2026-do-movimento-bahia-pela-educacao-no-dia-14\/","name":"Feira de Santana recebe Encontro Territorial 2026 do Movimento Bahia pela Educa\u00e7\u00e3o no dia 14 | Encontra Feira de Santana","description":"Feira de Santana recebe Encontro Territorial do Movimento Bahia pela Educa\u00e7\u00e3o em 14 de abril.","inLanguage":"pt-BR","isPartOf":{"@id":"https:\/\/www.encontrafeiradesantana.com.br\/sobre\/#website"},"breadcrumb":{"@id":"https:\/\/www.encontrafeiradesantana.com.br\/sobre\/feira-de-santana-recebe-encontro-territorial-2026-do-movimento-bahia-pela-educacao-no-dia-14\/#breadcrumblist"},"author":{"@id":"https:\/\/www.encontrafeiradesantana.com.br\/sobre\/author\/efeiradesantana\/#author"},"creator":{"@id":"https:\/\/www.encontrafeiradesantana.com.br\/sobre\/author\/efeiradesantana\/#author"},"image":{"@type":"ImageObject","url":"https:\/\/www.encontrafeiradesantana.com.br\/sobre\/wp-content\/uploads\/2026\/05\/feira-de-santana-recebe-encontro-territorial-2026-do-movimento-bahia-pela-educacao-no-dia-14.webp","@id":"https:\/\/www.encontrafeiradesantana.com.br\/sobre\/feira-de-santana-recebe-encontro-territorial-2026-do-movimento-bahia-pela-educacao-no-dia-14\/#mainImage","width":280,"height":280,"caption":"Feira de Santana"},"primaryImageOfPage":{"@id":"https:\/\/www.encontrafeiradesantana.com.br\/sobre\/feira-de-santana-recebe-encontro-territorial-2026-do-movimento-bahia-pela-educacao-no-dia-14\/#mainImage"},"datePublished":"2026-05-06T03:15:42-03:00","dateModified":"2026-05-06T03:15:42-03:00"},{"@type":"WebSite","@id":"https:\/\/www.encontrafeiradesantana.com.br\/sobre\/#website","url":"https:\/\/www.encontrafeiradesantana.com.br\/sobre\/","name":"Encontra Feira de Santana","description":"Not\u00edcias, eventos, informa\u00e7\u00f5es e dicas na cidade Feira de Santana e regi\u00e3o.","inLanguage":"pt-BR","publisher":{"@id":"https:\/\/www.encontrafeiradesantana.com.br\/sobre\/#organization"}}]},"og:locale":"pt_BR","og:site_name":"Encontra Feira de Santana | Not\u00edcias, eventos, informa\u00e7\u00f5es e dicas na cidade Feira de Santana e regi\u00e3o.","og:type":"article","og:title":"Feira de Santana recebe Encontro Territorial 2026 do Movimento Bahia pela Educa\u00e7\u00e3o no dia 14 | Encontra Feira de Santana","og:description":"Feira de Santana recebe Encontro Territorial do Movimento Bahia pela Educa\u00e7\u00e3o em 14 de abril.","og:url":"https:\/\/www.encontrafeiradesantana.com.br\/sobre\/feira-de-santana-recebe-encontro-territorial-2026-do-movimento-bahia-pela-educacao-no-dia-14\/","article:published_time":"2026-05-06T06:15:42+00:00","article:modified_time":"2026-05-06T06:15:42+00:00","twitter:card":"summary","twitter:title":"Feira de Santana recebe Encontro Territorial 2026 do Movimento Bahia pela Educa\u00e7\u00e3o no dia 14 | Encontra Feira de Santana","twitter:description":"Feira de Santana recebe Encontro Territorial do Movimento Bahia pela Educa\u00e7\u00e3o em 14 de abril."},"aioseo_meta_data":{"post_id":"2037","title":null,"description":null,"keywords":null,"keyphrases":null,"primary_term":null,"canonical_url":null,"og_title":null,"og_description":null,"og_object_type":"default","og_image_type":"default","og_image_url":null,"og_image_width":null,"og_image_height":null,"og_image_custom_url":null,"og_image_custom_fields":null,"og_video":null,"og_custom_url":null,"og_article_section":null,"og_article_tags":null,"twitter_use_og":false,"twitter_card":"default","twitter_image_type":"default","twitter_image_url":null,"twitter_image_custom_url":null,"twitter_image_custom_fields":null,"twitter_title":null,"twitter_description":null,"schema":{"blockGraphs":[],"customGraphs":[],"default":{"data":{"Article":[],"Course":[],"Dataset":[],"FAQPage":[],"Movie":[],"Person":[],"Product":[],"ProductReview":[],"Car":[],"Recipe":[],"Service":[],"SoftwareApplication":[],"WebPage":[]},"graphName":"Article","isEnabled":true},"graphs":[]},"schema_type":"default","schema_type_options":null,"pillar_content":false,"robots_default":true,"robots_noindex":false,"robots_noarchive":false,"robots_nosnippet":false,"robots_nofollow":false,"robots_noimageindex":false,"robots_noodp":false,"robots_notranslate":false,"robots_max_snippet":null,"robots_max_videopreview":null,"robots_max_imagepreview":"large","priority":null,"frequency":null,"local_seo":null,"breadcrumb_settings":null,"limit_modified_date":false,"ai":null,"created":"2026-05-06 06:15:46","updated":"2026-05-06 06:24:05","focus_keyword":null,"additional_keywords":null,"truseo_locale":null,"seo_analyzer_scan_date":null},"aioseo_breadcrumb":"<div class=\"aioseo-breadcrumbs\"><span class=\"aioseo-breadcrumb\">\n\t\t\t<a href=\"https:\/\/www.encontrafeiradesantana.com.br\/sobre\" title=\"In\u00edcio\">In\u00edcio<\/a>\n\t\t<\/span><span class=\"aioseo-breadcrumb-separator\">&raquo;<\/span><span class=\"aioseo-breadcrumb\">\n\t\t\t<a href=\"https:\/\/www.encontrafeiradesantana.com.br\/sobre\/noticias-em-feira-de-santana\/\" title=\"Not\u00edcias Feira de Santana\">Not\u00edcias Feira de Santana<\/a>\n\t\t<\/span><span class=\"aioseo-breadcrumb-separator\">&raquo;<\/span><span class=\"aioseo-breadcrumb\">\n\t\t\tFeira de Santana recebe Encontro Territorial 2026 do Movimento Bahia pela Educa\u00e7\u00e3o no dia 14\n\t\t<\/span><\/div>","aioseo_breadcrumb_json":[{"label":"In\u00edcio","link":"https:\/\/www.encontrafeiradesantana.com.br\/sobre"},{"label":"Not\u00edcias Feira de Santana","link":"https:\/\/www.encontrafeiradesantana.com.br\/sobre\/noticias-em-feira-de-santana\/"},{"label":"Feira de Santana recebe Encontro Territorial 2026 do Movimento Bahia pela Educa\u00e7\u00e3o no dia 14","link":"https:\/\/www.encontrafeiradesantana.com.br\/sobre\/feira-de-santana-recebe-encontro-territorial-2026-do-movimento-bahia-pela-educacao-no-dia-14\/"}],"_links":{"self":[{"href":"https:\/\/www.encontrafeiradesantana.com.br\/sobre\/wp-json\/wp\/v2\/posts\/2037","targetHints":{"allow":["GET"]}}],"collection":[{"href":"https:\/\/www.encontrafeiradesantana.com.br\/sobre\/wp-json\/wp\/v2\/posts"}],"about":[{"href":"https:\/\/www.encontrafeiradesantana.com.br\/sobre\/wp-json\/wp\/v2\/types\/post"}],"author":[{"embeddable":true,"href":"https:\/\/www.encontrafeiradesantana.com.br\/sobre\/wp-json\/wp\/v2\/users\/1"}],"replies":[{"embeddable":true,"href":"https:\/\/www.encontrafeiradesantana.com.br\/sobre\/wp-json\/wp\/v2\/comments?post=2037"}],"version-history":[{"count":0,"href":"https:\/\/www.encontrafeiradesantana.com.br\/sobre\/wp-json\/wp\/v2\/posts\/2037\/revisions"}],"wp:featuredmedia":[{"embeddable":true,"href":"https:\/\/www.encontrafeiradesantana.com.br\/sobre\/wp-json\/wp\/v2\/media\/2036"}],"wp:attachment":[{"href":"https:\/\/www.encontrafeiradesantana.com.br\/sobre\/wp-json\/wp\/v2\/media?parent=2037"}],"wp:term":[{"taxonomy":"category","embeddable":true,"href":"https:\/\/www.encontrafeiradesantana.com.br\/sobre\/wp-json\/wp\/v2\/categories?post=2037"},{"taxonomy":"post_tag","embeddable":true,"href":"https:\/\/www.encontrafeiradesantana.com.br\/sobre\/wp-json\/wp\/v2\/tags?post=2037"}],"curies":[{"name":"wp","href":"https:\/\/api.w.org\/{rel}","templated":true}]}}