{"id":2025,"date":"2026-05-03T03:18:31","date_gmt":"2026-05-03T06:18:31","guid":{"rendered":"https:\/\/www.encontrafeiradesantana.com.br\/sobre\/apresentacao-do-projeto-do-hospital-municipal-em-roadshow-da-b3-podera-ser-acompanhada-ao-vivo\/"},"modified":"2026-05-03T03:18:31","modified_gmt":"2026-05-03T06:18:31","slug":"apresentacao-do-projeto-do-hospital-municipal-em-roadshow-da-b3-podera-ser-acompanhada-ao-vivo","status":"publish","type":"post","link":"https:\/\/www.encontrafeiradesantana.com.br\/sobre\/apresentacao-do-projeto-do-hospital-municipal-em-roadshow-da-b3-podera-ser-acompanhada-ao-vivo\/","title":{"rendered":"Apresenta\u00e7\u00e3o do projeto do Hospital Municipal em roadshow da B3 poder\u00e1 ser acompanhada ao vivo"},"content":{"rendered":"<div class=\"3f468104ad11f00a3c9ac948316f4265\" data-index=\"1\" style=\"float: none; margin:0px;\">\n<ins class=\"adsbygoogle\"\r\n     style=\"display:block\"\r\n     data-ad-client=\"ca-pub-8585364105181520\"\r\n     data-ad-slot=\"8789329856\"\r\n     data-ad-format=\"auto\"\r\n     data-full-width-responsive=\"true\"><\/ins>\r\n<script>\r\n     (adsbygoogle = window.adsbygoogle || []).push({});\r\n<\/script>\r\n\n<\/div>\n<h2>O que \u00e9 a Parceria P\u00fablico-Privada?<\/h2>\n<p>A Parceria P\u00fablico-Privada (PPP) \u00e9 um modelo de colabora\u00e7\u00e3o onde o setor privado e o governo se unem para a realiza\u00e7\u00e3o de obras ou servi\u00e7os que beneficiem a sociedade. Esta abordagem permite que a iniciativa privada traga sua expertise e recursos financeiros para entregar servi\u00e7os que, de outra forma, seriam dif\u00edceis de realizar apenas com os recursos p\u00fablicos. No contexto do Hospital Municipal de Feira de Santana, a PPP visa modernizar a infraestrutura de sa\u00fade do munic\u00edpio, condensando recursos e talentos para melhorar a qualidade do atendimento \u00e0 popula\u00e7\u00e3o.<\/p>\n<h2>Import\u00e2ncia do Hospital Municipal para a Sa\u00fade P\u00fablica<\/h2>\n<p>A constru\u00e7\u00e3o do Hospital Municipal representa uma enorme evolu\u00e7\u00e3o para a sa\u00fade p\u00fablica de Feira de Santana. Com a amplia\u00e7\u00e3o da infraestrutura voltada ao Sistema \u00danico de Sa\u00fade (SUS), o hospital ter\u00e1 um papel vital na melhoria do atendimento m\u00e9dico, principalmente em \u00e1reas que demandam alta complexidade, como servi\u00e7os de emerg\u00eancia e UTI. Al\u00e9m disso, a instala\u00e7\u00e3o do hospital permitir\u00e1 que a popula\u00e7\u00e3o tenha acesso a tratamentos de sa\u00fade mais eficazes e em um tempo reduzido, integrando-se ainda mais aos servi\u00e7os m\u00e9dicos existentes na regi\u00e3o.<\/p>\n<h2>Data e Hor\u00e1rio da Apresenta\u00e7\u00e3o<\/h2>\n<p>A apresenta\u00e7\u00e3o do projeto do Hospital Municipal ser\u00e1 realizada em um roadshow na B3, em S\u00e3o Paulo, com data marcada para o dia 28 de abril de 2026, \u00e0s 15h. O evento procurar\u00e1 expor os detalhes da PPP e ser\u00e1 uma oportunidade para investidores e empresas interessadas conhecerem melhor a proposta.<\/p>\n<p><img decoding=\"async\" src=\"https:\/\/www.encontrafeiradesantana.com.br\/sobre\/wp-content\/uploads\/2026\/05\/apresentacao-do-projeto-do-hospital-municipal-em-roadshow-da-b3-podera-ser-acompanhada-ao-vivo.webp\" alt=\"Hospital Municipal\" loading=\"lazy\" \/><\/p>\n<h2>Participa\u00e7\u00e3o do Prefeito e Secret\u00e1rios<\/h2>\n<p>O prefeito Jos\u00e9 Ronaldo de Carvalho ser\u00e1 o respons\u00e1vel pela apresenta\u00e7\u00e3o do projeto, demonstrando o comprometimento da administra\u00e7\u00e3o municipal em transformar a sa\u00fade da cidade. Al\u00e9m do prefeito, o evento contar\u00e1 com a presen\u00e7a do secret\u00e1rio de Planejamento, Carlos Brito, e do secret\u00e1rio de Sa\u00fade, Rodrigo Matos, que fornecer\u00e3o informa\u00e7\u00f5es complementares sobre a gest\u00e3o e os impactos esperados com a constru\u00e7\u00e3o do hospital, refor\u00e7ando a transpar\u00eancia e colabora\u00e7\u00e3o entre as partes envolvidas.<\/p>\n<h2>Detalhes do Projeto e Seu Impacto<\/h2>\n<p>O projeto do Hospital Municipal est\u00e1 estruturado para promover um investimento substancial de R$ 286 milh\u00f5es, que ser\u00e1 aplicado exclusivamente no SUS. Com 110 leitos dispon\u00edveis, incluindo 10 destinados a Terapia Intensiva (UTI), e uma infraestrutura moderna que abrange um centro cir\u00fargico totalmente equipado e um parque de bioimagem completo, a proposta visa n\u00e3o apenas atender \u00e0 demanda local, mas tamb\u00e9m ser um ponto de refer\u00eancia no atendimento de sa\u00fade da regi\u00e3o. O impacto previsto \u00e9 a redu\u00e7\u00e3o de sobrecarga nas unidades estaduais, promovendo uma assist\u00eancia mais organizada e eficiente para a popula\u00e7\u00e3o.<\/p>\n<h2>Como Acompanhar a Transmiss\u00e3o ao Vivo<\/h2>\n<p>Aqueles que desejarem assistir \u00e0 apresenta\u00e7\u00e3o do projeto poder\u00e3o faz\u00ea-lo ao vivo atrav\u00e9s da TVB3, que transmitir\u00e1 o evento via streaming. Para assistir, basta acessar o link oficial de transmiss\u00e3o: <a href=\"https:\/\/tvb3.com.br\/video\/roadshow-hospital-municipal-de-feira-de-santana-ba\/\">https:\/\/tvb3.com.br\/video\/roadshow-hospital-municipal-de-feira-de-santana-ba\/<\/a>. Essa acessibilidade \u00e9 uma parte importante do compromisso da cidade em manter a comunidade informada sobre os avan\u00e7os e decis\u00f5es importantes em sa\u00fade p\u00fablica.<\/p>\n<h2>Investimento e Recursos Destinados<\/h2>\n<p>O investimento de R$ 286 milh\u00f5es destinado ao Hospital Municipal \u00e9 um dos maiores j\u00e1 realizados em Feira de Santana, e representa uma mudan\u00e7a significativa na abordagem da sa\u00fade na cidade. A aplica\u00e7\u00e3o destes recursos ser\u00e1 orientada n\u00e3o apenas para a constru\u00e7\u00e3o do hospital, mas tamb\u00e9m para garantir que os servi\u00e7os oferecidos sejam de alta qualidade e possam atender \u00e0s necessidades da popula\u00e7\u00e3o de forma eficiente e humanizada.<\/p>\n<h2>Estrutura e Servi\u00e7os do Hospital<\/h2>\n<p>A nova unidade de sa\u00fade ser\u00e1 projetada para oferecer uma gama de servi\u00e7os que incluem atendimentos de urg\u00eancia, interna\u00e7\u00f5es e especialidades m\u00e9dicas. A disposi\u00e7\u00e3o dos 110 leitos, com uma unidade de terapia intensiva e um centro cir\u00fargico de \u00faltima gera\u00e7\u00e3o, assegurar\u00e1 um atendimento r\u00e1pido e eficaz. Al\u00e9m disso, o hospital contar\u00e1 com modernas tecnologias de bioimagem e diagn\u00f3sticos, que facilitar\u00e3o a realiza\u00e7\u00e3o de exames de forma \u00e1gil e precisa, melhorando continuamente a experi\u00eancia dos pacientes.<\/p>\n<h2>Processo Licitat\u00f3rio e Cronograma<\/h2>\n<p>O edital para a licita\u00e7\u00e3o j\u00e1 foi publicado, com a entrega dos envelopes dos interessados marcada para o dia 11 de maio e a sess\u00e3o p\u00fablica do leil\u00e3o agendada para o dia 15 de maio. Este cronograma \u00e9 um passo fundamental para que o projeto saia do papel e inicie a constru\u00e7\u00e3o do hospital, com a expectativa de que a execu\u00e7\u00e3o ocorra de forma celeremente, a fim de atender \u00e0 urg\u00eancia da popula\u00e7\u00e3o.<\/p>\n<h2>Benef\u00edcios da Nova Unidade de Sa\u00fade<\/h2>\n<p>A nova unidade de sa\u00fade trar\u00e1 diversos benef\u00edcios, n\u00e3o apenas para os pacientes, mas para toda a estrutura de sa\u00fade da cidade. Entre os pontos positivos esperados, destacam-se:<\/p>\n<ul>\n<li><strong>Aumento da Capacidade de Atendimento:<\/strong> Com a inclus\u00e3o de novos leitos, o hospital conseguir\u00e1 atender uma quantidade maior de pacientes, reduzindo filas e tempos de espera.<\/li>\n<li><strong>Qualidade do Atendimento:<\/strong> A infraestrutura moderna e bem equipada proporcionar\u00e1 um atendimento mais efetivo e humanizado, elevando a satisfa\u00e7\u00e3o dos usu\u00e1rios.<\/li>\n<li><strong>Refer\u00eancia Regional:<\/strong> O hospital se tornar\u00e1 um centro de refer\u00eancia em m\u00e9dia e alta complexidade, fortalecendo a posi\u00e7\u00e3o de Feira de Santana no \u00e2mbito da sa\u00fade.<\/li>\n<li><strong>Redu\u00e7\u00e3o da Sobrecarga em Outras Unidades:<\/strong> A nova unidade aliviar\u00e1 a demanda sobre hospitais estaduais e locais, oferecendo mais suporte e qualidade no atendimento.<\/li>\n<li><strong>Cria\u00e7\u00e3o de Empregos:<\/strong> A constru\u00e7\u00e3o e opera\u00e7\u00e3o do hospital gerar\u00e3o diversas oportunidades de trabalho, contribuindo para a economia local.<\/li>\n<\/ul>\n<p>A implanta\u00e7\u00e3o do Hospital Municipal, por meio da Parceria P\u00fablico-Privada, representa n\u00e3o apenas uma evolu\u00e7\u00e3o na sa\u00fade p\u00fablica de Feira de Santana, mas tamb\u00e9m um exemplo de colabora\u00e7\u00e3o eficiente entre o setor p\u00fablico e privado. Com uma infraestrutura adequada, a cidade poder\u00e1, finalmente, oferecer um atendimento \u00e0 altura das necessidades da sua popula\u00e7\u00e3o.<\/p>\n\n<div style=\"font-size: 0px; height: 0px; line-height: 0px; margin: 0; padding: 0; clear: both;\"><\/div>","protected":false},"excerpt":{"rendered":"<p>Hospital Municipal: saiba todos os detalhes da apresenta\u00e7\u00e3o do projeto ao vivo.<\/p>\n","protected":false},"author":1,"featured_media":2024,"comment_status":"open","ping_status":"closed","sticky":false,"template":"","format":"standard","meta":{"footnotes":""},"categories":[6],"tags":[],"class_list":["post-2025","post","type-post","status-publish","format-standard","has-post-thumbnail","hentry","category-noticias-em-feira-de-santana","has_thumb"],"aioseo_notices":[],"_links":{"self":[{"href":"https:\/\/www.encontrafeiradesantana.com.br\/sobre\/wp-json\/wp\/v2\/posts\/2025","targetHints":{"allow":["GET"]}}],"collection":[{"href":"https:\/\/www.encontrafeiradesantana.com.br\/sobre\/wp-json\/wp\/v2\/posts"}],"about":[{"href":"https:\/\/www.encontrafeiradesantana.com.br\/sobre\/wp-json\/wp\/v2\/types\/post"}],"author":[{"embeddable":true,"href":"https:\/\/www.encontrafeiradesantana.com.br\/sobre\/wp-json\/wp\/v2\/users\/1"}],"replies":[{"embeddable":true,"href":"https:\/\/www.encontrafeiradesantana.com.br\/sobre\/wp-json\/wp\/v2\/comments?post=2025"}],"version-history":[{"count":0,"href":"https:\/\/www.encontrafeiradesantana.com.br\/sobre\/wp-json\/wp\/v2\/posts\/2025\/revisions"}],"wp:featuredmedia":[{"embeddable":true,"href":"https:\/\/www.encontrafeiradesantana.com.br\/sobre\/wp-json\/wp\/v2\/media\/2024"}],"wp:attachment":[{"href":"https:\/\/www.encontrafeiradesantana.com.br\/sobre\/wp-json\/wp\/v2\/media?parent=2025"}],"wp:term":[{"taxonomy":"category","embeddable":true,"href":"https:\/\/www.encontrafeiradesantana.com.br\/sobre\/wp-json\/wp\/v2\/categories?post=2025"},{"taxonomy":"post_tag","embeddable":true,"href":"https:\/\/www.encontrafeiradesantana.com.br\/sobre\/wp-json\/wp\/v2\/tags?post=2025"}],"curies":[{"name":"wp","href":"https:\/\/api.w.org\/{rel}","templated":true}]}}