{"id":2023,"date":"2026-05-03T03:15:14","date_gmt":"2026-05-03T06:15:14","guid":{"rendered":"https:\/\/www.encontrafeiradesantana.com.br\/sobre\/sefaz-amplia-atendimento-nesta-quinta-30-para-ultimo-dia-de-pagamento-do-iptu-em-cota-unica\/"},"modified":"2026-05-03T03:15:14","modified_gmt":"2026-05-03T06:15:14","slug":"sefaz-amplia-atendimento-nesta-quinta-30-para-ultimo-dia-de-pagamento-do-iptu-em-cota-unica","status":"publish","type":"post","link":"https:\/\/www.encontrafeiradesantana.com.br\/sobre\/sefaz-amplia-atendimento-nesta-quinta-30-para-ultimo-dia-de-pagamento-do-iptu-em-cota-unica\/","title":{"rendered":"Sefaz amplia atendimento nesta quinta (30) para \u00faltimo dia de pagamento do IPTU em cota \u00fanica"},"content":{"rendered":"<div class=\"3f468104ad11f00a3c9ac948316f4265\" data-index=\"1\" style=\"float: none; margin:0px;\">\n<ins class=\"adsbygoogle\"\r\n     style=\"display:block\"\r\n     data-ad-client=\"ca-pub-8585364105181520\"\r\n     data-ad-slot=\"8789329856\"\r\n     data-ad-format=\"auto\"\r\n     data-full-width-responsive=\"true\"><\/ins>\r\n<script>\r\n     (adsbygoogle = window.adsbygoogle || []).push({});\r\n<\/script>\r\n\n<\/div>\n<h2>Hor\u00e1rio Especial de Atendimento da Sefaz<\/h2>\n<p>A Prefeitura de Feira de Santana anuncia que a Secretaria Municipal da Fazenda (Sefaz) estar\u00e1 com um hor\u00e1rio especial nesta quinta-feira, dia 30. O expediente ser\u00e1 das 8h \u00e0s 17h, atendendo os contribuintes de forma cont\u00ednua, sem interrup\u00e7\u00f5es para o almo\u00e7o. Este hor\u00e1rio diferenciado foi estabelecido para proporcionar o atendimento necess\u00e1rio aos cidad\u00e3os que desejam quitar o IPTU (Imposto Predial e Territorial Urbano) referente ao ano de 2026 em cota \u00fanica, aproveitando o desconto oferecido.<\/p>\n<h2>O Que \u00e9 o IPTU em Cota \u00danica?<\/h2>\n<p>O IPTU em cota \u00fanica \u00e9 uma forma de pagamento do imposto que permite ao contribuinte pagar o valor total de uma s\u00f3 vez. Normalmente, essa op\u00e7\u00e3o \u00e9 disponibilizada com um desconto em rela\u00e7\u00e3o ao valor total do imposto. O pagamento em cota \u00fanica \u00e9 uma alternativa muito vantajosa, pois os contribuintes conseguem economizar um valor consider\u00e1vel, al\u00e9m de facilitar a organiza\u00e7\u00e3o financeira.<\/p>\n<h2>Benef\u00edcios do Pagamento em Cota \u00danica<\/h2>\n<p>Optar pelo pagamento do IPTU em cota \u00fanica traz diversos benef\u00edcios aos contribuintes:<\/p>\n<p><img decoding=\"async\" src=\"https:\/\/www.encontrafeiradesantana.com.br\/sobre\/wp-content\/uploads\/2026\/05\/sefaz-amplia-atendimento-nesta-quinta-30-para-ultimo-dia-de-pagamento-do-iptu-em-cota-unica.webp\" alt=\"atendimento Sefaz IPTU cota \u00fanica\" loading=\"lazy\" \/><\/p>\n<ul>\n<li><strong>Desconto:<\/strong> A cidade de Feira de Santana oferece um desconto atrativo que \u00e9 superior ao que muitos munic\u00edpios de grande porte oferecem.<\/li>\n<li><strong>Praticidade:<\/strong> O pagamento em uma \u00fanica vez evita a preocupa\u00e7\u00e3o com parcelas mensais.<\/li>\n<li><strong>Evita Juros e Multas:<\/strong> Ao quitar o imposto em dia, o contribuinte se mant\u00e9m livre de taxas adicionais que poderiam ser aplicadas em caso de atraso.<\/li>\n<li><strong>Facilidade na Gest\u00e3o Financeira:<\/strong> O pagamento \u00fanico facilita o planejamento or\u00e7ament\u00e1rio para o ano.<\/li>\n<\/ul>\n<h2>Desconto Dispon\u00edvel para Contribuintes<\/h2>\n<p>Conforme informado pelo secret\u00e1rio da Fazenda, Expedito Eloy, o desconto oferecido pela Prefeitura \u00e9 significativamente vantajoso. Ele enfatiza que, enquanto a infla\u00e7\u00e3o do ano anterior foi de aproximadamente 5%, o desconto oferecido varia e pode chegar a quatro vezes esse percentual. Este incentivo est\u00e1 dispon\u00edvel para os contribuintes desde 2001, promovendo um al\u00edvio financeiro importante para a popula\u00e7\u00e3o.<\/p>\n<h2>Como Solicitar O Carn\u00ea do IPTU<\/h2>\n<p>Os carn\u00eas do IPTU s\u00e3o entregues diretamente nas resid\u00eancias, facilitando o acesso dos contribuintes. Por\u00e9m, para aqueles que n\u00e3o receberam ou necessitam de segunda via, \u00e9 poss\u00edvel solicitar o carn\u00ea no Centro de Atendimento ao Cidad\u00e3o (Ceaf), que est\u00e1 localizado na Rua Bar\u00e3o do Cotegipe. Outra op\u00e7\u00e3o \u00e9 solicitar atrav\u00e9s do site oficial da Secretaria da Fazenda, onde tamb\u00e9m \u00e9 poss\u00edvel obter informa\u00e7\u00f5es adicionais.<\/p>\n<h2>Alternativas ap\u00f3s o Vencimento do Prazo<\/h2>\n<p>Ap\u00f3s o t\u00e9rmino do prazo para pagamento em cota \u00fanica, os contribuintes ainda t\u00eam a possibilidade de quitar o imposto atrav\u00e9s de um pagamento parcelado. Essa modalidade permite que o valor total seja dividido em presta\u00e7\u00f5es mensais, facilitando o \u00f4nus financeiro. Contudo, \u00e9 importante ressaltar que quaisquer pagamentos realizados ap\u00f3s o vencimento estar\u00e3o sujeitos a multas e juros, o que pode aumentar significativamente o valor final.<\/p>\n<h2>Multas e Juros por Atraso no Pagamento<\/h2>\n<p>\u00c9 fundamental que os contribuintes estejam cientes das penalidades relacionadas ao atraso no pagamento do IPTU. Caso o pagamento n\u00e3o seja efetuado at\u00e9 a data de vencimento, o contribuinte incorrer\u00e1 em multas que podem ser aplicadas sobre o valor devido, al\u00e9m da incid\u00eancia de juros di\u00e1rios. Essas taxas s\u00e3o calculadas de acordo com a legisla\u00e7\u00e3o vigente, podendo impactar negativamente a situa\u00e7\u00e3o financeira do contribuinte.<\/p>\n<h2>Localiza\u00e7\u00e3o do Ceaf para Atendimento<\/h2>\n<p>O Centro de Atendimento ao Cidad\u00e3o (Ceaf) \u00e9 uma importante refer\u00eancia para quem precisa de assist\u00eancia relacionada ao IPTU. Localizado na Rua Bar\u00e3o de Cotegipe, o Ceaf oferece um ambiente prop\u00edcio para que os cidad\u00e3os possam buscar informa\u00e7\u00f5es, solicitar documentos ou esclarecer d\u00favidas sobre o pagamento do imposto. \u00c9 altamente recomend\u00e1vel visitar o local durante o hor\u00e1rio de funcionamento, que \u00e9 uma oportunidade valiosa para obter atendimento personalizado.<\/p>\n<h2>Import\u00e2ncia do IPTU para a Cidade<\/h2>\n<p>O IPTU \u00e9 um tributo essencial para o financiamento de diversas atividades e servi\u00e7os p\u00fablicos na cidade de Feira de Santana. Os recursos arrecadados atrav\u00e9s deste imposto s\u00e3o destinados a \u00e1reas como sa\u00fade, educa\u00e7\u00e3o, infraestrutura e seguran\u00e7a, contribuindo para o desenvolvimento e bem-estar da comunidade. Portanto, o pagamento do IPTU n\u00e3o \u00e9 apenas uma obriga\u00e7\u00e3o fiscal, mas tamb\u00e9m um investimento na melhoria da qualidade de vida de todos os cidad\u00e3os.<\/p>\n<h2>Dicas para o Pagamento do IPTU<\/h2>\n<p>Para facilitar o processo de pagamento do IPTU, seguem algumas dicas \u00fateis:<\/p>\n<ul>\n<li><strong>Organize-se:<\/strong> Anote as datas de vencimento e programe-se para realizar o pagamento com anteced\u00eancia.<\/li>\n<li><strong>Considere o Desconto:<\/strong> Analise a possibilidade de pagar em cota \u00fanica para aproveitar o desconto.<\/li>\n<li><strong>Mantenha Documenta\u00e7\u00e3o em Dia:<\/strong> Guarde todos os comprovantes de pagamento para evitar complica\u00e7\u00f5es futuras.<\/li>\n<li><strong>Utilize Plataformas Online:<\/strong> Verifique a possibilidade de efetuar o pagamento online, que pode ser mais pr\u00e1tico e r\u00e1pido.<\/li>\n<li><strong>Fique Atento \u00e0s Novidades:<\/strong> Acompanhe as publica\u00e7\u00f5es da Secretaria da Fazenda para estar sempre informado sobre novas regras e benef\u00edcios relacionados ao IPTU.<\/li>\n<\/ul>\n\n<div style=\"font-size: 0px; height: 0px; line-height: 0px; margin: 0; padding: 0; clear: both;\"><\/div>","protected":false},"excerpt":{"rendered":"<p>IPTU em cota \u00fanica: saiba como a Sefaz amplia atendimento hoje.<\/p>\n","protected":false},"author":1,"featured_media":2022,"comment_status":"open","ping_status":"closed","sticky":false,"template":"","format":"standard","meta":{"footnotes":""},"categories":[6],"tags":[],"class_list":["post-2023","post","type-post","status-publish","format-standard","has-post-thumbnail","hentry","category-noticias-em-feira-de-santana","has_thumb"],"aioseo_notices":[],"_links":{"self":[{"href":"https:\/\/www.encontrafeiradesantana.com.br\/sobre\/wp-json\/wp\/v2\/posts\/2023","targetHints":{"allow":["GET"]}}],"collection":[{"href":"https:\/\/www.encontrafeiradesantana.com.br\/sobre\/wp-json\/wp\/v2\/posts"}],"about":[{"href":"https:\/\/www.encontrafeiradesantana.com.br\/sobre\/wp-json\/wp\/v2\/types\/post"}],"author":[{"embeddable":true,"href":"https:\/\/www.encontrafeiradesantana.com.br\/sobre\/wp-json\/wp\/v2\/users\/1"}],"replies":[{"embeddable":true,"href":"https:\/\/www.encontrafeiradesantana.com.br\/sobre\/wp-json\/wp\/v2\/comments?post=2023"}],"version-history":[{"count":0,"href":"https:\/\/www.encontrafeiradesantana.com.br\/sobre\/wp-json\/wp\/v2\/posts\/2023\/revisions"}],"wp:featuredmedia":[{"embeddable":true,"href":"https:\/\/www.encontrafeiradesantana.com.br\/sobre\/wp-json\/wp\/v2\/media\/2022"}],"wp:attachment":[{"href":"https:\/\/www.encontrafeiradesantana.com.br\/sobre\/wp-json\/wp\/v2\/media?parent=2023"}],"wp:term":[{"taxonomy":"category","embeddable":true,"href":"https:\/\/www.encontrafeiradesantana.com.br\/sobre\/wp-json\/wp\/v2\/categories?post=2023"},{"taxonomy":"post_tag","embeddable":true,"href":"https:\/\/www.encontrafeiradesantana.com.br\/sobre\/wp-json\/wp\/v2\/tags?post=2023"}],"curies":[{"name":"wp","href":"https:\/\/api.w.org\/{rel}","templated":true}]}}