{"id":2021,"date":"2026-05-02T03:20:02","date_gmt":"2026-05-02T06:20:02","guid":{"rendered":"https:\/\/www.encontrafeiradesantana.com.br\/sobre\/inscricao-para-o-pro\/"},"modified":"2026-05-02T03:20:02","modified_gmt":"2026-05-02T06:20:02","slug":"inscricao-para-o-pro","status":"publish","type":"post","link":"https:\/\/www.encontrafeiradesantana.com.br\/sobre\/inscricao-para-o-pro\/","title":{"rendered":"Inscri\u00e7\u00e3o para o Pr\u00f3"},"content":{"rendered":"<div class=\"3f468104ad11f00a3c9ac948316f4265\" data-index=\"1\" style=\"float: none; margin:0px;\">\n<ins class=\"adsbygoogle\"\r\n     style=\"display:block\"\r\n     data-ad-client=\"ca-pub-8585364105181520\"\r\n     data-ad-slot=\"8789329856\"\r\n     data-ad-format=\"auto\"\r\n     data-full-width-responsive=\"true\"><\/ins>\r\n<script>\r\n     (adsbygoogle = window.adsbygoogle || []).push({});\r\n<\/script>\r\n\n<\/div>\n<h2>O que \u00e9 o Pr\u00f3-Cultura\/Esportes?<\/h2>\n<p>O <strong>Pr\u00f3-Cultura\/Esportes<\/strong> \u00e9 um programa desenvolvido pela Prefeitura Municipal de Feira de Santana que visa apoiar e fomentar projetos nas \u00e1reas culturais e esportivas atrav\u00e9s de ren\u00fancia fiscal. Essa iniciativa permite que os profissionais e entidades do munic\u00edpio atuem em diversas \u00e1reas relacionadas \u00e0 cultura e ao esporte, oferecendo uma oportunidade valiosa de financiamento e visibilidade para suas propostas.<\/p>\n<h2>Quem pode se inscrever no programa?<\/h2>\n<p>Podem se inscrever no Pr\u00f3-Cultura\/Esportes todos os interessados em apresentar projetos referentes a atividades culturais e esportivas. Isso inclui artistas, atletas, organiza\u00e7\u00f5es n\u00e3o governamentais, coletivos culturais e institui\u00e7\u00f5es que buscam implementar iniciativas que beneficiem a popula\u00e7\u00e3o local nas respectivas \u00e1reas.<\/p>\n<h2>Quais tipos de projetos s\u00e3o aceitos?<\/h2>\n<p>Os tipos de projetos aceitos pelo programa abrangem uma ampla gama de categorias, tais como:<\/p>\n<p><img decoding=\"async\" src=\"https:\/\/www.encontrafeiradesantana.com.br\/sobre\/wp-content\/uploads\/2026\/05\/inscricao-para-o-pro.webp\" alt=\"Inscri\u00e7\u00e3o para o Pr\u00f3-Cultura\/Esportes\" loading=\"lazy\" \/><\/p>\n<ul>\n<li><strong>Patrim\u00f4nio Material e Natural<\/strong>: iniciativas que visem proteger e promover o patrim\u00f4nio hist\u00f3rico e ambiental.<\/li>\n<li><strong>Artes C\u00eanicas e M\u00fasica<\/strong>: apresenta\u00e7\u00f5es, festivais e produ\u00e7\u00f5es que fortale\u00e7am a cena cultural.<\/li>\n<li><strong>Livro e Imprensa<\/strong>: projetos relacionados a publica\u00e7\u00f5es e promo\u00e7\u00e3o da leitura.<\/li>\n<li><strong>Artes Visuais e Artesanais<\/strong>: atividades que fomentem a cria\u00e7\u00e3o art\u00edstica e a valoriza\u00e7\u00e3o do artesanato local.<\/li>\n<li><strong>Audiovisual e M\u00eddias Interativas<\/strong>: produ\u00e7\u00f5es que utilizem meios audiovisuais para disseminar conte\u00fados culturais.<\/li>\n<li><strong>Patrim\u00f4nio Imaterial<\/strong>: projetos que preservem e promovam manifesta\u00e7\u00f5es culturais.<\/li>\n<li><strong>Espa\u00e7os Culturais<\/strong>: iniciativas para melhorar e criar espa\u00e7os destinados \u00e0 cultura.<\/li>\n<li><strong>Esporte Amador<\/strong>: a\u00e7\u00f5es que incentivem pr\u00e1ticas esportivas em diversas modalidades.<\/li>\n<\/ul>\n<p>Al\u00e9m disso, projetos voltados para a forma\u00e7\u00e3o de atletas, incluindo congressos, cl\u00ednicas e competi\u00e7\u00f5es em diversos n\u00edveis, tamb\u00e9m s\u00e3o bem-vindos. O foco est\u00e1 em iniciativas que promovam a inclus\u00e3o e a pr\u00e1tica de esportes por crian\u00e7as e adolescentes em situa\u00e7\u00e3o de vulnerabilidade social e pessoas com defici\u00eancia.<\/p>\n<h2>Qual \u00e9 o valor da ren\u00fancia fiscal dispon\u00edvel?<\/h2>\n<p>O montante de ren\u00fancia fiscal dispon\u00edvel para o programa \u00e9 de at\u00e9 R$ 1.167.466,00. Esse valor total \u00e9 dividido igualmente entre os projetos culturais e os esportivos, com 50% destinado a cada categoria. Uma vez que o teto de ren\u00fancia fiscal \u00e9 alcan\u00e7ado, a capta\u00e7\u00e3o de projetos ser\u00e1 encerrada.<\/p>\n<h2>Como funcionam as inscri\u00e7\u00f5es?<\/h2>\n<p>As inscri\u00e7\u00f5es para o Pr\u00f3-Cultura\/Esportes est\u00e3o abertas at\u00e9 o dia 27 de abril de 2026. Os interessados podem acessar os formul\u00e1rios necess\u00e1rios, que est\u00e3o dispon\u00edveis para download no site oficial da Prefeitura de Feira de Santana. Os documentos devem ser preenchidos e entregues no prazo estipulado para que os projetos sejam considerados.<\/p>\n<h2>Quais s\u00e3o os requisitos para participar?<\/h2>\n<p>Para participar do programa, os interessados devem atender a alguns requisitos, que incluem:<\/p>\n<ul>\n<li>Ser residente ou ter sede em Feira de Santana;<\/li>\n<li>Apresentar projetos que estejam alinhados aos objetivos do programa;<\/li>\n<li>Entregar todos os documentos requeridos dentro do prazo estabelecido.<\/li>\n<\/ul>\n<h2>Dicas para elaborar um bom projeto<\/h2>\n<p>Elaborar um projeto vencedor pode ser um desafio, mas algumas dicas podem facilitar esse processo:<\/p>\n<ul>\n<li><strong>Clareza dos Objetivos:<\/strong> Defina claramente quais s\u00e3o os objetivos do seu projeto e como ele se alinha ao programa.<\/li>\n<li><strong>P\u00fablico-Alvo:<\/strong> Identifique o p\u00fablico que ser\u00e1 beneficiado e como sua proposta impactar\u00e1 essa comunidade.<\/li>\n<li><strong>Or\u00e7amento Detalhado:<\/strong> Apresente um or\u00e7amento claro e detalhado, justificando os gastos previstos.<\/li>\n<li><strong>Exequibilidade:<\/strong> Certifique-se de que seu projeto pode ser realizado dentro do prazo e dos recursos dispon\u00edveis.<\/li>\n<li><strong>Monitoramento e Avalia\u00e7\u00e3o:<\/strong> Inclua diretrizes para medir o sucesso do projeto e como ser\u00e3o as avalia\u00e7\u00f5es.<\/li>\n<\/ul>\n<h2>Import\u00e2ncia do apoio \u00e0 cultura e esporte local<\/h2>\n<p>O apoio \u00e0 cultura e ao esporte em Feira de Santana \u00e9 vital para o desenvolvimento social e econ\u00f4mico da cidade. Esses setores promovem o enriquecimento cultural, a inclus\u00e3o social e a forma\u00e7\u00e3o de identidades coletivas, al\u00e9m de estimular o turismo e fortalecer a economia local. Investir na cultura e no esporte \u00e9 garantir um futuro mais promissor para a comunidade.<\/p>\n<h2>O que esperar ap\u00f3s a inscri\u00e7\u00e3o?<\/h2>\n<p>Ap\u00f3s a entrega das inscri\u00e7\u00f5es, os projetos ser\u00e3o avaliados pela comiss\u00e3o respons\u00e1vel. \u00c9 importante que os participantes estejam atentos aos prazos e despesas, assim como poss\u00edveis solicita\u00e7\u00f5es de informa\u00e7\u00f5es adicionais durante o processo de an\u00e1lise. A divulga\u00e7\u00e3o dos resultados ser\u00e1 feita atrav\u00e9s do site da Prefeitura e outros canais de comunica\u00e7\u00e3o.<\/p>\n<h2>Contato para mais informa\u00e7\u00f5es<\/h2>\n<p>Os interessados em saber mais sobre o programa podem entrar em contato diretamente com a Secretaria Municipal de Cultura, Esporte e Lazer, atrav\u00e9s dos meios disponibilizados na p\u00e1gina oficial da Prefeitura de Feira de Santana. A equipe est\u00e1 dispon\u00edvel para esclarecer d\u00favidas e proporcionar orienta\u00e7\u00f5es adicionais sobre o processo de inscri\u00e7\u00e3o e execu\u00e7\u00e3o dos projetos.<\/p>\n\n<div style=\"font-size: 0px; height: 0px; line-height: 0px; margin: 0; padding: 0; clear: both;\"><\/div>","protected":false},"excerpt":{"rendered":"<p>Inscri\u00e7\u00f5es para o Pr\u00f3-Cultura\/Esportes encerram em breve, garanta sua participa\u00e7\u00e3o!<\/p>\n","protected":false},"author":1,"featured_media":2020,"comment_status":"open","ping_status":"closed","sticky":false,"template":"","format":"standard","meta":{"footnotes":""},"categories":[6],"tags":[],"class_list":["post-2021","post","type-post","status-publish","format-standard","has-post-thumbnail","hentry","category-noticias-em-feira-de-santana","has_thumb"],"aioseo_notices":[],"_links":{"self":[{"href":"https:\/\/www.encontrafeiradesantana.com.br\/sobre\/wp-json\/wp\/v2\/posts\/2021","targetHints":{"allow":["GET"]}}],"collection":[{"href":"https:\/\/www.encontrafeiradesantana.com.br\/sobre\/wp-json\/wp\/v2\/posts"}],"about":[{"href":"https:\/\/www.encontrafeiradesantana.com.br\/sobre\/wp-json\/wp\/v2\/types\/post"}],"author":[{"embeddable":true,"href":"https:\/\/www.encontrafeiradesantana.com.br\/sobre\/wp-json\/wp\/v2\/users\/1"}],"replies":[{"embeddable":true,"href":"https:\/\/www.encontrafeiradesantana.com.br\/sobre\/wp-json\/wp\/v2\/comments?post=2021"}],"version-history":[{"count":0,"href":"https:\/\/www.encontrafeiradesantana.com.br\/sobre\/wp-json\/wp\/v2\/posts\/2021\/revisions"}],"wp:featuredmedia":[{"embeddable":true,"href":"https:\/\/www.encontrafeiradesantana.com.br\/sobre\/wp-json\/wp\/v2\/media\/2020"}],"wp:attachment":[{"href":"https:\/\/www.encontrafeiradesantana.com.br\/sobre\/wp-json\/wp\/v2\/media?parent=2021"}],"wp:term":[{"taxonomy":"category","embeddable":true,"href":"https:\/\/www.encontrafeiradesantana.com.br\/sobre\/wp-json\/wp\/v2\/categories?post=2021"},{"taxonomy":"post_tag","embeddable":true,"href":"https:\/\/www.encontrafeiradesantana.com.br\/sobre\/wp-json\/wp\/v2\/tags?post=2021"}],"curies":[{"name":"wp","href":"https:\/\/api.w.org\/{rel}","templated":true}]}}