{"id":2006,"date":"2026-04-29T03:31:05","date_gmt":"2026-04-29T06:31:05","guid":{"rendered":"https:\/\/www.encontrafeiradesantana.com.br\/sobre\/primeira-lavagem-da-fraga-maia-reune-familias-e-celebra-cultura-popular-em-feira-de-santana\/"},"modified":"2026-04-29T03:31:05","modified_gmt":"2026-04-29T06:31:05","slug":"primeira-lavagem-da-fraga-maia-reune-familias-e-celebra-cultura-popular-em-feira-de-santana","status":"publish","type":"post","link":"https:\/\/www.encontrafeiradesantana.com.br\/sobre\/primeira-lavagem-da-fraga-maia-reune-familias-e-celebra-cultura-popular-em-feira-de-santana\/","title":{"rendered":"Primeira Lavagem da Fraga Maia re\u00fane fam\u00edlias e celebra cultura popular em Feira de Santana"},"content":{"rendered":"<div class=\"3f468104ad11f00a3c9ac948316f4265\" data-index=\"1\" style=\"float: none; margin:0px;\">\n<ins class=\"adsbygoogle\"\r\n     style=\"display:block\"\r\n     data-ad-client=\"ca-pub-8585364105181520\"\r\n     data-ad-slot=\"8789329856\"\r\n     data-ad-format=\"auto\"\r\n     data-full-width-responsive=\"true\"><\/ins>\r\n<script>\r\n     (adsbygoogle = window.adsbygoogle || []).push({});\r\n<\/script>\r\n\n<\/div>\n<h2>Uma Tarde de Alegria e M\u00fasica<\/h2>\n<p>No \u00faltimo domingo, dia 26 de abril de 2026, a cidade de Feira de Santana foi palco da <strong>Primeira Lavagem da Fraga Maia<\/strong>, um evento vibrante que atraiu fam\u00edlias, m\u00fasicos e organizadores, criando uma atmosfera animada e festiva. A iniciativa foi uma verdadeira celebra\u00e7\u00e3o da cultura local, permitindo que a comunidade se reunisse para desfrutar de uma tarde repleta de m\u00fasica, dan\u00e7a e alegria.<\/p>\n<h2>A Cultura Popular em Cena<\/h2>\n<p>O evento trouxe \u00e0 tona as tradi\u00e7\u00f5es caracteristicas das <strong>lavagens<\/strong> t\u00edpicas do interior da Bahia, trasladando esse clima festivo para uma das vias mais trai\u00e7oeiras da cidade. Com uma programa\u00e7\u00e3o que buscava atender a todos os grupos et\u00e1rios, a Lavagem da Fraga Maia se prop\u00f4s a ser um evento inclusivo, promovendo tanto entretenimento quanto intera\u00e7\u00e3o social entre os presentes.<\/p>\n<h2>Participa\u00e7\u00e3o das Fam\u00edlias<\/h2>\n<p>O p\u00fablico presente no evento era variado, com uma significativa participa\u00e7\u00e3o de fam\u00edlias. A atmosfera engajante e coesa fez com que tanto adultos quanto crian\u00e7as aproveitassem as atividades, criando mem\u00f3rias em um ambiente seguro e acolhedor. Muitas crian\u00e7as acompanhadas de seus familiares, puderam desfrutar da programa\u00e7\u00e3o cultural e das tradi\u00e7\u00f5es presentes, fortalecendo la\u00e7os e a conviv\u00eancia familiar durante o evento.<\/p>\n<p><img decoding=\"async\" src=\"https:\/\/www.encontrafeiradesantana.com.br\/sobre\/wp-content\/uploads\/2026\/04\/primeira-lavagem-da-fraga-maia-reune-familias-e-celebra-cultura-popular-em-feira-de-santana.webp\" alt=\"Lavagem da Fraga Maia\" loading=\"lazy\" \/><\/p>\n<h2>Expectativas dos M\u00fasicos<\/h2>\n<p>O m\u00fasico Ant\u00f4nio Carlos compartilhou suas expectativas em rela\u00e7\u00e3o \u00e0 estreia do evento e ressaltou a oportunidade de apresentar seu trabalho ao vivo. Ele expressou que a atmosfera foi de grande expectativa e otimismo, considerando que a Lavagem era um meio de mostrar seu empenho e criatividade. &#8220;A expectativa \u00e9 sempre alta. Temos trabalhado bastante e esta \u00e9 uma oportunidade \u00f3tima para trazer alegria e anima\u00e7\u00e3o atrav\u00e9s da nossa m\u00fasica&#8221;, comentou.<\/p>\n<h2>A Iniciativa e seu Impacto Social<\/h2>\n<p>A Lavagem da Fraga Maia n\u00e3o apenas enfatizou a import\u00e2ncia da m\u00fasica, mas tamb\u00e9m abordou a tem\u00e1tica da socializa\u00e7\u00e3o e do engajamento comunit\u00e1rio. A participa\u00e7\u00e3o ativa do p\u00fablico, que interagiu com os m\u00fasicos e aproveitou o carro-pipa que espalhava \u00e1gua pelas ruas, foi um reflexo do esp\u00edrito descontra\u00eddo e festivo que permeou o evento. O uso de m\u00fasica animada e o conceito de &#8220;baranga da alegria&#8221; serviram para promover um sentido de divers\u00e3o e coletividade numa tarde ensolarada.<\/p>\n<h2>Integra\u00e7\u00e3o e Divers\u00e3o nas Ruas<\/h2>\n<p>A din\u00e2mica de intera\u00e7\u00e3o nas ruas, possibilitada pelo carro-pipa, foi um dos pontos altos da Lavagem. A presen\u00e7a de figuras populares, como os m\u00fasicos que se apresentaram, fez com que a festa se tornasse uma express\u00e3o vibrante da cultura baiana. A proposta id\u00f4nea era proporcionar um momento de lazer entre amigos e fam\u00edlias, um tempo para deixar de lado as preocupa\u00e7\u00f5es cotidianas e se entregar \u00e0 divers\u00e3o e \u00e0 descontra\u00e7\u00e3o.<\/p>\n<h2>O Papel do Poder P\u00fablico<\/h2>\n<p>Cristiano L\u00f4bo, o secret\u00e1rio de Cultura, Esporte e Lazer, enfatizou a proposta familiar do evento. Ele ressaltou a import\u00e2ncia de eventos que promovem integra\u00e7\u00e3o social e destacam a cultura local. &#8220;Essa \u00e9 uma oportunidade de lazer para todas as idades, e buscamos fortalecer as tradi\u00e7\u00f5es culturais de Feira de Santana&#8221;, destacou ele, evidenciando o apoio do poder p\u00fablico na realiza\u00e7\u00e3o de tais iniciativas que trazem benef\u00edcios \u00e0 popula\u00e7\u00e3o.<\/p>\n<h2>Resgate de Tradi\u00e7\u00f5es Culturais<\/h2>\n<p>O vereador Galeguinho, uma das mentes criativas por tr\u00e1s da Lavagem, tamb\u00e9m enfatizou o objetivo central do evento: resgatar tradi\u00e7\u00f5es locais e fazer com que a festividade se entrasse no calend\u00e1rio cultural da cidade. &#8220;Queremos reavivar as tradi\u00e7\u00f5es de nossos antigos carnavais e fazer com que todos, incluindo crian\u00e7as e fam\u00edlias, voltem a ocupar as ruas e participar dessa festa&#8221;, disse ele. A inten\u00e7\u00e3o \u00e9 que a Lavagem da Fraga Maia se torne um evento anual, enraizando-se na cultura local.<\/p>\n<h2>Depoimentos dos Participantes<\/h2>\n<p>Os visitantes e moradores que participaram da Lavagem tamb\u00e9m deixaram suas impress\u00f5es sobre o evento. Lara, uma empres\u00e1ria que estava presente, n\u00e3o escondeu sua satisfa\u00e7\u00e3o. &#8220;\u00c9 minha primeira vez aqui e estou me divertindo muito. A organiza\u00e7\u00e3o est\u00e1 excelente e a anima\u00e7\u00e3o \u00e9 contagiante. \u00c9 como estar em um carnaval fora de \u00e9poca, uma experi\u00eancia realmente maravilhosa&#8221;, comentou. Seu entusiasmo foi compartilhado por muitos outros que participaram, refor\u00e7ando a natureza coletiva da celebra\u00e7\u00e3o.<\/p>\n<h2>Futuro da Lavagem da Fraga Maia<\/h2>\n<p>A Lavagem da Fraga Maia, com seu sucesso inicial, promete um futuro promissor. A sua ades\u00e3o significativa da popula\u00e7\u00e3o e o clima de festa indicam que h\u00e1 potencial para se firmar como uma celebra\u00e7\u00e3o tradicional na programa\u00e7\u00e3o cultural de Feira de Santana. As fam\u00edlias, m\u00fasicos e organizadores esperam que o evento continue crescendo e enriquecendo a cena cultural da cidade nos anos vindouros.<\/p>\n\n<div style=\"font-size: 0px; height: 0px; line-height: 0px; margin: 0; padding: 0; clear: both;\"><\/div>","protected":false},"excerpt":{"rendered":"<p>Lavagem da Fraga Maia traz alegria e tradi\u00e7\u00e3o \u00e0 Feira de Santana.<\/p>\n","protected":false},"author":1,"featured_media":2005,"comment_status":"open","ping_status":"closed","sticky":false,"template":"","format":"standard","meta":{"footnotes":""},"categories":[6],"tags":[],"class_list":["post-2006","post","type-post","status-publish","format-standard","has-post-thumbnail","hentry","category-noticias-em-feira-de-santana","has_thumb"],"aioseo_notices":[],"_links":{"self":[{"href":"https:\/\/www.encontrafeiradesantana.com.br\/sobre\/wp-json\/wp\/v2\/posts\/2006","targetHints":{"allow":["GET"]}}],"collection":[{"href":"https:\/\/www.encontrafeiradesantana.com.br\/sobre\/wp-json\/wp\/v2\/posts"}],"about":[{"href":"https:\/\/www.encontrafeiradesantana.com.br\/sobre\/wp-json\/wp\/v2\/types\/post"}],"author":[{"embeddable":true,"href":"https:\/\/www.encontrafeiradesantana.com.br\/sobre\/wp-json\/wp\/v2\/users\/1"}],"replies":[{"embeddable":true,"href":"https:\/\/www.encontrafeiradesantana.com.br\/sobre\/wp-json\/wp\/v2\/comments?post=2006"}],"version-history":[{"count":0,"href":"https:\/\/www.encontrafeiradesantana.com.br\/sobre\/wp-json\/wp\/v2\/posts\/2006\/revisions"}],"wp:featuredmedia":[{"embeddable":true,"href":"https:\/\/www.encontrafeiradesantana.com.br\/sobre\/wp-json\/wp\/v2\/media\/2005"}],"wp:attachment":[{"href":"https:\/\/www.encontrafeiradesantana.com.br\/sobre\/wp-json\/wp\/v2\/media?parent=2006"}],"wp:term":[{"taxonomy":"category","embeddable":true,"href":"https:\/\/www.encontrafeiradesantana.com.br\/sobre\/wp-json\/wp\/v2\/categories?post=2006"},{"taxonomy":"post_tag","embeddable":true,"href":"https:\/\/www.encontrafeiradesantana.com.br\/sobre\/wp-json\/wp\/v2\/tags?post=2006"}],"curies":[{"name":"wp","href":"https:\/\/api.w.org\/{rel}","templated":true}]}}