{"id":2004,"date":"2026-04-29T03:29:24","date_gmt":"2026-04-29T06:29:24","guid":{"rendered":"https:\/\/www.encontrafeiradesantana.com.br\/sobre\/prefeitura-convoca-aprovados-em-concurso-para-nomeacao\/"},"modified":"2026-04-29T03:29:24","modified_gmt":"2026-04-29T06:29:24","slug":"prefeitura-convoca-aprovados-em-concurso-para-nomeacao","status":"publish","type":"post","link":"https:\/\/www.encontrafeiradesantana.com.br\/sobre\/prefeitura-convoca-aprovados-em-concurso-para-nomeacao\/","title":{"rendered":"Prefeitura convoca aprovados em concurso para nomea\u00e7\u00e3o"},"content":{"rendered":"<div class=\"3f468104ad11f00a3c9ac948316f4265\" data-index=\"1\" style=\"float: none; margin:0px;\">\n<ins class=\"adsbygoogle\"\r\n     style=\"display:block\"\r\n     data-ad-client=\"ca-pub-8585364105181520\"\r\n     data-ad-slot=\"8789329856\"\r\n     data-ad-format=\"auto\"\r\n     data-full-width-responsive=\"true\"><\/ins>\r\n<script>\r\n     (adsbygoogle = window.adsbygoogle || []).push({});\r\n<\/script>\r\n\n<\/div>\n<h2>Quem Foram Os Convocados?<\/h2>\n<p>Um total de aproximadamente 80 candidatos que foram aprovados no concurso realizado pela Prefeitura de Feira de Santana em 2024, o qual teve sua homologa\u00e7\u00e3o no ano de 2025, receberam a convoca\u00e7\u00e3o para apresentar a documenta\u00e7\u00e3o necess\u00e1ria para a formaliza\u00e7\u00e3o da admiss\u00e3o ao servi\u00e7o p\u00fablico municipal.<\/p>\n<h2>Documenta\u00e7\u00e3o Necess\u00e1ria Para a Nomea\u00e7\u00e3o<\/h2>\n<p>Os candidatos convocados precisam apresentar uma s\u00e9rie de documentos para prosseguir com o processo de nomea\u00e7\u00e3o. Isso inclui:<\/p>\n<ul>\n<li>Documentos de identidade e CPF;<\/li>\n<li>Comprovante de escolaridade;<\/li>\n<li>Exames m\u00e9dicos conforme solicitado;<\/li>\n<li>Certid\u00e3o de antecedentes criminais;<\/li>\n<li>Comprovante de regularidade com a Justi\u00e7a Eleitoral.<\/li>\n<\/ul>\n<p>Al\u00e9m disso, c\u00f3pias desses documentos tamb\u00e9m devem ser entregues junto aos originais.<\/p>\n<p><img decoding=\"async\" src=\"https:\/\/www.encontrafeiradesantana.com.br\/sobre\/wp-content\/uploads\/2026\/04\/prefeitura-convoca-aprovados-em-concurso-para-nomeacao.webp\" alt=\"Prefeitura convoca aprovados em concurso\" loading=\"lazy\" \/><\/p>\n<h2>Data Limite Para Entrega de Documentos<\/h2>\n<p>Os convocados t\u00eam at\u00e9 o dia 27 de maio para entregar os documentos exigidos. A entrega deve ser realizada pessoalmente no Departamento de Gest\u00e3o de Pessoas da Secretaria de Administra\u00e7\u00e3o, localizada na Avenida Sampaio, 344, no Centro.<\/p>\n<h2>Processo de Inspe\u00e7\u00e3o M\u00e9dica<\/h2>\n<p>Ap\u00f3s a entrega da documenta\u00e7\u00e3o, ser\u00e1 agendada uma inspe\u00e7\u00e3o m\u00e9dica para cada candidato. Esta inspe\u00e7\u00e3o \u00e9 um passo fundamental para a confirma\u00e7\u00e3o da aptid\u00e3o ao cargo e ser\u00e1 realizada em ordem de comparecimento, respeitando um prazo de 30 dias a partir da data da publica\u00e7\u00e3o do edital de convoca\u00e7\u00e3o.<\/p>\n<h2>Consequ\u00eancias do N\u00e3o Comparecimento<\/h2>\n<p>\u00c9 importante ressaltar que, caso algum candidato n\u00e3o compare\u00e7a dentro do prazo estipulado ou n\u00e3o apresente a documenta\u00e7\u00e3o necess\u00e1ria, ele perder\u00e1 o direito \u00e0 sua nomea\u00e7\u00e3o e \u00e0 possibilidade de ingressar no servi\u00e7o p\u00fablico municipal.<\/p>\n<h2>Cargos Dispon\u00edveis na Convoca\u00e7\u00e3o<\/h2>\n<p>Os aprovados convocados devem se adequar a diversas fun\u00e7\u00f5es dispon\u00edveis, incluindo:<\/p>\n<ul>\n<li>Administrador;<\/li>\n<li>Enfermeiro;<\/li>\n<li>Psic\u00f3logo;<\/li>\n<li>T\u00e9cnico em Enfermagem;<\/li>\n<li>Engenheiro de Seguran\u00e7a do Trabalho;<\/li>\n<li>Entre outros cargos permanentes.<\/li>\n<\/ul>\n<h2>Onde Entregar os Documentos<\/h2>\n<p>Os documentos devem ser entregues na seguinte localiza\u00e7\u00e3o:<\/p>\n<p><strong>Departamento de Gest\u00e3o de Pessoas<\/strong><br \/>\n    Secretar\u00eda de Administra\u00e7\u00e3o<br \/>\n    Avenida Sampaio, 344, Centro, Feira de Santana, BA.<\/p>\n<h2>Agendamento da Inspe\u00e7\u00e3o M\u00e9dica<\/h2>\n<p>O processo de agendamento da inspe\u00e7\u00e3o m\u00e9dica ser\u00e1 feito de forma organizada. As datas ser\u00e3o comunicadas aos candidatos na sequ\u00eancia da entrega de documentos, assegurando que todos tenham a sua vez respeitando o ordenamento estabelecido.<\/p>\n<h2>Informa\u00e7\u00f5es Adicionais Sobre os Candidatos<\/h2>\n<p>Os respons\u00e1veis pela convoca\u00e7\u00e3o informaram que uma lista completa com as orienta\u00e7\u00f5es e documentos particulares para cada cargo foi disponibilizada na \u00faltima edi\u00e7\u00e3o do <a href=\"http:\/\/www.diariooficial.feiradesantana.ba.gov.br\">Di\u00e1rio Oficial da Prefeitura<\/a>, publicado no s\u00e1bado (25). \u00c9 fundamental que os candidatos consultem esta lista para atender a todos os requisitos especificamente exigidos para suas respectivas fun\u00e7\u00f5es.<\/p>\n<h2>Fontes e Links \u00dateis<\/h2>\n<p>Para mais informa\u00e7\u00f5es, os candidatos podem visitar:<\/p>\n<ul>\n<li><a href=\"http:\/\/www.diariooficial.feiradesantana.ba.gov.br\">Di\u00e1rio Oficial de Feira de Santana<\/a> &#8211; onde a lista de convocados e detalhes sobre a documenta\u00e7\u00e3o foram publicados.<\/li>\n<li><a href=\"https:\/\/www.feiradesantana.ba.gov.br\/secom\/servico.asp?id=1&#038;s=a&#038;link=seadm\/servicos_portal.asp\">Servi\u00e7os da Prefeitura<\/a><\/li>\n<li><a href=\"https:\/\/www.feiradesantana.ba.gov.br\/secom\/vermaisnoticias.asp?id=4\">Not\u00edcias do Munic\u00edpio<\/a><\/li>\n<\/ul>\n\n<div style=\"font-size: 0px; height: 0px; line-height: 0px; margin: 0; padding: 0; clear: both;\"><\/div>","protected":false},"excerpt":{"rendered":"<p>Prefeitura convoca aprovados em concurso. Conhe\u00e7a os detalhes e datas importantes.<\/p>\n","protected":false},"author":1,"featured_media":2003,"comment_status":"open","ping_status":"closed","sticky":false,"template":"","format":"standard","meta":{"footnotes":""},"categories":[6],"tags":[],"class_list":["post-2004","post","type-post","status-publish","format-standard","has-post-thumbnail","hentry","category-noticias-em-feira-de-santana","has_thumb"],"aioseo_notices":[],"_links":{"self":[{"href":"https:\/\/www.encontrafeiradesantana.com.br\/sobre\/wp-json\/wp\/v2\/posts\/2004","targetHints":{"allow":["GET"]}}],"collection":[{"href":"https:\/\/www.encontrafeiradesantana.com.br\/sobre\/wp-json\/wp\/v2\/posts"}],"about":[{"href":"https:\/\/www.encontrafeiradesantana.com.br\/sobre\/wp-json\/wp\/v2\/types\/post"}],"author":[{"embeddable":true,"href":"https:\/\/www.encontrafeiradesantana.com.br\/sobre\/wp-json\/wp\/v2\/users\/1"}],"replies":[{"embeddable":true,"href":"https:\/\/www.encontrafeiradesantana.com.br\/sobre\/wp-json\/wp\/v2\/comments?post=2004"}],"version-history":[{"count":0,"href":"https:\/\/www.encontrafeiradesantana.com.br\/sobre\/wp-json\/wp\/v2\/posts\/2004\/revisions"}],"wp:featuredmedia":[{"embeddable":true,"href":"https:\/\/www.encontrafeiradesantana.com.br\/sobre\/wp-json\/wp\/v2\/media\/2003"}],"wp:attachment":[{"href":"https:\/\/www.encontrafeiradesantana.com.br\/sobre\/wp-json\/wp\/v2\/media?parent=2004"}],"wp:term":[{"taxonomy":"category","embeddable":true,"href":"https:\/\/www.encontrafeiradesantana.com.br\/sobre\/wp-json\/wp\/v2\/categories?post=2004"},{"taxonomy":"post_tag","embeddable":true,"href":"https:\/\/www.encontrafeiradesantana.com.br\/sobre\/wp-json\/wp\/v2\/tags?post=2004"}],"curies":[{"name":"wp","href":"https:\/\/api.w.org\/{rel}","templated":true}]}}