{"id":2002,"date":"2026-04-28T03:30:53","date_gmt":"2026-04-28T06:30:53","guid":{"rendered":"https:\/\/www.encontrafeiradesantana.com.br\/sobre\/casa-do-trabalhador-realiza-mutirao-com-vagas-de-estagio-e-jovem-aprendiz\/"},"modified":"2026-04-28T03:30:53","modified_gmt":"2026-04-28T06:30:53","slug":"casa-do-trabalhador-realiza-mutirao-com-vagas-de-estagio-e-jovem-aprendiz","status":"publish","type":"post","link":"https:\/\/www.encontrafeiradesantana.com.br\/sobre\/casa-do-trabalhador-realiza-mutirao-com-vagas-de-estagio-e-jovem-aprendiz\/","title":{"rendered":"Casa do Trabalhador realiza mutir\u00e3o com vagas de est\u00e1gio e Jovem Aprendiz"},"content":{"rendered":"<div class=\"3f468104ad11f00a3c9ac948316f4265\" data-index=\"1\" style=\"float: none; margin:0px;\">\n<ins class=\"adsbygoogle\"\r\n     style=\"display:block\"\r\n     data-ad-client=\"ca-pub-8585364105181520\"\r\n     data-ad-slot=\"8789329856\"\r\n     data-ad-format=\"auto\"\r\n     data-full-width-responsive=\"true\"><\/ins>\r\n<script>\r\n     (adsbygoogle = window.adsbygoogle || []).push({});\r\n<\/script>\r\n\n<\/div>\n<h2>Objetivos do Mutir\u00e3o da Casa do Trabalhador<\/h2>\n<p>A Casa do Trabalhador, uma iniciativa da Prefeitura Municipal de Feira de Santana, organiza um mutir\u00e3o com a inten\u00e7\u00e3o de facilitar a inser\u00e7\u00e3o de jovens no mercado de trabalho. Este evento, programado para ser realizado na quarta-feira (29), tem como meta principal a promo\u00e7\u00e3o de oportunidades de est\u00e1gio e para o programa Jovem Aprendiz. Este tipo de iniciativa \u00e9 essencial para garantir que os jovens possam se conectar a suas primeiras experi\u00eancias profissionais, onde podem desenvolver habilidades fundamentais e come\u00e7ar a construir suas trajet\u00f3rias de carreira.<\/p>\n<h2>Inscri\u00e7\u00f5es e Local do Evento<\/h2>\n<p>Os interessados em participar do mutir\u00e3o devem se inscrever diretamente na sede da Casa do Trabalhador. O atendimento para as inscri\u00e7\u00f5es ser\u00e1 feito das 8h30 \u00e0s 12h, permitindo que os jovens reservem um tempo para garantir sua participa\u00e7\u00e3o. O centro de atendimento \u00e9 um ponto estrat\u00e9gico para que os jovens estudantes de diferentes n\u00edveis de escolaridade possam buscar informa\u00e7\u00f5es e concretizar suas inscri\u00e7\u00f5es para as diversas vagas dispon\u00edveis.<\/p>\n<h2>Vagas de Est\u00e1gio Dispon\u00edveis<\/h2>\n<p>Para esta edi\u00e7\u00e3o do mutir\u00e3o, s\u00e3o oferecidas v\u00e1rias oportunidades de est\u00e1gio em diferentes \u00e1reas, adequadas para candidatos que est\u00e3o cursando o ensino m\u00e9dio, t\u00e9cnico ou superior. As op\u00e7\u00f5es incluem:<\/p>\n<p><img decoding=\"async\" src=\"https:\/\/www.encontrafeiradesantana.com.br\/sobre\/wp-content\/uploads\/2026\/04\/casa-do-trabalhador-realiza-mutirao-com-vagas-de-estagio-e-jovem-aprendiz.webp\" alt=\"vagas de est\u00e1gio e jovem aprendiz\" loading=\"lazy\" \/><\/p>\n<ul>\n<li><strong>Administra\u00e7\u00e3o:<\/strong> 1 vaga para estudantes de Administra\u00e7\u00e3o, Economia ou \u00e1reas correlatas, com bolsa de R$700,00.<\/li>\n<li><strong>Marketing:<\/strong> 1 vaga para aqueles que estudam Marketing, oferecendo uma bolsa de R$1.000,00, focada em promo\u00e7\u00e3o de loja e edi\u00e7\u00e3o de m\u00eddia.<\/li>\n<li><strong>Atendimento:<\/strong> 5 vagas para alunos do ensino m\u00e9dio, a partir de 16 anos, com bolsa de R$800,00.<\/li>\n<li><strong>Comercial:<\/strong> 1 vaga para estudantes de Administra\u00e7\u00e3o (t\u00e9cnico ou superior), tamb\u00e9m com valores de bolsa similares.<\/li>\n<\/ul>\n<p>Todas as vagas contam com o benef\u00edcio de aux\u00edlio-transporte, que \u00e9 um incentivo importante para os estagi\u00e1rios, assegurando que possam se locomover at\u00e9 o local de trabalho sem preocupa\u00e7\u00f5es financeiras adicionais.<\/p>\n<h2>Bolsa e Benef\u00edcios para Estagi\u00e1rios<\/h2>\n<p>As bolsas oferecidas durante o mutir\u00e3o s\u00e3o uma maneira eficiente de incentivar os jovens a adquirirem experi\u00eancia no mercado de trabalho. Al\u00e9m do valor financeiro, a inclus\u00e3o no ambiente profissional proporciona n\u00e3o apenas experi\u00eancia pr\u00e1tica, mas tamb\u00e9m a oportunidade de desenvolver habilidades pessoais e compet\u00eancias espec\u00edficas que ser\u00e3o valiosas para o futuro. Essas experi\u00eancias pr\u00e1ticas podem incluir:<\/p>\n<ul>\n<li>Desenvolvimento de habilidades interpessoais e de trabalho em equipe.<\/li>\n<li>Viv\u00eancia em um ambiente corporativo, o que ajuda na adapta\u00e7\u00e3o futura ao mundo profissional.<\/li>\n<li>Acesso a treinamentos e capacita\u00e7\u00f5es proporcionadas pela empresa contratante.<\/li>\n<\/ul>\n<h2>O que \u00e9 o Programa Jovem Aprendiz?<\/h2>\n<p>O programa Jovem Aprendiz \u00e9 uma iniciativa que busca inserir jovens no mercado de trabalho, oferecendo uma forma\u00e7\u00e3o pr\u00e1tica e te\u00f3rica que complementa a educa\u00e7\u00e3o formal. Os participantes t\u00eam a oportunidade de adquirir conhecimentos pr\u00e1ticos enquanto ainda est\u00e3o em fase de aprendizagem. O programa \u00e9 voltado para jovens entre 18 e 22 anos, com jornada de trabalho de 4 horas di\u00e1rias durante a semana. Essa carga hor\u00e1ria foi pensada para que os jovens consigam conciliar trabalho e educa\u00e7\u00e3o, sem comprometer seus estudos.<\/p>\n<h2>Vagas Espec\u00edficas para Jovem Aprendiz<\/h2>\n<p>No mutir\u00e3o, s\u00e3o disponibilizadas 6 vagas destinadas ao programa Jovem Aprendiz, englobando as fun\u00e7\u00f5es de Opera\u00e7\u00f5es Especiais e Auxiliar de Limpeza. As oportunidades permitem que os jovens adquiram experi\u00eancia em atividades pr\u00e1ticas e operacionais, contribuindo, ao mesmo tempo, para a manuten\u00e7\u00e3o e organiza\u00e7\u00e3o de espa\u00e7os p\u00fablicos. As especifica\u00e7\u00f5es s\u00e3o:<\/p>\n<ul>\n<li><strong>Opera\u00e7\u00f5es Especiais:<\/strong> 3 vagas que envolvem atividades diversificadas.<\/li>\n<li><strong>Auxiliar de Limpeza:<\/strong> 3 vagas centradas na limpeza e organiza\u00e7\u00e3o de espa\u00e7os coletivos.<\/li>\n<\/ul>\n<h2>Import\u00e2ncia da Experi\u00eancia Profissional<\/h2>\n<p>Para os jovens, a experi\u00eancia profissional representa um marco essencial na constru\u00e7\u00e3o de suas trajet\u00f3rias. A inser\u00e7\u00e3o no mercado n\u00e3o s\u00f3 facilita a aquisi\u00e7\u00e3o de habilidades pr\u00e1ticas, mas tamb\u00e9m proporciona uma vis\u00e3o clara do que se espera em um ambiente corporativo. A viv\u00eancia pr\u00e1tica ajuda a desenvolver:<\/p>\n<ul>\n<li>Senso de responsabilidade e compromisso.<\/li>\n<li>Capacidade de lidar com desafios e resolver problemas em tempo real.<\/li>\n<li>Habilidade para se comunicar efetivamente com colegas e superiores.<\/li>\n<\/ul>\n<p>Esses aspectos s\u00e3o fundamentais para o crescimento pessoal e profissional dos jovens, preparando-os para enfrentar futuros desafios no ambiente de trabalho.<\/p>\n<h2>Como o Mutir\u00e3o Ajuda na Inser\u00e7\u00e3o no Mercado<\/h2>\n<p>O mutir\u00e3o da Casa do Trabalhador \u00e9 uma plataforma que atua como conector entre jovens e oportunidades de emprego. Facilita o est\u00e1gio e o aprendizado pr\u00e1tico em empresas locais, fortalecendo la\u00e7os entre a educa\u00e7\u00e3o formal e o mercado de trabalho. Al\u00e9m disso, ao proporcionar uma ampla gama de vagas, o evento:<\/p>\n<ul>\n<li>Amplia as possibilidade de escolha dos jovens, permitindo que encontrem vagas que estejam alinhadas com seus interesses e habilidades.<\/li>\n<li>Representa uma chance de os jovens se destacarem em processos seletivos, j\u00e1 que participam de atividades que enriquecem seus curr\u00edculos.<\/li>\n<li>Contribui para a redu\u00e7\u00e3o do desemprego juvenil na cidade, um tema de grande relev\u00e2ncia na atualidade.<\/li>\n<\/ul>\n<h2>Dicas para se Destacar nas Inscri\u00e7\u00f5es<\/h2>\n<p>Para garantir que um candidato se destaque durante o processo de sele\u00e7\u00e3o, algumas dicas podem ser muito \u00fateis:<\/p>\n<ul>\n<li><strong>Prepare um Curr\u00edculo Atraente:<\/strong> Um curr\u00edculo deve ser claro, objetivo e destacar suas habilidades relevantes e experi\u00eancias pr\u00e9vias, mesmo que sejam limitadas.<\/li>\n<li><strong>Mostre Interesse:<\/strong> Ao se inscrever, demonstre entusiasmo pela vaga e a disposi\u00e7\u00e3o para aprender e contribuir.<\/li>\n<li><strong>Pesquise sobre a Empresa:<\/strong> Ter conhecimento sobre a empresa pode ajudar a responder perguntas com mais confian\u00e7a e seguran\u00e7a.<\/li>\n<li><strong>Treine para Entrevistas:<\/strong> Pratique respostas para perguntas comuns em entrevistas e esteja preparado para relatar suas experi\u00eancias anteriores, mesmo que n\u00e3o sejam profissionais.<\/li>\n<\/ul>\n<h2>Depoimentos de Jovens Que Participaram<\/h2>\n<p>V\u00e1rios jovens que j\u00e1 participaram do mutir\u00e3o expressam opini\u00f5es positivas sobre a experi\u00eancia. Depoimentos destacam como a participa\u00e7\u00e3o nas atividades foi transformadora:<\/p>\n<ul>\n<li><strong>&#8220;A experi\u00eancia que adquiri durante o est\u00e1gio me ajudou a ter mais confian\u00e7a. Hoje, me sinto preparado para os desafios do mercado!&#8221;<\/strong><\/li>\n<li><strong>&#8220;Foi incr\u00edvel trabalhar em equipe e ver como as coisas funcionam na pr\u00e1tica. A bolsa que recebi ajudou tamb\u00e9m com meus estudos.&#8221;<\/strong><\/li>\n<li><strong>&#8220;O mutir\u00e3o foi o primeiro passo para minha carreira. N\u00e3o s\u00f3 encontrei um emprego, mas tamb\u00e9m conheci pessoas que foram fundamentais na minha jornada.&#8221;<\/strong><\/li>\n<\/ul>\n\n<div style=\"font-size: 0px; height: 0px; line-height: 0px; margin: 0; padding: 0; clear: both;\"><\/div>","protected":false},"excerpt":{"rendered":"<p>Casa do Trabalhador oferece oportunidades de est\u00e1gio e Jovem Aprendiz para jovens em Feira de Santana.<\/p>\n","protected":false},"author":1,"featured_media":2001,"comment_status":"open","ping_status":"closed","sticky":false,"template":"","format":"standard","meta":{"footnotes":""},"categories":[6],"tags":[],"class_list":["post-2002","post","type-post","status-publish","format-standard","has-post-thumbnail","hentry","category-noticias-em-feira-de-santana","has_thumb"],"aioseo_notices":[],"_links":{"self":[{"href":"https:\/\/www.encontrafeiradesantana.com.br\/sobre\/wp-json\/wp\/v2\/posts\/2002","targetHints":{"allow":["GET"]}}],"collection":[{"href":"https:\/\/www.encontrafeiradesantana.com.br\/sobre\/wp-json\/wp\/v2\/posts"}],"about":[{"href":"https:\/\/www.encontrafeiradesantana.com.br\/sobre\/wp-json\/wp\/v2\/types\/post"}],"author":[{"embeddable":true,"href":"https:\/\/www.encontrafeiradesantana.com.br\/sobre\/wp-json\/wp\/v2\/users\/1"}],"replies":[{"embeddable":true,"href":"https:\/\/www.encontrafeiradesantana.com.br\/sobre\/wp-json\/wp\/v2\/comments?post=2002"}],"version-history":[{"count":0,"href":"https:\/\/www.encontrafeiradesantana.com.br\/sobre\/wp-json\/wp\/v2\/posts\/2002\/revisions"}],"wp:featuredmedia":[{"embeddable":true,"href":"https:\/\/www.encontrafeiradesantana.com.br\/sobre\/wp-json\/wp\/v2\/media\/2001"}],"wp:attachment":[{"href":"https:\/\/www.encontrafeiradesantana.com.br\/sobre\/wp-json\/wp\/v2\/media?parent=2002"}],"wp:term":[{"taxonomy":"category","embeddable":true,"href":"https:\/\/www.encontrafeiradesantana.com.br\/sobre\/wp-json\/wp\/v2\/categories?post=2002"},{"taxonomy":"post_tag","embeddable":true,"href":"https:\/\/www.encontrafeiradesantana.com.br\/sobre\/wp-json\/wp\/v2\/tags?post=2002"}],"curies":[{"name":"wp","href":"https:\/\/api.w.org\/{rel}","templated":true}]}}