{"id":1996,"date":"2026-04-27T03:16:46","date_gmt":"2026-04-27T06:16:46","guid":{"rendered":"https:\/\/www.encontrafeiradesantana.com.br\/sobre\/prefeitura-mobiliza-frota-e-inicia-entrega-de-sementes-nos-oito-distritos-nesta-quarta\/"},"modified":"2026-04-27T03:16:46","modified_gmt":"2026-04-27T06:16:46","slug":"prefeitura-mobiliza-frota-e-inicia-entrega-de-sementes-nos-oito-distritos-nesta-quarta","status":"publish","type":"post","link":"https:\/\/www.encontrafeiradesantana.com.br\/sobre\/prefeitura-mobiliza-frota-e-inicia-entrega-de-sementes-nos-oito-distritos-nesta-quarta\/","title":{"rendered":"Prefeitura mobiliza frota e inicia entrega de sementes nos oito distritos nesta quarta"},"content":{"rendered":"<div class=\"3f468104ad11f00a3c9ac948316f4265\" data-index=\"1\" style=\"float: none; margin:0px;\">\n<ins class=\"adsbygoogle\"\r\n     style=\"display:block\"\r\n     data-ad-client=\"ca-pub-8585364105181520\"\r\n     data-ad-slot=\"8789329856\"\r\n     data-ad-format=\"auto\"\r\n     data-full-width-responsive=\"true\"><\/ins>\r\n<script>\r\n     (adsbygoogle = window.adsbygoogle || []).push({});\r\n<\/script>\r\n\n<\/div>\n<h2>A Mobiliza\u00e7\u00e3o da Frota da Prefeitura<\/h2>\n<p>No dia 1\u00ba de mar\u00e7o de 2026, a Prefeitura de Feira de Santana promoveu uma significativa mobiliza\u00e7\u00e3o, destinando uma frota de caminh\u00f5es para a entrega de sementes. Esta iniciativa visa atender o p\u00fablico rural, especialmente em um momento prop\u00edcio com as chuvas na regi\u00e3o. A log\u00edstica foi coordenada pela Secretaria de Agricultura, Recursos H\u00eddricos e Desenvolvimento Rural, conhecida como Seagri.<\/p>\n<h2>Objetivos da Entrega de Sementes<\/h2>\n<p>O principal objetivo dessa a\u00e7\u00e3o \u00e9 garantir que as 125 associa\u00e7\u00f5es rurais cadastradas sejam abastecidas com um total de 102 toneladas de sementes de milho e feij\u00e3o. Este movimento \u00e9 um desdobramento do lan\u00e7amento feito pelo prefeito Jos\u00e9 Ronaldo, que busca maximizar a produ\u00e7\u00e3o agr\u00edcola durante a esta\u00e7\u00e3o das chuvas, facilitando o abastecimento e a produtividade dos agricultores locais.<\/p>\n<h2>Log\u00edstica da Distribui\u00e7\u00e3o nas Comunidades<\/h2>\n<p>A opera\u00e7\u00e3o log\u00edstica da entrega foi cuidadosamente planejada para evitar qualquer tipo de atraso que pudesse comprometer o calend\u00e1rio agr\u00edcola. O secret\u00e1rio da Seagri, Silvaney Ara\u00fajo, destacou a import\u00e2ncia do acompanhamento de cada caminh\u00e3o, garantindo que as sementes chegassem em seguran\u00e7a. A a\u00e7\u00e3o est\u00e1 programada para ser conclu\u00edda at\u00e9 o final da semana, permitindo que as associa\u00e7\u00f5es comecem a entregar as sementes aos 15 mil agricultores atendidos.<\/p>\n<p><img decoding=\"async\" src=\"https:\/\/www.encontrafeiradesantana.com.br\/sobre\/wp-content\/uploads\/2026\/04\/prefeitura-mobiliza-frota-e-inicia-entrega-de-sementes-nos-oito-distritos-nesta-quarta.webp\" alt=\"prefeitura mobiliza frota e inicia entrega de sementes\" loading=\"lazy\" \/><\/p>\n<h2>A Import\u00e2ncia das Sementes de Milho e Feij\u00e3o<\/h2>\n<p>Dentre as 102 toneladas de sementes, 72 toneladas s\u00e3o de feij\u00e3o e 30 toneladas de milho. A escolha desses insumos \u00e9 estrat\u00e9gica, pois ambos s\u00e3o fundamentais na dieta local e na economia familiar. As sementes foram adquiridas com total investimento do Tesouro Municipal e passaram por rigorosos testes de qualidade, o que assegura um alto \u00edndice de produtividade para os agricultores.<\/p>\n<h2>O Papel da Secretaria de Agricultura<\/h2>\n<p>A Secretaria de Agricultura est\u00e1 em um papel de destaque neste processo. Al\u00e9m da entrega das sementes, a Seagri tamb\u00e9m coordena as equipes respons\u00e1veis pela log\u00edstica e assegura que todas as etapas do processo sejam seguidas conforme planejado. O comprometimento com a efici\u00eancia \u00e9 um dos pilares dessa a\u00e7\u00e3o, refletindo-nos no bem-estar dos agricultores.<\/p>\n<h2>Prepara\u00e7\u00e3o do Solo para o Plantio<\/h2>\n<p>Al\u00e9m da entrega das sementes, a Prefeitura mant\u00e9m uma for\u00e7a-tarefa destinada \u00e0 prepara\u00e7\u00e3o do solo. Tratores est\u00e3o em a\u00e7\u00e3o na zona rural, come\u00e7ando pelo distrito de Humildes, com o objetivo de arar as terras e preparar o terreno para o plantio. Essa a\u00e7\u00e3o \u00e9 crucial para assegurar que os agricultores tenham as melhores condi\u00e7\u00f5es de cultivar suas lavouras.<\/p>\n<h2>Expectativas dos Agricultores e Comunidades<\/h2>\n<p>As comunidades recepcionaram a entrega com grande expectativa. Karla dos Santos, que preside a Associa\u00e7\u00e3o Rural dos moradores de Olhos d&#8217;\u00c1gua, expressou os sentimentos da comunidade. Para ela, receber as sementes nesse momento, com as terras \u00famidas pela chuva, simboliza uma chance real de uma colheita abundante. Esse momento \u00e9 aguardado anualmente pelos agricultores que dependem dessa produ\u00e7\u00e3o para sua subsist\u00eancia.<\/p>\n<h2>Qualidade das Sementes e Testes Rigorosos<\/h2>\n<p>Um dos aspectos mais importantes dessa entrega \u00e9 a qualidade das sementes. Todas as variedades fornecidas foram submetidas a testes rigorosos que garantem a sua viabilidade e germina\u00e7\u00e3o, assegurando assim um alto potencial de produtividade. Esse cuidado \u00e9 fundamental, pois influencia diretamente no sucesso das lavouras das fam\u00edlias que dependem da agricultura familiar.<\/p>\n<h2>Tratores em A\u00e7\u00e3o: Suporte na Aragem de Terras<\/h2>\n<p>Os tratores s\u00e3o um complemento eficaz \u00e0 entrega das sementes. A a\u00e7\u00e3o de aragem do solo, coordenada pela Prefeitura, est\u00e1 alinhada com o fornecimento dos insumos, visando proporcionar ao agricultor as condi\u00e7\u00f5es ideais para iniciar o plantio. Essas medidas refletem um compromisso cont\u00ednuo com o fortalecimento da agricultura local.<\/p>\n<h2>A A\u00e7\u00e3o Cont\u00ednua da Prefeitura para o Campo<\/h2>\n<p>Com iniciativas como essa, a Prefeitura de Feira de Santana reafirma o seu compromisso de apoiar a produ\u00e7\u00e3o rural e melhorar a vida das comunidades que dependem da agricultura. A distribui\u00e7\u00e3o gratuita de sementes e o suporte com tratores para a prepara\u00e7\u00e3o do solo s\u00e3o parte de um rol de a\u00e7\u00f5es que visam n\u00e3o apenas a assist\u00eancia imediata, mas o fortalecimento da agricultura familiar a longo prazo.<\/p>\n\n<div style=\"font-size: 0px; height: 0px; line-height: 0px; margin: 0; padding: 0; clear: both;\"><\/div>","protected":false},"excerpt":{"rendered":"<p>Prefeitura inicia entrega de sementes nos distritos para agricultores locais.<\/p>\n","protected":false},"author":1,"featured_media":1995,"comment_status":"open","ping_status":"closed","sticky":false,"template":"","format":"standard","meta":{"footnotes":""},"categories":[6],"tags":[],"class_list":["post-1996","post","type-post","status-publish","format-standard","has-post-thumbnail","hentry","category-noticias-em-feira-de-santana","has_thumb"],"aioseo_notices":[],"_links":{"self":[{"href":"https:\/\/www.encontrafeiradesantana.com.br\/sobre\/wp-json\/wp\/v2\/posts\/1996","targetHints":{"allow":["GET"]}}],"collection":[{"href":"https:\/\/www.encontrafeiradesantana.com.br\/sobre\/wp-json\/wp\/v2\/posts"}],"about":[{"href":"https:\/\/www.encontrafeiradesantana.com.br\/sobre\/wp-json\/wp\/v2\/types\/post"}],"author":[{"embeddable":true,"href":"https:\/\/www.encontrafeiradesantana.com.br\/sobre\/wp-json\/wp\/v2\/users\/1"}],"replies":[{"embeddable":true,"href":"https:\/\/www.encontrafeiradesantana.com.br\/sobre\/wp-json\/wp\/v2\/comments?post=1996"}],"version-history":[{"count":0,"href":"https:\/\/www.encontrafeiradesantana.com.br\/sobre\/wp-json\/wp\/v2\/posts\/1996\/revisions"}],"wp:featuredmedia":[{"embeddable":true,"href":"https:\/\/www.encontrafeiradesantana.com.br\/sobre\/wp-json\/wp\/v2\/media\/1995"}],"wp:attachment":[{"href":"https:\/\/www.encontrafeiradesantana.com.br\/sobre\/wp-json\/wp\/v2\/media?parent=1996"}],"wp:term":[{"taxonomy":"category","embeddable":true,"href":"https:\/\/www.encontrafeiradesantana.com.br\/sobre\/wp-json\/wp\/v2\/categories?post=1996"},{"taxonomy":"post_tag","embeddable":true,"href":"https:\/\/www.encontrafeiradesantana.com.br\/sobre\/wp-json\/wp\/v2\/tags?post=1996"}],"curies":[{"name":"wp","href":"https:\/\/api.w.org\/{rel}","templated":true}]}}