{"id":1994,"date":"2026-04-27T03:15:45","date_gmt":"2026-04-27T06:15:45","guid":{"rendered":"https:\/\/www.encontrafeiradesantana.com.br\/sobre\/centenas-de-pessoas-sao-atendidas-no-projeto-feira-em-acao-em-jaiba\/"},"modified":"2026-04-27T03:15:45","modified_gmt":"2026-04-27T06:15:45","slug":"centenas-de-pessoas-sao-atendidas-no-projeto-feira-em-acao-em-jaiba","status":"publish","type":"post","link":"https:\/\/www.encontrafeiradesantana.com.br\/sobre\/centenas-de-pessoas-sao-atendidas-no-projeto-feira-em-acao-em-jaiba\/","title":{"rendered":"Centenas de pessoas s\u00e3o atendidas no Projeto Feira em A\u00e7\u00e3o, em Ja\u00edba"},"content":{"rendered":"<div class=\"3f468104ad11f00a3c9ac948316f4265\" data-index=\"1\" style=\"float: none; margin:0px;\">\n<ins class=\"adsbygoogle\"\r\n     style=\"display:block\"\r\n     data-ad-client=\"ca-pub-8585364105181520\"\r\n     data-ad-slot=\"8789329856\"\r\n     data-ad-format=\"auto\"\r\n     data-full-width-responsive=\"true\"><\/ins>\r\n<script>\r\n     (adsbygoogle = window.adsbygoogle || []).push({});\r\n<\/script>\r\n\n<\/div>\n<h2>O que \u00e9 o Projeto Feira em A\u00e7\u00e3o?<\/h2>\n<p>O <strong>Projeto Feira em A\u00e7\u00e3o<\/strong> tem como prop\u00f3sito prim\u00e1rio facilitar o acesso da popula\u00e7\u00e3o aos servi\u00e7os p\u00fablicos, especialmente em \u00e1reas distantes como os distritos. O evento surge como uma solu\u00e7\u00e3o significativa para garantir que os moradores alcan\u00e7am servi\u00e7os b\u00e1sicos de qualidade e agilidade, proporcionando ao mesmo tempo uma oportunidade de intera\u00e7\u00e3o e inclus\u00e3o social. A iniciativa \u00e9 uma resposta \u00e0s necessidades locais, buscando atender diversas demandas da comunidade.<\/p>\n<h2>Servi\u00e7os Oferecidos na \u00daltima Edi\u00e7\u00e3o<\/h2>\n<p>Na oitava e \u00faltima edi\u00e7\u00e3o desta fase do projeto, realizada no distrito de Ja\u00edba, houve uma grande mobiliza\u00e7\u00e3o que atraiu centenas de participantes. Entre os servi\u00e7os oferecidos estavam:<\/p>\n<ul>\n<li><strong>Sa\u00fade:<\/strong> A secretaria de Sa\u00fade disponibilizou consultas m\u00e9dicas realizadas por cl\u00ednicos gerais e pediatras, alocou unidades para a vacina\u00e7\u00e3o de crian\u00e7as e adultos, e proporcionou a aferi\u00e7\u00e3o de press\u00e3o arterial e medi\u00e7\u00e3o de glicemia. Al\u00e9m disso, a vacina\u00e7\u00e3o de animais contra a raiva tamb\u00e9m foi uma das ofertas durante o evento.<\/li>\n<li><strong>Desenvolvimento Social:<\/strong> A equipe da Sedeso participou ativamente, atualizando cadastros do Cad\u00danico, que \u00e9 fundamental para o acesso a programas sociais federais. Eles tamb\u00e9m promoveram cortes de cabelo e maquiagem, oferecendo turbantes coloridos, ajudando a elevar a autoestima das participantes.<\/li>\n<li><strong>Agricultura e Servi\u00e7os P\u00fablicos:<\/strong> Estas secretarias tamb\u00e9m marcaram presen\u00e7a, atendendo diversas demandas da popula\u00e7\u00e3o local com enfoque nos seus direitos e necessidades. O Procon, por exemplo, forneceu orienta\u00e7\u00f5es sobre os direitos do consumidor.<\/li>\n<\/ul>\n<h2>Depoimentos de Moradores Beneficiados<\/h2>\n<p>A satisfa\u00e7\u00e3o da comunidade foi amplamente ressaltada por moradores que usufru\u00edram dos servi\u00e7os oferecidos. Camila dos Santos, uma dona de casa que esteve presente, comentou: &#8220;O atendimento facilitou muito a nossa vida&#8221;, referindo-se ao acesso melhorado aos servi\u00e7os de sa\u00fade, j\u00e1 que levou seus filhos para duas an\u00e1lises de glicemia.<\/p>\n<p><img decoding=\"async\" src=\"https:\/\/www.encontrafeiradesantana.com.br\/sobre\/wp-content\/uploads\/2026\/04\/centenas-de-pessoas-sao-atendidas-no-projeto-feira-em-acao-em-jaiba.webp\" alt=\"Projeto Feira em A\u00e7\u00e3o\" loading=\"lazy\" \/><\/p>\n<h2>O Papel das Secretarias no Projeto<\/h2>\n<p>As secretarias desempenharam pap\u00e9is cruciais no andamento do Projeto Feira em A\u00e7\u00e3o. N\u00e3o s\u00f3 contribu\u00edram com a disponibiliza\u00e7\u00e3o de servi\u00e7os, mas tamb\u00e9m colaboraram na organiza\u00e7\u00e3o e execu\u00e7\u00e3o do evento. A uni\u00e3o de esfor\u00e7os entre as diversas secretarias garante que cada edi\u00e7\u00e3o do projeto atenda a uma gama variada de necessidades da comunidade, respeitando suas particularidades e urg\u00eancias.<\/p>\n<h2>Resultados Satisfat\u00f3rios da Iniciativa<\/h2>\n<p>Os frutos dessa primeira etapa do projeto foram considerados extremamente positivos. O prefeito Jos\u00e9 Ronaldo de Carvalho expressou sua satisfa\u00e7\u00e3o e comentou que a mobiliza\u00e7\u00e3o da equipe e o n\u00famero de atendimentos superaram as expectativas. O projeto conseguiu aproximar os servi\u00e7os p\u00fablicos dos moradores, especialmente aqueles que residem na zona rural, garantindo e facilitando o atendimento a essa popula\u00e7\u00e3o carente.<\/p>\n<h2>A Inclus\u00e3o de Bairros na Pr\u00f3xima Edi\u00e7\u00e3o<\/h2>\n<p>O prefeito destacou ainda que a pr\u00f3xima rodada do projeto trar\u00e1 novidades significativas, como a inclus\u00e3o de bairros na programa\u00e7\u00e3o. Isso ir\u00e1 expandir o alcance do projeto, permitindo que mais pessoas tenham acesso aos servi\u00e7os. O projeto continuar\u00e1 a ser realizado de forma alternada aos finais de semana, proporcionando uma regularidade que ser\u00e1 ben\u00e9fica para todos.<\/p>\n<h2>Hist\u00f3rias de Supera\u00e7\u00e3o atrav\u00e9s do Projeto<\/h2>\n<p>Al\u00e9m dos servi\u00e7os prestados, o Projeto Feira em A\u00e7\u00e3o se tornou um espa\u00e7o de hist\u00f3rias de supera\u00e7\u00e3o e transforma\u00e7\u00e3o. Muitas pessoas relataram como a inclus\u00e3o social e os servi\u00e7os de sa\u00fade conquistados impactaram diretamente suas vidas. Depoimentos sobre a melhora na sa\u00fade, acesso a programas sociais e a valoriza\u00e7\u00e3o da autoestima foram recorrentes durante o evento.<\/p>\n<h2>A Continuidade do Atendimento em Ja\u00edba<\/h2>\n<p>A iniciativa ter\u00e1 continuidade, com um sistema de rod\u00edzio entre os diversos distritos. O primeiro a retomar os atendimentos ser\u00e1 Maria Quit\u00e9ria, que j\u00e1 recebeu os servi\u00e7os anteriormente. Isso demonstra a preocupa\u00e7\u00e3o da gest\u00e3o em n\u00e3o apenas cumprir com as promessas, mas tamb\u00e9m em manter uma rela\u00e7\u00e3o de proximidade com a popula\u00e7\u00e3o.<\/p>\n<h2>Desafios Enfrentados pelo Projeto<\/h2>\n<p>Apesar do sucesso, o projeto ainda enfrenta certos desafios. Um dos principais \u00e9 a necessidade de garantir que todos os servi\u00e7os sejam oferecidos de maneira integrada e eficiente. A log\u00edstica de atendimento em \u00e1reas mais distantes tamb\u00e9m representa um desafio log\u00edstico importante que a administra\u00e7\u00e3o estar\u00e1 buscando superar nas pr\u00f3ximas edi\u00e7\u00f5es.<\/p>\n<h2>Futuro do Projeto Feira em A\u00e7\u00e3o<\/h2>\n<p>O futuro do Projeto Feira em A\u00e7\u00e3o \u00e9 promissor. Com a inova\u00e7\u00e3o da inclus\u00e3o de bairros no atendimento e a continuidade dos servi\u00e7os, o projeto ir\u00e1 se consolidar como uma refer\u00eancia de inclus\u00e3o e efici\u00eancia. A gest\u00e3o municipal segue firme no compromisso de proporcionar servi\u00e7os que impactem positivamente a vida da popula\u00e7\u00e3o, com o objetivo de construir uma comunidade mais justa e acess\u00edvel a todos.<\/p>\n\n<div style=\"font-size: 0px; height: 0px; line-height: 0px; margin: 0; padding: 0; clear: both;\"><\/div>","protected":false},"excerpt":{"rendered":"<p>Descubra como o Projeto Feira em A\u00e7\u00e3o est\u00e1 transformando vidas em Ja\u00edba.<\/p>\n","protected":false},"author":1,"featured_media":1993,"comment_status":"open","ping_status":"closed","sticky":false,"template":"","format":"standard","meta":{"footnotes":""},"categories":[6],"tags":[],"class_list":["post-1994","post","type-post","status-publish","format-standard","has-post-thumbnail","hentry","category-noticias-em-feira-de-santana","has_thumb"],"aioseo_notices":[],"_links":{"self":[{"href":"https:\/\/www.encontrafeiradesantana.com.br\/sobre\/wp-json\/wp\/v2\/posts\/1994","targetHints":{"allow":["GET"]}}],"collection":[{"href":"https:\/\/www.encontrafeiradesantana.com.br\/sobre\/wp-json\/wp\/v2\/posts"}],"about":[{"href":"https:\/\/www.encontrafeiradesantana.com.br\/sobre\/wp-json\/wp\/v2\/types\/post"}],"author":[{"embeddable":true,"href":"https:\/\/www.encontrafeiradesantana.com.br\/sobre\/wp-json\/wp\/v2\/users\/1"}],"replies":[{"embeddable":true,"href":"https:\/\/www.encontrafeiradesantana.com.br\/sobre\/wp-json\/wp\/v2\/comments?post=1994"}],"version-history":[{"count":0,"href":"https:\/\/www.encontrafeiradesantana.com.br\/sobre\/wp-json\/wp\/v2\/posts\/1994\/revisions"}],"wp:featuredmedia":[{"embeddable":true,"href":"https:\/\/www.encontrafeiradesantana.com.br\/sobre\/wp-json\/wp\/v2\/media\/1993"}],"wp:attachment":[{"href":"https:\/\/www.encontrafeiradesantana.com.br\/sobre\/wp-json\/wp\/v2\/media?parent=1994"}],"wp:term":[{"taxonomy":"category","embeddable":true,"href":"https:\/\/www.encontrafeiradesantana.com.br\/sobre\/wp-json\/wp\/v2\/categories?post=1994"},{"taxonomy":"post_tag","embeddable":true,"href":"https:\/\/www.encontrafeiradesantana.com.br\/sobre\/wp-json\/wp\/v2\/tags?post=1994"}],"curies":[{"name":"wp","href":"https:\/\/api.w.org\/{rel}","templated":true}]}}