{"id":1992,"date":"2026-04-27T03:14:43","date_gmt":"2026-04-27T06:14:43","guid":{"rendered":"https:\/\/www.encontrafeiradesantana.com.br\/sobre\/todos-compromissos-serao-cumpridos-disse-jose-ronaldo-no-programa-de-silverio-silva\/"},"modified":"2026-04-27T03:14:43","modified_gmt":"2026-04-27T06:14:43","slug":"todos-compromissos-serao-cumpridos-disse-jose-ronaldo-no-programa-de-silverio-silva","status":"publish","type":"post","link":"https:\/\/www.encontrafeiradesantana.com.br\/sobre\/todos-compromissos-serao-cumpridos-disse-jose-ronaldo-no-programa-de-silverio-silva\/","title":{"rendered":"Todos compromissos ser\u00e3o cumpridos, disse Jos\u00e9 Ronaldo no Programa de Silv\u00e9rio Silva"},"content":{"rendered":"<div class=\"3f468104ad11f00a3c9ac948316f4265\" data-index=\"1\" style=\"float: none; margin:0px;\">\n<ins class=\"adsbygoogle\"\r\n     style=\"display:block\"\r\n     data-ad-client=\"ca-pub-8585364105181520\"\r\n     data-ad-slot=\"8789329856\"\r\n     data-ad-format=\"auto\"\r\n     data-full-width-responsive=\"true\"><\/ins>\r\n<script>\r\n     (adsbygoogle = window.adsbygoogle || []).push({});\r\n<\/script>\r\n\n<\/div>\n<h2>Compromissos Assumidos e Cumpridos<\/h2>\n<p>O prefeito Jos\u00e9 Ronaldo de Carvalho, durante uma entrevista ao radialista Silv\u00e9rio Silva, reafirmou seu compromisso em honrar todas as promessas feitas \u00e0 popula\u00e7\u00e3o de Feira de Santana. Ele enfatizou que \u00e9 fundamental cumprir cada um dos compromissos firmados com os cidad\u00e3os, demonstrando responsabilidade e empenho na gest\u00e3o.<\/p>\n<h2>O Ano de Ajustes: Proje\u00e7\u00f5es de 2025<\/h2>\n<p>O ano de 2025 foi destacado por Jos\u00e9 Ronaldo como um per\u00edodo de preparativos e ajustes. Essas medidas visam garantir que o munic\u00edpio esteja em condi\u00e7\u00f5es favor\u00e1veis para a realiza\u00e7\u00e3o de grandes obras na cidade. O prefeito afirmou que ao final de seu mandato, Feira de Santana estar\u00e1 em uma situa\u00e7\u00e3o estrutural significativamente melhorada.<\/p>\n<h2>Infraestrutura da Cidade: Obras e Melhorias<\/h2>\n<p>Durante a sua participa\u00e7\u00e3o no programa, o prefeito abordou diversas obras que est\u00e3o sendo realizadas e planejadas. Entre elas, est\u00e1 a constru\u00e7\u00e3o de um novo hospital municipal, que visa melhorar a qualidade da sa\u00fade p\u00fablica. A pavimenta\u00e7\u00e3o de ruas e a otimiza\u00e7\u00e3o da coleta de lixo tamb\u00e9m foram pontos discutidos. O prefeito expressou sua preocupa\u00e7\u00e3o com o descarte inadequado de res\u00edduos pelos moradores, solicitando a colabora\u00e7\u00e3o de todos para manter a cidade limpa.<\/p>\n<p><img decoding=\"async\" src=\"https:\/\/www.encontrafeiradesantana.com.br\/sobre\/wp-content\/uploads\/2026\/04\/todos-compromissos-serao-cumpridos-disse-jose-ronaldo-no-programa-de-silverio-silva.webp\" alt=\"compromissos cumpridos\" loading=\"lazy\" \/><\/p>\n<h2>Perguntas dos Ouvintes: Transpar\u00eancia na Gest\u00e3o<\/h2>\n<p>O ambiente da entrevista foi leve e descontra\u00eddo, permitindo que ouvintes interagissem com Jos\u00e9 Ronaldo. Este espa\u00e7o foi considerado uma forma eficaz de presta\u00e7\u00e3o de contas \u00e0 popula\u00e7\u00e3o, onde ele teve a oportunidade de responder a perguntas diretas sobre a administra\u00e7\u00e3o da cidade. A transpar\u00eancia nas a\u00e7\u00f5es do governo \u00e9 um compromisso importante do prefeito, que busca engajar os cidad\u00e3os nas discuss\u00f5es sobre as melhorias a serem implementadas.<\/p>\n<h2>Novo Hospital Municipal: Avan\u00e7os e Desafios<\/h2>\n<p>Um dos pontos altos da entrevista foi a men\u00e7\u00e3o ao avan\u00e7o da constru\u00e7\u00e3o do novo hospital municipal. O prefeito detalhou como este projeto \u00e9 essencial para a popula\u00e7\u00e3o, trazendo mais efici\u00eancia nos servi\u00e7os de sa\u00fade. Apesar dos desafios enfrentados, a expectativa \u00e9 que as obras cumpram seu cronograma e tragam resultados positivos na \u00e1rea da sa\u00fade.<\/p>\n<h2>Pavimenta\u00e7\u00e3o e Coleta de Lixo: Melhorando a Vida Urbana<\/h2>\n<p>A pavimenta\u00e7\u00e3o de vias urbanas \u00e9 uma prioridade na gest\u00e3o atual. Jos\u00e9 Ronaldo mencionou que est\u00e3o sendo implementadas diversas obras para melhorar a infraestrutura vi\u00e1ria da cidade. Al\u00e9m disso, a coleta de lixo \u00e9 um aspecto que tamb\u00e9m recebeu aten\u00e7\u00e3o, com a prefeitura buscando solu\u00e7\u00f5es para tornar o servi\u00e7o mais eficiente e atender melhor \u00e0 popula\u00e7\u00e3o. <\/p>\n<h2>Saneamento e Urbaniza\u00e7\u00e3o: Transforma\u00e7\u00f5es Necess\u00e1rias<\/h2>\n<p>O saneamento das \u00e1guas pluviais, especialmente nas regi\u00f5es das Bara\u00fanas e Campo Limpo, foi um tema abordado com \u00eanfase. O prefeito revelou que obras j\u00e1 est\u00e3o em andamento para resolver os problemas de alagamentos nessas \u00e1reas. Al\u00e9m disso, mencionou iniciativas de urbaniza\u00e7\u00e3o que visam transformar diversos pontos da cidade, como a revitaliza\u00e7\u00e3o de lagoas e pra\u00e7as p\u00fablicas.<\/p>\n<h2>Festejos Juninos: An\u00fancios e Atra\u00e7\u00f5es<\/h2>\n<p>Jos\u00e9 Ronaldo tamb\u00e9m comentou sobre os preparativos para os festejos juninos, que s\u00e3o uma tradi\u00e7\u00e3o importante na cidade. Ele informou que as principais atra\u00e7\u00f5es ser\u00e3o reveladas no dia 29 deste m\u00eas e falou sobre a realiza\u00e7\u00e3o de festas em v\u00e1rios distritos, como Maria Quit\u00e9ria, Tiquaru\u00e7u, Jaguara, Ja\u00edba, Bomfim de Feira e Humildes, promovendo a cultura e a festividade entre os cidad\u00e3os.<\/p>\n<h2>Equipamentos para Atendimento das Demandas Locais<\/h2>\n<p>O prefeito anunciou que a prefeitura est\u00e1 adquirindo novas m\u00e1quinas para melhorar a manuten\u00e7\u00e3o das ruas e avenidas, facilitando a remo\u00e7\u00e3o de ervas daninhas. Essa iniciativa visa agilizar os servi\u00e7os de limpeza urbana e deslocar a for\u00e7a de trabalho para as comunidades, aumentando a efici\u00eancia nas a\u00e7\u00f5es de sa\u00fade urbana.<\/p>\n<h2>Estilo Direto: A Comunica\u00e7\u00e3o de Jos\u00e9 Ronaldo<\/h2>\n<p>Com seu estilo direto e objetivo, Jos\u00e9 Ronaldo demonstrou abertura e disposi\u00e7\u00e3o para se comunicar com a popula\u00e7\u00e3o. Ele destacou a import\u00e2ncia de estar pr\u00f3ximo dos cidad\u00e3os, ouvindo suas reivindica\u00e7\u00f5es e apresentando informa\u00e7\u00f5es claras sobre os avan\u00e7os e desafios encontrados na administra\u00e7\u00e3o municipal. Este di\u00e1logo \u00e9 essencial para fortalecer a rela\u00e7\u00e3o entre a gest\u00e3o e a comunidade.<\/p>\n\n<div style=\"font-size: 0px; height: 0px; line-height: 0px; margin: 0; padding: 0; clear: both;\"><\/div>","protected":false},"excerpt":{"rendered":"<p>Jos\u00e9 Ronaldo reafirma compromissos cumpridos em entrevista ao r\u00e1dio.<\/p>\n","protected":false},"author":1,"featured_media":1991,"comment_status":"open","ping_status":"closed","sticky":false,"template":"","format":"standard","meta":{"footnotes":""},"categories":[6],"tags":[],"class_list":["post-1992","post","type-post","status-publish","format-standard","has-post-thumbnail","hentry","category-noticias-em-feira-de-santana","has_thumb"],"aioseo_notices":[],"_links":{"self":[{"href":"https:\/\/www.encontrafeiradesantana.com.br\/sobre\/wp-json\/wp\/v2\/posts\/1992","targetHints":{"allow":["GET"]}}],"collection":[{"href":"https:\/\/www.encontrafeiradesantana.com.br\/sobre\/wp-json\/wp\/v2\/posts"}],"about":[{"href":"https:\/\/www.encontrafeiradesantana.com.br\/sobre\/wp-json\/wp\/v2\/types\/post"}],"author":[{"embeddable":true,"href":"https:\/\/www.encontrafeiradesantana.com.br\/sobre\/wp-json\/wp\/v2\/users\/1"}],"replies":[{"embeddable":true,"href":"https:\/\/www.encontrafeiradesantana.com.br\/sobre\/wp-json\/wp\/v2\/comments?post=1992"}],"version-history":[{"count":0,"href":"https:\/\/www.encontrafeiradesantana.com.br\/sobre\/wp-json\/wp\/v2\/posts\/1992\/revisions"}],"wp:featuredmedia":[{"embeddable":true,"href":"https:\/\/www.encontrafeiradesantana.com.br\/sobre\/wp-json\/wp\/v2\/media\/1991"}],"wp:attachment":[{"href":"https:\/\/www.encontrafeiradesantana.com.br\/sobre\/wp-json\/wp\/v2\/media?parent=1992"}],"wp:term":[{"taxonomy":"category","embeddable":true,"href":"https:\/\/www.encontrafeiradesantana.com.br\/sobre\/wp-json\/wp\/v2\/categories?post=1992"},{"taxonomy":"post_tag","embeddable":true,"href":"https:\/\/www.encontrafeiradesantana.com.br\/sobre\/wp-json\/wp\/v2\/tags?post=1992"}],"curies":[{"name":"wp","href":"https:\/\/api.w.org\/{rel}","templated":true}]}}