{"id":1990,"date":"2026-04-26T03:16:31","date_gmt":"2026-04-26T06:16:31","guid":{"rendered":"https:\/\/www.encontrafeiradesantana.com.br\/sobre\/placo-apresenta-a-prefeitura-projeto-de-expansao-com-investimento-de-r-450-milhoes-e-nova-estrutura-industrial\/"},"modified":"2026-04-26T03:16:31","modified_gmt":"2026-04-26T06:16:31","slug":"placo-apresenta-a-prefeitura-projeto-de-expansao-com-investimento-de-r-450-milhoes-e-nova-estrutura-industrial","status":"publish","type":"post","link":"https:\/\/www.encontrafeiradesantana.com.br\/sobre\/placo-apresenta-a-prefeitura-projeto-de-expansao-com-investimento-de-r-450-milhoes-e-nova-estrutura-industrial\/","title":{"rendered":"Placo apresenta \u00e0 Prefeitura projeto de expans\u00e3o com investimento de R$ 450 milh\u00f5es e nova estrutura industrial"},"content":{"rendered":"<div class=\"3f468104ad11f00a3c9ac948316f4265\" data-index=\"1\" style=\"float: none; margin:0px;\">\n<ins class=\"adsbygoogle\"\r\n     style=\"display:block\"\r\n     data-ad-client=\"ca-pub-8585364105181520\"\r\n     data-ad-slot=\"8789329856\"\r\n     data-ad-format=\"auto\"\r\n     data-full-width-responsive=\"true\"><\/ins>\r\n<script>\r\n     (adsbygoogle = window.adsbygoogle || []).push({});\r\n<\/script>\r\n\n<\/div>\n<h2>Conhe\u00e7a o Projeto de Expans\u00e3o da Placo<\/h2>\n<p>Recentemente, a Placo, parte do grupo Saint-Gobain, exp\u00f4s um audacioso projeto de expans\u00e3o na cidade de Feira de Santana. Este projeto consiste na amplia\u00e7\u00e3o de sua unidade, que j\u00e1 se destaca como uma das mais eficientes do grupo. Com a proposta, a empresa planeja investir at\u00e9 R$ 450 milh\u00f5es, visando n\u00e3o apenas o crescimento da produ\u00e7\u00e3o, mas tamb\u00e9m a cria\u00e7\u00e3o de uma estrutura industrial mais robusta e moderna.<\/p>\n<h2>A Import\u00e2ncia do Investimento para a Regi\u00e3o<\/h2>\n<p>O plano da Placo \u00e9 emblem\u00e1tico para o desenvolvimento econ\u00f4mico de Feira de Santana. A expectativa \u00e9 que essa movimenta\u00e7\u00e3o econ\u00f4mica n\u00e3o apenas fortale\u00e7a a presen\u00e7a da empresa na regi\u00e3o, mas tamb\u00e9m impulse a gera\u00e7\u00e3o de empregos e o desenvolvimento do setor industrial local. Com uma localiza\u00e7\u00e3o estrat\u00e9gica e infraestrutura adequada, Feira de Santana tem se mostrado um ponto focal para investidores que buscam expans\u00e3o no Nordeste brasileiro.<\/p>\n<h2>Detalhes da Nova Estrutura Industrial<\/h2>\n<p>A proposta de expans\u00e3o da Placo inclui a amplia\u00e7\u00e3o da planta industrial com uma nova \u00e1rea de aproximadamente 250 mil metros quadrados. Esta amplia\u00e7\u00e3o permitir\u00e1 a implementa\u00e7\u00e3o de uma segunda linha de produ\u00e7\u00e3o, essencial para atender a demanda crescente por gesso acartonado, material amplamente utilizado em constru\u00e7\u00f5es civis.<\/p>\n<p><img decoding=\"async\" src=\"https:\/\/www.encontrafeiradesantana.com.br\/sobre\/wp-content\/uploads\/2026\/04\/placo-apresenta-a-prefeitura-projeto-de-expansao-com-investimento-de-r-450-milhoes-e-nova-estrutura-.webp\" alt=\"expans\u00e3o da Placo em Feira de Santana\" loading=\"lazy\" \/><\/p>\n<h2>Capacita\u00e7\u00e3o da M\u00e3o de Obra Local<\/h2>\n<p>Outro aspecto destacado no projeto \u00e9 o investimento na capacita\u00e7\u00e3o da m\u00e3o de obra da regi\u00e3o. A Placo j\u00e1 possui iniciativas de treinamento e desenvolvimento, e com a amplia\u00e7\u00e3o, essas a\u00e7\u00f5es ser\u00e3o incrementadas. O objetivo \u00e9 qualificar os trabalhadores de Feira de Santana e localidades vizinhas, proporcionando-lhes habilidades que atendam \u00e0s novas demandas do mercado de trabalho na \u00e1rea industrial.<\/p>\n<h2>Feira de Santana: Um Polo Industrial em Crescimento<\/h2>\n<p>Nos \u00faltimos anos, Feira de Santana tem se consolidado como um dos principais polos industriais do interior nordestino. A cidade oferece uma combina\u00e7\u00e3o de infraestrutura avan\u00e7ada, m\u00e3o de obra qualificada e uma localiza\u00e7\u00e3o estrat\u00e9gica, o que a torna atrativa para grandes investimentos como o da Placo. Este cen\u00e1rio refor\u00e7a a confian\u00e7a dos empres\u00e1rios na capacidade da cidade em acolher novos empreendimentos.<\/p>\n<h2>O Papel da Placo na Economia Local<\/h2>\n<p>A presen\u00e7a da Placo em Feira de Santana n\u00e3o \u00e9 apenas um fator isolado de crescimento; sua atua\u00e7\u00e3o tem impactos significativos na economia local. A empresa contribui para a gera\u00e7\u00e3o de empregos diretos e indiretos, dinamiza o com\u00e9rcio e promove o desenvolvimento social por meio de suas iniciativas de capacita\u00e7\u00e3o e responsabilidade social.<\/p>\n<h2>Reuni\u00e3o com o Prefeito Jos\u00e9 Ronaldo<\/h2>\n<p>Durante a apresenta\u00e7\u00e3o do projeto de expans\u00e3o, o prefeito Jos\u00e9 Ronaldo de Carvalho destacou a relev\u00e2ncia deste investimento. Ele elogiou a iniciativa da Placo, ressaltando que Feira de Santana se prepara constantemente para receber grandes empreendimentos, garantindo assim um ambiente favor\u00e1vel para neg\u00f3cios. O encontro contou com a presen\u00e7a de diversas autoridades e representantes da empresa, enfatizando a colabora\u00e7\u00e3o entre o setor privado e o governo municipal.<\/p>\n<h2>Benef\u00edcios para os Trabalhadores da Regi\u00e3o<\/h2>\n<p>O projeto de expans\u00e3o da Placo trar\u00e1 uma s\u00e9rie de benef\u00edcios para os trabalhadores locais. Al\u00e9m das oportunidades de emprego que surgir\u00e3o com o aumento da produ\u00e7\u00e3o, a qualifica\u00e7\u00e3o profissional \u00e9 um aspecto crucial. A capacita\u00e7\u00e3o proporcionar\u00e1 uma maior competitividade dos trabalhadores no mercado, preparando-os para os desafios e exig\u00eancias da ind\u00fastria moderna.<\/p>\n<h2>A Amplia\u00e7\u00e3o da Linha de Produ\u00e7\u00e3o<\/h2>\n<p>A nova linha de produ\u00e7\u00e3o que ser\u00e1 implementada com a expans\u00e3o n\u00e3o s\u00f3 aumentar\u00e1 a capacidade produtiva da Placo, mas tamb\u00e9m melhorar\u00e1 a efici\u00eancia operacional. Isso implica em investimentos em tecnologia, moderniza\u00e7\u00e3o de equipamentos e melhorias nos processos produtivos. A empresa busca n\u00e3o apenas atender a demanda local, mas tamb\u00e9m expandir sua atua\u00e7\u00e3o para outras regi\u00f5es do Brasil.<\/p>\n<h2>Perspectivas Futuras para a Ind\u00fastria de Feira de Santana<\/h2>\n<p>Com a amplia\u00e7\u00e3o da Placo, as perspectivas para a ind\u00fastria de Feira de Santana s\u00e3o promissoras. A cidade tem se mostrado um ambiente prop\u00edcio para o crescimento industrial, atraindo novos investimentos e aumentando a competitividade regional. O investimento da Placo sinaliza uma nova fase para o setor, com grandes oportunidades que podem beneficiar toda a comunidade local em termos de emprego e desenvolvimento econ\u00f4mico.<\/p>\n\n<div style=\"font-size: 0px; height: 0px; line-height: 0px; margin: 0; padding: 0; clear: both;\"><\/div>","protected":false},"excerpt":{"rendered":"<p>Placo apresenta projeto de expans\u00e3o com R$ 450 milh\u00f5es em Feira de Santana.<\/p>\n","protected":false},"author":1,"featured_media":1989,"comment_status":"open","ping_status":"closed","sticky":false,"template":"","format":"standard","meta":{"footnotes":""},"categories":[6],"tags":[],"class_list":["post-1990","post","type-post","status-publish","format-standard","has-post-thumbnail","hentry","category-noticias-em-feira-de-santana","has_thumb"],"aioseo_notices":[],"_links":{"self":[{"href":"https:\/\/www.encontrafeiradesantana.com.br\/sobre\/wp-json\/wp\/v2\/posts\/1990","targetHints":{"allow":["GET"]}}],"collection":[{"href":"https:\/\/www.encontrafeiradesantana.com.br\/sobre\/wp-json\/wp\/v2\/posts"}],"about":[{"href":"https:\/\/www.encontrafeiradesantana.com.br\/sobre\/wp-json\/wp\/v2\/types\/post"}],"author":[{"embeddable":true,"href":"https:\/\/www.encontrafeiradesantana.com.br\/sobre\/wp-json\/wp\/v2\/users\/1"}],"replies":[{"embeddable":true,"href":"https:\/\/www.encontrafeiradesantana.com.br\/sobre\/wp-json\/wp\/v2\/comments?post=1990"}],"version-history":[{"count":0,"href":"https:\/\/www.encontrafeiradesantana.com.br\/sobre\/wp-json\/wp\/v2\/posts\/1990\/revisions"}],"wp:featuredmedia":[{"embeddable":true,"href":"https:\/\/www.encontrafeiradesantana.com.br\/sobre\/wp-json\/wp\/v2\/media\/1989"}],"wp:attachment":[{"href":"https:\/\/www.encontrafeiradesantana.com.br\/sobre\/wp-json\/wp\/v2\/media?parent=1990"}],"wp:term":[{"taxonomy":"category","embeddable":true,"href":"https:\/\/www.encontrafeiradesantana.com.br\/sobre\/wp-json\/wp\/v2\/categories?post=1990"},{"taxonomy":"post_tag","embeddable":true,"href":"https:\/\/www.encontrafeiradesantana.com.br\/sobre\/wp-json\/wp\/v2\/tags?post=1990"}],"curies":[{"name":"wp","href":"https:\/\/api.w.org\/{rel}","templated":true}]}}