{"id":1988,"date":"2026-04-26T03:15:31","date_gmt":"2026-04-26T06:15:31","guid":{"rendered":"https:\/\/www.encontrafeiradesantana.com.br\/sobre\/feira-e-portugal-estreitam-lacos-para-futuras-parcerias-comerciais-e-culturais\/"},"modified":"2026-04-26T03:15:31","modified_gmt":"2026-04-26T06:15:31","slug":"feira-e-portugal-estreitam-lacos-para-futuras-parcerias-comerciais-e-culturais","status":"publish","type":"post","link":"https:\/\/www.encontrafeiradesantana.com.br\/sobre\/feira-e-portugal-estreitam-lacos-para-futuras-parcerias-comerciais-e-culturais\/","title":{"rendered":"Feira e Portugal estreitam la\u00e7os para futuras parcerias comerciais e culturais"},"content":{"rendered":"<div class=\"3f468104ad11f00a3c9ac948316f4265\" data-index=\"1\" style=\"float: none; margin:0px;\">\n<ins class=\"adsbygoogle\"\r\n     style=\"display:block\"\r\n     data-ad-client=\"ca-pub-8585364105181520\"\r\n     data-ad-slot=\"8789329856\"\r\n     data-ad-format=\"auto\"\r\n     data-full-width-responsive=\"true\"><\/ins>\r\n<script>\r\n     (adsbygoogle = window.adsbygoogle || []).push({});\r\n<\/script>\r\n\n<\/div>\n<h2>Encontro com o C\u00f4nsul-Geral de Portugal<\/h2>\n<p>Na \u00faltima quarta-feira, 15 de abril de 2026, representantes da cidade de Feira de Santana se encontraram com o c\u00f4nsul-geral de Portugal, Ricardo Cortes. O principal objetivo deste encontro foi discutir poss\u00edveis parcerias comerciais, culturais e educacionais entre a cidade brasileira e o pa\u00eds europeu. O evento teve a participa\u00e7\u00e3o do prefeito Jos\u00e9 Ronaldo de Carvalho, juntamente com diversos secret\u00e1rios municipais, incluindo Cristiano L\u00f4bo (Secretaria de Cultura, Esporte e Lazer), M\u00e1rcia Ferreira (Secretaria de Desenvolvimento Econ\u00f4mico, Trabalho e Turismo), Joilton Freitas (Secret\u00e1rio de Comunica\u00e7\u00e3o Social) e Neto Bahia (Secret\u00e1rio de Governo).<\/p>\n<h2>Import\u00e2ncia do Di\u00e1logo Internacional<\/h2>\n<p>O prefeito Jos\u00e9 Ronaldo enfatizou a relev\u00e2ncia do di\u00e1logo internacional, destacando como ele pode impulsionar o desenvolvimento econ\u00f4mico local. Ele declarou: &#8220;Feira de Santana \u00e9 uma cidade estrat\u00e9gica, com um potencial comercial e log\u00edstico significativo. Estreitar la\u00e7os com Portugal significa abrir novas oportunidades para investimentos e gerar mais empregos, al\u00e9m de facilitar a troca de conhecimentos. Estamos prontos para avan\u00e7ar nas parcerias e fortalecer nossa economia&#8221;.<\/p>\n<h2>Perspectivas de Investimentos Estrangeiros<\/h2>\n<p>A secret\u00e1ria M\u00e1rcia Ferreira ressaltou que essa iniciativa \u00e9 um passo crucial para inserir Feira de Santana em novos mercados no exterior. &#8220;Este \u00e9 um momento ideal para estabelecer rela\u00e7\u00f5es comerciais firmes. As institui\u00e7\u00f5es do com\u00e9rcio e ind\u00fastria locais, assim como o Sistema S, est\u00e3o interessadas em realizar uma miss\u00e3o a Portugal para explorar oportunidades de neg\u00f3cios. Essa a\u00e7\u00e3o visa estreitar as rela\u00e7\u00f5es entre cidades irm\u00e3s e mostrar o potencial de Feira de Santana para o mercado europeu&#8221;.<\/p>\n<p><img decoding=\"async\" src=\"https:\/\/www.encontrafeiradesantana.com.br\/sobre\/wp-content\/uploads\/2026\/04\/feira-e-portugal-estreitam-lacos-para-futuras-parcerias-comerciais-e-culturais.webp\" alt=\"Feira e Portugal estreitam la\u00e7os para futuras parcerias comerciais e culturais\" loading=\"lazy\" \/><\/p>\n<h2>Interc\u00e2mbio Cultural entre Brasil e Portugal<\/h2>\n<p>Durante a reuni\u00e3o, o c\u00f4nsul Ricardo Cortez afirmou que a visita foi essencial para criar conex\u00f5es institucionais que perdurem no tempo. Ele destacou o potencial log\u00edstico da cidade e a abertura do mercado portugu\u00eas para novos investimentos. &#8220;Estabelecemos uma base s\u00f3lida para fortalecer essas rela\u00e7\u00f5es no futuro. Feira de Santana j\u00e1 conta com empresas que exportam para Portugal, e estamos prontos para auxiliar empres\u00e1rios brasileiros interessados em investir em nosso pa\u00eds&#8221;, comentou o c\u00f4nsul.<\/p>\n<h2>Dados sobre Log\u00edstica e Com\u00e9rcio<\/h2>\n<p>O munic\u00edpio de Feira de Santana se destaca por sua localiza\u00e7\u00e3o estrat\u00e9gica, favorecendo a log\u00edstica e o transporte. Dispor de uma infraestrutura adequada \u00e9 crucial para fomentar o com\u00e9rcio, que pode se beneficiar de potenciais exporta\u00e7\u00f5es e importa\u00e7\u00f5es entre Brasil e Portugal. Com empresas j\u00e1 atuantes nesse cen\u00e1rio, a proposta \u00e9 expandir as opera\u00e7\u00f5es e aumentar a presen\u00e7a no mercado exterior.<\/p>\n<h2>Propostas para Eventos Conjuntos<\/h2>\n<p>Uma das propostas discutidas inclui a realiza\u00e7\u00e3o de eventos colaborativos, como uma feira de vinhos portugueses na cidade. Este evento serviria como uma vitrine para produtos e servi\u00e7os de ambos os pa\u00edses, promovendo a cultura e o com\u00e9rcio. Iniciativas dessa natureza podem cultivar um ambiente prop\u00edcio para o interc\u00e2mbio de experi\u00eancias entre cidad\u00e3os, empres\u00e1rios e investidores.<\/p>\n<h2>A Expertise Portuguesa em Turismo<\/h2>\n<p>Os participantes tamb\u00e9m abordaram o interc\u00e2mbio nas \u00e1reas de educa\u00e7\u00e3o e servi\u00e7os. Marco Silva, presidente do Sindicato dos Comerci\u00e1rios, destacou a import\u00e2ncia das rela\u00e7\u00f5es hist\u00f3ricas entre Brasil e Portugal e sugeriu a forma\u00e7\u00e3o de grupos de trabalho para implementar parcerias em \u00e1reas como hotelaria, gastronomia e ensino superior. Ele acrescentou que j\u00e1 existem conv\u00eanios com universidades locais e que deseja ampliar o interc\u00e2mbio de estudantes, especialmente nas quest\u00f5es relacionadas ao turismo, onde Portugal tem bastante a oferecer.<\/p>\n<h2>Fortalecimento de V\u00ednculos Institucionais<\/h2>\n<p>O fortalecimento das rela\u00e7\u00f5es com Portugal poder\u00e1 abrir portas para uma nova era de colabora\u00e7\u00e3o m\u00fatua. A ideia \u00e9 que, por meio de a\u00e7\u00f5es coordenadas, ambas as partes possam se beneficiar das respectivas culturas, compet\u00eancias e experi\u00eancias, criando um ambiente enriquecedor e produtivo.<\/p>\n<h2>Perspectivas para a Ind\u00fastria Local<\/h2>\n<p>A ind\u00fastria de Feira de Santana, com seu potencial para inova\u00e7\u00e3o e crescimento, tem a chance de se integrar a novos mercados internacionais atrav\u00e9s das rela\u00e7\u00f5es com Portugal. A colabora\u00e7\u00e3o entre os setores pode trazer avan\u00e7os significativos para a economia, aumentando a competitividade e diversificando as opera\u00e7\u00f5es comerciais das empresas locais.<\/p>\n<h2>Cria\u00e7\u00e3o de Grupos de Trabalho para Parcerias<\/h2>\n<p>Por fim, a cria\u00e7\u00e3o de grupos de trabalho foi refor\u00e7ada como uma estrat\u00e9gia essencial para viabilizar parcerias efetivas. Essa estrutura colaborativa permitir\u00e1 a troca de ideias e iniciativas que poder\u00e3o prosperar, ampliando as oportunidades de neg\u00f3cios e fortalecendo os la\u00e7os culturais entre Feira de Santana e Portugal. Al\u00e9m disso, esses grupos podem atuar como facilitadores em processos de interc\u00e2mbio, promovendo o crescimento e a inova\u00e7\u00e3o.<\/p>\n<p>O equil\u00edbrio entre com\u00e9rcio, cultura e educa\u00e7\u00e3o \u00e9 fundamental para a constru\u00e7\u00e3o de uma rela\u00e7\u00e3o saud\u00e1vel e duradoura entre as duas localidades. Assim, as esperan\u00e7as depositadas nas futuras colabora\u00e7\u00f5es podem transformar significativas oportunidades em realidade.<\/p>\n\n<div style=\"font-size: 0px; height: 0px; line-height: 0px; margin: 0; padding: 0; clear: both;\"><\/div>","protected":false},"excerpt":{"rendered":"<p>Feira e Portugal buscam estreitar parcerias comerciais e culturais frut\u00edferas.<\/p>\n","protected":false},"author":1,"featured_media":1987,"comment_status":"open","ping_status":"closed","sticky":false,"template":"","format":"standard","meta":{"footnotes":""},"categories":[6],"tags":[],"class_list":["post-1988","post","type-post","status-publish","format-standard","has-post-thumbnail","hentry","category-noticias-em-feira-de-santana","has_thumb"],"aioseo_notices":[],"_links":{"self":[{"href":"https:\/\/www.encontrafeiradesantana.com.br\/sobre\/wp-json\/wp\/v2\/posts\/1988","targetHints":{"allow":["GET"]}}],"collection":[{"href":"https:\/\/www.encontrafeiradesantana.com.br\/sobre\/wp-json\/wp\/v2\/posts"}],"about":[{"href":"https:\/\/www.encontrafeiradesantana.com.br\/sobre\/wp-json\/wp\/v2\/types\/post"}],"author":[{"embeddable":true,"href":"https:\/\/www.encontrafeiradesantana.com.br\/sobre\/wp-json\/wp\/v2\/users\/1"}],"replies":[{"embeddable":true,"href":"https:\/\/www.encontrafeiradesantana.com.br\/sobre\/wp-json\/wp\/v2\/comments?post=1988"}],"version-history":[{"count":0,"href":"https:\/\/www.encontrafeiradesantana.com.br\/sobre\/wp-json\/wp\/v2\/posts\/1988\/revisions"}],"wp:featuredmedia":[{"embeddable":true,"href":"https:\/\/www.encontrafeiradesantana.com.br\/sobre\/wp-json\/wp\/v2\/media\/1987"}],"wp:attachment":[{"href":"https:\/\/www.encontrafeiradesantana.com.br\/sobre\/wp-json\/wp\/v2\/media?parent=1988"}],"wp:term":[{"taxonomy":"category","embeddable":true,"href":"https:\/\/www.encontrafeiradesantana.com.br\/sobre\/wp-json\/wp\/v2\/categories?post=1988"},{"taxonomy":"post_tag","embeddable":true,"href":"https:\/\/www.encontrafeiradesantana.com.br\/sobre\/wp-json\/wp\/v2\/tags?post=1988"}],"curies":[{"name":"wp","href":"https:\/\/api.w.org\/{rel}","templated":true}]}}