{"id":1986,"date":"2026-04-26T03:14:28","date_gmt":"2026-04-26T06:14:28","guid":{"rendered":"https:\/\/www.encontrafeiradesantana.com.br\/sobre\/inaugurada-nova-sede-do-centro-de-referencia-maria-quiteria\/"},"modified":"2026-04-26T03:14:28","modified_gmt":"2026-04-26T06:14:28","slug":"inaugurada-nova-sede-do-centro-de-referencia-maria-quiteria","status":"publish","type":"post","link":"https:\/\/www.encontrafeiradesantana.com.br\/sobre\/inaugurada-nova-sede-do-centro-de-referencia-maria-quiteria\/","title":{"rendered":"Inaugurada nova sede do Centro de Refer\u00eancia Maria Quit\u00e9ria"},"content":{"rendered":"<div class=\"3f468104ad11f00a3c9ac948316f4265\" data-index=\"1\" style=\"float: none; margin:0px;\">\n<ins class=\"adsbygoogle\"\r\n     style=\"display:block\"\r\n     data-ad-client=\"ca-pub-8585364105181520\"\r\n     data-ad-slot=\"8789329856\"\r\n     data-ad-format=\"auto\"\r\n     data-full-width-responsive=\"true\"><\/ins>\r\n<script>\r\n     (adsbygoogle = window.adsbygoogle || []).push({});\r\n<\/script>\r\n\n<\/div>\n<h2>O Novo Endere\u00e7o do CRMQ<\/h2>\n<p>O Centro de Refer\u00eancia Maria Quit\u00e9ria (CRMQ) agora est\u00e1 localizado na Rua Domingos Barbosa de Ara\u00fajo, n\u00famero 611, no bairro Kalil\u00e2ndia, em Feira de Santana. A mudan\u00e7a de endere\u00e7o not\u00e1vel reflete o compromisso da Prefeitura da cidade, atrav\u00e9s da Secretaria Municipal de Pol\u00edticas para Mulheres, em proporcionar um ambiente mais acolhedor e acess\u00edvel para as mulheres que necessitam de apoio e orienta\u00e7\u00e3o em situa\u00e7\u00f5es de viol\u00eancia.<\/p>\n<h2>Evento de Reinaugura\u00e7\u00e3o<\/h2>\n<p>A reinaugura\u00e7\u00e3o do CRMQ foi n\u00e3o apenas uma mudan\u00e7a de espa\u00e7o, mas tamb\u00e9m um momento significativo de reconex\u00e3o e fortalecimento das a\u00e7\u00f5es voltadas ao suporte das mulheres. O evento de reabertura n\u00e3o passou despercebido e foi planejado especialmente para celebrar a recupera\u00e7\u00e3o dos atendimentos. Essa nova fase come\u00e7ou com um evento marcante, reunindo diversas mulheres que j\u00e1 se beneficiavam dos servi\u00e7os oferecidos pela unidade.<\/p>\n<h2>A\u00e7\u00e3o Teatral &#8216;\u00d3pera de Quarto&#8217;<\/h2>\n<p>Uma das grandes atra\u00e7\u00f5es do evento foi a apresenta\u00e7\u00e3o teatral do projeto denominado \u201c\u00d3pera de Quarto\u201d. Essa a\u00e7\u00e3o art\u00edstica teve como enfoque a tem\u00e1tica \u201cEncontro de Vozes\u201d, que explora de maneira sens\u00edvel e educativa as diversas formas de viol\u00eancia enfrentadas pelas mulheres. O teatro serviu como um meio poderoso de reflex\u00e3o, abrindo espa\u00e7o para que as participantes se identificassem com as situa\u00e7\u00f5es retratadas e encontrassem acolhimento<\/p>\n<p><img decoding=\"async\" src=\"https:\/\/www.encontrafeiradesantana.com.br\/sobre\/wp-content\/uploads\/2026\/04\/inaugurada-nova-sede-do-centro-de-referencia-maria-quiteria.webp\" alt=\"Centro de Refer\u00eancia Maria Quit\u00e9ria\" loading=\"lazy\" \/><\/p>\n<h2>Import\u00e2ncia da Escuta e Partilha<\/h2>\n<p>Durante o encontro, cresceu a import\u00e2ncia da escuta ativa e da partilha de experi\u00eancias entre as mulheres presentes. Segundo Vanessa Cunha, coordenadora do CRMQ, muitos relatos surgiram ap\u00f3s a encena\u00e7\u00e3o, quando as participantes tiveram a chance de discutir e compartilhar suas viv\u00eancias e os desafios enfrentados em suas jornadas pessoais. Esse tipo de di\u00e1logo \u00e9 fundamental para o processo de cura e supera\u00e7\u00e3o das dificuldades relacionadas \u00e0 viol\u00eancia.<\/p>\n<h2>Servi\u00e7os Oferecidos pelo CRMQ<\/h2>\n<p>O Centro de Refer\u00eancia Maria Quit\u00e9ria n\u00e3o \u00e9 apenas um espa\u00e7o de acolhimento, mas tamb\u00e9m um local onde s\u00e3o oferecidos diversos servi\u00e7os de apoio que abrangem diferentes \u00e1reas. As mulheres que buscam aux\u00edlio podem contar com atendimento psicol\u00f3gico, jur\u00eddico e social. Al\u00e9m disso, a participa\u00e7\u00e3o em grupos de apoio \u00e9 uma ferramenta essencial no processo de empoderamento dessas mulheres, promovendo um ambiente onde elas podem trocar experi\u00eancias e encontrar for\u00e7a para trilhar novos caminhos.<\/p>\n<h2>A Experi\u00eancia das Participantes<\/h2>\n<p>As mulheres que participaram do evento relataram como a apresenta\u00e7\u00e3o t\u00eanue e refletiva do projeto \u201c\u00d3pera de Quarto\u201d ressoou em suas experi\u00eancias de vida, trazendo \u00e0 tona emo\u00e7\u00f5es e reflex\u00f5es profundas. A assistente social Leidy Alencar enfatizou que o projeto procura levar \u00e0 sociedade relatos que possam encorajar outras mulheres a reconhecerem e enfrentarem situa\u00e7\u00f5es de viol\u00eancia que possam estar vivenciando. Essa troca de experi\u00eancias torna-se um catalisador para a transforma\u00e7\u00e3o social.<\/p>\n<h2>Viol\u00eancia contra a Mulher: Uma Realidade<\/h2>\n<p>A viol\u00eancia contra as mulheres permanece uma quest\u00e3o alarmante e priorit\u00e1ria na sociedade. As discuss\u00f5es promovidas pelas a\u00e7\u00f5es do CRMQ, atrav\u00e9s de eventos como o \u2018Encontro de Vozes\u2019, s\u00e3o essenciais para sensibilizar e conscientizar tanto as v\u00edtimas quanto a comunidade em geral sobre essa realidade. O projeto visa a identifica\u00e7\u00e3o de v\u00e1rias formas de viol\u00eancia \u2014 incluindo psicol\u00f3gicas, f\u00edsicas e patrimoniais \u2014 que frequentemente n\u00e3o s\u00e3o reconhecidas na esfera p\u00fablica.<\/p>\n<h2>O Papel da Arte na Conscientiza\u00e7\u00e3o<\/h2>\n<p>O uso do teatro como uma ferramenta de conscientiza\u00e7\u00e3o e den\u00fancia tem se mostrado eficaz. O diretor do espet\u00e1culo, Geovane Mascarenhas, comentou sobre a inten\u00e7\u00e3o de usar a arte como um meio de den\u00fancia e transforma\u00e7\u00e3o social. A proposta \u00e9 n\u00e3o apenas entreter, mas tamb\u00e9m educar e provocar discuss\u00f5es cr\u00edticas sobre a viol\u00eancia vivenciada por mulheres. Por meio da linguagem teatral, \u00e9 poss\u00edvel tocar o cora\u00e7\u00e3o e a mente das pessoas, fazendo com que se reconhe\u00e7am nas hist\u00f3rias apresentadas.<\/p>\n<h2>Compromisso com a Prote\u00e7\u00e3o \u00e0 Mulher<\/h2>\n<p>A secret\u00e1ria municipal de Pol\u00edticas para Mulheres, Neinha Bastos, esteve presente na reinaugura\u00e7\u00e3o e expressou a relev\u00e2ncia de iniciativas que buscam erradicar a viol\u00eancia contra as mulheres. Ela destacou que n\u00e3o se deve tolerar a viol\u00eancia em nenhuma de suas formas e enfatizou que a administra\u00e7\u00e3o est\u00e1 comprometida em trabalhar em prol da prote\u00e7\u00e3o e respeito pela condi\u00e7\u00e3o das mulheres. As a\u00e7\u00f5es dos centros de refer\u00eancia s\u00e3o parte de um esfor\u00e7o maior para assegurar direitos e qualidade de vida \u00e0s mulheres no munic\u00edpio.<\/p>\n<h2>Como o CRMQ Contribui para a Autonomia<\/h2>\n<p>O CRMQ \u00e9 fundamental nesta luta, j\u00e1 que busca n\u00e3o apenas oferecer apoio em momentos de crise, mas tamb\u00e9m ajudar as mulheres a reconstru\u00edrem suas vidas e se tornarem mais aut\u00f4nomas. O fortalecimento da autonomia feminina \u00e9 um dos pilares abordados, uma vez que o empoderamento atrav\u00e9s de informa\u00e7\u00f5es, suporte e recursos adequados \u00e9 vital para que elas possam romper ciclos de viol\u00eancia e realizar mudan\u00e7as significativas em sua vida.<\/p>\n<p>A secretaria e o CRMQ continuam a disposi\u00e7\u00e3o para acolher e orientar todas as mulheres que se encontram em situa\u00e7\u00e3o de vulnerabilidade, sempre oferecendo um suporte especializado que contribui para a reconstru\u00e7\u00e3o de suas vidas de forma digna e aut\u00f4noma.<\/p>\n\n<div style=\"font-size: 0px; height: 0px; line-height: 0px; margin: 0; padding: 0; clear: both;\"><\/div>","protected":false},"excerpt":{"rendered":"<p>Centro de Refer\u00eancia Maria Quit\u00e9ria \u00e9 inaugurado em novo endere\u00e7o, fortalecendo o suporte \u00e0s mulheres.<\/p>\n","protected":false},"author":1,"featured_media":1985,"comment_status":"open","ping_status":"closed","sticky":false,"template":"","format":"standard","meta":{"footnotes":""},"categories":[6],"tags":[],"class_list":["post-1986","post","type-post","status-publish","format-standard","has-post-thumbnail","hentry","category-noticias-em-feira-de-santana","has_thumb"],"aioseo_notices":[],"_links":{"self":[{"href":"https:\/\/www.encontrafeiradesantana.com.br\/sobre\/wp-json\/wp\/v2\/posts\/1986","targetHints":{"allow":["GET"]}}],"collection":[{"href":"https:\/\/www.encontrafeiradesantana.com.br\/sobre\/wp-json\/wp\/v2\/posts"}],"about":[{"href":"https:\/\/www.encontrafeiradesantana.com.br\/sobre\/wp-json\/wp\/v2\/types\/post"}],"author":[{"embeddable":true,"href":"https:\/\/www.encontrafeiradesantana.com.br\/sobre\/wp-json\/wp\/v2\/users\/1"}],"replies":[{"embeddable":true,"href":"https:\/\/www.encontrafeiradesantana.com.br\/sobre\/wp-json\/wp\/v2\/comments?post=1986"}],"version-history":[{"count":0,"href":"https:\/\/www.encontrafeiradesantana.com.br\/sobre\/wp-json\/wp\/v2\/posts\/1986\/revisions"}],"wp:featuredmedia":[{"embeddable":true,"href":"https:\/\/www.encontrafeiradesantana.com.br\/sobre\/wp-json\/wp\/v2\/media\/1985"}],"wp:attachment":[{"href":"https:\/\/www.encontrafeiradesantana.com.br\/sobre\/wp-json\/wp\/v2\/media?parent=1986"}],"wp:term":[{"taxonomy":"category","embeddable":true,"href":"https:\/\/www.encontrafeiradesantana.com.br\/sobre\/wp-json\/wp\/v2\/categories?post=1986"},{"taxonomy":"post_tag","embeddable":true,"href":"https:\/\/www.encontrafeiradesantana.com.br\/sobre\/wp-json\/wp\/v2\/tags?post=1986"}],"curies":[{"name":"wp","href":"https:\/\/api.w.org\/{rel}","templated":true}]}}