{"id":1982,"date":"2026-04-25T03:18:09","date_gmt":"2026-04-25T06:18:09","guid":{"rendered":"https:\/\/www.encontrafeiradesantana.com.br\/sobre\/feira-de-santana-sediara-2a-edicao-do-cenario-das-doencas-raras-no-nordeste-com-apoio-da-prefeitura\/"},"modified":"2026-04-25T03:18:09","modified_gmt":"2026-04-25T06:18:09","slug":"feira-de-santana-sediara-2a-edicao-do-cenario-das-doencas-raras-no-nordeste-com-apoio-da-prefeitura","status":"publish","type":"post","link":"https:\/\/www.encontrafeiradesantana.com.br\/sobre\/feira-de-santana-sediara-2a-edicao-do-cenario-das-doencas-raras-no-nordeste-com-apoio-da-prefeitura\/","title":{"rendered":"Feira de Santana sediar\u00e1 2\u00aa edi\u00e7\u00e3o do Cen\u00e1rio das Doen\u00e7as Raras no Nordeste com apoio da Prefeitura"},"content":{"rendered":"<div class=\"3f468104ad11f00a3c9ac948316f4265\" data-index=\"1\" style=\"float: none; margin:0px;\">\n<ins class=\"adsbygoogle\"\r\n     style=\"display:block\"\r\n     data-ad-client=\"ca-pub-8585364105181520\"\r\n     data-ad-slot=\"8789329856\"\r\n     data-ad-format=\"auto\"\r\n     data-full-width-responsive=\"true\"><\/ins>\r\n<script>\r\n     (adsbygoogle = window.adsbygoogle || []).push({});\r\n<\/script>\r\n\n<\/div>\n<h2>Data e Local do Evento<\/h2>\n<p>O &#8220;Cen\u00e1rio das Doen\u00e7as Raras no Nordeste&#8221; ocorrer\u00e1 no dia 7 de maio, em Feira de Santana, Bahia. Este importante encontro acontecer\u00e1 no Audit\u00f3rio 1 da Secretaria Municipal de Educa\u00e7\u00e3o, situado na Rua Bar\u00e3o de Cotegipe, s\/n, no Centro da cidade. O evento ter\u00e1 in\u00edcio \u00e0s 8h e se estender\u00e1 at\u00e9 \u00e0s 12h, oferecendo uma programa\u00e7\u00e3o rica para os participantes.<\/p>\n<h2>Import\u00e2ncia das Doen\u00e7as Raras<\/h2>\n<p>As doen\u00e7as raras s\u00e3o condi\u00e7\u00f5es que afetam um n\u00famero limitado de pessoas e muitas vezes carecem de aten\u00e7\u00e3o e recursos apropriados. Estima-se que existam milhares de doen\u00e7as raras, que podem n\u00e3o apenas representar desafios m\u00e9dicos, mas tamb\u00e9m afetar a qualidade de vida dos indiv\u00edduos. A conscientiza\u00e7\u00e3o e a discuss\u00e3o sobre essas doen\u00e7as s\u00e3o fundamentais para promover a inclus\u00e3o social e a prote\u00e7\u00e3o dos direitos dos afetados, al\u00e9m de impulsionar melhorias nas pol\u00edticas p\u00fablicas de sa\u00fade.<\/p>\n<h2>Inscri\u00e7\u00f5es Abertas<\/h2>\n<p>As inscri\u00e7\u00f5es para o evento j\u00e1 est\u00e3o dispon\u00edveis e podem ser realizadas de forma gratuita por meio da plataforma Even3. Essa facilidade visa garantir que todos os interessados possam participar e contribuir para o di\u00e1logo sobre as quest\u00f5es que envolvem as doen\u00e7as raras. A participa\u00e7\u00e3o \u00e9 essencial para promover um ambiente mais acolhedor e informativo para pacientes e familiares.<\/p>\n<p><img decoding=\"async\" src=\"https:\/\/www.encontrafeiradesantana.com.br\/sobre\/wp-content\/uploads\/2026\/04\/feira-de-santana-sediara-2-edicao-do-cenario-das-doencas-raras-no-nordeste-com-apoio-da-prefeitura.webp\" alt=\"Cen\u00e1rio das Doen\u00e7as Raras no Nordeste\" loading=\"lazy\" \/><\/p>\n<h2>Apoio da Prefeitura<\/h2>\n<p>A Prefeitura Municipal de Feira de Santana est\u00e1 apoiando o evento, evidenciando o compromisso da administra\u00e7\u00e3o p\u00fablica em fortalecer as pol\u00edticas de sa\u00fade e a inclus\u00e3o. Este apoio \u00e9 uma demonstra\u00e7\u00e3o clara de que a gest\u00e3o est\u00e1 engajada em promover sa\u00fade p\u00fablica de qualidade, proporcionando acesso a informa\u00e7\u00f5es e cuidados especializados para aqueles que lidam com doen\u00e7as raras na regi\u00e3o.<\/p>\n<h2>Objetivos do Evento<\/h2>\n<p>O principal objetivo do evento \u00e9 fomentar o debate sobre o cen\u00e1rio das doen\u00e7as raras no Nordeste, reunindo pacientes, familiares, profissionais de sa\u00fade e gestores p\u00fablicos. Al\u00e9m disso, busca-se discutir o acesso ao diagn\u00f3stico e tratamento, as disparidades regionais no atendimento pelo Sistema \u00danico de Sa\u00fade (SUS) e estrat\u00e9gias para ampliar os direitos e a qualidade de vida dos indiv\u00edduos afetados. Ao final, as contribui\u00e7\u00f5es do encontro ser\u00e3o sistematizadas e levadas para discuss\u00e3o na 11\u00aa edi\u00e7\u00e3o do Cen\u00e1rio das Doen\u00e7as Raras no Brasil, programada para junho em S\u00e3o Paulo.<\/p>\n<h2>Casos de Sucesso<\/h2>\n<p>O evento j\u00e1 teve edi\u00e7\u00f5es anteriores que resultaram em a\u00e7\u00f5es concretas e relevantes. Muitas associa\u00e7\u00f5es de doentes t\u00eam coletivamente trabalhado para solucionar desafios que envolvem o tratamento e a inclus\u00e3o de pessoas com doen\u00e7as raras. Os casos de sucesso demonstram a import\u00e2ncia da uni\u00e3o e do di\u00e1logo entre os diversos atores envolvidos no cuidado e apoio a esses pacientes.<\/p>\n<h2>Participa\u00e7\u00e3o da Casa Hunter<\/h2>\n<p>A Casa Hunter, uma institui\u00e7\u00e3o sem fins lucrativos, \u00e9 a promotora deste evento e atua na defesa dos direitos das pessoas com doen\u00e7as raras. A Casa Hunter tem se esfor\u00e7ado para reunir diferentes segmentos da sociedade, buscando a integra\u00e7\u00e3o entre pacientes, familiares e profissionais de sa\u00fade. O apoio cont\u00ednuo da Casa Hunter refor\u00e7a a import\u00e2ncia do trabalho colaborativo para a melhoria das condi\u00e7\u00f5es de vida dos afetados por essas condi\u00e7\u00f5es.<\/p>\n<h2>Programa\u00e7\u00e3o do Dia<\/h2>\n<p>A programa\u00e7\u00e3o do evento ser\u00e1 dividida em v\u00e1rias mesas de discuss\u00e3o, cada uma abordando aspectos cruciais relacionados \u00e0s doen\u00e7as raras:<\/p>\n<ul>\n<li><strong>8h:<\/strong> Credenciamento e welcome coffee<\/li>\n<li><strong>8h30:<\/strong> Abertura oficial<\/li>\n<li><strong>8h50:<\/strong> Mesa 1: Doen\u00e7as raras no Nordeste \u2013 desigualdades regionais, acesso e prioridades no SUS<\/li>\n<li><strong>9h35:<\/strong> Mesa 2: Da suspeita ao cuidado cont\u00ednuo \u2013 diagn\u00f3stico, triagem, encaminhamento e tratamento<\/li>\n<li><strong>10h20:<\/strong> Coffee break<\/li>\n<li><strong>10h35:<\/strong> Mesa 3: Redes que sustentam \u2013 participa\u00e7\u00e3o social, inclus\u00e3o, direitos e qualidade de vida<\/li>\n<li><strong>11h20:<\/strong> Encaminhamentos e considera\u00e7\u00f5es finais<\/li>\n<li><strong>12h:<\/strong> Encerramento<\/li>\n<\/ul>\n<h2>Discuss\u00f5es e Temas Relevantes<\/h2>\n<p>Durante o evento, diversos temas relevantes ser\u00e3o abordados. A inclus\u00e3o do paciente no sistema de sa\u00fade, a busca por diagn\u00f3sticos r\u00e1pidos e precisos, e o enfrentamento das desigualdades regionais s\u00e3o algumas das quest\u00f5es que ser\u00e3o debatidas. Al\u00e9m disso, o evento tamb\u00e9m se concentrar\u00e1 em estrat\u00e9gias inovadoras que possam melhorar a qualidade de vida dos pacientes com doen\u00e7as raras.<\/p>\n<h2>Como Contribuir para o Debate<\/h2>\n<p>A participa\u00e7\u00e3o ativa de todos \u00e9 vital para o sucesso do evento. Os participantes s\u00e3o incentivados a compartilhar experi\u00eancias e ideias que ajudem a construir um panorama mais favor\u00e1vel para as pessoas com doen\u00e7as raras. As intera\u00e7\u00f5es durante as mesas de discuss\u00e3o s\u00e3o importantes para trazer \u00e0 tona novas perspectivas e solu\u00e7\u00f5es que poder\u00e3o ser desenvolvidas a partir do que for discutido. A troca de informa\u00e7\u00f5es durante o evento n\u00e3o apenas enriquecer\u00e1 o debate, mas ajudar\u00e1 a moldar futuras pol\u00edticas e a\u00e7\u00f5es que beneficiem essa popula\u00e7\u00e3o vulner\u00e1vel.<\/p>\n\n<div style=\"font-size: 0px; height: 0px; line-height: 0px; margin: 0; padding: 0; clear: both;\"><\/div>","protected":false},"excerpt":{"rendered":"<p>Feira de Santana sedia o evento Cen\u00e1rio das Doen\u00e7as Raras, uma chance \u00fanica para inclus\u00e3o.<\/p>\n","protected":false},"author":1,"featured_media":1981,"comment_status":"open","ping_status":"closed","sticky":false,"template":"","format":"standard","meta":{"footnotes":""},"categories":[6],"tags":[],"class_list":["post-1982","post","type-post","status-publish","format-standard","has-post-thumbnail","hentry","category-noticias-em-feira-de-santana","has_thumb"],"aioseo_notices":[],"_links":{"self":[{"href":"https:\/\/www.encontrafeiradesantana.com.br\/sobre\/wp-json\/wp\/v2\/posts\/1982","targetHints":{"allow":["GET"]}}],"collection":[{"href":"https:\/\/www.encontrafeiradesantana.com.br\/sobre\/wp-json\/wp\/v2\/posts"}],"about":[{"href":"https:\/\/www.encontrafeiradesantana.com.br\/sobre\/wp-json\/wp\/v2\/types\/post"}],"author":[{"embeddable":true,"href":"https:\/\/www.encontrafeiradesantana.com.br\/sobre\/wp-json\/wp\/v2\/users\/1"}],"replies":[{"embeddable":true,"href":"https:\/\/www.encontrafeiradesantana.com.br\/sobre\/wp-json\/wp\/v2\/comments?post=1982"}],"version-history":[{"count":0,"href":"https:\/\/www.encontrafeiradesantana.com.br\/sobre\/wp-json\/wp\/v2\/posts\/1982\/revisions"}],"wp:featuredmedia":[{"embeddable":true,"href":"https:\/\/www.encontrafeiradesantana.com.br\/sobre\/wp-json\/wp\/v2\/media\/1981"}],"wp:attachment":[{"href":"https:\/\/www.encontrafeiradesantana.com.br\/sobre\/wp-json\/wp\/v2\/media?parent=1982"}],"wp:term":[{"taxonomy":"category","embeddable":true,"href":"https:\/\/www.encontrafeiradesantana.com.br\/sobre\/wp-json\/wp\/v2\/categories?post=1982"},{"taxonomy":"post_tag","embeddable":true,"href":"https:\/\/www.encontrafeiradesantana.com.br\/sobre\/wp-json\/wp\/v2\/tags?post=1982"}],"curies":[{"name":"wp","href":"https:\/\/api.w.org\/{rel}","templated":true}]}}