{"id":1980,"date":"2026-04-25T03:17:04","date_gmt":"2026-04-25T06:17:04","guid":{"rendered":"https:\/\/www.encontrafeiradesantana.com.br\/sobre\/secretaria-da-mulher-leva-servicos-ao-feira-em-acao-no-distrito-de-jaiba\/"},"modified":"2026-04-25T03:17:04","modified_gmt":"2026-04-25T06:17:04","slug":"secretaria-da-mulher-leva-servicos-ao-feira-em-acao-no-distrito-de-jaiba","status":"publish","type":"post","link":"https:\/\/www.encontrafeiradesantana.com.br\/sobre\/secretaria-da-mulher-leva-servicos-ao-feira-em-acao-no-distrito-de-jaiba\/","title":{"rendered":"Secretaria da Mulher leva servi\u00e7os ao Feira em A\u00e7\u00e3o no distrito de Ja\u00edba"},"content":{"rendered":"<div class=\"3f468104ad11f00a3c9ac948316f4265\" data-index=\"1\" style=\"float: none; margin:0px;\">\n<ins class=\"adsbygoogle\"\r\n     style=\"display:block\"\r\n     data-ad-client=\"ca-pub-8585364105181520\"\r\n     data-ad-slot=\"8789329856\"\r\n     data-ad-format=\"auto\"\r\n     data-full-width-responsive=\"true\"><\/ins>\r\n<script>\r\n     (adsbygoogle = window.adsbygoogle || []).push({});\r\n<\/script>\r\n\n<\/div>\n<h2>O Que \u00e9 o Feira em A\u00e7\u00e3o?<\/h2>\n<p>O programa Feira em A\u00e7\u00e3o \u00e9 uma iniciativa da Prefeitura de Feira de Santana que busca levar uma variedade de servi\u00e7os essenciais diretamente para as comunidades. Ele visa facilitar o acesso dos cidad\u00e3os a atendimentos e informa\u00e7\u00f5es importantes, especialmente para aqueles que enfrentam dificuldades em se deslocar para a sede do munic\u00edpio. Ao promover a\u00e7\u00f5es em diferentes distritos e localiza\u00e7\u00f5es, a Prefeitura garante um refor\u00e7o na inclus\u00e3o social e no atendimento \u00e0s necessidades da popula\u00e7\u00e3o.<\/p>\n<h2>Data e Local do Evento em Ja\u00edba<\/h2>\n<p>Neste s\u00e1bado, dia 25 de abril de 2026, Feira em A\u00e7\u00e3o acontecer\u00e1 no distrito de Ja\u00edba. O evento ser\u00e1 realizado na Escola Municipal 15 de Novembro, das 7h \u00e0s 13h, reunindo uma gama de servi\u00e7os voltados para a comunidade local. A escolha desse local \u00e9 estrat\u00e9gica, visando alcan\u00e7ar um p\u00fablico que muitas vezes n\u00e3o consegue acessar os servi\u00e7os dispon\u00edveis na cidade.<\/p>\n<h2>Servi\u00e7os Oferecidos para as Mulheres<\/h2>\n<p>Uma das grandes atra\u00e7\u00f5es do Feira em A\u00e7\u00e3o \u00e9 a atua\u00e7\u00e3o da Secretaria Municipal de Pol\u00edticas para as Mulheres. Na ocasi\u00e3o, ser\u00e3o disponibilizados atendimentos feitos especificamente para o p\u00fablico feminino. Os servi\u00e7os incluem:<\/p>\n<p><img decoding=\"async\" src=\"https:\/\/www.encontrafeiradesantana.com.br\/sobre\/wp-content\/uploads\/2026\/04\/secretaria-da-mulher-leva-servicos-ao-feira-em-acao-no-distrito-de-jaiba.webp\" alt=\"Secretaria da Mulher leva servi\u00e7os ao Feira em A\u00e7\u00e3o\" loading=\"lazy\" \/><\/p>\n<ul>\n<li><strong>Orienta\u00e7\u00e3o Jur\u00eddica:<\/strong> As mulheres ter\u00e3o acesso a informa\u00e7\u00f5es e suporte em quest\u00f5es legais, como dissolu\u00e7\u00e3o de uni\u00e3o e pens\u00e3o aliment\u00edcia.<\/li>\n<li><strong>Atendimento Psicol\u00f3gico:<\/strong> Profissionais da \u00e1rea estar\u00e3o \u00e0 disposi\u00e7\u00e3o para oferecer suporte emocional e psicol\u00f3gico, visando o bem-estar das participantes.<\/li>\n<li><strong>Apoio Social:<\/strong> Assistentes sociais fornecer\u00e3o orienta\u00e7\u00f5es sobre direitos e benef\u00edcios, promovendo a inclus\u00e3o e o empoderamento feminino.<\/li>\n<\/ul>\n<h2>A Import\u00e2ncia do Acolhimento Especializado<\/h2>\n<p>O acolhimento especializado \u00e9 um elemento central nesse evento. Ele n\u00e3o apenas oferece servi\u00e7os pr\u00e1ticos, mas tamb\u00e9m atua na sensibiliza\u00e7\u00e3o das mulheres sobre os seus direitos. Garantir um espa\u00e7o de escuta onde as mulheres podem falar sobre suas experi\u00eancias e desafios \u00e9 fundamental para promover um senso de comunidade e apoio m\u00fatuo. O acolhimento adequado contribui para que as mulheres se sintam valorizadas e reconhecidas, o que \u00e9 essencial para o fortalecimento da autoestima e do empoderamento.<\/p>\n<h2>Palestras sobre Empoderamento de G\u00eanero<\/h2>\n<p>Al\u00e9m dos servi\u00e7os pr\u00e1ticos, o Feira em A\u00e7\u00e3o tamb\u00e9m contar\u00e1 com uma palestra sobre empoderamento de g\u00eanero. Esse espa\u00e7o ter\u00e1 como objetivo promover reflex\u00f5es, conscientiza\u00e7\u00f5es e discuss\u00f5es sobre os direitos das mulheres. \u00c9 uma oportunidade valiosa para que todas as participantes se conectem, compartilhem suas hist\u00f3rias e adquiram conhecimentos que possam ajud\u00e1-las a enfrentar desafios no dia a dia. A palestra \u00e9 uma forma de encorajar as mulheres a se posicionarem e a buscarem suas reivindica\u00e7\u00f5es em todos os aspectos da vida.<\/p>\n<h2>Compromisso da Gest\u00e3o Municipal<\/h2>\n<p>A participa\u00e7\u00e3o da Secretaria da Mulher no Feira em A\u00e7\u00e3o demonstra um compromisso s\u00f3lido da gest\u00e3o municipal com a amplia\u00e7\u00e3o do acesso aos servi\u00e7os p\u00fablicos. A Prefeitura reconhece a necessidade de levar atendimento de qualidade a locais que muitas vezes s\u00e3o negligenciados. O objetivo do programa \u00e9 garantir que toda a popula\u00e7\u00e3o, especialmente aquelas em regi\u00f5es mais distantes, tenha acesso a servi\u00e7os essenciais, promovendo cidadania e igualdade de oportunidades.<\/p>\n<h2>Como Participar do Feira em A\u00e7\u00e3o<\/h2>\n<p>O evento \u00e9 aberto ao p\u00fablico e n\u00e3o requer inscri\u00e7\u00e3o pr\u00e9via. Todos os moradores do distrito de Ja\u00edba e regi\u00f5es pr\u00f3ximas est\u00e3o convidados a comparecer, trazendo documentos pessoais que possam ser necess\u00e1rios para os atendimentos. A proposta \u00e9 que toda a comunidade se sinta \u00e0 vontade para usufruir dos diversos servi\u00e7os dispon\u00edveis, contribuindo assim para uma maior integra\u00e7\u00e3o social e comunit\u00e1ria.<\/p>\n<h2>Acesso aos Direitos da Mulher<\/h2>\n<p>Um dos grandes objetivos da Secretaria Municipal de Pol\u00edticas para as Mulheres \u00e9 assegurar que as cidad\u00e3s tenham pleno conhecimento e acesso aos seus direitos. O Feira em A\u00e7\u00e3o atua como um canal direto para isso, com informa\u00e7\u00f5es relevantes sendo disponibilizadas durante o evento. O empoderamento das mulheres, aliado ao conhecimento sobre direitos e servi\u00e7os, \u00e9 fundamental para que elas possam tomar decis\u00f5es informadas e proativas em suas vidas.<\/p>\n<h2>Impacto nas Comunidades Afastadas<\/h2>\n<p>Levar a\u00e7\u00f5es como a do Feira em A\u00e7\u00e3o para comunidades afastadas tem um impacto significativo na qualidade de vida das pessoas. Muitas vezes, a falta de informa\u00e7\u00e3o e de servi\u00e7os b\u00e1sicos contribui para a marginaliza\u00e7\u00e3o de grupos que deveriam ter voz e vez. O evento ajuda a combater essa situa\u00e7\u00e3o, promovendo acessibilidade e inclus\u00e3o social, essenciais para o desenvolvimento humano e social.<\/p>\n<h2>Depoimentos de Participantes<\/h2>\n<p>A participa\u00e7\u00e3o de mulheres em eventos anteriores mostra a import\u00e2ncia dessas a\u00e7\u00f5es. Relatos de mulheres que encontraram apoio psicossocial fazem parte dos frutos do Feira em A\u00e7\u00e3o. Muitas expressaram sua gratid\u00e3o pela oportunidade de ter acesso a servi\u00e7os que consideram fundamentais. Esses testemunhos demonstram a relev\u00e2ncia do programa na vida das participantes e na constru\u00e7\u00e3o de uma sociedade mais igualit\u00e1ria e justa.<\/p>\n<p>Assim, o Feira em A\u00e7\u00e3o continua a se afirmar como uma poderosa estrat\u00e9gia de atendimento e promo\u00e7\u00e3o dos direitos da mulher, contribuindo para a forma\u00e7\u00e3o de comunidades mais conscientes e unidas.<\/p>\n\n<div style=\"font-size: 0px; height: 0px; line-height: 0px; margin: 0; padding: 0; clear: both;\"><\/div>","protected":false},"excerpt":{"rendered":"<p>Servi\u00e7os para Mulheres em Ja\u00edba trazem oportunidades \u00fanicas de atendimento.<\/p>\n","protected":false},"author":1,"featured_media":1979,"comment_status":"open","ping_status":"closed","sticky":false,"template":"","format":"standard","meta":{"footnotes":""},"categories":[6],"tags":[],"class_list":["post-1980","post","type-post","status-publish","format-standard","has-post-thumbnail","hentry","category-noticias-em-feira-de-santana","has_thumb"],"aioseo_notices":[],"_links":{"self":[{"href":"https:\/\/www.encontrafeiradesantana.com.br\/sobre\/wp-json\/wp\/v2\/posts\/1980","targetHints":{"allow":["GET"]}}],"collection":[{"href":"https:\/\/www.encontrafeiradesantana.com.br\/sobre\/wp-json\/wp\/v2\/posts"}],"about":[{"href":"https:\/\/www.encontrafeiradesantana.com.br\/sobre\/wp-json\/wp\/v2\/types\/post"}],"author":[{"embeddable":true,"href":"https:\/\/www.encontrafeiradesantana.com.br\/sobre\/wp-json\/wp\/v2\/users\/1"}],"replies":[{"embeddable":true,"href":"https:\/\/www.encontrafeiradesantana.com.br\/sobre\/wp-json\/wp\/v2\/comments?post=1980"}],"version-history":[{"count":0,"href":"https:\/\/www.encontrafeiradesantana.com.br\/sobre\/wp-json\/wp\/v2\/posts\/1980\/revisions"}],"wp:featuredmedia":[{"embeddable":true,"href":"https:\/\/www.encontrafeiradesantana.com.br\/sobre\/wp-json\/wp\/v2\/media\/1979"}],"wp:attachment":[{"href":"https:\/\/www.encontrafeiradesantana.com.br\/sobre\/wp-json\/wp\/v2\/media?parent=1980"}],"wp:term":[{"taxonomy":"category","embeddable":true,"href":"https:\/\/www.encontrafeiradesantana.com.br\/sobre\/wp-json\/wp\/v2\/categories?post=1980"},{"taxonomy":"post_tag","embeddable":true,"href":"https:\/\/www.encontrafeiradesantana.com.br\/sobre\/wp-json\/wp\/v2\/tags?post=1980"}],"curies":[{"name":"wp","href":"https:\/\/api.w.org\/{rel}","templated":true}]}}