{"id":1972,"date":"2026-04-23T03:19:13","date_gmt":"2026-04-23T06:19:13","guid":{"rendered":"https:\/\/www.encontrafeiradesantana.com.br\/sobre\/secretaria-de-meio-ambiente-passa-a-funcionar-na-avenida-maria-quiteria\/"},"modified":"2026-04-23T03:19:13","modified_gmt":"2026-04-23T06:19:13","slug":"secretaria-de-meio-ambiente-passa-a-funcionar-na-avenida-maria-quiteria","status":"publish","type":"post","link":"https:\/\/www.encontrafeiradesantana.com.br\/sobre\/secretaria-de-meio-ambiente-passa-a-funcionar-na-avenida-maria-quiteria\/","title":{"rendered":"Secretaria de Meio Ambiente passa a funcionar na avenida Maria Quit\u00e9ria"},"content":{"rendered":"<div class=\"3f468104ad11f00a3c9ac948316f4265\" data-index=\"1\" style=\"float: none; margin:0px;\">\n<ins class=\"adsbygoogle\"\r\n     style=\"display:block\"\r\n     data-ad-client=\"ca-pub-8585364105181520\"\r\n     data-ad-slot=\"8789329856\"\r\n     data-ad-format=\"auto\"\r\n     data-full-width-responsive=\"true\"><\/ins>\r\n<script>\r\n     (adsbygoogle = window.adsbygoogle || []).push({});\r\n<\/script>\r\n\n<\/div>\n<h2>Novo Endere\u00e7o da Secretaria de Meio Ambiente<\/h2>\n<p>A Secretaria Municipal de Meio Ambiente e Recursos Naturais (SEMMAM) agora atende em uma nova localiza\u00e7\u00e3o. O novo espa\u00e7o fica situado na Avenida Maria Quit\u00e9ria, n\u00famero 51, no bairro Bras\u00edlia. Essa mudan\u00e7a estrat\u00e9gica foi proposta para aprimorar a efic\u00e1cia da administra\u00e7\u00e3o das pol\u00edticas p\u00fablicas ambientais e facilitar o atendimento ao p\u00fablico.<\/p>\n<h2>Principais Servi\u00e7os Oferecidos<\/h2>\n<p>A SEMMAM \u00e9 respons\u00e1vel por uma s\u00e9rie de servi\u00e7os fundamentais para a sustentabilidade e o uso consciente dos recursos naturais na cidade. Dentre suas atividades est\u00e3o:<\/p>\n<ul>\n<li><strong>Fiscaliza\u00e7\u00e3o de infra\u00e7\u00f5es ambientais:<\/strong> O \u00f3rg\u00e3o atua de acordo com a Lei Complementar n\u00ba 120, de 20 de dezembro de 2018.<\/li>\n<li><strong>Licenciamento ambiental:<\/strong> Coordena processos necess\u00e1rios para o funcionamento de atividades que possam impactar o meio ambiente.<\/li>\n<li><strong>Educa\u00e7\u00e3o ambiental:<\/strong> Desenvolve programas educativos para conscientizar a popula\u00e7\u00e3o sobre a import\u00e2ncia da preserva\u00e7\u00e3o do meio ambiente.<\/li>\n<\/ul>\n<h2>Import\u00e2ncia da Mudan\u00e7a para a Comunidade<\/h2>\n<p>A nova sede da SEMMAM representa um avan\u00e7o significativo para a comunidade. O acesso facilitado aos servi\u00e7os e uma estrutura mais adequada devem resultar em um atendimento mais eficiente. Com um espa\u00e7o melhor organizado, a Secretaria espera otimizar suas opera\u00e7\u00f5es e proporcionar um suporte mais abrangente aos cidad\u00e3os, que cada vez mais buscam informa\u00e7\u00f5es sobre quest\u00f5es ambientais e servi\u00e7os relacionados.<\/p>\n<p><img decoding=\"async\" src=\"https:\/\/www.encontrafeiradesantana.com.br\/sobre\/wp-content\/uploads\/2026\/04\/secretaria-de-meio-ambiente-passa-a-funcionar-na-avenida-maria-quiteria.webp\" alt=\"Secretaria de Meio Ambiente\" loading=\"lazy\" \/><\/p>\n<h2>O Papel da SEMMAM na Preserva\u00e7\u00e3o Ambiental<\/h2>\n<p>A SEMMAM desempenha uma fun\u00e7\u00e3o crucial na prote\u00e7\u00e3o e recupera\u00e7\u00e3o dos recursos naturais. Sua atua\u00e7\u00e3o se estende a diversas \u00e1reas, que incluem:<\/p>\n<ul>\n<li><strong>Conserva\u00e7\u00e3o dos ecossistemas:<\/strong> Trabalha para manter a biodiversidade local e preservar \u00e1reas verdes.<\/li>\n<li><strong>Promo\u00e7\u00e3o de pr\u00e1ticas sustent\u00e1veis:<\/strong> Incentiva a\u00e7\u00f5es que visam reduzir a degrada\u00e7\u00e3o ambiental e promover o uso respons\u00e1vel dos recursos.<\/li>\n<\/ul>\n<h2>Fiscaliza\u00e7\u00e3o de Infra\u00e7\u00f5es Ambientais<\/h2>\n<p>Um dos principais deveres da SEMMAM \u00e9 a fiscaliza\u00e7\u00e3o das normas ambientais. Isso inclui:<\/p>\n<ul>\n<li><strong>Monitoramento de atividades:<\/strong> Verifica\u00e7\u00f5es regulares em \u00e1reas que podem estar sujeitas a danos ambientais.<\/li>\n<li><strong>Imposi\u00e7\u00e3o de multas e san\u00e7\u00f5es:<\/strong> Medidas necess\u00e1rias para coibir pr\u00e1ticas danosas e garantir que as regras sejam seguidas.<\/li>\n<\/ul>\n<h2>Programas de Educa\u00e7\u00e3o Ambiental<\/h2>\n<p>A SEMMAM tamb\u00e9m se dedica a promover a educa\u00e7\u00e3o ambiental entre os cidad\u00e3os, atrav\u00e9s de:<\/p>\n<ul>\n<li><strong>Oficinas e palestras:<\/strong> Eventos educativos para ensinar sobre a import\u00e2ncia da preserva\u00e7\u00e3o e cuidados com o meio ambiente.<\/li>\n<li><strong>Parcerias com escolas:<\/strong> Iniciativas que envolvem a comunidade escolar na promo\u00e7\u00e3o de pr\u00e1ticas sustent\u00e1veis.<\/li>\n<\/ul>\n<h2>Como Acesso a Informa\u00e7\u00f5es da SEMMAM<\/h2>\n<p>Aqueles que buscam informa\u00e7\u00f5es sobre os servi\u00e7os oferecidos pela SEMMAM podem acessar diversos canais:<\/p>\n<ul>\n<li><strong>Portal da Transpar\u00eancia:<\/strong> Atrav\u00e9s deste portal, \u00e9 poss\u00edvel consultar dados sobre as a\u00e7\u00f5es e gastos da secretaria.<\/li>\n<li><strong>Webmail da SEMMAM:<\/strong> Plataforma para comunica\u00e7\u00e3o direta com os servidores da secretaria.<\/li>\n<\/ul>\n<h2>Apoio ao Cidad\u00e3o em Quest\u00f5es Ambientais<\/h2>\n<p>O apoio ao cidad\u00e3o \u00e9 uma prioridade para a SEMMAM. A secretaria oferece:<\/p>\n<ul>\n<li><strong>Atendimento presencial:<\/strong> Para esclarecimentos de d\u00favidas e orienta\u00e7\u00f5es sobre quest\u00f5es ambientais.<\/li>\n<li><strong>Canal de den\u00fancias:<\/strong> Permite que a popula\u00e7\u00e3o reporte atividades ilegais que possam prejudicar o meio ambiente.<\/li>\n<\/ul>\n<h2>A Nova Sede e Suas Estruturas<\/h2>\n<p>O novo espa\u00e7o da SEMMAM foi concebido para atender com conforto e efici\u00eancia. As caracter\u00edsticas principais incluem:<\/p>\n<ul>\n<li><strong>Ambientes acess\u00edveis:<\/strong> Totalmente adaptados para atender a todos os cidad\u00e3os.<\/li>\n<li><strong>Salas de atendimento:<\/strong> Equipadas para facilitar o processo de licenciamento e outras demandas p\u00fablicas.<\/li>\n<\/ul>\n<h2>Expectativas para o Futuro do Meio Ambiente na Cidade<\/h2>\n<p>Com a mudan\u00e7a, a SEMMAM espera n\u00e3o apenas melhorar o atendimento, mas tamb\u00e9m promover um futuro mais sustent\u00e1vel para Feira de Santana. Algumas metas incluem:<\/p>\n<ul>\n<li><strong>Aumentar a participa\u00e7\u00e3o comunit\u00e1ria:<\/strong> Incentivar as pessoas a se envolverem em programas de preserva\u00e7\u00e3o.<\/li>\n<li><strong>Desenvolver novas parcerias:<\/strong> Trabalhar em conjunto com institui\u00e7\u00f5es e empresas para criar iniciativas que beneficiem o meio ambiente.<\/li>\n<\/ul>\n<p>A SEMMAM est\u00e1 se posicionando de forma a ser um referencial na gest\u00e3o ambiental, e a mudan\u00e7a de endere\u00e7o \u00e9 apenas o primeiro passo em dire\u00e7\u00e3o a um futuro mais respons\u00e1vel e sustent\u00e1vel para a cidade.<\/p>\n\n<div style=\"font-size: 0px; height: 0px; line-height: 0px; margin: 0; padding: 0; clear: both;\"><\/div>","protected":false},"excerpt":{"rendered":"<p>A Secretaria de Meio Ambiente na Avenida Maria Quit\u00e9ria traz servi\u00e7os essenciais para a comunidade.<\/p>\n","protected":false},"author":1,"featured_media":1971,"comment_status":"open","ping_status":"closed","sticky":false,"template":"","format":"standard","meta":{"footnotes":""},"categories":[6],"tags":[],"class_list":["post-1972","post","type-post","status-publish","format-standard","has-post-thumbnail","hentry","category-noticias-em-feira-de-santana","has_thumb"],"aioseo_notices":[],"_links":{"self":[{"href":"https:\/\/www.encontrafeiradesantana.com.br\/sobre\/wp-json\/wp\/v2\/posts\/1972","targetHints":{"allow":["GET"]}}],"collection":[{"href":"https:\/\/www.encontrafeiradesantana.com.br\/sobre\/wp-json\/wp\/v2\/posts"}],"about":[{"href":"https:\/\/www.encontrafeiradesantana.com.br\/sobre\/wp-json\/wp\/v2\/types\/post"}],"author":[{"embeddable":true,"href":"https:\/\/www.encontrafeiradesantana.com.br\/sobre\/wp-json\/wp\/v2\/users\/1"}],"replies":[{"embeddable":true,"href":"https:\/\/www.encontrafeiradesantana.com.br\/sobre\/wp-json\/wp\/v2\/comments?post=1972"}],"version-history":[{"count":0,"href":"https:\/\/www.encontrafeiradesantana.com.br\/sobre\/wp-json\/wp\/v2\/posts\/1972\/revisions"}],"wp:featuredmedia":[{"embeddable":true,"href":"https:\/\/www.encontrafeiradesantana.com.br\/sobre\/wp-json\/wp\/v2\/media\/1971"}],"wp:attachment":[{"href":"https:\/\/www.encontrafeiradesantana.com.br\/sobre\/wp-json\/wp\/v2\/media?parent=1972"}],"wp:term":[{"taxonomy":"category","embeddable":true,"href":"https:\/\/www.encontrafeiradesantana.com.br\/sobre\/wp-json\/wp\/v2\/categories?post=1972"},{"taxonomy":"post_tag","embeddable":true,"href":"https:\/\/www.encontrafeiradesantana.com.br\/sobre\/wp-json\/wp\/v2\/tags?post=1972"}],"curies":[{"name":"wp","href":"https:\/\/api.w.org\/{rel}","templated":true}]}}