{"id":1970,"date":"2026-04-23T03:18:10","date_gmt":"2026-04-23T06:18:10","guid":{"rendered":"https:\/\/www.encontrafeiradesantana.com.br\/sobre\/mureta-do-parque-do-geladinho-entra-em-fase-final-de-construcao\/"},"modified":"2026-04-23T03:18:10","modified_gmt":"2026-04-23T06:18:10","slug":"mureta-do-parque-do-geladinho-entra-em-fase-final-de-construcao","status":"publish","type":"post","link":"https:\/\/www.encontrafeiradesantana.com.br\/sobre\/mureta-do-parque-do-geladinho-entra-em-fase-final-de-construcao\/","title":{"rendered":"Mureta do Parque do Geladinho entra em fase final de constru\u00e7\u00e3o"},"content":{"rendered":"<div class=\"3f468104ad11f00a3c9ac948316f4265\" data-index=\"1\" style=\"float: none; margin:0px;\">\n<ins class=\"adsbygoogle\"\r\n     style=\"display:block\"\r\n     data-ad-client=\"ca-pub-8585364105181520\"\r\n     data-ad-slot=\"8789329856\"\r\n     data-ad-format=\"auto\"\r\n     data-full-width-responsive=\"true\"><\/ins>\r\n<script>\r\n     (adsbygoogle = window.adsbygoogle || []).push({});\r\n<\/script>\r\n\n<\/div>\n<h2>Entenda a Import\u00e2ncia da Mureta<\/h2>\n<p>A constru\u00e7\u00e3o da mureta ao redor do Parque Erivaldo Cerqueira, popularmente conhecido como Parque do Geladinho, \u00e9 um passo fundamental para garantir a seguran\u00e7a e prote\u00e7\u00e3o do espa\u00e7o. Esse tipo de estrutura n\u00e3o apenas delimita a \u00e1rea, mas tamb\u00e9m desempenha um papel crucial na manuten\u00e7\u00e3o da seguran\u00e7a dos frequentadores e na preserva\u00e7\u00e3o do ambiente. A mureta atua como um isolante, impedindo a entrada de animais indesejados que possam causar danos ou perturbar a tranquilidade do local.<\/p>\n<h2>Como a Mureta Aumenta a Seguran\u00e7a do Parque<\/h2>\n<p>Com aproximadamente meio metro de altura, a nova mureta tem como principal objetivo prevenir a entrada de c\u00e3es errantes e outros animais que possam representar um risco. Antes da constru\u00e7\u00e3o, esses animais costumavam cavar sob o gradil, acessando o parque, especialmente durante a noite. Com a implementa\u00e7\u00e3o da mureta, espera-se que incidentes relativos a invas\u00f5es de animais sejam significativamente reduzidos, proporcionando um ambiente seguro tanto para as pessoas quanto para a flora local.<\/p>\n<h2>Expectativas do Departamento de \u00c1reas Verdes<\/h2>\n<p>O Departamento de \u00c1reas Verdes, respons\u00e1vel pela supervis\u00e3o da obra, manifestou otimismo em rela\u00e7\u00e3o \u00e0 finaliza\u00e7\u00e3o do projeto. Segundo o diretor, Jo\u00e3o Falc\u00e3o, a conclus\u00e3o est\u00e1 prevista para os pr\u00f3ximos dias. Falc\u00e3o ressalta que esse trabalho \u00e9 uma parte essencial do plano maior de seguran\u00e7a que est\u00e1 sendo implementado no parque, visando tanto a prote\u00e7\u00e3o do local quanto o conforto dos visitantes.<\/p>\n<p><img decoding=\"async\" src=\"https:\/\/www.encontrafeiradesantana.com.br\/sobre\/wp-content\/uploads\/2026\/04\/mureta-do-parque-do-geladinho-entra-em-fase-final-de-construcao.webp\" alt=\"mureta do Parque do Geladinho\" loading=\"lazy\" \/><\/p>\n<h2>Fases da Constru\u00e7\u00e3o da Mureta<\/h2>\n<p>A constru\u00e7\u00e3o da mureta ocorre em etapas. A atual fase envolve a erguida da mureta de prote\u00e7\u00e3o, que j\u00e1 estava em andamento, enquanto a pr\u00f3xima ser\u00e1 a substitui\u00e7\u00e3o do gradil que atualmente delimita o parque. Esta a\u00e7\u00e3o conjunta \u00e9 parte de um plano estrat\u00e9gico maior para melhorar a seguran\u00e7a e a qualidade do espa\u00e7o p\u00fablico.<\/p>\n<h2>Impacto na Frequ\u00eancia do Parque<\/h2>\n<p>Com a melhora nas condi\u00e7\u00f5es de seguran\u00e7a, espera-se um aumento na frequ\u00eancia de visitantes ao Parque do Geladinho. Muitas pessoas evitavam o espa\u00e7o por medo de encontros indesejados com animais selvagens ou abandonados. A nova mureta e o gradil renovado proporcionar\u00e3o um ambiente mais convidativo e confort\u00e1vel para as fam\u00edlias e amantes da natureza.<\/p>\n<h2>A Experi\u00eancia dos Visitantes com a Nova Seguran\u00e7a<\/h2>\n<p>Os frequentadores est\u00e3o otimistas em rela\u00e7\u00e3o \u00e0s mudan\u00e7as que est\u00e3o sendo realizadas. Com a mureta de prote\u00e7\u00e3o, a sensa\u00e7\u00e3o de seguran\u00e7a durante as visitas ao parque deve aumentar, permitindo que as pessoas desfrutem melhor das instala\u00e7\u00f5es e das \u00e1reas verdes. O feedback positivo da comunidade \u00e9 crucial para que os projetos futuros continuem a ser planejados com a participa\u00e7\u00e3o dos cidad\u00e3os.<\/p>\n<h2>Pr\u00f3ximos Passos ap\u00f3s a Conclus\u00e3o<\/h2>\n<p>Ap\u00f3s a finaliza\u00e7\u00e3o da mureta, a pr\u00f3xima fase ser\u00e1 a implementa\u00e7\u00e3o de melhorias adicionais, como a substitui\u00e7\u00e3o do gradil. Isso simboliza n\u00e3o apenas a conclus\u00e3o de uma obra, mas o come\u00e7o de um esfor\u00e7o renovado para manter e preservar o ambiente do parque. Essas etapas s\u00e3o fundamentais para garantir a longevidade e a funcionalidade do espa\u00e7o p\u00fablico.<\/p>\n<h2>Manuten\u00e7\u00e3o do Parque Erivaldo Cerqueira<\/h2>\n<p>A manuten\u00e7\u00e3o do Parque Erivaldo Cerqueira ocorrer\u00e1 regularmente, com a dedica\u00e7\u00e3o de uma equipe que ser\u00e1 respons\u00e1vel por monitorar tanto a estrutura da mureta quanto as demais instala\u00e7\u00f5es. O parque estar\u00e1 fechado \u00e0s segundas-feiras para a execu\u00e7\u00e3o dessas manuten\u00e7\u00f5es, garantindo que o espa\u00e7o esteja sempre em boas condi\u00e7\u00f5es para o uso da comunidade.<\/p>\n<h2>Os Animais e a Preserva\u00e7\u00e3o do Ambiente<\/h2>\n<p>A constru\u00e7\u00e3o da mureta \u00e9 tamb\u00e9m uma medida de preserva\u00e7\u00e3o ambiental. Ao impedir a entrada de animais errantes, promove-se um ecossistema mais equilibrado dentro do parque. Isso contribui para a conserva\u00e7\u00e3o da flora e da fauna locais, proporcionando um habitat seguro para aves e outros pequenos animais que s\u00e3o parte integrante do ambiente natural da regi\u00e3o.<\/p>\n<h2>Hist\u00f3rico de Melhorias no Parque do Geladinho<\/h2>\n<p>O Parque do Geladinho passou por diversas reformas ao longo dos anos, sempre com o objetivo de oferecer um espa\u00e7o melhor para a comunidade. Al\u00e9m da constru\u00e7\u00e3o da mureta, projetos futuros ainda est\u00e3o em discuss\u00e3o, focando na moderniza\u00e7\u00e3o das instala\u00e7\u00f5es e na implementa\u00e7\u00e3o de novos recursos que atendam \u00e0s necessidades da popula\u00e7\u00e3o. Essas melhorias refletem um compromisso cont\u00ednuo com o bem-estar dos cidad\u00e3os e a gest\u00e3o sustent\u00e1vel dos recursos p\u00fablicos.<\/p>\n\n<div style=\"font-size: 0px; height: 0px; line-height: 0px; margin: 0; padding: 0; clear: both;\"><\/div>","protected":false},"excerpt":{"rendered":"<p>Mureta do Parque do Geladinho est\u00e1 quase pronta e promete seguran\u00e7a.<\/p>\n","protected":false},"author":1,"featured_media":1969,"comment_status":"open","ping_status":"closed","sticky":false,"template":"","format":"standard","meta":{"footnotes":""},"categories":[6],"tags":[],"class_list":["post-1970","post","type-post","status-publish","format-standard","has-post-thumbnail","hentry","category-noticias-em-feira-de-santana","has_thumb"],"aioseo_notices":[],"_links":{"self":[{"href":"https:\/\/www.encontrafeiradesantana.com.br\/sobre\/wp-json\/wp\/v2\/posts\/1970","targetHints":{"allow":["GET"]}}],"collection":[{"href":"https:\/\/www.encontrafeiradesantana.com.br\/sobre\/wp-json\/wp\/v2\/posts"}],"about":[{"href":"https:\/\/www.encontrafeiradesantana.com.br\/sobre\/wp-json\/wp\/v2\/types\/post"}],"author":[{"embeddable":true,"href":"https:\/\/www.encontrafeiradesantana.com.br\/sobre\/wp-json\/wp\/v2\/users\/1"}],"replies":[{"embeddable":true,"href":"https:\/\/www.encontrafeiradesantana.com.br\/sobre\/wp-json\/wp\/v2\/comments?post=1970"}],"version-history":[{"count":0,"href":"https:\/\/www.encontrafeiradesantana.com.br\/sobre\/wp-json\/wp\/v2\/posts\/1970\/revisions"}],"wp:featuredmedia":[{"embeddable":true,"href":"https:\/\/www.encontrafeiradesantana.com.br\/sobre\/wp-json\/wp\/v2\/media\/1969"}],"wp:attachment":[{"href":"https:\/\/www.encontrafeiradesantana.com.br\/sobre\/wp-json\/wp\/v2\/media?parent=1970"}],"wp:term":[{"taxonomy":"category","embeddable":true,"href":"https:\/\/www.encontrafeiradesantana.com.br\/sobre\/wp-json\/wp\/v2\/categories?post=1970"},{"taxonomy":"post_tag","embeddable":true,"href":"https:\/\/www.encontrafeiradesantana.com.br\/sobre\/wp-json\/wp\/v2\/tags?post=1970"}],"curies":[{"name":"wp","href":"https:\/\/api.w.org\/{rel}","templated":true}]}}