{"id":1968,"date":"2026-04-23T03:17:11","date_gmt":"2026-04-23T06:17:11","guid":{"rendered":"https:\/\/www.encontrafeiradesantana.com.br\/sobre\/chuvas-provocam-paralisacao-de-patrolamento-de-estrada-em-alguns-distritos-de-feira\/"},"modified":"2026-04-23T03:17:11","modified_gmt":"2026-04-23T06:17:11","slug":"chuvas-provocam-paralisacao-de-patrolamento-de-estrada-em-alguns-distritos-de-feira","status":"publish","type":"post","link":"https:\/\/www.encontrafeiradesantana.com.br\/sobre\/chuvas-provocam-paralisacao-de-patrolamento-de-estrada-em-alguns-distritos-de-feira\/","title":{"rendered":"Chuvas provocam paralisa\u00e7\u00e3o de patrolamento de estrada em alguns distritos de Feira"},"content":{"rendered":"<div class=\"3f468104ad11f00a3c9ac948316f4265\" data-index=\"1\" style=\"float: none; margin:0px;\">\n<ins class=\"adsbygoogle\"\r\n     style=\"display:block\"\r\n     data-ad-client=\"ca-pub-8585364105181520\"\r\n     data-ad-slot=\"8789329856\"\r\n     data-ad-format=\"auto\"\r\n     data-full-width-responsive=\"true\"><\/ins>\r\n<script>\r\n     (adsbygoogle = window.adsbygoogle || []).push({});\r\n<\/script>\r\n\n<\/div>\n<h2>Impacto das Chuvas nas Estradas de Feira<\/h2>\n<p>Recentemente, as chuvas intensas na regi\u00e3o de Feira de Santana resultaram em condi\u00e7\u00f5es desafiadoras para a manuten\u00e7\u00e3o das estradas. A Superintend\u00eancia de Opera\u00e7\u00f5es e Manuten\u00e7\u00e3o (SOMA) da Prefeitura foi for\u00e7ada a interromper atividades essenciais de patrolamento e encascalhamento, visando preservar a seguran\u00e7a e a integridade das vias.<\/p>\n<h2>Suspens\u00e3o dos Servi\u00e7os em Distritos<\/h2>\n<p>A interrup\u00e7\u00e3o dos servi\u00e7os afeta v\u00e1rias \u00e1reas, incluindo locais cr\u00edticos que passaram por epis\u00f3dios de chuvas fortes. V\u00e1rios distritos tiveram que suspender suas opera\u00e7\u00f5es, impactando a mobilidade dos moradores e a conectividade entre as comunidades.<\/p>\n<h2>Condi\u00e7\u00f5es Clim\u00e1ticas e A\u00e7\u00f5es da SOMA<\/h2>\n<p>A decis\u00e3o de paralisar os servi\u00e7os de patrolamento foi tomada com base nas condi\u00e7\u00f5es clim\u00e1ticas adversas. As chuvas cont\u00ednuas tornaram o terreno mais vulner\u00e1vel, o que pode levar a novos danos se o trabalho de manuten\u00e7\u00e3o for realizado sem considerar essas condi\u00e7\u00f5es. A SOMA est\u00e1 atenta ao relat\u00f3rio meteorol\u00f3gico e tomando decis\u00f5es informadas para proteger as estrada e garantir a seguran\u00e7a dos trabalhadores.<\/p>\n<p><img decoding=\"async\" src=\"https:\/\/www.encontrafeiradesantana.com.br\/sobre\/wp-content\/uploads\/2026\/04\/chuvas-provocam-paralisacao-de-patrolamento-de-estrada-em-alguns-distritos-de-feira.webp\" alt=\"patrolamento de estrada\" loading=\"lazy\" \/><\/p>\n<h2>Estradas Mais Afetadas na Regi\u00e3o<\/h2>\n<p>Entre as estradas que est\u00e3o enfrentando dificuldades est\u00e3o a Primeira Travessa da Avenida Perif\u00e9rica e a Estrada do Jacu no Matinha, al\u00e9m da via que conecta os povoados de Sete Portas \u00e0 Barra em Jaguara. Nesse cen\u00e1rio, as interrup\u00e7\u00f5es n\u00e3o se limitam apenas a estradas rurais, mas tamb\u00e9m se estendem a algumas ruas urbanas de bairros n\u00e3o pavimentados.<\/p>\n<h2>Resultados da Manuten\u00e7\u00e3o Atual da Estrada<\/h2>\n<p>No entanto, nem todos os servi\u00e7os est\u00e3o paralisados. A Estrada do Licuri, localizada em Bonfim de Feira, e a Estrada de S\u00e3o Domingos em Ja\u00edba continuam com o processo de patrolamento e encascalhamento, permitindo uma melhoria nas condi\u00e7\u00f5es dessas vias espec\u00edficas.<\/p>\n<h2>Alternativas para os Moradores<\/h2>\n<p>Os cidad\u00e3os afetados pelas interrup\u00e7\u00f5es podem buscar rotas alternativas. A utiliza\u00e7\u00e3o de vias menos movimentadas ou mesmo a implementa\u00e7\u00e3o de transporte comunit\u00e1rio pode ser uma solu\u00e7\u00e3o tempor\u00e1ria at\u00e9 que os servi\u00e7os sejam normalizados. Os moradores tamb\u00e9m s\u00e3o incentivados a se manter informados atrav\u00e9s das atualiza\u00e7\u00f5es da SOMA sobre as condi\u00e7\u00f5es das estradas pr\u00f3ximas.<\/p>\n<h2>Quando os Servi\u00e7os Ser\u00e3o Retomados?<\/h2>\n<p>A previs\u00e3o para a retomada dos servi\u00e7os depender\u00e1 da melhoria nas condi\u00e7\u00f5es clim\u00e1ticas. A SOMA est\u00e1 monitorando a situa\u00e7\u00e3o e espera, assim que as chuvas cessarem e o solo tiver tempo para secar, poder voltar a realizar os servi\u00e7os de patrolamento e encascalhamento com seguran\u00e7a. A expectativa \u00e9 que esse retorno possa ocorrer nas pr\u00f3ximas semanas, mas um calend\u00e1rio exato ainda precisa ser oficializado.<\/p>\n<h2>A Import\u00e2ncia da Manuten\u00e7\u00e3o das Estradas<\/h2>\n<p>A manuten\u00e7\u00e3o regular das estradas \u00e9 fundamental para garantir n\u00e3o apenas a seguran\u00e7a dos motoristas, mas tamb\u00e9m a fluidez do tr\u00e1fego e o acesso a servi\u00e7os essenciais. Estradas bem conservadas evitam acidentes e contribuem para o desenvolvimento econ\u00f4mico da regi\u00e3o, facilitando o transporte de mercadorias e o acesso a \u00e1reas rurais.<\/p>\n<h2>Previs\u00f5es do Tempo para os Pr\u00f3ximos Dias<\/h2>\n<p>As previs\u00f5es meteorol\u00f3gicas indicam que as chuvas podem persistir por mais alguns dias. Isso significa que a situa\u00e7\u00e3o das estradas pode continuar a ser cr\u00edtica, e os moradores devem estar cientes de que a seguran\u00e7a deve ser priorizada em qualquer deslocamento at\u00e9 que as condi\u00e7\u00f5es melhorem. O servi\u00e7o meteorol\u00f3gico recomenda que a popula\u00e7\u00e3o acompanhe os boletins di\u00e1rios para se atualizar sobre a situa\u00e7\u00e3o.<\/p>\n<h2>Como a Comunidade Pode Contribuir<\/h2>\n<p>Os moradores podem desempenhar um papel ativo na melhoria das condi\u00e7\u00f5es locais. Isso pode incluir a comunica\u00e7\u00e3o regular com a SOMA sobre quaisquer problemas nas estradas e a participa\u00e7\u00e3o em programas de mutir\u00e3o para manuten\u00e7\u00e3o mais comunit\u00e1ria. Al\u00e9m disso, \u00e9 crucial que todos os cidad\u00e3os se mantenham informados, respeitando as sinaliza\u00e7\u00f5es e orienta\u00e7\u00f5es das autoridades locais para garantir a seguran\u00e7a de todos.<\/p>\n\n<div style=\"font-size: 0px; height: 0px; line-height: 0px; margin: 0; padding: 0; clear: both;\"><\/div>","protected":false},"excerpt":{"rendered":"<p>Chuvas impactam o patrolamento de estradas em Feira de Santana, entenda os detalhes.<\/p>\n","protected":false},"author":1,"featured_media":1967,"comment_status":"open","ping_status":"closed","sticky":false,"template":"","format":"standard","meta":{"footnotes":""},"categories":[6],"tags":[],"class_list":["post-1968","post","type-post","status-publish","format-standard","has-post-thumbnail","hentry","category-noticias-em-feira-de-santana","has_thumb"],"aioseo_notices":[],"_links":{"self":[{"href":"https:\/\/www.encontrafeiradesantana.com.br\/sobre\/wp-json\/wp\/v2\/posts\/1968","targetHints":{"allow":["GET"]}}],"collection":[{"href":"https:\/\/www.encontrafeiradesantana.com.br\/sobre\/wp-json\/wp\/v2\/posts"}],"about":[{"href":"https:\/\/www.encontrafeiradesantana.com.br\/sobre\/wp-json\/wp\/v2\/types\/post"}],"author":[{"embeddable":true,"href":"https:\/\/www.encontrafeiradesantana.com.br\/sobre\/wp-json\/wp\/v2\/users\/1"}],"replies":[{"embeddable":true,"href":"https:\/\/www.encontrafeiradesantana.com.br\/sobre\/wp-json\/wp\/v2\/comments?post=1968"}],"version-history":[{"count":0,"href":"https:\/\/www.encontrafeiradesantana.com.br\/sobre\/wp-json\/wp\/v2\/posts\/1968\/revisions"}],"wp:featuredmedia":[{"embeddable":true,"href":"https:\/\/www.encontrafeiradesantana.com.br\/sobre\/wp-json\/wp\/v2\/media\/1967"}],"wp:attachment":[{"href":"https:\/\/www.encontrafeiradesantana.com.br\/sobre\/wp-json\/wp\/v2\/media?parent=1968"}],"wp:term":[{"taxonomy":"category","embeddable":true,"href":"https:\/\/www.encontrafeiradesantana.com.br\/sobre\/wp-json\/wp\/v2\/categories?post=1968"},{"taxonomy":"post_tag","embeddable":true,"href":"https:\/\/www.encontrafeiradesantana.com.br\/sobre\/wp-json\/wp\/v2\/tags?post=1968"}],"curies":[{"name":"wp","href":"https:\/\/api.w.org\/{rel}","templated":true}]}}