{"id":1964,"date":"2026-04-22T03:19:25","date_gmt":"2026-04-22T06:19:25","guid":{"rendered":"https:\/\/www.encontrafeiradesantana.com.br\/sobre\/casa-do-trabalhador-oferece-187-vagas-de-emprego-nesta-terca\/"},"modified":"2026-04-22T03:19:25","modified_gmt":"2026-04-22T06:19:25","slug":"casa-do-trabalhador-oferece-187-vagas-de-emprego-nesta-terca","status":"publish","type":"post","link":"https:\/\/www.encontrafeiradesantana.com.br\/sobre\/casa-do-trabalhador-oferece-187-vagas-de-emprego-nesta-terca\/","title":{"rendered":"Casa do Trabalhador oferece 187 vagas de emprego nesta ter\u00e7a"},"content":{"rendered":"<div class=\"3f468104ad11f00a3c9ac948316f4265\" data-index=\"1\" style=\"float: none; margin:0px;\">\n<ins class=\"adsbygoogle\"\r\n     style=\"display:block\"\r\n     data-ad-client=\"ca-pub-8585364105181520\"\r\n     data-ad-slot=\"8789329856\"\r\n     data-ad-format=\"auto\"\r\n     data-full-width-responsive=\"true\"><\/ins>\r\n<script>\r\n     (adsbygoogle = window.adsbygoogle || []).push({});\r\n<\/script>\r\n\n<\/div>\n<h2>Vagas Dispon\u00edveis na Casa do Trabalhador<\/h2>\n<p>No dia 14 de abril de 2026, a Casa do Trabalhador de Feira de Santana, que faz parte da Secretaria Municipal de Trabalho, Turismo e Desenvolvimento Econ\u00f4mico, disponibiliza um total de 187 vagas de emprego. Essas oportunidades abrangem diferentes n\u00edveis de escolaridade e \u00e1reas da economia local, com \u00eanfase especial nos setores de com\u00e9rcio e ind\u00fastria.<\/p>\n<h2>Setores em Destaque<\/h2>\n<p>A variedade de vagas dispon\u00edveis reflete a diversidade da economia na regi\u00e3o. As principais \u00e1reas que possuem maior n\u00famero de oportunidades s\u00e3o:<\/p>\n<ul>\n<li><strong>Ind\u00fastria:<\/strong> Muitos postos s\u00e3o destinados \u00e0 linha de produ\u00e7\u00e3o e encargos operacionais.<\/li>\n<li><strong>Com\u00e9rcio:<\/strong> Fun\u00e7\u00f5es de atendimento e vendas tamb\u00e9m s\u00e3o bem representadas.<\/li>\n<li><strong>Servi\u00e7os e Alimenta\u00e7\u00e3o:<\/strong> Vagas para cozinheiros, atendentes, e demais fun\u00e7\u00f5es est\u00e3o em evid\u00eancia.<\/li>\n<\/ul>\n<h2>Oportunidades para Pessoas com Defici\u00eancia<\/h2>\n<p>Dentro das 187 oportunidades oferecidas, h\u00e1 um empenho not\u00e1vel em incluir candidatos com defici\u00eancia. Para isso, est\u00e3o dispon\u00edveis 30 vagas exclusivas voltadas para este p\u00fablico, que visam promover a empregabilidade e a inclus\u00e3o no mercado de trabalho.<\/p>\n<p><img decoding=\"async\" src=\"https:\/\/www.encontrafeiradesantana.com.br\/sobre\/wp-content\/uploads\/2026\/04\/casa-do-trabalhador-oferece-187-vagas-de-emprego-nesta-terca.webp\" alt=\"vagas de emprego\" loading=\"lazy\" \/><\/p>\n<h2>Sal\u00e1rios Atraentes em Diversas Fun\u00e7\u00f5es<\/h2>\n<p>Um dos destaques das vagas \u00e9 o cargo de chapeiro de lanchonete, que oferece um sal\u00e1rio de at\u00e9 R$ 2.000,00, al\u00e9m de outros benef\u00edcios. Isso demonstra o compromisso dos empregadores em valorizar o trabalho e proporcionar condi\u00e7\u00f5es adequadas para os colaboradores.<\/p>\n<h2>Como Participar do Processo Seletivo<\/h2>\n<p>Para aqueles que t\u00eam interesse em se candidatar \u00e0s vagas, o processo \u00e9 simples. Os candidatos devem se dirigir \u00e0 Casa do Trabalhador, onde receber\u00e3o informa\u00e7\u00f5es detalhadas sobre as vagas e como proceder para a inscri\u00e7\u00e3o. O espa\u00e7o est\u00e1 preparado para atender a todos de forma eficiente.<\/p>\n<h2>Requisitos para Candidatura<\/h2>\n<p>Geralmente, para se candidatar \u00e0s fun\u00e7\u00f5es listadas, \u00e9 necess\u00e1rio cumprir alguns requisitos b\u00e1sicos:<\/p>\n<ul>\n<li>Escolaridade m\u00ednima de acordo com a especificidade do cargo.<\/li>\n<li>Experi\u00eancia pr\u00e9via de pelo menos seis meses em fun\u00e7\u00e3o correlata.<\/li>\n<\/ul>\n<h2>Atendimento na Casa do Trabalhador<\/h2>\n<p>A Casa do Trabalhador realiza o atendimento na sua sede localizada na Rua Desembargador Felinto Bastos, 527A, no centro da cidade. O atendimento \u00e9 feito por profissionais capacitados que ir\u00e3o orient\u00e1-lo sobre as melhores oportunidades dispon\u00edveis.<\/p>\n<h2>Import\u00e2ncia da Empregabilidade Feminina<\/h2>\n<p>Parte das vagas dispon\u00edveis \u00e9 direcionada a apoiar a empregabilidade feminina. H\u00e1 diversas oportunidades voltadas para mulheres, inclusive para fun\u00e7\u00f5es como atendente de mesa e delivery, o que \u00e9 um passo significativo em dire\u00e7\u00e3o \u00e0 igualdade no local de trabalho.<\/p>\n<h2>Benef\u00edcios Oferecidos pelas Vagas<\/h2>\n<p>Al\u00e9m dos sal\u00e1rios que s\u00e3o compat\u00edveis com o mercado, as vagas tamb\u00e9m oferecem uma s\u00e9rie de benef\u00edcios que podem incluir:<\/p>\n<ul>\n<li>Vale-alimenta\u00e7\u00e3o.<\/li>\n<li>Vale-transporte.<\/li>\n<li>Seguro de sa\u00fade, dependendo do cargo e da empresa.<\/li>\n<\/ul>\n<h2>Localiza\u00e7\u00e3o da Casa do Trabalhador<\/h2>\n<p>A localiza\u00e7\u00e3o estrat\u00e9gica da Casa do Trabalhador facilita o acesso da popula\u00e7\u00e3o. O endere\u00e7o \u00e9 Rua Desembargador Felinto Bastos, 527A, na cidade de Feira de Santana, proporcionando f\u00e1cil deslocamento para os interessados nas oportunidades oferecidas. Para mais informa\u00e7\u00f5es, \u00e9 poss\u00edvel contatar o telefone dispon\u00edvel no site oficial.<\/p>\n<p>A variedade de vagas e o compromisso com a inclus\u00e3o e a valoriza\u00e7\u00e3o da m\u00e3o de obra local fazem da Casa do Trabalhador um ponto essencial para quem busca novas oportunidades no mercado de trabalho.<\/p>\n\n<div style=\"font-size: 0px; height: 0px; line-height: 0px; margin: 0; padding: 0; clear: both;\"><\/div>","protected":false},"excerpt":{"rendered":"<p>Casa do Trabalhador oferece oportunidades incr\u00edveis de emprego hoje!<\/p>\n","protected":false},"author":1,"featured_media":1963,"comment_status":"open","ping_status":"closed","sticky":false,"template":"","format":"standard","meta":{"footnotes":""},"categories":[6],"tags":[],"class_list":["post-1964","post","type-post","status-publish","format-standard","has-post-thumbnail","hentry","category-noticias-em-feira-de-santana","has_thumb"],"aioseo_notices":[],"_links":{"self":[{"href":"https:\/\/www.encontrafeiradesantana.com.br\/sobre\/wp-json\/wp\/v2\/posts\/1964","targetHints":{"allow":["GET"]}}],"collection":[{"href":"https:\/\/www.encontrafeiradesantana.com.br\/sobre\/wp-json\/wp\/v2\/posts"}],"about":[{"href":"https:\/\/www.encontrafeiradesantana.com.br\/sobre\/wp-json\/wp\/v2\/types\/post"}],"author":[{"embeddable":true,"href":"https:\/\/www.encontrafeiradesantana.com.br\/sobre\/wp-json\/wp\/v2\/users\/1"}],"replies":[{"embeddable":true,"href":"https:\/\/www.encontrafeiradesantana.com.br\/sobre\/wp-json\/wp\/v2\/comments?post=1964"}],"version-history":[{"count":0,"href":"https:\/\/www.encontrafeiradesantana.com.br\/sobre\/wp-json\/wp\/v2\/posts\/1964\/revisions"}],"wp:featuredmedia":[{"embeddable":true,"href":"https:\/\/www.encontrafeiradesantana.com.br\/sobre\/wp-json\/wp\/v2\/media\/1963"}],"wp:attachment":[{"href":"https:\/\/www.encontrafeiradesantana.com.br\/sobre\/wp-json\/wp\/v2\/media?parent=1964"}],"wp:term":[{"taxonomy":"category","embeddable":true,"href":"https:\/\/www.encontrafeiradesantana.com.br\/sobre\/wp-json\/wp\/v2\/categories?post=1964"},{"taxonomy":"post_tag","embeddable":true,"href":"https:\/\/www.encontrafeiradesantana.com.br\/sobre\/wp-json\/wp\/v2\/tags?post=1964"}],"curies":[{"name":"wp","href":"https:\/\/api.w.org\/{rel}","templated":true}]}}