{"id":1962,"date":"2026-04-22T03:15:20","date_gmt":"2026-04-22T06:15:20","guid":{"rendered":"https:\/\/www.encontrafeiradesantana.com.br\/sobre\/secretario-de-planejamento-de-feira-participa-de-programa-internacional-sobre-ppps-em-londres\/"},"modified":"2026-04-22T03:15:20","modified_gmt":"2026-04-22T06:15:20","slug":"secretario-de-planejamento-de-feira-participa-de-programa-internacional-sobre-ppps-em-londres","status":"publish","type":"post","link":"https:\/\/www.encontrafeiradesantana.com.br\/sobre\/secretario-de-planejamento-de-feira-participa-de-programa-internacional-sobre-ppps-em-londres\/","title":{"rendered":"Secret\u00e1rio de Planejamento de Feira participa de programa internacional sobre PPPs em Londres"},"content":{"rendered":"<div class=\"3f468104ad11f00a3c9ac948316f4265\" data-index=\"1\" style=\"float: none; margin:0px;\">\n<ins class=\"adsbygoogle\"\r\n     style=\"display:block\"\r\n     data-ad-client=\"ca-pub-8585364105181520\"\r\n     data-ad-slot=\"8789329856\"\r\n     data-ad-format=\"auto\"\r\n     data-full-width-responsive=\"true\"><\/ins>\r\n<script>\r\n     (adsbygoogle = window.adsbygoogle || []).push({});\r\n<\/script>\r\n\n<\/div>\n<h2>Import\u00e2ncia do Programa Internacional sobre PPPs<\/h2>\n<p>O Programa Internacional sobre Parcerias P\u00fablico-Privadas (PPPs) \u00e9 essencial para o aprimoramento da gest\u00e3o p\u00fablica nas esferas municipal e federal. Ao proporcionar a troca de experi\u00eancias com especialistas internacionais, ele permite que gestores p\u00fablicos adquiram insights valiosos sobre as melhores pr\u00e1ticas que podem ser adaptadas \u00e0 realidade brasileira. Essa integra\u00e7\u00e3o de conhecimentos \u00e9 fundamental para melhorar a efici\u00eancia no uso de recursos p\u00fablicos e fomentar inova\u00e7\u00f5es que atendam \u00e0s necessidades da popula\u00e7\u00e3o.<\/p>\n<h2>O que s\u00e3o Parcerias P\u00fablico-Privadas?<\/h2>\n<p>As Parcerias P\u00fablico-Privadas s\u00e3o acordos entre o setor p\u00fablico e o setor privado com o objetivo de fornecer servi\u00e7os ou desenvolver infraestrutura. Nesse modelo, a iniciativa privada se responsabiliza pela execu\u00e7\u00e3o de determinadas obras ou servi\u00e7os, enquanto o setor p\u00fablico atua como garantidor e regulador. O modelo de PPPs \u00e9 amplamente reconhecido por permitir a uni\u00e3o de compet\u00eancias, onde cada parte apresenta suas especialidades, visando \u00e0 melhoria da qualidade dos servi\u00e7os prestados \u00e0 popula\u00e7\u00e3o.<\/p>\n<h2>Objetivos do Curso na University College London<\/h2>\n<p>O curso realizado na University College London (UCL) tem como metas principais:<\/p>\n<p><img decoding=\"async\" src=\"https:\/\/www.encontrafeiradesantana.com.br\/sobre\/wp-content\/uploads\/2026\/04\/secretario-de-planejamento-de-feira-participa-de-programa-internacional-sobre-ppps-em-londres.webp\" alt=\"Programa Internacional sobre PPPs\" loading=\"lazy\" \/><\/p>\n<ul>\n<li><strong>Capacitar gestores p\u00fablicos:<\/strong> Oferecer forma\u00e7\u00e3o sobre as melhores pr\u00e1ticas em PPPs, baseadas nos modelos globais, especialmente o brit\u00e2nico.<\/li>\n<li><strong>Promover a troca de experi\u00eancias:<\/strong> Criar um ambiente para que gestores brasileiros interajam com especialistas internacionais, enriquecendo seu conhecimento sobre o tema.<\/li>\n<li><strong>Fomentar inova\u00e7\u00f5es:<\/strong> Estimular ideias que possam ser implementadas em projetos de PPPs no Brasil, visando \u00e0 melhoria do bem-estar social.<\/li>\n<\/ul>\n<h2>Temas Abordados no Evento<\/h2>\n<p>Durante o evento, diversos temas foram discutidos, refletindo as pr\u00e1ticas e desafios do mundo das PPPs, tais como:<\/p>\n<ul>\n<li><strong>Regula\u00e7\u00e3o:<\/strong> Estudo sobre a import\u00e2ncia das normas que guiam os contratos de PPPs e garantem a transpar\u00eancia nas rela\u00e7\u00f5es.<\/li>\n<li><strong>Aloca\u00e7\u00e3o de Riscos:<\/strong> Como dividir e gerenciar os riscos entre as partes de forma equilibrada para garantir a viabilidade dos projetos.<\/li>\n<li><strong>Transpar\u00eancia:<\/strong> A necessidade de manter um alto n\u00edvel de transpar\u00eancia em projetos de PPPs para preservar a confian\u00e7a da sociedade.<\/li>\n<li><strong>Desafios da participa\u00e7\u00e3o privada:<\/strong> Discuss\u00e3o sobre os obst\u00e1culos que o Brasil enfrenta para aumentar a participa\u00e7\u00e3o do setor privado em \u00e1reas essenciais, como saneamento e gest\u00e3o de recursos h\u00eddricos.<\/li>\n<\/ul>\n<h2>An\u00e1lise do Modelo Brit\u00e2nico de Governan\u00e7a<\/h2>\n<p>A governan\u00e7a em PPPs no Reino Unido \u00e9 considerada um modelo a ser seguido por outros pa\u00edses, incluindo o Brasil. Este modelo \u00e9 caracterizado por uma estrutura clara de regulamenta\u00e7\u00e3o, onde existem diretrizes bem definidas para a constru\u00e7\u00e3o e gerenciamento de contratos de PPP. A experi\u00eancia brit\u00e2nica mostrou que a colabora\u00e7\u00e3o entre setor p\u00fablico e privado pode resultar em projetos bem-sucedidos, que atendem \u00e0 demanda por servi\u00e7os p\u00fablicos de qualidade.<\/p>\n<h2>Experi\u00eancias de Sucesso em PPPs<\/h2>\n<p>Estudos de caso apresentados durante o programa mostraram diversos exemplos de PPPs bem-sucedidas em v\u00e1rias partes do mundo, que proporcionaram um impacto significativo na qualidade dos servi\u00e7os p\u00fablicos. Esses casos ilustraram como a implementa\u00e7\u00e3o inteligente de parcerias pode levar ao desenvolvimento de infraestrutura essencial, ao aumento da efici\u00eancia dos servi\u00e7os e \u00e0 satisfa\u00e7\u00e3o da popula\u00e7\u00e3o. A troca de experi\u00eancias com essas iniciativas \u00e9 fundamental para que gestores brasileiros possam adaptar essas li\u00e7\u00f5es ao contexto local.<\/p>\n<h2>Desafios em Implementar PPPs no Brasil<\/h2>\n<p>A implementa\u00e7\u00e3o de PPPs no Brasil enfrenta diversos desafios, como:<\/p>\n<ul>\n<li><strong>Falta de conhecimento t\u00e9cnico:<\/strong> Muitos gestores p\u00fablicos ainda carecem de forma\u00e7\u00e3o adequada para conduzir projetos de PPPs de forma eficaz.<\/li>\n<li><strong>Resist\u00eancia \u00e0 mudan\u00e7a:<\/strong> Existem barreiras culturais que dificultam a aceita\u00e7\u00e3o de novas formas de gest\u00e3o e execu\u00e7\u00e3o de servi\u00e7os p\u00fablicos.<\/li>\n<li><strong>Complexidade regulat\u00f3ria:<\/strong> A legisla\u00e7\u00e3o brasileira em rela\u00e7\u00e3o a PPPs pode ser confusa e requer um maior entendimento por parte dos agentes envolvidos.<\/li>\n<\/ul>\n<h2>A Opini\u00e3o do Prefeito Jos\u00e9 Ronaldo<\/h2>\n<p>O prefeito Jos\u00e9 Ronaldo de Carvalho destacou a import\u00e2ncia da participa\u00e7\u00e3o de Feira de Santana no evento ao afirmar que o aprendizado com modelos de sucesso, especialmente do Reino Unido, \u00e9 crucial para a gest\u00e3o p\u00fablica local. Ele enfatizou que essa experi\u00eancia contribui efetivamente para a melhoria das pol\u00edticas p\u00fablicas e atra\u00e7\u00e3o de investimentos que beneficiam a popula\u00e7\u00e3o. A presen\u00e7a do secret\u00e1rio Carlos Brito em um programa internacional refor\u00e7a a credibilidade da administra\u00e7\u00e3o municipal.<\/p>\n<h2>Perspectivas para Feira de Santana<\/h2>\n<p>Para Feira de Santana, as li\u00e7\u00f5es aprendidas no programa sobre PPPs podem resultar em novas oportunidades de crescimento e desenvolvimento. O secret\u00e1rio Carlos Brito expressou que o conhecimento adquirido ser\u00e1 vital para fortalecer o planejamento e a execu\u00e7\u00e3o de projetos que visem resultados tang\u00edveis na vida dos cidad\u00e3os. A participa\u00e7\u00e3o em programas dessa natureza reitera o compromisso da administra\u00e7\u00e3o em buscar solu\u00e7\u00f5es inovadoras e modernas para as quest\u00f5es enfrentadas pelo munic\u00edpio.<\/p>\n<h2>Impacto das PPPs no Desenvolvimento Urbano<\/h2>\n<p>As Parcerias P\u00fablico-Privadas representam uma estrat\u00e9gia fundamental para o desenvolvimento urbano sustent\u00e1vel. Atrav\u00e9s desse modelo, \u00e9 poss\u00edvel financiar obras de infraestrutura, como estradas, escolas e hospitais, que s\u00e3o essenciais para o crescimento das cidades. O impacto positivo das PPPs na qualidade de vida da popula\u00e7\u00e3o \u00e9 evidente, uma vez que elas possibilitam a realiza\u00e7\u00e3o de projetos que muitas vezes seriam invi\u00e1veis sem a colabora\u00e7\u00e3o do setor privado.<\/p>\n<p>Ao inv\u00e9s de simplesmente se depender dos recursos p\u00fablicos, a parceria com empresas privadas permite uma aloca\u00e7\u00e3o mais din\u00e2mica dos investimentos, contribuindo para a moderniza\u00e7\u00e3o das cidades e a melhoria dos servi\u00e7os oferecidos \u00e0 popula\u00e7\u00e3o. Em resumo, as PPPs se mostram como um caminho promissor para enfrentar os diversos desafios urbanos, impulsionando o desenvolvimento social e econ\u00f4mico nas cidades brasileiras.<\/p>\n\n<div style=\"font-size: 0px; height: 0px; line-height: 0px; margin: 0; padding: 0; clear: both;\"><\/div>","protected":false},"excerpt":{"rendered":"<p>Participe do programa internacional sobre PPPs que acontece em Londres.<\/p>\n","protected":false},"author":1,"featured_media":1961,"comment_status":"open","ping_status":"closed","sticky":false,"template":"","format":"standard","meta":{"footnotes":""},"categories":[6],"tags":[],"class_list":["post-1962","post","type-post","status-publish","format-standard","has-post-thumbnail","hentry","category-noticias-em-feira-de-santana","has_thumb"],"aioseo_notices":[],"_links":{"self":[{"href":"https:\/\/www.encontrafeiradesantana.com.br\/sobre\/wp-json\/wp\/v2\/posts\/1962","targetHints":{"allow":["GET"]}}],"collection":[{"href":"https:\/\/www.encontrafeiradesantana.com.br\/sobre\/wp-json\/wp\/v2\/posts"}],"about":[{"href":"https:\/\/www.encontrafeiradesantana.com.br\/sobre\/wp-json\/wp\/v2\/types\/post"}],"author":[{"embeddable":true,"href":"https:\/\/www.encontrafeiradesantana.com.br\/sobre\/wp-json\/wp\/v2\/users\/1"}],"replies":[{"embeddable":true,"href":"https:\/\/www.encontrafeiradesantana.com.br\/sobre\/wp-json\/wp\/v2\/comments?post=1962"}],"version-history":[{"count":0,"href":"https:\/\/www.encontrafeiradesantana.com.br\/sobre\/wp-json\/wp\/v2\/posts\/1962\/revisions"}],"wp:featuredmedia":[{"embeddable":true,"href":"https:\/\/www.encontrafeiradesantana.com.br\/sobre\/wp-json\/wp\/v2\/media\/1961"}],"wp:attachment":[{"href":"https:\/\/www.encontrafeiradesantana.com.br\/sobre\/wp-json\/wp\/v2\/media?parent=1962"}],"wp:term":[{"taxonomy":"category","embeddable":true,"href":"https:\/\/www.encontrafeiradesantana.com.br\/sobre\/wp-json\/wp\/v2\/categories?post=1962"},{"taxonomy":"post_tag","embeddable":true,"href":"https:\/\/www.encontrafeiradesantana.com.br\/sobre\/wp-json\/wp\/v2\/tags?post=1962"}],"curies":[{"name":"wp","href":"https:\/\/api.w.org\/{rel}","templated":true}]}}