{"id":1958,"date":"2026-04-21T03:17:38","date_gmt":"2026-04-21T06:17:38","guid":{"rendered":"https:\/\/www.encontrafeiradesantana.com.br\/sobre\/casa-do-trabalhador-disponibiliza-158-vagas-de-emprego-nesta-sexta\/"},"modified":"2026-04-21T03:17:38","modified_gmt":"2026-04-21T06:17:38","slug":"casa-do-trabalhador-disponibiliza-158-vagas-de-emprego-nesta-sexta","status":"publish","type":"post","link":"https:\/\/www.encontrafeiradesantana.com.br\/sobre\/casa-do-trabalhador-disponibiliza-158-vagas-de-emprego-nesta-sexta\/","title":{"rendered":"Casa do Trabalhador disponibiliza 158 vagas de emprego nesta sexta"},"content":{"rendered":"<div class=\"3f468104ad11f00a3c9ac948316f4265\" data-index=\"1\" style=\"float: none; margin:0px;\">\n<ins class=\"adsbygoogle\"\r\n     style=\"display:block\"\r\n     data-ad-client=\"ca-pub-8585364105181520\"\r\n     data-ad-slot=\"8789329856\"\r\n     data-ad-format=\"auto\"\r\n     data-full-width-responsive=\"true\"><\/ins>\r\n<script>\r\n     (adsbygoogle = window.adsbygoogle || []).push({});\r\n<\/script>\r\n\n<\/div>\n<h2>Oportunidades na Casa do Trabalhador<\/h2>\n<p>Na \u00faltima sexta-feira, a Casa do Trabalhador em Feira de Santana, vinculada \u00e0 Secretaria Municipal de Trabalho, Turismo e Desenvolvimento Econ\u00f4mico, divulgou a disponibilidade de um total de 158 vagas de emprego. Essas oportunidades abrangem escolaridades do Ensino Fundamental ao Ensino M\u00e9dio, oferecendo possibilidades em diversos setores, como ind\u00fastria, com\u00e9rcio e servi\u00e7os. As vagas visam atender uma ampla gama de perfis de candidatos, aumentando as chances de inser\u00e7\u00e3o no mercado de trabalho.<\/p>\n<h2>Setores com Mais Vagas Dispon\u00edveis<\/h2>\n<p>As principais \u00e1reas que est\u00e3o recebendo novos funcion\u00e1rios s\u00e3o:<\/p>\n<ul>\n<li><strong>Ind\u00fastria:<\/strong> Com demandas espec\u00edficas para ajudantes de galvanoplastia e soldadores, o setor industrial oferece espa\u00e7o para quem procura atuar em fun\u00e7\u00f5es t\u00e9cnicas e operacionais.<\/li>\n<li><strong>Com\u00e9rcio:<\/strong> Neste setor, as vagas incluem fun\u00e7\u00f5es como atendente de mesa, operador de caixa e auxiliar de cozinha, refletindo a necessidade de m\u00e3o de obra para atendimento e servi\u00e7os diretos ao cliente.<\/li>\n<li><strong>Log\u00edstica:<\/strong> As vagas para auxiliar de armazenamento e auxiliar de expedi\u00e7\u00e3o s\u00e3o as mais numerosas, com 10 oportunidades em cada fun\u00e7\u00e3o, evidenciando a import\u00e2ncia do setor log\u00edstico na atualidade.<\/li>\n<\/ul>\n<h2>Requisitos para Acesso \u00e0s Vagas<\/h2>\n<p>\u00c9 importante notar que algumas das posi\u00e7\u00f5es dispon\u00edveis t\u00eam requisitos espec\u00edficos que devem ser atendidos pelos candidatos. Entre os principais crit\u00e9rios est\u00e3o:<\/p>\n<p><img decoding=\"async\" src=\"https:\/\/www.encontrafeiradesantana.com.br\/sobre\/wp-content\/uploads\/2026\/04\/casa-do-trabalhador-disponibiliza-158-vagas-de-emprego-nesta-sexta.webp\" alt=\"Casa do Trabalhador\" loading=\"lazy\" \/><\/p>\n<ul>\n<li><strong>Experi\u00eancia:<\/strong> Para algumas fun\u00e7\u00f5es, \u00e9 necess\u00e1rio apresentar uma experi\u00eancia m\u00ednima de seis meses em atividades correlatas.<\/li>\n<li><strong>Disponibilidade de Hor\u00e1rio:<\/strong> Algumas vagas exigem disposi\u00e7\u00e3o para trabalhar durante turnos noturnos, o que pode ser um diferencial na sele\u00e7\u00e3o.<\/li>\n<li><strong>Localiza\u00e7\u00e3o:<\/strong> A resid\u00eancia em bairros pr\u00f3ximos ao local de trabalho pode ser um fator considerado na contrata\u00e7\u00e3o.<\/li>\n<\/ul>\n<h2>Vagas Espec\u00edficas para Mulheres<\/h2>\n<p>A Casa do Trabalhador tamb\u00e9m oferece oportunidades exclusivas para o p\u00fablico feminino, em linha com o programa de empregabilidade voltado para mulheres. Esse enfoque visa promover a inclus\u00e3o e proporcionar op\u00e7\u00f5es de trabalho que atendam \u00e0s demandas espec\u00edficas desse grupo. As vagas dispon\u00edveis podem incluir fun\u00e7\u00f5es com flexibilidade de hor\u00e1rios e ambiente de trabalho acolhedor, visando criar condi\u00e7\u00f5es favor\u00e1veis para a inser\u00e7\u00e3o feminina no mercado de trabalho.<\/p>\n<h2>Como Se Inscrever nas Vagas<\/h2>\n<p>Os interessados nas vagas dispon\u00edveis devem se dirigir \u00e0 sede da Casa do Trabalhador, que est\u00e1 situada na rua Desembargador Felinto Bastos, n\u00famero 527A, conhecida anteriormente como rua da Aurora, localizada no Centro de Feira de Santana. A inscri\u00e7\u00e3o \u00e9 realizada presencialmente, onde os candidatos poder\u00e3o preencher a ficha cadastral e entregar a documenta\u00e7\u00e3o necess\u00e1ria para a avalia\u00e7\u00e3o.<\/p>\n<h2>Localiza\u00e7\u00e3o da Casa do Trabalhador<\/h2>\n<p>A Casa do Trabalhador \u00e9 facilmente acess\u00edvel, localizada em um ponto central da cidade. A sua endere\u00e7o \u00e9:<\/p>\n<p><strong>Rua Desembargador Felinto Bastos, n\u00ba 527A &#8211; Centro, Feira de Santana &#8211; BA<\/strong><\/p>\n<h2>Hor\u00e1rio de Atendimento<\/h2>\n<p>O funcionamento da Casa do Trabalhador \u00e9 de segunda a sexta-feira, permitindo que os candidatos visitem o local durante a semana para efetuar suas inscri\u00e7\u00f5es ou buscar mais informa\u00e7\u00f5es sobre as oportunidades dispon\u00edveis. Os hor\u00e1rios de atendimento s\u00e3o:<\/p>\n<ul>\n<li><strong>Segunda a Sexta:<\/strong> 8h \u00e0s 17h<\/li>\n<\/ul>\n<h2>O Que Fazer Ap\u00f3s a Inscri\u00e7\u00e3o?<\/h2>\n<p>Depois de realizar a inscri\u00e7\u00e3o, os candidatos devem estar atentos a poss\u00edveis convites para entrevistas. \u00c9 recomend\u00e1vel manter um contato ativo com a Casa do Trabalhador e verificar a disponibilidade de novas vagas ou altera\u00e7\u00f5es nas ofertas. Al\u00e9m disso, os candidatos t\u00eam a chance de se preparar melhor para as entrevistas e se destacar durante o processo seletivo.<\/p>\n<h2>Dicas para Melhorar Suas Chances de Emprego<\/h2>\n<p>Para aumentar suas chances de conseguir um emprego, siga algumas dicas pr\u00e1ticas:<\/p>\n<ul>\n<li><strong>Elabore um Curr\u00edculo Atrativo:<\/strong> Fa\u00e7a um curr\u00edculo claro, com informa\u00e7\u00f5es relevantes e uma apresenta\u00e7\u00e3o profissional.<\/li>\n<li><strong>Assimile Conhecimentos:<\/strong> Busque capacita\u00e7\u00f5es e cursos que possam agregar valor ao seu perfil profissional e destac\u00e1-lo no mercado.<\/li>\n<li><strong>Prepare-se para Entrevistas:<\/strong> Estude sobre a empresa e a fun\u00e7\u00e3o para a qual est\u00e1 se candidatando, isso far\u00e1 diferen\u00e7a no dia da entrevista.<\/li>\n<\/ul>\n<h2>Hist\u00f3rias de Sucesso de Empregados<\/h2>\n<p>\u00c9 inspirador ouvir hist\u00f3rias de pessoas que conseguiram transformar suas vidas por meio de oportunidades oferecidas pela Casa do Trabalhador. Muitas delas relatam como conseguir um emprego foi crucial para suas carreiras, trazendo estabilidade financeira e crescimento profissional. Essas narrativas ressaltam a import\u00e2ncia do apoio institucional na busca por um emprego e demonstram que, com dedica\u00e7\u00e3o e esfor\u00e7o, \u00e9 poss\u00edvel alcan\u00e7ar objetivos.<\/p>\n\n<div style=\"font-size: 0px; height: 0px; line-height: 0px; margin: 0; padding: 0; clear: both;\"><\/div>","protected":false},"excerpt":{"rendered":"<p>Casa do Trabalhador oferece 158 vagas de emprego imperd\u00edveis nesta sexta-feira.<\/p>\n","protected":false},"author":1,"featured_media":1957,"comment_status":"open","ping_status":"closed","sticky":false,"template":"","format":"standard","meta":{"footnotes":""},"categories":[6],"tags":[],"class_list":["post-1958","post","type-post","status-publish","format-standard","has-post-thumbnail","hentry","category-noticias-em-feira-de-santana","has_thumb"],"aioseo_notices":[],"_links":{"self":[{"href":"https:\/\/www.encontrafeiradesantana.com.br\/sobre\/wp-json\/wp\/v2\/posts\/1958","targetHints":{"allow":["GET"]}}],"collection":[{"href":"https:\/\/www.encontrafeiradesantana.com.br\/sobre\/wp-json\/wp\/v2\/posts"}],"about":[{"href":"https:\/\/www.encontrafeiradesantana.com.br\/sobre\/wp-json\/wp\/v2\/types\/post"}],"author":[{"embeddable":true,"href":"https:\/\/www.encontrafeiradesantana.com.br\/sobre\/wp-json\/wp\/v2\/users\/1"}],"replies":[{"embeddable":true,"href":"https:\/\/www.encontrafeiradesantana.com.br\/sobre\/wp-json\/wp\/v2\/comments?post=1958"}],"version-history":[{"count":0,"href":"https:\/\/www.encontrafeiradesantana.com.br\/sobre\/wp-json\/wp\/v2\/posts\/1958\/revisions"}],"wp:featuredmedia":[{"embeddable":true,"href":"https:\/\/www.encontrafeiradesantana.com.br\/sobre\/wp-json\/wp\/v2\/media\/1957"}],"wp:attachment":[{"href":"https:\/\/www.encontrafeiradesantana.com.br\/sobre\/wp-json\/wp\/v2\/media?parent=1958"}],"wp:term":[{"taxonomy":"category","embeddable":true,"href":"https:\/\/www.encontrafeiradesantana.com.br\/sobre\/wp-json\/wp\/v2\/categories?post=1958"},{"taxonomy":"post_tag","embeddable":true,"href":"https:\/\/www.encontrafeiradesantana.com.br\/sobre\/wp-json\/wp\/v2\/tags?post=1958"}],"curies":[{"name":"wp","href":"https:\/\/api.w.org\/{rel}","templated":true}]}}