{"id":1956,"date":"2026-04-21T03:15:51","date_gmt":"2026-04-21T06:15:51","guid":{"rendered":"https:\/\/www.encontrafeiradesantana.com.br\/sobre\/feira-de-santana-ganha-centro-de-servicos-industriais-do-senai-e-reforca-protagonismo-no-desenvolvimento-economico\/"},"modified":"2026-04-21T03:15:51","modified_gmt":"2026-04-21T06:15:51","slug":"feira-de-santana-ganha-centro-de-servicos-industriais-do-senai-e-reforca-protagonismo-no-desenvolvimento-economico","status":"publish","type":"post","link":"https:\/\/www.encontrafeiradesantana.com.br\/sobre\/feira-de-santana-ganha-centro-de-servicos-industriais-do-senai-e-reforca-protagonismo-no-desenvolvimento-economico\/","title":{"rendered":"Feira de Santana ganha Centro de Servi\u00e7os Industriais do SENAI e refor\u00e7a protagonismo no desenvolvimento econ\u00f4mico"},"content":{"rendered":"<div class=\"3f468104ad11f00a3c9ac948316f4265\" data-index=\"1\" style=\"float: none; margin:0px;\">\n<ins class=\"adsbygoogle\"\r\n     style=\"display:block\"\r\n     data-ad-client=\"ca-pub-8585364105181520\"\r\n     data-ad-slot=\"8789329856\"\r\n     data-ad-format=\"auto\"\r\n     data-full-width-responsive=\"true\"><\/ins>\r\n<script>\r\n     (adsbygoogle = window.adsbygoogle || []).push({});\r\n<\/script>\r\n\n<\/div>\n<h2>O que \u00e9 o Centro de Servi\u00e7os Industriais do SENAI?<\/h2>\n<p>O Centro de Servi\u00e7os Industriais (CSI) do SENAI \u00e9 uma iniciativa concebida para impulsionar o desenvolvimento da ind\u00fastria local em Feira de Santana, Bahia. Este novo centro \u00e9 parte de uma estrat\u00e9gia maior para modernizar o parque industrial, oferecendo um local equipado com tecnologia de ponta para atender \u00e0s necessidades das empresas da regi\u00e3o. Ele foca na implementa\u00e7\u00e3o de solu\u00e7\u00f5es de automa\u00e7\u00e3o, que ajudam na efici\u00eancia energ\u00e9tica e na otimiza\u00e7\u00e3o dos processos produtivos.<\/p>\n<h2>Benef\u00edcios para a Ind\u00fastria Local<\/h2>\n<p>A inaugura\u00e7\u00e3o do CSI traz diversos benef\u00edcios para as ind\u00fastrias locais. Entre os principais, destacam-se:<\/p>\n<ul>\n<li><strong>Redu\u00e7\u00e3o de Custos Operacionais:<\/strong> Atrav\u00e9s de consultorias e an\u00e1lises especializadas, as empresas poder\u00e3o identificar \u00e1reas de melhorias e, consequentemente, reduzir despesas.<\/li>\n<li><strong>Aumento da Qualidade dos Produtos:<\/strong> O acesso a servi\u00e7os de desenvolvimento de solu\u00e7\u00f5es industriais permitir\u00e1 um aprimoramento significativo na qualidade dos produtos oferecidos.<\/li>\n<li><strong>Competitividade Melhorada:<\/strong> O CSI visa aumentar a competitividade das ind\u00fastrias mediante a inova\u00e7\u00e3o e utiliza\u00e7\u00e3o de tecnologias modernas.<\/li>\n<\/ul>\n<h2>Estrat\u00e9gia de Parceria entre SENAI e Ind\u00fastrias<\/h2>\n<p>O CSI \u00e9 fruto de uma colabora\u00e7\u00e3o estrat\u00e9gica entre o SENAI nacional e o SENAI Cimatec. A ideia por tr\u00e1s dessa parceria \u00e9 estreitar os la\u00e7os entre a institui\u00e7\u00e3o e as ind\u00fastrias baianas, criando um ambiente mais colaborativo. Com uma equipe t\u00e9cnica qualificada \u00e0 disposi\u00e7\u00e3o, as empresas podem acessar um portf\u00f3lio diversificado de servi\u00e7os, que incluem desde consultorias at\u00e9 an\u00e1lises laboratoriais.<\/p>\n<p><img decoding=\"async\" src=\"https:\/\/www.encontrafeiradesantana.com.br\/sobre\/wp-content\/uploads\/2026\/04\/feira-de-santana-ganha-centro-de-servicos-industriais-do-senai-e-reforca-protagonismo-no-desenvolvim.webp\" alt=\"Centro de Servi\u00e7os Industriais do SENAI\" loading=\"lazy\" \/><\/p>\n<h2>Servi\u00e7os Oferecidos pelo Novo Centro<\/h2>\n<p>O Centro de Servi\u00e7os Industriais oferece uma variedade de servi\u00e7os voltados para atender as necessidades das ind\u00fastrias:<\/p>\n<ul>\n<li><strong>Consultorias T\u00e9cnicas:<\/strong> Orienta\u00e7\u00f5es especializadas para implementar pr\u00e1ticas de efici\u00eancia e inova\u00e7\u00e3o.<\/li>\n<li><strong>An\u00e1lises Laboratoriais:<\/strong> Testes e avalia\u00e7\u00f5es que garantem a qualidade dos produtos e processos.<\/li>\n<li><strong>Desenvolvimento de Solu\u00e7\u00f5es:<\/strong> Cria\u00e7\u00e3o de solu\u00e7\u00f5es personalizadas que atendem \u00e0s demandas espec\u00edficas de cada setor industrial.<\/li>\n<li><strong>Incentivo \u00e0 Inova\u00e7\u00e3o:<\/strong> Programas de apoio \u00e0 pesquisa e desenvolvimento, estimulando novos produtos e tecnologias.<\/li>\n<\/ul>\n<h2>Impacto Econ\u00f4mico na Regi\u00e3o de Feira de Santana<\/h2>\n<p>A instala\u00e7\u00e3o do CSI representa um impacto profundo na economia regional. Espera-se que as ind\u00fastrias locais n\u00e3o apenas aumentem suas produ\u00e7\u00f5es, mas tamb\u00e9m atraiam investimentos de outras regi\u00f5es devido \u00e0 melhora na competitividade. O centro promove um ambiente prop\u00edcio para a cria\u00e7\u00e3o de empregos e a gera\u00e7\u00e3o de novas oportunidades, estimulando, assim, o crescimento econ\u00f4mico sustentado.<\/p>\n<h2>A Vis\u00e3o da Secret\u00e1ria Municipal sobre o Projeto<\/h2>\n<p>A secret\u00e1ria municipal de Trabalho, Turismo e Desenvolvimento Econ\u00f4mico, M\u00e1rcia Ferreira, enfatizou que a inaugura\u00e7\u00e3o do CSI \u00e9 um marco significativo para a ind\u00fastria de Feira de Santana. Em suas palavras, &#8220;A implanta\u00e7\u00e3o do Centro de Servi\u00e7os Industriais representa um passo decisivo para a nossa ind\u00fastria, proporcionando suporte t\u00e9cnico e solu\u00e7\u00f5es que melhoram a competitividade das empresas aqui instaladas.&#8221; Ela tamb\u00e9m destacou a import\u00e2ncia da colabora\u00e7\u00e3o entre institui\u00e7\u00f5es, agradecendo \u00e0 FIEB pela sua contribui\u00e7\u00e3o ao fortalecimento da ind\u00fastria local.<\/p>\n<h2>Inova\u00e7\u00e3o e Tecnologia no Setor Produtivo<\/h2>\n<p>O CSI \u00e9 um s\u00edmbolo da busca cont\u00ednua por inova\u00e7\u00e3o no setor produtivo. Ele re\u00fane recursos tecnol\u00f3gicos necess\u00e1rios para modernizar pr\u00e1ticas industriais, promovendo a automa\u00e7\u00e3o e a efici\u00eancia. A presen\u00e7a de equipes t\u00e9cnicas e um ambiente preparado para inova\u00e7\u00f5es s\u00e3o fundamentais para garantir que as ind\u00fastrias locais se mantenham competitivas no mercado atual.<\/p>\n<h2>Expectativas para o Futuro da Ind\u00fastria Local<\/h2>\n<p>Com a implementa\u00e7\u00e3o do CSI, as expectativas s\u00e3o altas para o futuro da ind\u00fastria em Feira de Santana. Espera-se que a regi\u00e3o se torne um polo de desenvolvimento industrial, onde empresas n\u00e3o apenas sobrevivam, mas prosperem. A aposta em tecnologia e inova\u00e7\u00e3o dever\u00e1 criar um ciclo virtuoso que beneficiar\u00e1 n\u00e3o apenas as ind\u00fastrias, mas toda a sociedade local.<\/p>\n<h2>Como o CSI Pode Ajudar na Competitividade<\/h2>\n<p>O centro tem a miss\u00e3o de ajudar as ind\u00fastrias a se tornarem mais competitivas de diversas maneiras:<\/p>\n<ul>\n<li><strong>Capacita\u00e7\u00e3o e Treinamento:<\/strong> A promo\u00e7\u00e3o de cursos e treinamentos para empresas e trabalhadores, garantindo que todos tenham acesso \u00e0s melhores pr\u00e1ticas e t\u00e9cnicas.<\/li>\n<li><strong>Integra\u00e7\u00e3o Tecnol\u00f3gica:<\/strong> A introdu\u00e7\u00e3o de novas m\u00e1quinas e sistemas que melhorem a fabrica\u00e7\u00e3o e distribui\u00e7\u00e3o de produtos.<\/li>\n<li><strong>Apoio \u00e0 Inova\u00e7\u00e3o:<\/strong> Fomentar a criatividade e a inova\u00e7\u00e3o, oferecendo apoio para o desenvolvimento de projetos inovadores.<\/li>\n<\/ul>\n<h2>Desenvolvimento Sustent\u00e1vel e Moderniza\u00e7\u00e3o<\/h2>\n<p>A sustentabilidade \u00e9 um tema central no planejamento e na opera\u00e7\u00e3o do CSI. A busca por processos que respeitem o meio ambiente, junto com a moderniza\u00e7\u00e3o do parque industrial, garantem que as ind\u00fastrias n\u00e3o s\u00f3 se mantenham competitivas, mas tamb\u00e9m sejam respons\u00e1veis. O centro est\u00e1 comprometido em promover pr\u00e1ticas que respeitem as normas ambientais e contribuam para um futuro mais sustent\u00e1vel.<\/p>\n\n<div style=\"font-size: 0px; height: 0px; line-height: 0px; margin: 0; padding: 0; clear: both;\"><\/div>","protected":false},"excerpt":{"rendered":"<p>Feira de Santana se destaca com novo Centro de Servi\u00e7os do SENAI, impulsionando a ind\u00fastria local.<\/p>\n","protected":false},"author":1,"featured_media":1955,"comment_status":"open","ping_status":"closed","sticky":false,"template":"","format":"standard","meta":{"footnotes":""},"categories":[6],"tags":[],"class_list":["post-1956","post","type-post","status-publish","format-standard","has-post-thumbnail","hentry","category-noticias-em-feira-de-santana","has_thumb"],"aioseo_notices":[],"_links":{"self":[{"href":"https:\/\/www.encontrafeiradesantana.com.br\/sobre\/wp-json\/wp\/v2\/posts\/1956","targetHints":{"allow":["GET"]}}],"collection":[{"href":"https:\/\/www.encontrafeiradesantana.com.br\/sobre\/wp-json\/wp\/v2\/posts"}],"about":[{"href":"https:\/\/www.encontrafeiradesantana.com.br\/sobre\/wp-json\/wp\/v2\/types\/post"}],"author":[{"embeddable":true,"href":"https:\/\/www.encontrafeiradesantana.com.br\/sobre\/wp-json\/wp\/v2\/users\/1"}],"replies":[{"embeddable":true,"href":"https:\/\/www.encontrafeiradesantana.com.br\/sobre\/wp-json\/wp\/v2\/comments?post=1956"}],"version-history":[{"count":0,"href":"https:\/\/www.encontrafeiradesantana.com.br\/sobre\/wp-json\/wp\/v2\/posts\/1956\/revisions"}],"wp:featuredmedia":[{"embeddable":true,"href":"https:\/\/www.encontrafeiradesantana.com.br\/sobre\/wp-json\/wp\/v2\/media\/1955"}],"wp:attachment":[{"href":"https:\/\/www.encontrafeiradesantana.com.br\/sobre\/wp-json\/wp\/v2\/media?parent=1956"}],"wp:term":[{"taxonomy":"category","embeddable":true,"href":"https:\/\/www.encontrafeiradesantana.com.br\/sobre\/wp-json\/wp\/v2\/categories?post=1956"},{"taxonomy":"post_tag","embeddable":true,"href":"https:\/\/www.encontrafeiradesantana.com.br\/sobre\/wp-json\/wp\/v2\/tags?post=1956"}],"curies":[{"name":"wp","href":"https:\/\/api.w.org\/{rel}","templated":true}]}}