{"id":1952,"date":"2026-04-20T03:15:35","date_gmt":"2026-04-20T06:15:35","guid":{"rendered":"https:\/\/www.encontrafeiradesantana.com.br\/sobre\/mais-de-mil-pessoas-tem-certidoes-atualizadas-durante-a-semana-do-registre\/"},"modified":"2026-04-20T03:15:35","modified_gmt":"2026-04-20T06:15:35","slug":"mais-de-mil-pessoas-tem-certidoes-atualizadas-durante-a-semana-do-registre","status":"publish","type":"post","link":"https:\/\/www.encontrafeiradesantana.com.br\/sobre\/mais-de-mil-pessoas-tem-certidoes-atualizadas-durante-a-semana-do-registre\/","title":{"rendered":"Mais de mil pessoas t\u00eam certid\u00f5es atualizadas durante a Semana do Registre"},"content":{"rendered":"<div class=\"3f468104ad11f00a3c9ac948316f4265\" data-index=\"1\" style=\"float: none; margin:0px;\">\n<ins class=\"adsbygoogle\"\r\n     style=\"display:block\"\r\n     data-ad-client=\"ca-pub-8585364105181520\"\r\n     data-ad-slot=\"8789329856\"\r\n     data-ad-format=\"auto\"\r\n     data-full-width-responsive=\"true\"><\/ins>\r\n<script>\r\n     (adsbygoogle = window.adsbygoogle || []).push({});\r\n<\/script>\r\n\n<\/div>\n<h2>O que \u00e9 a Semana do Registre-se?<\/h2>\n<p>A Semana do Registre-se \u00e9 uma iniciativa coordenada pelo Governo Federal, que acontece em diversas localidades do pa\u00eds, para facilitar o acesso \u00e0 documenta\u00e7\u00e3o civil b\u00e1sica. Este evento visa promover a cidadania ao permitir que cidad\u00e3os atualizem ou solicitem documentos essenciais como certid\u00f5es de nascimento e casamento, al\u00e9m de carteiras de identidade. A \u00faltima edi\u00e7\u00e3o ocorreu entre os dias 13 e 17 de abril de 2026, mobilizando esfor\u00e7os para combater a falta de registro civil, um problema que afeta muitas pessoas, principalmente aquelas em situa\u00e7\u00f5es de vulnerabilidade social.<\/p>\n<h2>Import\u00e2ncia da atualiza\u00e7\u00e3o de certid\u00f5es<\/h2>\n<p>Atualizar certid\u00f5es \u00e9 fundamental para garantir que os cidad\u00e3os tenham acesso a direitos b\u00e1sicos. Documentos como a certid\u00e3o de nascimento e de casamento s\u00e3o essenciais para registrar uma identidade oficial, solicitar emprego, acessar servi\u00e7os de sa\u00fade e aproveitar benef\u00edcios sociais. Sem esses documentos, o exerc\u00edcio da cidadania \u00e9 prejudicado, tornando a atualiza\u00e7\u00e3o um passo vital para promover a inclus\u00e3o social.<\/p>\n<h2>Resultados da a\u00e7\u00e3o em Feira de Santana<\/h2>\n<p>Durante a Semana do Registre-se em Feira de Santana, um total de 1.031 pessoas tiveram suas certid\u00f5es de nascimento e casamento atualizadas. Em adi\u00e7\u00e3o, cerca de 100 cidad\u00e3os agendaram a emiss\u00e3o de novas carteiras de identidade atrav\u00e9s do Servi\u00e7o de Atendimento ao Cidad\u00e3o (SAC). Essa mobiliza\u00e7\u00e3o demostrou um grande interesse da popula\u00e7\u00e3o em regularizar sua situa\u00e7\u00e3o documental, evidenciando a import\u00e2ncia do evento na comunidade.<\/p>\n<p><img decoding=\"async\" src=\"https:\/\/www.encontrafeiradesantana.com.br\/sobre\/wp-content\/uploads\/2026\/04\/mais-de-mil-pessoas-tem-certidoes-atualizadas-durante-a-semana-do-registre.webp\" alt=\"Semana do Registre-se\" loading=\"lazy\" \/><\/p>\n<h2>Como a Sedeso contribuiu para a inclus\u00e3o social<\/h2>\n<p>A Secretaria Municipal de Desenvolvimento Social (Sedeso) desempenhou um papel fundamental ao ser a porta de entrada para essa iniciativa em Feira de Santana. O trabalho realizado pela Sedeso n\u00e3o s\u00f3 facilitou o acesso a documentos, mas tamb\u00e9m garantiu que pessoas em situa\u00e7\u00f5es vulner\u00e1veis recebam o suporte necess\u00e1rio. Com o atendimento gratuito, a Sedeso mostrou seu compromisso com a inclus\u00e3o social, auxiliando aqueles que frequentemente s\u00e3o invisibilizados e t\u00eam dificuldades para acessar servi\u00e7os essenciais.<\/p>\n<h2>Depoimentos dos participantes<\/h2>\n<p>Os participantes da Semana do Registre-se expressaram sua gratid\u00e3o e satisfa\u00e7\u00e3o. Muitos comentaram sobre a import\u00e2ncia da documenta\u00e7\u00e3o para sua vida pessoal e profissional. Entre as falas, destaca-se a de uma mulher que disse: &#8220;Sem minha certid\u00e3o, eu n\u00e3o consigo trabalhar. Esse evento mudou a minha vida!&#8221; Outro participante afirmou: &#8220;Agrade\u00e7o \u00e0 Sedeso por me ajudar a ter meus documentos em ordem. Agora, posso acessar servi\u00e7os que antes eram imposs\u00edveis.&#8221; Essas experi\u00eancias ilustram como a documenta\u00e7\u00e3o civil \u00e9 crucial para a inclus\u00e3o e cidadania.<\/p>\n<h2>Desafios enfrentados durante a campanha<\/h2>\n<p>Apesar do sucesso da Semana do Registre-se, a a\u00e7\u00e3o enfrentou desafios, como a alta demanda e a necessidade de conscientiza\u00e7\u00e3o da popula\u00e7\u00e3o sobre a import\u00e2ncia da documenta\u00e7\u00e3o. Muitas pessoas n\u00e3o estavam cientes de que poderiam atualizar suas certid\u00f5es gratuitamente ou se sentiam inseguras em buscar esse tipo de servi\u00e7o. A equipe da Sedeso trabalhou arduamente para superar essas barreiras, educando a popula\u00e7\u00e3o e recebendo todos que procuraram ajuda, independente de sua condi\u00e7\u00e3o econ\u00f4mica.<\/p>\n<h2>Impacto nas comunidades vulner\u00e1veis<\/h2>\n<p>O impacto da Semana do Registre-se nas comunidades vulner\u00e1veis foi significativo. Ao facilitar o acesso a documentos, a a\u00e7\u00e3o promoveu uma maior inclus\u00e3o social, permitindo que pessoas antes invis\u00edveis obtivessem reconhecimento e acesso a direitos b\u00e1sicos. Esse tipo de iniciativa ajuda a fortalecer a autoestima dos moradores e a garantir que eles sejam tratados como cidad\u00e3os plenos, construindo uma sociedade mais justa e igualit\u00e1ria.<\/p>\n<h2>Pr\u00f3ximas etapas para emiss\u00e3o de documentos<\/h2>\n<p>Com o sucesso da Semana do Registre-se, a Sedeso planeja continuar oferecendo servi\u00e7os de documenta\u00e7\u00e3o ao longo do ano. O objetivo \u00e9 manter o canal aberto para que aqueles que n\u00e3o puderam participar tenham a chance de regularizar sua situa\u00e7\u00e3o. Agendamentos ser\u00e3o feitos em v\u00e1rias datas, garantindo que o servi\u00e7o permane\u00e7a acess\u00edvel. Al\u00e9m disso, a Sedeso pretende divulgar amplamente as pr\u00f3ximas edi\u00e7\u00f5es, aumentando a conscientiza\u00e7\u00e3o sobre a import\u00e2ncia de estar com a documenta\u00e7\u00e3o em dia.<\/p>\n<h2>Como agilizar o acesso \u00e0 documenta\u00e7\u00e3o civil<\/h2>\n<p>Para que o acesso \u00e0 documenta\u00e7\u00e3o civil seja ainda mais \u00e1gil, a Sedeso est\u00e1 explorando a digitaliza\u00e7\u00e3o de servi\u00e7os. Isso incluir\u00e1 a possibilidade de solicitar documentos pela internet e facilitar o agendamento de atendimentos, tornando o processo mais pr\u00e1tico e reduzindo filas. Outro passo \u00e9 o treinamento de funcion\u00e1rios para oferecer um atendimento ainda mais eficaz e orientado para as necessidades do p\u00fablico.<\/p>\n<h2>Agradecimentos \u00e0 equipe e ao governo local<\/h2>\n<p>\u00c9 fundamental reconhecer o trabalho \u00e1rduo da equipe da Sedeso, dos cart\u00f3rios e do Governo Federal que se uniram para tornar a Semana do Registre-se um sucesso. A dedica\u00e7\u00e3o e o empenho de todos os envolvidos foram essenciais para atender a popula\u00e7\u00e3o de maneira eficaz e digna. Os agradecimentos s\u00e3o extensivos a toda a comunidade que participou, pois sem a procura ativa por parte dos cidad\u00e3os, a a\u00e7\u00e3o n\u00e3o teria o mesmo impacto.<\/p>\n\n<div style=\"font-size: 0px; height: 0px; line-height: 0px; margin: 0; padding: 0; clear: both;\"><\/div>","protected":false},"excerpt":{"rendered":"<p>Registre-se em Feira de Santana trouxe atualiza\u00e7\u00e3o de mais de mil certid\u00f5es essenciais.<\/p>\n","protected":false},"author":1,"featured_media":1951,"comment_status":"open","ping_status":"closed","sticky":false,"template":"","format":"standard","meta":{"footnotes":""},"categories":[6],"tags":[],"class_list":["post-1952","post","type-post","status-publish","format-standard","has-post-thumbnail","hentry","category-noticias-em-feira-de-santana","has_thumb"],"aioseo_notices":[],"_links":{"self":[{"href":"https:\/\/www.encontrafeiradesantana.com.br\/sobre\/wp-json\/wp\/v2\/posts\/1952","targetHints":{"allow":["GET"]}}],"collection":[{"href":"https:\/\/www.encontrafeiradesantana.com.br\/sobre\/wp-json\/wp\/v2\/posts"}],"about":[{"href":"https:\/\/www.encontrafeiradesantana.com.br\/sobre\/wp-json\/wp\/v2\/types\/post"}],"author":[{"embeddable":true,"href":"https:\/\/www.encontrafeiradesantana.com.br\/sobre\/wp-json\/wp\/v2\/users\/1"}],"replies":[{"embeddable":true,"href":"https:\/\/www.encontrafeiradesantana.com.br\/sobre\/wp-json\/wp\/v2\/comments?post=1952"}],"version-history":[{"count":0,"href":"https:\/\/www.encontrafeiradesantana.com.br\/sobre\/wp-json\/wp\/v2\/posts\/1952\/revisions"}],"wp:featuredmedia":[{"embeddable":true,"href":"https:\/\/www.encontrafeiradesantana.com.br\/sobre\/wp-json\/wp\/v2\/media\/1951"}],"wp:attachment":[{"href":"https:\/\/www.encontrafeiradesantana.com.br\/sobre\/wp-json\/wp\/v2\/media?parent=1952"}],"wp:term":[{"taxonomy":"category","embeddable":true,"href":"https:\/\/www.encontrafeiradesantana.com.br\/sobre\/wp-json\/wp\/v2\/categories?post=1952"},{"taxonomy":"post_tag","embeddable":true,"href":"https:\/\/www.encontrafeiradesantana.com.br\/sobre\/wp-json\/wp\/v2\/tags?post=1952"}],"curies":[{"name":"wp","href":"https:\/\/api.w.org\/{rel}","templated":true}]}}