{"id":1950,"date":"2026-04-20T03:14:30","date_gmt":"2026-04-20T06:14:30","guid":{"rendered":"https:\/\/www.encontrafeiradesantana.com.br\/sobre\/prefeitura-de-feira-de-santana-atualiza-mapa-da-rede-de-protecao-social-basica\/"},"modified":"2026-04-20T03:14:30","modified_gmt":"2026-04-20T06:14:30","slug":"prefeitura-de-feira-de-santana-atualiza-mapa-da-rede-de-protecao-social-basica","status":"publish","type":"post","link":"https:\/\/www.encontrafeiradesantana.com.br\/sobre\/prefeitura-de-feira-de-santana-atualiza-mapa-da-rede-de-protecao-social-basica\/","title":{"rendered":"Prefeitura de Feira de Santana atualiza mapa da rede de prote\u00e7\u00e3o social b\u00e1sica"},"content":{"rendered":"<div class=\"3f468104ad11f00a3c9ac948316f4265\" data-index=\"1\" style=\"float: none; margin:0px;\">\n<ins class=\"adsbygoogle\"\r\n     style=\"display:block\"\r\n     data-ad-client=\"ca-pub-8585364105181520\"\r\n     data-ad-slot=\"8789329856\"\r\n     data-ad-format=\"auto\"\r\n     data-full-width-responsive=\"true\"><\/ins>\r\n<script>\r\n     (adsbygoogle = window.adsbygoogle || []).push({});\r\n<\/script>\r\n\n<\/div>\n<h2>Nova Resolu\u00e7\u00e3o e Seus Impactos<\/h2>\n<p>No dia 15 de abril de 2026, a Prefeitura de Feira de Santana, por meio de sua Secretaria Municipal de Desenvolvimento Social, implementou a Resolu\u00e7\u00e3o n\u00ba 08\/2026. Esta resolu\u00e7\u00e3o trata da atualiza\u00e7\u00e3o do Mapa Territorial da Rede de Prote\u00e7\u00e3o Social B\u00e1sica, visando aprimorar os servi\u00e7os disponibilizados pelos Centros de Refer\u00eancia de Assist\u00eancia Social (CRAS). Este movimento foi aprovado pelo Conselho Municipal de Assist\u00eancia Social e busca ajustar a cobertura territorial dos servi\u00e7os socioassistenciais oferecidos na regi\u00e3o.<\/p>\n<h2>Objetivos da Atualiza\u00e7\u00e3o do Mapa<\/h2>\n<p>A atualiza\u00e7\u00e3o do Mapa Territorial \u00e9 uma a\u00e7\u00e3o que tem como principal meta garantir que as fam\u00edlias em situa\u00e7\u00e3o de vulnerabilidade possam receber servi\u00e7os mais eficazes e pr\u00f3ximos de suas resid\u00eancias. Essa reorganiza\u00e7\u00e3o \u00e9 direcionada ao fortalecimento das estruturas de atendimento oferecidas pelos CRAS, trazendo um impacto positivo na vida das comunidades atendidas.<\/p>\n<h2>A Import\u00e2ncia dos CRAS<\/h2>\n<p>Os Centros de Refer\u00eancia de Assist\u00eancia Social s\u00e3o fundamentais para a execu\u00e7\u00e3o de pol\u00edticas p\u00fablicas que visam \u00e0 prote\u00e7\u00e3o social e ao fortalecimento de v\u00ednculos familiares e comunit\u00e1rios. Eles atuam como um ponto de apoio, oferecendo desde orienta\u00e7\u00f5es at\u00e9 servi\u00e7os especializados, sempre de acordo com as necessidades dos cidad\u00e3os. A atualiza\u00e7\u00e3o do mapa permite que esses centros se ajustem \u00e0s din\u00e2micas sociais locais, atendendo de maneira mais adequada a sua popula\u00e7\u00e3o.<\/p>\n<p><img decoding=\"async\" src=\"https:\/\/www.encontrafeiradesantana.com.br\/sobre\/wp-content\/uploads\/2026\/04\/prefeitura-de-feira-de-santana-atualiza-mapa-da-rede-de-protecao-social-basica.webp\" alt=\"mapa da rede de prote\u00e7\u00e3o social b\u00e1sica\" loading=\"lazy\" \/><\/p>\n<h2>Mudan\u00e7as na Abrang\u00eancia do CRAS Pampalona<\/h2>\n<p>Entre as atualiza\u00e7\u00f5es, destaca-se a reestrutura\u00e7\u00e3o da \u00e1rea de abrang\u00eancia do CRAS Pampalona, localizado na Rua Amaralina. Agora, essa unidade amplia seu atendimento para incluir diversas localidades, como Asa Branca I e II, Gabriela, Campo do Gado Novo, al\u00e9m de outros conjuntos habitacionais da regi\u00e3o. Com essa expans\u00e3o, o CRAS se torna uma refer\u00eancia ainda mais acess\u00edvel, beneficiando fam\u00edlias que antes estavam distantes dos servi\u00e7os de assist\u00eancia social.<\/p>\n<h2>Acompanhamento do Crescimento Urbano<\/h2>\n<p>A revis\u00e3o do mapa territorial foi realizada com a consci\u00eancia do crescimento urbano que a cidade de Feira de Santana vem experimentando. Este crescimento exige uma adapta\u00e7\u00e3o dos servi\u00e7os p\u00fablicos, especialmente na \u00e1rea social. O objetivo \u00e9 garantir que ningu\u00e9m fique desamparado e que todos os servi\u00e7os sejam entregues de forma eficaz, refletindo as necessidades da popula\u00e7\u00e3o em expans\u00e3o.<\/p>\n<h2>Alinhamento com Pol\u00edticas Nacionais<\/h2>\n<p>A atualiza\u00e7\u00e3o da rede de prote\u00e7\u00e3o social est\u00e1 em conformidade com as diretrizes estabelecidas pela Pol\u00edtica Nacional de Assist\u00eancia Social (PNAS) e pelo Sistema \u00danico de Assist\u00eancia Social (SUAS). Essa adequa\u00e7\u00e3o demonstra o compromisso do governo municipal em fortalecer a cidadania e minimizar as desigualdades sociais, seguindo as orienta\u00e7\u00f5es nacionais sobre a assist\u00eancia social.<\/p>\n<h2>Refor\u00e7o no Atendimento a Fam\u00edlias Vulner\u00e1veis<\/h2>\n<p>Com a implementa\u00e7\u00e3o da nova resolu\u00e7\u00e3o, ser\u00e1 poss\u00edvel oferecer um atendimento mais pr\u00f3ximo e mais eficiente \u00e0s fam\u00edlias em situa\u00e7\u00e3o de vulnerabilidade. O esfor\u00e7o da Secretaria Municipal de Desenvolvimento Social \u00e9 garantir que os servi\u00e7os sejam acess\u00edveis a todos, priorizando principalmente aqueles que mais necessitam de apoio e assist\u00eancia, promover o desenvolvimento humano e social da popula\u00e7\u00e3o.<\/p>\n<h2>Consultas ao Mapa Atualizado<\/h2>\n<p>A nova configura\u00e7\u00e3o da rede de prote\u00e7\u00e3o social b\u00e1sica j\u00e1 pode ser consultada integralmente pelo p\u00fablico no Di\u00e1rio Oficial do Munic\u00edpio. A abertura de acesso a esses documentos \u00e9 uma estrat\u00e9gia para promover a transpar\u00eancia e permitir que a popula\u00e7\u00e3o esteja informada sobre as mudan\u00e7as e melhorias implementadas nos servi\u00e7os de assist\u00eancia social.<\/p>\n<h2>A\u00e7\u00f5es Estrat\u00e9gicas da Secretaria Municipal<\/h2>\n<p>A Secretaria Municipal de Desenvolvimento Social est\u00e1 comprometida em executar a\u00e7\u00f5es estrat\u00e9gicas que se alinhem com a revis\u00e3o do mapa. Isto inclui a capacita\u00e7\u00e3o de funcion\u00e1rios, a otimiza\u00e7\u00e3o dos recursos dispon\u00edveis e a melhoria cont\u00ednua nos servi\u00e7os prestados. Essas a\u00e7\u00f5es visam garantir que a rede de atendimento n\u00e3o apenas cres\u00e7a em cobertura, mas tamb\u00e9m em qualidade e efetividade.<\/p>\n<h2>Compromisso com a Redu\u00e7\u00e3o das Desigualdades<\/h2>\n<p>Por meio da atualiza\u00e7\u00e3o da rede de prote\u00e7\u00e3o social, a gest\u00e3o municipal reafirma seu compromisso com a diminui\u00e7\u00e3o das desigualdades sociais. O fortalecimento dos CRAS e a amplia\u00e7\u00e3o do acesso aos servi\u00e7os de assist\u00eancia n\u00e3o apenas ajudam a melhorar a qualidade de vida das fam\u00edlias, mas tamb\u00e9m promovem um ambiente de maior equidade, onde todos t\u00eam a chance de serem atendidos e assistidos de forma digna.<\/p>\n\n<div style=\"font-size: 0px; height: 0px; line-height: 0px; margin: 0; padding: 0; clear: both;\"><\/div>","protected":false},"excerpt":{"rendered":"<p>Feira de Santana atualiza mapa da rede de prote\u00e7\u00e3o social e fortalece servi\u00e7os essencial.<\/p>\n","protected":false},"author":1,"featured_media":1949,"comment_status":"open","ping_status":"closed","sticky":false,"template":"","format":"standard","meta":{"footnotes":""},"categories":[6],"tags":[],"class_list":["post-1950","post","type-post","status-publish","format-standard","has-post-thumbnail","hentry","category-noticias-em-feira-de-santana","has_thumb"],"aioseo_notices":[],"_links":{"self":[{"href":"https:\/\/www.encontrafeiradesantana.com.br\/sobre\/wp-json\/wp\/v2\/posts\/1950","targetHints":{"allow":["GET"]}}],"collection":[{"href":"https:\/\/www.encontrafeiradesantana.com.br\/sobre\/wp-json\/wp\/v2\/posts"}],"about":[{"href":"https:\/\/www.encontrafeiradesantana.com.br\/sobre\/wp-json\/wp\/v2\/types\/post"}],"author":[{"embeddable":true,"href":"https:\/\/www.encontrafeiradesantana.com.br\/sobre\/wp-json\/wp\/v2\/users\/1"}],"replies":[{"embeddable":true,"href":"https:\/\/www.encontrafeiradesantana.com.br\/sobre\/wp-json\/wp\/v2\/comments?post=1950"}],"version-history":[{"count":0,"href":"https:\/\/www.encontrafeiradesantana.com.br\/sobre\/wp-json\/wp\/v2\/posts\/1950\/revisions"}],"wp:featuredmedia":[{"embeddable":true,"href":"https:\/\/www.encontrafeiradesantana.com.br\/sobre\/wp-json\/wp\/v2\/media\/1949"}],"wp:attachment":[{"href":"https:\/\/www.encontrafeiradesantana.com.br\/sobre\/wp-json\/wp\/v2\/media?parent=1950"}],"wp:term":[{"taxonomy":"category","embeddable":true,"href":"https:\/\/www.encontrafeiradesantana.com.br\/sobre\/wp-json\/wp\/v2\/categories?post=1950"},{"taxonomy":"post_tag","embeddable":true,"href":"https:\/\/www.encontrafeiradesantana.com.br\/sobre\/wp-json\/wp\/v2\/tags?post=1950"}],"curies":[{"name":"wp","href":"https:\/\/api.w.org\/{rel}","templated":true}]}}