{"id":1946,"date":"2026-04-19T03:15:16","date_gmt":"2026-04-19T06:15:16","guid":{"rendered":"https:\/\/www.encontrafeiradesantana.com.br\/sobre\/sedeso-marcara-presenca-em-mais-uma-edicao-do-feira-em-acao-no-distrito-de-jaiba\/"},"modified":"2026-04-19T03:15:16","modified_gmt":"2026-04-19T06:15:16","slug":"sedeso-marcara-presenca-em-mais-uma-edicao-do-feira-em-acao-no-distrito-de-jaiba","status":"publish","type":"post","link":"https:\/\/www.encontrafeiradesantana.com.br\/sobre\/sedeso-marcara-presenca-em-mais-uma-edicao-do-feira-em-acao-no-distrito-de-jaiba\/","title":{"rendered":"SEDESO marcar\u00e1 presen\u00e7a em mais uma edi\u00e7\u00e3o do Feira em A\u00e7\u00e3o no distrito de Ja\u00edba"},"content":{"rendered":"<div class=\"3f468104ad11f00a3c9ac948316f4265\" data-index=\"1\" style=\"float: none; margin:0px;\">\n<ins class=\"adsbygoogle\"\r\n     style=\"display:block\"\r\n     data-ad-client=\"ca-pub-8585364105181520\"\r\n     data-ad-slot=\"8789329856\"\r\n     data-ad-format=\"auto\"\r\n     data-full-width-responsive=\"true\"><\/ins>\r\n<script>\r\n     (adsbygoogle = window.adsbygoogle || []).push({});\r\n<\/script>\r\n\n<\/div>\n<h2>O que \u00e9 o Feira em A\u00e7\u00e3o?<\/h2>\n<p>O Feira em A\u00e7\u00e3o \u00e9 uma iniciativa que visa facilitar o acesso da popula\u00e7\u00e3o aos servi\u00e7os p\u00fablicos, especialmente para aqueles que vivem em \u00e1reas rurais. Este projeto \u00e9 promovido pela Secretaria de Desenvolvimento Social (SEDESO) e tem como foco trazer atendimento e assist\u00eancia diretamente \u00e0s comunidades, garantindo que os cidad\u00e3os possam usufruir de servi\u00e7os essenciais, como sa\u00fade e bem-estar.<\/p>\n<h2>Servi\u00e7os Oferecidos pela SEDESO<\/h2>\n<p>No dia 25 de abril de 2026, no distrito de Ja\u00edba, a SEDESO estar\u00e1 presente no Feira em A\u00e7\u00e3o e oferecer\u00e1 uma s\u00e9rie de atendimentos de grande import\u00e2ncia. Entre os servi\u00e7os dispon\u00edveis, destacam-se:<\/p>\n<ul>\n<li><strong>Corte de cabelo:<\/strong> Servi\u00e7o de beleza gratuito para a popula\u00e7\u00e3o.<\/li>\n<li><strong>Confec\u00e7\u00e3o de turbantes:<\/strong> Uma oportunidade para promover a cultura e a moda local.<\/li>\n<li><strong>Cadastramento e atualiza\u00e7\u00e3o do Cadastro \u00danico (Cad\u00danico):<\/strong> Essencial para acesso a programas sociais como o Bolsa Fam\u00edlia.<\/li>\n<\/ul>\n<p>Esses servi\u00e7os s\u00e3o fundamentais, uma vez que visam atender as necessidades imediatas da popula\u00e7\u00e3o e facilitar a inclus\u00e3o em programas sociais que oferecem suporte financeiro.<\/p>\n<p><img decoding=\"async\" src=\"https:\/\/www.encontrafeiradesantana.com.br\/sobre\/wp-content\/uploads\/2026\/04\/sedeso-marcara-presenca-em-mais-uma-edicao-do-feira-em-acao-no-distrito-de-jaiba.webp\" alt=\"SEDESO Feira em A\u00e7\u00e3o\" loading=\"lazy\" \/><\/p>\n<h2>Benef\u00edcios do Cadastro \u00danico<\/h2>\n<p>O Cadastro \u00danico \u00e9 um sistema fundamental para a inclus\u00e3o social, pois permite que fam\u00edlias de baixa renda acessem diversos programas oferecidos pelo Governo Federal. Os principais benef\u00edcios do Cad\u00danico incluem:<\/p>\n<ul>\n<li><strong>Acesso a Programas Governamentais:<\/strong> O Cad\u00danico \u00e9 a porta de entrada para programas como o Bolsa Fam\u00edlia.<\/li>\n<li><strong>Facilidade na Consulta de Benef\u00edcios:<\/strong> Com o Cadastro \u00danico, \u00e9 mais simples verificar quais programas est\u00e3o dispon\u00edveis.<\/li>\n<li><strong>Instrumento de Planejamento:<\/strong> Ajuda o governo a elaborar pol\u00edticas p\u00fablicas mais eficazes, conhecendo a realidade das fam\u00edlias.<\/li>\n<\/ul>\n<p>Ao participar do Feira em A\u00e7\u00e3o e se cadastrar ou atualizar suas informa\u00e7\u00f5es, os cidad\u00e3os garantem acesso a essa rede de apoio que pode transformar suas vidas.<\/p>\n<h2>A Import\u00e2ncia da Inclus\u00e3o Social<\/h2>\n<p>A inclus\u00e3o social \u00e9 um dos pilares fundamentais de uma sociedade justa. O Feira em A\u00e7\u00e3o atua nesse sentido, promovendo igualdade de oportunidades para todos, principalmente para aqueles que se encontram em situa\u00e7\u00e3o vulner\u00e1vel. Atrav\u00e9s dessa iniciativa, a SEDESO busca:<\/p>\n<ul>\n<li><strong>Reduzir Desigualdades:<\/strong> Proporcionar servi\u00e7os a quem mais precisa, diminuindo a lacuna de acesso.<\/li>\n<li><strong>Promover a Dignidade:<\/strong> Atender a popula\u00e7\u00e3o com respeito, dignidade e solidariedade.<\/li>\n<li><strong>Fortalecer a Comunidade:<\/strong> Aplicar servi\u00e7os diretamente nas comunidades ajuda a construir la\u00e7os e cinzelar a identidade local.<\/li>\n<\/ul>\n<p>Iniciativas como o Feira em A\u00e7\u00e3o n\u00e3o apenas oferecem servi\u00e7os, mas tamb\u00e9m refor\u00e7am a import\u00e2ncia de um Estado presente e ativo nas quest\u00f5es sociais.<\/p>\n<h2>Cidadania e Direitos Acess\u00edveis<\/h2>\n<p>Acesso aos direitos b\u00e1sicos \u00e9 um aspecto crucial da cidadania. O Feira em A\u00e7\u00e3o visa garantir que todos os cidad\u00e3os, independentemente de sua situa\u00e7\u00e3o econ\u00f4mica, tenham acesso aos servi\u00e7os fundamentais de maneira acess\u00edvel. Isso \u00e9 alcan\u00e7ado atrav\u00e9s de v\u00e1rias a\u00e7\u00f5es:<\/p>\n<ul>\n<li><strong>Atendimento Personalizado:<\/strong> Os cidad\u00e3os podem receber atendimentos que atendam suas necessidades espec\u00edficas.<\/li>\n<li><strong>Informa\u00e7\u00e3o Facilitada:<\/strong> O evento proporciona um espa\u00e7o para que as pessoas tirem suas d\u00favidas sobre servi\u00e7os e programas sociais.<\/li>\n<li><strong>Engajamento C\u00edvico:<\/strong> Atrav\u00e9s desse contato direto, a popula\u00e7\u00e3o \u00e9 incentivada a se envolver mais ativamente na sociedade.<\/li>\n<\/ul>\n<h2>Como Participar do Evento<\/h2>\n<p>Participar do Feira em A\u00e7\u00e3o \u00e9 simples e acess\u00edvel a toda a comunidade. Para aqueles que desejam usufruir dos servi\u00e7os oferecidos, basta comparecer no local e hor\u00e1rio determinados. O evento ocorrer\u00e1 no seguinte local:<\/p>\n<ul>\n<li><strong>Data:<\/strong> 25 de abril de 2026<\/li>\n<li><strong>Hor\u00e1rio:<\/strong> Das 7h \u00e0s 13h<\/li>\n<li><strong>Local:<\/strong> Escola Municipal 15 de Novembro, distrito de Ja\u00edba<\/li>\n<\/ul>\n<p>A participa\u00e7\u00e3o \u00e9 gratuita e n\u00e3o requer inscri\u00e7\u00e3o pr\u00e9via. Todos s\u00e3o bem-vindos!<\/p>\n<h2>Depoimentos da Comunidade<\/h2>\n<p>Os depoimentos de participantes de edi\u00e7\u00f5es anteriores do Feira em A\u00e7\u00e3o mostram o impacto positivo que o evento tem na vida das pessoas. Muitos relatam uma melhoria significativa em sua qualidade de vida ap\u00f3s terem acesso aos servi\u00e7os oferecidos. Alguns pontos destacados incluem:<\/p>\n<ul>\n<li><strong>Reconhecimento de Direitos:<\/strong> \u201cNunca soube que tinha direito ao Bolsa Fam\u00edlia. O cadastro mudou nossa vida.\u201d<\/li>\n<li><strong>Sentimento de Pertencimento:<\/strong> \u201cEsse evento nos faz sentir que somos vistos e ouvidos.\u201d<\/li>\n<li><strong>Apoio Comunit\u00e1rio:<\/strong> \u201cAconselhamento e servi\u00e7os nos ajudam a entender melhor nossas op\u00e7\u00f5es.\u201d<\/li>\n<\/ul>\n<p>Esses depoimentos fortalecem a import\u00e2ncia do evento e sua relev\u00e2ncia para a comunidade.<\/p>\n<h2>A\u00e7\u00f5es Passadas da SEDESO<\/h2>\n<p>A SEDESO j\u00e1 realizou diversas edi\u00e7\u00f5es do Feira em A\u00e7\u00e3o em diferentes regi\u00f5es, sempre com a proposta de aproximar os servi\u00e7os sociais da popula\u00e7\u00e3o. Cada evento tem sua hist\u00f3ria e contribui\u00e7\u00e3o, com in\u00fameras pessoas beneficiadas. Dentre as a\u00e7\u00f5es anteriores, podemos destacar:<\/p>\n<ul>\n<li><strong>Atendimentos em Sa\u00fade:<\/strong> Realiza\u00e7\u00e3o de campanhas de vacina\u00e7\u00e3o e sa\u00fade preventiva.<\/li>\n<li><strong>Oficinas de Capacita\u00e7\u00e3o:<\/strong> Cursos e oficinas que ajudam a qualificar os cidad\u00e3os para o mercado de trabalho.<\/li>\n<li><strong>Eventos Culturais:<\/strong> Fomentar a cultura local com apresenta\u00e7\u00f5es art\u00edsticas e manifesta\u00e7\u00f5es culturais.<\/li>\n<\/ul>\n<p>Atrav\u00e9s dessas experi\u00eancias passadas, a SEDESO aprimora suas abordagens, promovendo um evento cada vez mais completo e enriquecedor.<\/p>\n<h2>Compromisso com a Popula\u00e7\u00e3o Local<\/h2>\n<p>A presen\u00e7a da SEDESO no Feira em A\u00e7\u00e3o reflete o compromisso cont\u00ednuo com as necessidades da popula\u00e7\u00e3o. A secretaria acredita que \u00e9 essencial ouvir e entender os desafios enfrentados por diferentes comunidades. Assim, promove a\u00e7\u00f5es que visam dar suporte e incentivo ao desenvolvimento local. A secret\u00e1ria de Desenvolvimento Social, Gerusa Sampaio, ressalta o objetivo da SEDESO:<\/p>\n<p>\u201cNosso compromisso \u00e9 garantir que todos tenham acesso aos seus direitos de forma humanizada e acess\u00edvel. Queremos ser um pilar para a comunidade, apoiando a melhoria da qualidade de vida das pessoas.\u201d<\/p>\n<p>Em s\u00edntese, o Feira em A\u00e7\u00e3o \u00e9 mais do que um evento; \u00e9 uma grande oportunidade para transformar vidas e fortalecer comunidades.<\/p>\n\n<div style=\"font-size: 0px; height: 0px; line-height: 0px; margin: 0; padding: 0; clear: both;\"><\/div>","protected":false},"excerpt":{"rendered":"<p>SEDESO est\u00e1 trazendo servi\u00e7os essenciais ao Feira em A\u00e7\u00e3o no Ja\u00edba.<\/p>\n","protected":false},"author":1,"featured_media":1945,"comment_status":"open","ping_status":"closed","sticky":false,"template":"","format":"standard","meta":{"footnotes":""},"categories":[6],"tags":[],"class_list":["post-1946","post","type-post","status-publish","format-standard","has-post-thumbnail","hentry","category-noticias-em-feira-de-santana","has_thumb"],"aioseo_notices":[],"_links":{"self":[{"href":"https:\/\/www.encontrafeiradesantana.com.br\/sobre\/wp-json\/wp\/v2\/posts\/1946","targetHints":{"allow":["GET"]}}],"collection":[{"href":"https:\/\/www.encontrafeiradesantana.com.br\/sobre\/wp-json\/wp\/v2\/posts"}],"about":[{"href":"https:\/\/www.encontrafeiradesantana.com.br\/sobre\/wp-json\/wp\/v2\/types\/post"}],"author":[{"embeddable":true,"href":"https:\/\/www.encontrafeiradesantana.com.br\/sobre\/wp-json\/wp\/v2\/users\/1"}],"replies":[{"embeddable":true,"href":"https:\/\/www.encontrafeiradesantana.com.br\/sobre\/wp-json\/wp\/v2\/comments?post=1946"}],"version-history":[{"count":0,"href":"https:\/\/www.encontrafeiradesantana.com.br\/sobre\/wp-json\/wp\/v2\/posts\/1946\/revisions"}],"wp:featuredmedia":[{"embeddable":true,"href":"https:\/\/www.encontrafeiradesantana.com.br\/sobre\/wp-json\/wp\/v2\/media\/1945"}],"wp:attachment":[{"href":"https:\/\/www.encontrafeiradesantana.com.br\/sobre\/wp-json\/wp\/v2\/media?parent=1946"}],"wp:term":[{"taxonomy":"category","embeddable":true,"href":"https:\/\/www.encontrafeiradesantana.com.br\/sobre\/wp-json\/wp\/v2\/categories?post=1946"},{"taxonomy":"post_tag","embeddable":true,"href":"https:\/\/www.encontrafeiradesantana.com.br\/sobre\/wp-json\/wp\/v2\/tags?post=1946"}],"curies":[{"name":"wp","href":"https:\/\/api.w.org\/{rel}","templated":true}]}}