{"id":1938,"date":"2026-04-17T03:16:24","date_gmt":"2026-04-17T06:16:24","guid":{"rendered":"https:\/\/www.encontrafeiradesantana.com.br\/sobre\/prefeitura-divulga-lista-de-26-mil-servidores-aptos-a-receber-precatorios-do-fundef-em-feira-de-santana\/"},"modified":"2026-04-17T03:16:24","modified_gmt":"2026-04-17T06:16:24","slug":"prefeitura-divulga-lista-de-26-mil-servidores-aptos-a-receber-precatorios-do-fundef-em-feira-de-santana","status":"publish","type":"post","link":"https:\/\/www.encontrafeiradesantana.com.br\/sobre\/prefeitura-divulga-lista-de-26-mil-servidores-aptos-a-receber-precatorios-do-fundef-em-feira-de-santana\/","title":{"rendered":"Prefeitura divulga lista de 2,6 mil servidores aptos a receber precat\u00f3rios do Fundef em Feira de Santana"},"content":{"rendered":"<div class=\"3f468104ad11f00a3c9ac948316f4265\" data-index=\"1\" style=\"float: none; margin:0px;\">\n<ins class=\"adsbygoogle\"\r\n     style=\"display:block\"\r\n     data-ad-client=\"ca-pub-8585364105181520\"\r\n     data-ad-slot=\"8789329856\"\r\n     data-ad-format=\"auto\"\r\n     data-full-width-responsive=\"true\"><\/ins>\r\n<script>\r\n     (adsbygoogle = window.adsbygoogle || []).push({});\r\n<\/script>\r\n\n<\/div>\n<h2>Quem S\u00e3o os Servidores Aprovados?<\/h2>\n<p>A Prefeitura de Feira de Santana anunciou recentemente a rela\u00e7\u00e3o de 2.614 servidores p\u00fablicos que est\u00e3o habilitados a receber compensa\u00e7\u00f5es financeiras resultantes dos precat\u00f3rios do Fundef. Essa lista abrange majoritariamente educadores, que fazem parte de mais de 99% dos benefici\u00e1rios, e inclui tamb\u00e9m secret\u00e1rios escolares e especialistas de educa\u00e7\u00e3o. Para se qualificarem, os profissionais da educa\u00e7\u00e3o devem ter exercido suas fun\u00e7\u00f5es durante o per\u00edodo entre janeiro de 1997 e dezembro de 2006.<\/p>\n<h2>O Que S\u00e3o Precat\u00f3rios?<\/h2>\n<p>Precat\u00f3rios s\u00e3o ordens judiciais que determinam o pagamento de d\u00edvidas executivas que o governo (seja federal, estadual ou municipal) tem para com seus cidad\u00e3os, resultantes de condena\u00e7\u00f5es judiciais definitivas. Assim, as verbas s\u00e3o liberadas para que o governo quite suas obriga\u00e7\u00f5es financeiras, geralmente relacionadas a quest\u00f5es trabalhistas ou de direitos de propriedade e valores devidos.<\/p>\n<h2>Como A Lista Foi Criada?<\/h2>\n<p>A forma\u00e7\u00e3o da lista de servidores aptos a receber os valores referentes aos precat\u00f3rios foi realizada pela gest\u00e3o municipal, seguindo crit\u00e9rios estabelecidos pela legisla\u00e7\u00e3o vigente sobre os precat\u00f3rios do Fundef. A lista foi divulgada em uma edi\u00e7\u00e3o extra do Di\u00e1rio Oficial do Munic\u00edpio, permitindo que todos os envolvidos possam verificar sua inclus\u00e3o e a validade do cr\u00e9dito a ser recebido.<\/p>\n<p><img decoding=\"async\" src=\"https:\/\/www.encontrafeiradesantana.com.br\/sobre\/wp-content\/uploads\/2026\/04\/prefeitura-divulga-lista-de-2-6-mil-servidores-aptos-a-receber-precatorios-do-fundef-em-feira-de-san.webp\" alt=\"servidores aptos a receber precat\u00f3rios na Bahia\" loading=\"lazy\" \/><\/p>\n<h2>Prazo Para Recurso Administrativo<\/h2>\n<p>Os servidores que identificarem inconformidades ou erros na lista t\u00eam um prazo de tr\u00eas dias a partir da data de publica\u00e7\u00e3o para apresentar um pedido de recurso administrativo. A documenta\u00e7\u00e3o deve ser protocolada pessoalmente na Secretaria Municipal de Administra\u00e7\u00e3o, que se localiza na Avenida Sampaio, n\u00ba 344, Centro de Feira de Santana, no hor\u00e1rio das 9h \u00e0s 17h.<\/p>\n<h2>Direitos dos Servidores Envolvidos<\/h2>\n<p>Os profissionais da educa\u00e7\u00e3o t\u00eam o direito a receber os valores dos precat\u00f3rios caso preencham as condi\u00e7\u00f5es estipuladas, que incluem a atua\u00e7\u00e3o em escolas municipais durante o per\u00edodo correspondente. \u00c9 fundamental que cada servidor mantenha-se informado sobre seus direitos e busque orienta\u00e7\u00f5es para garantir que recebam o que \u00e9 devido.<\/p>\n<h2>Impacto Financeiro Para os Beneficiados<\/h2>\n<p>A libera\u00e7\u00e3o dos precat\u00f3rios do Fundef representa uma importante inje\u00e7\u00e3o financeira para os servidores beneficiados, j\u00e1 que muitos desses valores podem contribuir significativamente para as finan\u00e7as pessoais, possibilitando investimentos em educa\u00e7\u00e3o continuada, melhorias em condi\u00e7\u00f5es de vida e at\u00e9 aquisi\u00e7\u00f5es de bens.<\/p>\n<h2>Hist\u00f3rico de Precat\u00f3rios na Bahia<\/h2>\n<p>Na Bahia, o hist\u00f3rico de precat\u00f3rios \u00e9 uma quest\u00e3o que vem sendo discutida e acompanhada com aten\u00e7\u00e3o. Diversas esferas do governo t\u00eam trabalhado para regularizar e agilizar os pagamentos, buscando atender \u00e0 justi\u00e7a e honrar os direitos dos cidad\u00e3os. A implementa\u00e7\u00e3o de estrat\u00e9gias para otimiza\u00e7\u00e3o de recursos e pagamentos tem sido uma prioridade nas administra\u00e7\u00f5es municipais e estaduais.<\/p>\n<h2>A Import\u00e2ncia da Transpar\u00eancia P\u00fablica<\/h2>\n<p>A divulga\u00e7\u00e3o da lista de servidores aptos a receber precat\u00f3rios representa um avan\u00e7o em termos de transpar\u00eancia. A sociedade e os cidad\u00e3os t\u00eam o direito de conhecer a fundo quais s\u00e3o as a\u00e7\u00f5es do governo e, principalmente, como essas a\u00e7\u00f5es impactam seu dia a dia. A abertura de informa\u00e7\u00f5es sobre os precat\u00f3rios permite que os servidores se sintam mais seguros e confiantes sobre a legalidade e o correto andamento do processo.<\/p>\n<h2>Consultando a Lista de Servidores<\/h2>\n<p>A consulta \u00e0 lista de servidores \u00e9 um passo importante para que cada profissional da educa\u00e7\u00e3o saiba se est\u00e1 entre os beneficiados. A lista pode ser acessada no site oficial da Prefeitura de Feira de Santana, no Di\u00e1rio Oficial do Munic\u00edpio, permitindo que todos verifiquem a sua situa\u00e7\u00e3o com facilidade.<\/p>\n<h2>Pr\u00f3ximos Passos Ap\u00f3s a Divulga\u00e7\u00e3o<\/h2>\n<p>Ap\u00f3s a publica\u00e7\u00e3o da lista, o passo seguinte para os servidores \u00e9 avaliar sua inclus\u00e3o e, se necess\u00e1rio, apresentar quaisquer recursos dentro do prazo estabelecido. Em caso de d\u00favida, \u00e9 aconselh\u00e1vel que eles procurem a Secretaria Municipal de Administra\u00e7\u00e3o para esclarecimentos e orienta\u00e7\u00f5es sobre o processo, garantindo que todas as etapas sejam seguidas corretamente.<\/p>\n\n<div style=\"font-size: 0px; height: 0px; line-height: 0px; margin: 0; padding: 0; clear: both;\"><\/div>","protected":false},"excerpt":{"rendered":"<p>Prefeitura divulga lista de servidores aptos a receber precat\u00f3rios na Bahia.<\/p>\n","protected":false},"author":1,"featured_media":1937,"comment_status":"open","ping_status":"closed","sticky":false,"template":"","format":"standard","meta":{"footnotes":""},"categories":[6],"tags":[],"class_list":["post-1938","post","type-post","status-publish","format-standard","has-post-thumbnail","hentry","category-noticias-em-feira-de-santana","has_thumb"],"aioseo_notices":[],"_links":{"self":[{"href":"https:\/\/www.encontrafeiradesantana.com.br\/sobre\/wp-json\/wp\/v2\/posts\/1938","targetHints":{"allow":["GET"]}}],"collection":[{"href":"https:\/\/www.encontrafeiradesantana.com.br\/sobre\/wp-json\/wp\/v2\/posts"}],"about":[{"href":"https:\/\/www.encontrafeiradesantana.com.br\/sobre\/wp-json\/wp\/v2\/types\/post"}],"author":[{"embeddable":true,"href":"https:\/\/www.encontrafeiradesantana.com.br\/sobre\/wp-json\/wp\/v2\/users\/1"}],"replies":[{"embeddable":true,"href":"https:\/\/www.encontrafeiradesantana.com.br\/sobre\/wp-json\/wp\/v2\/comments?post=1938"}],"version-history":[{"count":0,"href":"https:\/\/www.encontrafeiradesantana.com.br\/sobre\/wp-json\/wp\/v2\/posts\/1938\/revisions"}],"wp:featuredmedia":[{"embeddable":true,"href":"https:\/\/www.encontrafeiradesantana.com.br\/sobre\/wp-json\/wp\/v2\/media\/1937"}],"wp:attachment":[{"href":"https:\/\/www.encontrafeiradesantana.com.br\/sobre\/wp-json\/wp\/v2\/media?parent=1938"}],"wp:term":[{"taxonomy":"category","embeddable":true,"href":"https:\/\/www.encontrafeiradesantana.com.br\/sobre\/wp-json\/wp\/v2\/categories?post=1938"},{"taxonomy":"post_tag","embeddable":true,"href":"https:\/\/www.encontrafeiradesantana.com.br\/sobre\/wp-json\/wp\/v2\/tags?post=1938"}],"curies":[{"name":"wp","href":"https:\/\/api.w.org\/{rel}","templated":true}]}}