{"id":1936,"date":"2026-04-17T03:14:41","date_gmt":"2026-04-17T06:14:41","guid":{"rendered":"https:\/\/www.encontrafeiradesantana.com.br\/sobre\/iluminacao-publica-de-feira-de-santana-e-de-quase-100-de-led\/"},"modified":"2026-04-17T03:14:41","modified_gmt":"2026-04-17T06:14:41","slug":"iluminacao-publica-de-feira-de-santana-e-de-quase-100-de-led","status":"publish","type":"post","link":"https:\/\/www.encontrafeiradesantana.com.br\/sobre\/iluminacao-publica-de-feira-de-santana-e-de-quase-100-de-led\/","title":{"rendered":"Ilumina\u00e7\u00e3o p\u00fablica de Feira de Santana \u00e9 de quase 100% de LED"},"content":{"rendered":"<div class=\"3f468104ad11f00a3c9ac948316f4265\" data-index=\"1\" style=\"float: none; margin:0px;\">\n<ins class=\"adsbygoogle\"\r\n     style=\"display:block\"\r\n     data-ad-client=\"ca-pub-8585364105181520\"\r\n     data-ad-slot=\"8789329856\"\r\n     data-ad-format=\"auto\"\r\n     data-full-width-responsive=\"true\"><\/ins>\r\n<script>\r\n     (adsbygoogle = window.adsbygoogle || []).push({});\r\n<\/script>\r\n\n<\/div>\n<h2>Ilumina\u00e7\u00e3o P\u00fablica em Feira de Santana<\/h2>\n<p>A cidade de Feira de Santana tem realizado um significativo investimento na moderniza\u00e7\u00e3o da sua ilumina\u00e7\u00e3o p\u00fablica, utilizando a tecnologia LED em quase 100% de suas lumin\u00e1rias. Este projeto abrange n\u00e3o apenas a sede do munic\u00edpio, mas tamb\u00e9m se estende para os distritos e seus povoados, onde a substitui\u00e7\u00e3o das l\u00e2mpadas convencionais por LEDs est\u00e1 nos est\u00e1gios finais.<\/p>\n<h2>Benef\u00edcios da Ilumina\u00e7\u00e3o em LED<\/h2>\n<p>As l\u00e2mpadas LED est\u00e3o se tornando a escolha preferida para a ilumina\u00e7\u00e3o p\u00fablica, e n\u00e3o \u00e9 dif\u00edcil entender o porqu\u00ea. Esses dispositivos oferecem uma s\u00e9rie de benef\u00edcios, incluindo:<\/p>\n<ul>\n<li><strong>Efici\u00eancia Energ\u00e9tica:<\/strong> As l\u00e2mpadas LED consomem at\u00e9 85% menos energia em compara\u00e7\u00e3o com as de filamento.<\/li>\n<li><strong>Ilumina\u00e7\u00e3o Clara e Uniforme:<\/strong> Proporcionam uma luminosidade intensa e homog\u00eanea, melhorando a visibilidade nas vias.<\/li>\n<li><strong>Durabilidade:<\/strong> L\u00e2mpadas LED t\u00eam uma vida \u00fatil que pode chegar a 50.000 horas, muito superior \u00e0s l\u00e2mpadas incandescentes.<\/li>\n<\/ul>\n<h2>Seguran\u00e7a nas Ruas com LED<\/h2>\n<p>A implementa\u00e7\u00e3o de ilumina\u00e7\u00e3o LED em Feira de Santana tamb\u00e9m contribui para aumentar a seguran\u00e7a nas ruas. Uma ilumina\u00e7\u00e3o adequada \u00e9 essencial para a preven\u00e7\u00e3o de acidentes, melhorando a visibilidade e contribuindo para a prote\u00e7\u00e3o de pedestres e motoristas nas vias urbanas.<\/p>\n<p><img decoding=\"async\" src=\"https:\/\/www.encontrafeiradesantana.com.br\/sobre\/wp-content\/uploads\/2026\/04\/iluminacao-publica-de-feira-de-santana-e-de-quase-100-de-led.webp\" alt=\"ilumina\u00e7\u00e3o p\u00fablica de Feira de Santana\" loading=\"lazy\" \/><\/p>\n<p>Al\u00e9m disso, a presen\u00e7a de ilumina\u00e7\u00e3o eficiente nas \u00e1reas p\u00fablicas ajuda a inibir comportamentos indesejados \u00e0 noite, promovendo um ambiente mais seguro para a comunidade.<\/p>\n<h2>Economia de Energia e Custos Reduzidos<\/h2>\n<p>Outro aspecto importante \u00e9 a redu\u00e7\u00e3o de custos operacionais. Ao consumir significativamente menos energia, o munic\u00edpio consegue economizar nas contas de eletricidade, o que, por sua vez, pode permitir que esses recursos sejam direcionados a outras necessidades da popula\u00e7\u00e3o. Essa diminui\u00e7\u00e3o nos custos de manuten\u00e7\u00e3o tamb\u00e9m \u00e9 not\u00e1vel, uma vez que as l\u00e2mpadas LED requerem menos trocas e interven\u00e7\u00f5es.<\/p>\n<h2>Durabilidade das L\u00e2mpadas LED<\/h2>\n<p>A durabilidade das l\u00e2mpadas LED representa uma vantagem significativa em rela\u00e7\u00e3o a l\u00e2mpadas convencionais. Elas n\u00e3o apenas duram de 15.000 a 50.000 horas, mas tamb\u00e9m s\u00e3o mais resistentes a impactos e vari\u00e1veis clim\u00e1ticas. Essa resist\u00eancia garante que a ilumina\u00e7\u00e3o p\u00fablica permane\u00e7a eficaz por mais tempo, reduzindo a frequ\u00eancia de manuten\u00e7\u00e3o e troca de equipamentos.<\/p>\n<h2>Impacto Ambiental e Sustentabilidade<\/h2>\n<p>As l\u00e2mpadas LED s\u00e3o uma escolha mais ecol\u00f3gica. Elas n\u00e3o cont\u00eam merc\u00fario, o que as torna uma op\u00e7\u00e3o segura para o meio ambiente. Al\u00e9m disso, devido ao seu menor consumo de energia, ajudam a reduzir a pegada de carbono da cidade, contribuindo para a sustentabilidade e preserva\u00e7\u00e3o do meio ambiente.<\/p>\n<h2>O Processo de Moderniza\u00e7\u00e3o em Feira de Santana<\/h2>\n<p>A moderniza\u00e7\u00e3o da ilumina\u00e7\u00e3o p\u00fablica em Feira de Santana tem sido um objetivo cont\u00ednuo da prefeitura, envolvendo um planejamento cuidadoso e a execu\u00e7\u00e3o de um cronograma que prioriza as \u00e1reas mais necessitadas. A troca das l\u00e2mpadas deve facilitar a ado\u00e7\u00e3o de tecnologia de ponta nas ruas, criando um padr\u00e3o de ilumina\u00e7\u00e3o que respeita a modernidade e a seguran\u00e7a. Com o envolvimento de \u00f3rg\u00e3os p\u00fablicos e a participa\u00e7\u00e3o da comunidade, a implementa\u00e7\u00e3o de LEDs visa atender a demanda cada vez maior por espa\u00e7os urbanos mais seguros e iluminados.<\/p>\n<h2>Compara\u00e7\u00e3o entre LED e L\u00e2mpadas Convencionais<\/h2>\n<p>Comparando as l\u00e2mpadas LED com as l\u00e2mpadas incandescentes, as vantagens s\u00e3o evidentes:<\/p>\n<table>\n<tr>\n<th>Caracter\u00edstica<\/th>\n<th>L\u00e2mpadas LED<\/th>\n<th>L\u00e2mpadas Convencionais<\/th>\n<\/tr>\n<tr>\n<td>Consumo de Energia<\/td>\n<td>At\u00e9 85% menos<\/td>\n<td>Alto consumo<\/td>\n<\/tr>\n<tr>\n<td>Dura\u00e7\u00e3o<\/td>\n<td>At\u00e9 50.000 horas<\/td>\n<td>At\u00e9 2.000 horas<\/td>\n<\/tr>\n<tr>\n<td>Emiss\u00e3o de Calor<\/td>\n<td>Pouco ou nenhum<\/td>\n<td>Alta<\/td>\n<\/tr>\n<tr>\n<td>Impacto Ambiental<\/td>\n<td>Ecol\u00f3gicas<\/td>\n<td>Cont\u00eam merc\u00fario<\/td>\n<\/tr>\n<\/table>\n<h2>Depoimentos da Comunidade sobre a Mudan\u00e7a<\/h2>\n<p>Os moradores de Feira de Santana t\u00eam expressado seu contentamento com as mudan\u00e7as na ilumina\u00e7\u00e3o p\u00fablica. Muitos relatam que as ruas est\u00e3o mais seguras e que a visibilidade melhorou consideravelmente, principalmente em \u00e1reas que antes eram mal iluminadas.<\/p>\n<p>\u201c\u00c9 muito bom ver as ruas iluminadas. Agora podemos andar \u00e0 noite com mais seguran\u00e7a\u201d, comenta um residente. Esses depoimentos ressaltam o impacto positivo da moderniza\u00e7\u00e3o na vida cotidiana da popula\u00e7\u00e3o.<\/p>\n<h2>O Futuro da Ilumina\u00e7\u00e3o P\u00fablica na Cidade<\/h2>\n<p>O investimento em tecnologia LED \u00e9 apenas o come\u00e7o. A Prefeitura de Feira de Santana j\u00e1 explora outras inova\u00e7\u00f5es para melhorar a ilumina\u00e7\u00e3o p\u00fablica, como a implementa\u00e7\u00e3o de l\u00e2mpadas inteligentes, que podem ser controladas remotamente e adaptadas \u00e0s condi\u00e7\u00f5es de luminosidade do ambiente.<\/p>\n<p>Esta vis\u00e3o de futuro se alinha \u00e0s tend\u00eancias globais de smart cities, onde a tecnologia \u00e9 utilizada para otimizar os recursos urbanos e melhorar a qualidade de vida dos cidad\u00e3os.<\/p>\n<h2>Como a Tecnologia LED Est\u00e1 Transformando Cidades<\/h2>\n<p>A tecnologia LED est\u00e1 mudando a forma como as cidades lidam com a ilumina\u00e7\u00e3o p\u00fablica. N\u00e3o se trata apenas de uma mudan\u00e7a est\u00e9tica; \u00e9 uma revolu\u00e7\u00e3o em efici\u00eancia, seguran\u00e7a e economia.<\/p>\n<p>Cidades que adotam essa tecnologia t\u00eam notado melhorias significativas na ilumina\u00e7\u00e3o noturna, resultando em ambientes urbanos mais acolhedores e seguros. O exemplo de Feira de Santana ilustra como a moderniza\u00e7\u00e3o pode transformar espa\u00e7os p\u00fablicos em locais mais amig\u00e1veis e acess\u00edveis a todos.<\/p>\n\n<div style=\"font-size: 0px; height: 0px; line-height: 0px; margin: 0; padding: 0; clear: both;\"><\/div>","protected":false},"excerpt":{"rendered":"<p>Ilumina\u00e7\u00e3o p\u00fablica de Feira de Santana chega a quase 100% de LED, garantindo seguran\u00e7a e efici\u00eancia energ\u00e9tica.<\/p>\n","protected":false},"author":1,"featured_media":1935,"comment_status":"open","ping_status":"closed","sticky":false,"template":"","format":"standard","meta":{"footnotes":""},"categories":[6],"tags":[],"class_list":["post-1936","post","type-post","status-publish","format-standard","has-post-thumbnail","hentry","category-noticias-em-feira-de-santana","has_thumb"],"aioseo_notices":[],"_links":{"self":[{"href":"https:\/\/www.encontrafeiradesantana.com.br\/sobre\/wp-json\/wp\/v2\/posts\/1936","targetHints":{"allow":["GET"]}}],"collection":[{"href":"https:\/\/www.encontrafeiradesantana.com.br\/sobre\/wp-json\/wp\/v2\/posts"}],"about":[{"href":"https:\/\/www.encontrafeiradesantana.com.br\/sobre\/wp-json\/wp\/v2\/types\/post"}],"author":[{"embeddable":true,"href":"https:\/\/www.encontrafeiradesantana.com.br\/sobre\/wp-json\/wp\/v2\/users\/1"}],"replies":[{"embeddable":true,"href":"https:\/\/www.encontrafeiradesantana.com.br\/sobre\/wp-json\/wp\/v2\/comments?post=1936"}],"version-history":[{"count":0,"href":"https:\/\/www.encontrafeiradesantana.com.br\/sobre\/wp-json\/wp\/v2\/posts\/1936\/revisions"}],"wp:featuredmedia":[{"embeddable":true,"href":"https:\/\/www.encontrafeiradesantana.com.br\/sobre\/wp-json\/wp\/v2\/media\/1935"}],"wp:attachment":[{"href":"https:\/\/www.encontrafeiradesantana.com.br\/sobre\/wp-json\/wp\/v2\/media?parent=1936"}],"wp:term":[{"taxonomy":"category","embeddable":true,"href":"https:\/\/www.encontrafeiradesantana.com.br\/sobre\/wp-json\/wp\/v2\/categories?post=1936"},{"taxonomy":"post_tag","embeddable":true,"href":"https:\/\/www.encontrafeiradesantana.com.br\/sobre\/wp-json\/wp\/v2\/tags?post=1936"}],"curies":[{"name":"wp","href":"https:\/\/api.w.org\/{rel}","templated":true}]}}