{"id":1930,"date":"2026-04-16T03:14:32","date_gmt":"2026-04-16T06:14:32","guid":{"rendered":"https:\/\/www.encontrafeiradesantana.com.br\/sobre\/prefeitura-reforca-que-canal-fala-feira-156-e-gratuito-e-segue-em-pleno-funcionamento\/"},"modified":"2026-04-16T03:14:32","modified_gmt":"2026-04-16T06:14:32","slug":"prefeitura-reforca-que-canal-fala-feira-156-e-gratuito-e-segue-em-pleno-funcionamento","status":"publish","type":"post","link":"https:\/\/www.encontrafeiradesantana.com.br\/sobre\/prefeitura-reforca-que-canal-fala-feira-156-e-gratuito-e-segue-em-pleno-funcionamento\/","title":{"rendered":"Prefeitura refor\u00e7a que canal Fala Feira 156 \u00e9 gratuito e segue em pleno funcionamento"},"content":{"rendered":"<div class=\"3f468104ad11f00a3c9ac948316f4265\" data-index=\"1\" style=\"float: none; margin:0px;\">\n<ins class=\"adsbygoogle\"\r\n     style=\"display:block\"\r\n     data-ad-client=\"ca-pub-8585364105181520\"\r\n     data-ad-slot=\"8789329856\"\r\n     data-ad-format=\"auto\"\r\n     data-full-width-responsive=\"true\"><\/ins>\r\n<script>\r\n     (adsbygoogle = window.adsbygoogle || []).push({});\r\n<\/script>\r\n\n<\/div>\n<h2>O que \u00e9 o Fala Feira 156?<\/h2>\n<p>O Fala Feira 156 \u00e9 um canal de comunica\u00e7\u00e3o estabelecido pela Prefeitura de Feira de Santana, projetado para facilitar a intera\u00e7\u00e3o entre os cidad\u00e3os e a administra\u00e7\u00e3o municipal. Atrav\u00e9s deste servi\u00e7o, \u00e9 poss\u00edvel registrar uma variedade de solicita\u00e7\u00f5es, incluindo den\u00fancias, sugest\u00f5es e informa\u00e7\u00f5es sobre servi\u00e7os p\u00fablicos dispon\u00edveis na cidade.<\/p>\n<h2>Como Funciona o Canal Fala Feira 156?<\/h2>\n<p>O funcionamento do canal \u00e9 bastante simples. O cidad\u00e3o pode ligar para o n\u00famero 156 de qualquer operadora de telefonia, sem custo algum. Durante a liga\u00e7\u00e3o, um atendente est\u00e1 dispon\u00edvel para ouvir e registrar as demandas apresentadas, garantindo que cada solicita\u00e7\u00e3o seja devidamente registrada e encaminhada para o setor respons\u00e1vel.<\/p>\n<h2>Benef\u00edcios de Utilizar o Fala Feira 156<\/h2>\n<p>Optar pelo Fala Feira 156 traz v\u00e1rias vantagens, entre as quais destacam-se:<\/p>\n<p><img decoding=\"async\" src=\"https:\/\/www.encontrafeiradesantana.com.br\/sobre\/wp-content\/uploads\/2026\/04\/prefeitura-reforca-que-canal-fala-feira-156-e-gratuito-e-segue-em-pleno-funcionamento.webp\" alt=\"Fala Feira 156\" loading=\"lazy\" \/><\/p>\n<ul>\n<li><strong>Acesso Gratuito:<\/strong> O canal \u00e9 completamente gratuito, tornando-se uma op\u00e7\u00e3o acess\u00edvel a todos os cidad\u00e3os.<\/li>\n<li><strong>Facilidade de Uso:<\/strong> Com uma linha direta e um atendente dispon\u00edvel, o processo de registro de uma solicita\u00e7\u00e3o torna-se r\u00e1pido e pr\u00e1tico.<\/li>\n<li><strong>Transpar\u00eancia:<\/strong> O uso do canal demonstra um compromisso da administra\u00e7\u00e3o p\u00fablica em ouvir e atender as demandas da popula\u00e7\u00e3o, promovendo intera\u00e7\u00f5es transparentes.<\/li>\n<li><strong>Agilidade no Atendimento:<\/strong> Atrav\u00e9s do registro de solicita\u00e7\u00f5es, a administra\u00e7\u00e3o pode priorizar e agir rapidamente nas quest\u00f5es mais urgentes.<\/li>\n<\/ul>\n<h2>Como Registrar Uma Solicita\u00e7\u00e3o?<\/h2>\n<p>Realizar um registro no Fala Feira 156 \u00e9 um processo r\u00e1pido que pode ser feito perfeitamente em poucos passos:<\/p>\n<ol>\n<li><strong>Atenda ao Telefone:<\/strong> Ligue para o n\u00famero 156 de qualquer operadora.<\/li>\n<li><strong>Fale com o Atendente:<\/strong> Um atendente ir\u00e1 atender sua chamada e solicitar detalhes sobre sua demanda.<\/li>\n<li><strong>Fornecer Informa\u00e7\u00f5es:<\/strong> D\u00ea todas as informa\u00e7\u00f5es necess\u00e1rias para um correto registro. Isso inclui descrever a solicita\u00e7\u00e3o, informar localiza\u00e7\u00f5es e prestar dados de contato quando solicitado.<\/li>\n<li><strong>Acompanhe o Processo:<\/strong> Pergunte sobre como obter um n\u00famero de protocolo, que servir\u00e1 para acompanhar o status da sua solicita\u00e7\u00e3o.<\/li>\n<\/ol>\n<h2>Solu\u00e7\u00f5es para Dificuldades na Liga\u00e7\u00e3o<\/h2>\n<p>Caso enfrente problemas ao ligar para o Fala Feira 156, existem algumas recomenda\u00e7\u00f5es:<\/p>\n<ul>\n<li><strong>Checar o Sinal:<\/strong> Verifique se o sinal da sua operadora est\u00e1 adequado para realizar chamadas.<\/li>\n<li><strong>Tentar Outro Hor\u00e1rio:<\/strong> Em per\u00edodos de alta demanda, pode haver mais dificuldade na conex\u00e3o. Tentar ligar em hor\u00e1rios alternativos pode ajudar.<\/li>\n<li><strong>Criar Uma Reclama\u00e7\u00e3o:<\/strong> Se a liga\u00e7\u00e3o n\u00e3o for completada ou se houver cobran\u00e7a indevida, entre em contato com a sua operadora para registrar a reclama\u00e7\u00e3o.<\/li>\n<\/ul>\n<h2>Import\u00e2ncia da Comunica\u00e7\u00e3o com a Prefeitura<\/h2>\n<p>A comunica\u00e7\u00e3o entre a popula\u00e7\u00e3o e a Prefeitura \u00e9 essencial para a boa governan\u00e7a. O Fala Feira 156 representa um elo que possibilita que os cidad\u00e3os expressem suas preocupa\u00e7\u00f5es e sugest\u00f5es diretamente aos respons\u00e1veis pela administra\u00e7\u00e3o p\u00fablica. Isso \u00e9 fundamental para que os gestores compreendam os anseios da popula\u00e7\u00e3o, aumentando a qualidade dos servi\u00e7os prestados.<\/p>\n<h2>Alternativas para Acesso ao Servi\u00e7o<\/h2>\n<p>Al\u00e9m do telefone, h\u00e1 outras maneiras de acessar os servi\u00e7os oferecidos, como:<\/p>\n<ul>\n<li><strong>Aplicativo Fala Feira 156:<\/strong> Dispon\u00edvel para dispositivos Android e iOS, permitindo que os cidad\u00e3os registrem suas demandas de forma pr\u00e1tica e online.<\/li>\n<li><strong>Website Oficial:<\/strong> Acesse o portal da Prefeitura, que pode oferecer informa\u00e7\u00f5es adicionais e outros servi\u00e7os que podem ser \u00fateis.<\/li>\n<\/ul>\n<h2>Compromisso da Prefeitura com a Transpar\u00eancia<\/h2>\n<p>A Prefeitura de Feira de Santana reafirma sua dedica\u00e7\u00e3o a um atendimento transparente e eficaz. O Fala Feira 156 \u00e9 uma das principais ferramentas utilizadas para garantir que a popula\u00e7\u00e3o tenha um canal aberto para suas necessidades, promovendo um espa\u00e7o onde todos se sintam ouvidos e atendidos.<\/p>\n<h2>Aplicativo Fala Feira 156: Vantagens e Funcionalidades<\/h2>\n<p>O aplicativo Fala Feira 156 \u00e9 uma extens\u00e3o conveniente do servi\u00e7o telef\u00f4nico, permitindo que os usu\u00e1rios:<\/p>\n<ul>\n<li><strong>Registrem Solicita\u00e7\u00f5es:<\/strong> Incluindo reclama\u00e7\u00f5es, solicita\u00e7\u00f5es de servi\u00e7os, e mais, diretamente de seu smartphone.<\/li>\n<li><strong>Monitorar o Status:<\/strong> Acompanhe o progresso de suas solicita\u00e7\u00f5es em tempo real.<\/li>\n<li><strong>Receba Notifica\u00e7\u00f5es:<\/strong> Mantenha-se informado sobre quaisquer atualiza\u00e7\u00f5es ou respostas relacionadas \u00e0 sua demanda.<\/li>\n<\/ul>\n<h2>Dicas para Um Atendimento Eficiente<\/h2>\n<p>Para garantir um atendimento mais eficaz ao utilizar o Fala Feira 156, considere as seguintes dicas:<\/p>\n<ul>\n<li><strong>Seja Claro e Objetivo:<\/strong> Ao explicar sua solicita\u00e7\u00e3o, tente ser o mais claro e espec\u00edfico poss\u00edvel.<\/li>\n<li><strong>Tenha Paci\u00eancia:<\/strong> Pode haver tempos de espera, mas seja paciente para garantir que sua demanda seja tratada adequadamente.<\/li>\n<li><strong>Documenta\u00e7\u00e3o:<\/strong> Tenha \u00e0 m\u00e3o documentos ou informa\u00e7\u00f5es que possam ajudar na identifica\u00e7\u00e3o da sua solicita\u00e7\u00e3o, como contratos ou endere\u00e7os.<\/li>\n<\/ul>\n\n<div style=\"font-size: 0px; height: 0px; line-height: 0px; margin: 0; padding: 0; clear: both;\"><\/div>","protected":false},"excerpt":{"rendered":"<p>Fala Feira 156 \u00e9 um servi\u00e7o gratuito essencial para a popula\u00e7\u00e3o.<\/p>\n","protected":false},"author":1,"featured_media":1929,"comment_status":"open","ping_status":"closed","sticky":false,"template":"","format":"standard","meta":{"footnotes":""},"categories":[6],"tags":[],"class_list":["post-1930","post","type-post","status-publish","format-standard","has-post-thumbnail","hentry","category-noticias-em-feira-de-santana","has_thumb"],"aioseo_notices":[],"_links":{"self":[{"href":"https:\/\/www.encontrafeiradesantana.com.br\/sobre\/wp-json\/wp\/v2\/posts\/1930","targetHints":{"allow":["GET"]}}],"collection":[{"href":"https:\/\/www.encontrafeiradesantana.com.br\/sobre\/wp-json\/wp\/v2\/posts"}],"about":[{"href":"https:\/\/www.encontrafeiradesantana.com.br\/sobre\/wp-json\/wp\/v2\/types\/post"}],"author":[{"embeddable":true,"href":"https:\/\/www.encontrafeiradesantana.com.br\/sobre\/wp-json\/wp\/v2\/users\/1"}],"replies":[{"embeddable":true,"href":"https:\/\/www.encontrafeiradesantana.com.br\/sobre\/wp-json\/wp\/v2\/comments?post=1930"}],"version-history":[{"count":0,"href":"https:\/\/www.encontrafeiradesantana.com.br\/sobre\/wp-json\/wp\/v2\/posts\/1930\/revisions"}],"wp:featuredmedia":[{"embeddable":true,"href":"https:\/\/www.encontrafeiradesantana.com.br\/sobre\/wp-json\/wp\/v2\/media\/1929"}],"wp:attachment":[{"href":"https:\/\/www.encontrafeiradesantana.com.br\/sobre\/wp-json\/wp\/v2\/media?parent=1930"}],"wp:term":[{"taxonomy":"category","embeddable":true,"href":"https:\/\/www.encontrafeiradesantana.com.br\/sobre\/wp-json\/wp\/v2\/categories?post=1930"},{"taxonomy":"post_tag","embeddable":true,"href":"https:\/\/www.encontrafeiradesantana.com.br\/sobre\/wp-json\/wp\/v2\/tags?post=1930"}],"curies":[{"name":"wp","href":"https:\/\/api.w.org\/{rel}","templated":true}]}}