{"id":1927,"date":"2026-04-15T03:16:47","date_gmt":"2026-04-15T06:16:47","guid":{"rendered":"https:\/\/www.encontrafeiradesantana.com.br\/sobre\/ii-encontro-baiano-fhba-impulsiona-integracao-regional\/"},"modified":"2026-04-15T03:16:47","modified_gmt":"2026-04-15T06:16:47","slug":"ii-encontro-baiano-fhba-impulsiona-integracao-regional","status":"publish","type":"post","link":"https:\/\/www.encontrafeiradesantana.com.br\/sobre\/ii-encontro-baiano-fhba-impulsiona-integracao-regional\/","title":{"rendered":"II Encontro Baiano FHBA impulsiona integra\u00e7\u00e3o regional"},"content":{"rendered":"<div class=\"3f468104ad11f00a3c9ac948316f4265\" data-index=\"1\" style=\"float: none; margin:0px;\">\n<ins class=\"adsbygoogle\"\r\n     style=\"display:block\"\r\n     data-ad-client=\"ca-pub-8585364105181520\"\r\n     data-ad-slot=\"8789329856\"\r\n     data-ad-format=\"auto\"\r\n     data-full-width-responsive=\"true\"><\/ins>\r\n<script>\r\n     (adsbygoogle = window.adsbygoogle || []).push({});\r\n<\/script>\r\n\n<\/div>\n<h2>Oportunidades no Turismo Regional<\/h2>\n<p>O II Encontro Baiano da Federa\u00e7\u00e3o Brasileira de Hospedagem e Alimenta\u00e7\u00e3o (FBHA) aconteceu em Feira de Santana, reunindo profissionais e interessados na \u00e1rea de turismo. O evento proporcionou uma plataforma para discutir as oportunidades que o setor tur\u00edstico oferece, especialmente para a cidade, que se destaca como um polo estrat\u00e9gico neste segmento no estado da Bahia. Com a participa\u00e7\u00e3o de gestores, empres\u00e1rios e especialistas, o foco estava na integra\u00e7\u00e3o regional e no fortalecimento do turismo local.<\/p>\n<h2>A Import\u00e2ncia do Plano Municipal de Turismo<\/h2>\n<p>Um dos principais aspectos abordados no encontro foi a apresenta\u00e7\u00e3o do Plano Municipal de Turismo 2023-2030. Este plano serve como um guia essencial, delineando metas claras para fomentar a cria\u00e7\u00e3o de empregos e atrair investimentos no setor. O intuito \u00e9 transformar Feira de Santana na lideran\u00e7a do turismo de neg\u00f3cios e eventos no interior da Bahia. A proposta visa estimular n\u00e3o apenas o crescimento econ\u00f4mico, mas tamb\u00e9m a valoriza\u00e7\u00e3o cultural da cidade.<\/p>\n<h2>Equipes e Parceiros no Evento<\/h2>\n<p>A equipe organizadora do evento contou com a participa\u00e7\u00e3o da Secretaria Municipal de Trabalho, Turismo e Desenvolvimento Econ\u00f4mico (SETTDEC), liderada por M\u00e1rcia Ferreira. A colabora\u00e7\u00e3o entre diversas entidades \u00e9 fundamental para o sucesso do turismo na regi\u00e3o. O trabalho conjunto com o Sebrae, a Fecom\u00e9rcio e o Governo do Estado foi destacado como uma estrat\u00e9gia chave para alcan\u00e7ar o desenvolvimento sustent\u00e1vel do trade tur\u00edstico em Feira de Santana.<\/p>\n<h2>Metas para o Futuro do Turismo<\/h2>\n<p>O planejamento estrat\u00e9gico do Plano Municipal de Turismo delineia metas ambiciosas, destacando a diversifica\u00e7\u00e3o da oferta tur\u00edstica. Um objetivo \u00e9 que dentro de dois anos, 80% das diretrizes definidas sejam implementadas, priorizando \u00e1reas como gastronomia, cultura e eventos. Isso prepara a cidade para alcan\u00e7ar um estado mais maduro em sua experi\u00eancia tur\u00edstica at\u00e9 2028, injetando dinamismo e profissionalismo no setor.<\/p>\n<h2>O Papel de Feira de Santana no Circuito Tur\u00edstico<\/h2>\n<p>Feira de Santana est\u00e1 inserida na zona tur\u00edstica conhecida como Caminhos do Sert\u00e3o, que se estende por 17 munic\u00edpios. A interconex\u00e3o entre essas localidades \u00e9 essencial para gerar um fluxo econ\u00f4mico que beneficie a regi\u00e3o semi\u00e1rida da Bahia. A infraestrutura de qualidade da cidade, incluindo o Centro de Conven\u00e7\u00f5es e uma rede hoteleira bem desenvolvida, \u00e9 um ativo importante para atrair eventos e turistas.<\/p>\n<h2>Iniciativas de Sustentabilidade no Artesanato<\/h2>\n<p>Outro destaque do evento foi a promo\u00e7\u00e3o do artesanato local, enfatizando sua liga\u00e7\u00e3o com a sustentabilidade. Artes\u00e3os exibiram suas cria\u00e7\u00f5es, que v\u00e3o desde pe\u00e7as de argila a inova\u00e7\u00f5es com materiais recicl\u00e1veis. A artes\u00e3 Marlene Brito apresentou suas bonecas de pano, utilizando materiais sustent\u00e1veis, mostrando como o artesanato pode refletir a cultura local e ao mesmo tempo gerar renda para as comunidades.<\/p>\n<h2>Reconhecimento de Personalidades do Turismo<\/h2>\n<p>Durante o II Encontro Baiano, ocorreu a entrega do pr\u00eamio Embaixadores do Turismo Feirense, que homenageou pessoas que contribu\u00edram significativamente para a promo\u00e7\u00e3o do turismo na cidade. A secret\u00e1ria M\u00e1rcia Ferreira foi uma das premiadas, o que ressalta a import\u00e2ncia do reconhecimento no fortalecimento do setor. Homenagens assim incentivam mais profissionais a se engajar na promo\u00e7\u00e3o do destino.<\/p>\n<h2>Desafios da Gest\u00e3o Tur\u00edstica<\/h2>\n<p>A gest\u00e3o tur\u00edstica enfrenta v\u00e1rios desafios, incluindo a adapta\u00e7\u00e3o \u00e0 nova legisla\u00e7\u00e3o e \u00e0s mudan\u00e7as nas demandas do mercado. O evento abordou temas relevantes como a reforma tribut\u00e1ria e as novas normas trabalhistas, que impactam diretamente o setor. A capacita\u00e7\u00e3o e a atualiza\u00e7\u00e3o constante s\u00e3o essenciais para que os profissionais do turismo se mantenham competitivos e preparados para enfrentar as adversidades.<\/p>\n<h2>Encontros que Transformam Regi\u00f5es<\/h2>\n<p>Eventos como o II Encontro Baiano FBHA s\u00e3o vitais para promover o di\u00e1logo entre os diversos atores do setor tur\u00edstico. Eles funcionam como catalisadores para a troca de ideias e experi\u00eancias, que podem colaborar para a cria\u00e7\u00e3o de solu\u00e7\u00f5es inovadoras e eficazes. Essas intera\u00e7\u00f5es t\u00eam o poder de transformar a realidade do turismo em regi\u00f5es que historicamente carecem de desenvolvimento nessa \u00e1rea.<\/p>\n<h2>Impactos da Reforma Tribut\u00e1ria no Setor<\/h2>\n<p>A reforma tribut\u00e1ria foi um dos t\u00f3picos centrais do evento. A import\u00e2ncia de compreender as novas legisla\u00e7\u00f5es e suas implica\u00e7\u00f5es no turismo foi enfatizada por especialistas. Com as mudan\u00e7as, espera-se que o setor possa se adaptar e prosperar, refletindo em um ambiente mais favor\u00e1vel para neg\u00f3cios e investimentos na \u00e1rea tur\u00edstica.<\/p>\n\n<div style=\"font-size: 0px; height: 0px; line-height: 0px; margin: 0; padding: 0; clear: both;\"><\/div>","protected":false},"excerpt":{"rendered":"<p>II Encontro Baiano FHBA aproxima regi\u00f5es e fortalece o turismo.<\/p>\n","protected":false},"author":1,"featured_media":0,"comment_status":"open","ping_status":"closed","sticky":false,"template":"","format":"standard","meta":{"footnotes":""},"categories":[26],"tags":[],"class_list":["post-1927","post","type-post","status-publish","format-standard","hentry","category-cultura-em-feira-de-santana"],"aioseo_notices":[],"aioseo_head":"\n\t\t<!-- All in One SEO 5.0.0.1 - aioseo.com -->\n\t<meta name=\"description\" content=\"II Encontro Baiano FHBA aproxima regi\u00f5es e fortalece o turismo.\" \/>\n\t<meta name=\"robots\" content=\"max-image-preview:large\" \/>\n\t<meta name=\"author\" content=\"Encontra Feira de Santana\"\/>\n\t<link rel=\"canonical\" href=\"https:\/\/www.encontrafeiradesantana.com.br\/sobre\/ii-encontro-baiano-fhba-impulsiona-integracao-regional\/\" \/>\n\t<meta name=\"generator\" content=\"All in One SEO (AIOSEO) 5.0.0.1\" \/>\n\t\t<meta property=\"og:locale\" content=\"pt_BR\" \/>\n\t\t<meta property=\"og:site_name\" content=\"Encontra Feira de Santana | Not\u00edcias, eventos, informa\u00e7\u00f5es e dicas na cidade Feira de Santana e regi\u00e3o.\" \/>\n\t\t<meta property=\"og:type\" content=\"article\" \/>\n\t\t<meta property=\"og:title\" content=\"II Encontro Baiano FHBA impulsiona integra\u00e7\u00e3o regional | Encontra Feira de Santana\" \/>\n\t\t<meta property=\"og:description\" content=\"II Encontro Baiano FHBA aproxima regi\u00f5es e fortalece o turismo.\" \/>\n\t\t<meta property=\"og:url\" content=\"https:\/\/www.encontrafeiradesantana.com.br\/sobre\/ii-encontro-baiano-fhba-impulsiona-integracao-regional\/\" \/>\n\t\t<meta property=\"article:published_time\" content=\"2026-04-15T06:16:47+00:00\" \/>\n\t\t<meta property=\"article:modified_time\" content=\"2026-04-15T06:16:47+00:00\" \/>\n\t\t<meta name=\"twitter:card\" content=\"summary\" \/>\n\t\t<meta name=\"twitter:title\" content=\"II Encontro Baiano FHBA impulsiona integra\u00e7\u00e3o regional | Encontra Feira de Santana\" \/>\n\t\t<meta name=\"twitter:description\" content=\"II Encontro Baiano FHBA aproxima regi\u00f5es e fortalece o turismo.\" \/>\n\t\t<script type=\"application\/ld+json\" class=\"aioseo-schema\">\n\t\t\t{\"@context\":\"https:\\\/\\\/schema.org\",\"@graph\":[{\"@type\":\"Article\",\"@id\":\"https:\\\/\\\/www.encontrafeiradesantana.com.br\\\/sobre\\\/ii-encontro-baiano-fhba-impulsiona-integracao-regional\\\/#article\",\"name\":\"II Encontro Baiano FHBA impulsiona integra\\u00e7\\u00e3o regional | Encontra Feira de Santana\",\"headline\":\"II Encontro Baiano FHBA impulsiona integra\\u00e7\\u00e3o regional\",\"author\":{\"@id\":\"https:\\\/\\\/www.encontrafeiradesantana.com.br\\\/sobre\\\/author\\\/efeiradesantana\\\/#author\"},\"publisher\":{\"@id\":\"https:\\\/\\\/www.encontrafeiradesantana.com.br\\\/sobre\\\/#organization\"},\"datePublished\":\"2026-04-15T03:16:47-03:00\",\"dateModified\":\"2026-04-15T03:16:47-03:00\",\"inLanguage\":\"pt-BR\",\"mainEntityOfPage\":{\"@id\":\"https:\\\/\\\/www.encontrafeiradesantana.com.br\\\/sobre\\\/ii-encontro-baiano-fhba-impulsiona-integracao-regional\\\/#webpage\"},\"isPartOf\":{\"@id\":\"https:\\\/\\\/www.encontrafeiradesantana.com.br\\\/sobre\\\/ii-encontro-baiano-fhba-impulsiona-integracao-regional\\\/#webpage\"},\"articleSection\":\"Cultura Feira de Santana\"},{\"@type\":\"BreadcrumbList\",\"@id\":\"https:\\\/\\\/www.encontrafeiradesantana.com.br\\\/sobre\\\/ii-encontro-baiano-fhba-impulsiona-integracao-regional\\\/#breadcrumblist\",\"itemListElement\":[{\"@type\":\"ListItem\",\"@id\":\"https:\\\/\\\/www.encontrafeiradesantana.com.br\\\/sobre#listItem\",\"position\":1,\"name\":\"In\\u00edcio\",\"item\":\"https:\\\/\\\/www.encontrafeiradesantana.com.br\\\/sobre\",\"nextItem\":{\"@type\":\"ListItem\",\"@id\":\"https:\\\/\\\/www.encontrafeiradesantana.com.br\\\/sobre\\\/cultura-em-feira-de-santana\\\/#listItem\",\"name\":\"Cultura Feira de Santana\"}},{\"@type\":\"ListItem\",\"@id\":\"https:\\\/\\\/www.encontrafeiradesantana.com.br\\\/sobre\\\/cultura-em-feira-de-santana\\\/#listItem\",\"position\":2,\"name\":\"Cultura Feira de Santana\",\"item\":\"https:\\\/\\\/www.encontrafeiradesantana.com.br\\\/sobre\\\/cultura-em-feira-de-santana\\\/\",\"nextItem\":{\"@type\":\"ListItem\",\"@id\":\"https:\\\/\\\/www.encontrafeiradesantana.com.br\\\/sobre\\\/ii-encontro-baiano-fhba-impulsiona-integracao-regional\\\/#listItem\",\"name\":\"II Encontro Baiano FHBA impulsiona integra\\u00e7\\u00e3o regional\"},\"previousItem\":{\"@type\":\"ListItem\",\"@id\":\"https:\\\/\\\/www.encontrafeiradesantana.com.br\\\/sobre#listItem\",\"name\":\"In\\u00edcio\"}},{\"@type\":\"ListItem\",\"@id\":\"https:\\\/\\\/www.encontrafeiradesantana.com.br\\\/sobre\\\/ii-encontro-baiano-fhba-impulsiona-integracao-regional\\\/#listItem\",\"position\":3,\"name\":\"II Encontro Baiano FHBA impulsiona integra\\u00e7\\u00e3o regional\",\"previousItem\":{\"@type\":\"ListItem\",\"@id\":\"https:\\\/\\\/www.encontrafeiradesantana.com.br\\\/sobre\\\/cultura-em-feira-de-santana\\\/#listItem\",\"name\":\"Cultura Feira de Santana\"}}]},{\"@type\":\"Organization\",\"@id\":\"https:\\\/\\\/www.encontrafeiradesantana.com.br\\\/sobre\\\/#organization\",\"name\":\"Encontra Feira de Santana\",\"description\":\"Not\\u00edcias, eventos, informa\\u00e7\\u00f5es e dicas na cidade Feira de Santana e regi\\u00e3o.\",\"url\":\"https:\\\/\\\/www.encontrafeiradesantana.com.br\\\/sobre\\\/\"},{\"@type\":\"Person\",\"@id\":\"https:\\\/\\\/www.encontrafeiradesantana.com.br\\\/sobre\\\/author\\\/efeiradesantana\\\/#author\",\"url\":\"https:\\\/\\\/www.encontrafeiradesantana.com.br\\\/sobre\\\/author\\\/efeiradesantana\\\/\",\"name\":\"Encontra Feira de Santana\",\"image\":{\"@type\":\"ImageObject\",\"@id\":\"https:\\\/\\\/www.encontrafeiradesantana.com.br\\\/sobre\\\/ii-encontro-baiano-fhba-impulsiona-integracao-regional\\\/#authorImage\",\"url\":\"https:\\\/\\\/secure.gravatar.com\\\/avatar\\\/507340682b8270222e1f208e23198b6ae7e2c6a1033ae84e99bc6bce4f82a387?s=96&d=mm&r=g\",\"width\":96,\"height\":96,\"caption\":\"Encontra Feira de Santana\"}},{\"@type\":\"WebPage\",\"@id\":\"https:\\\/\\\/www.encontrafeiradesantana.com.br\\\/sobre\\\/ii-encontro-baiano-fhba-impulsiona-integracao-regional\\\/#webpage\",\"url\":\"https:\\\/\\\/www.encontrafeiradesantana.com.br\\\/sobre\\\/ii-encontro-baiano-fhba-impulsiona-integracao-regional\\\/\",\"name\":\"II Encontro Baiano FHBA impulsiona integra\\u00e7\\u00e3o regional | Encontra Feira de Santana\",\"description\":\"II Encontro Baiano FHBA aproxima regi\\u00f5es e fortalece o turismo.\",\"inLanguage\":\"pt-BR\",\"isPartOf\":{\"@id\":\"https:\\\/\\\/www.encontrafeiradesantana.com.br\\\/sobre\\\/#website\"},\"breadcrumb\":{\"@id\":\"https:\\\/\\\/www.encontrafeiradesantana.com.br\\\/sobre\\\/ii-encontro-baiano-fhba-impulsiona-integracao-regional\\\/#breadcrumblist\"},\"author\":{\"@id\":\"https:\\\/\\\/www.encontrafeiradesantana.com.br\\\/sobre\\\/author\\\/efeiradesantana\\\/#author\"},\"creator\":{\"@id\":\"https:\\\/\\\/www.encontrafeiradesantana.com.br\\\/sobre\\\/author\\\/efeiradesantana\\\/#author\"},\"datePublished\":\"2026-04-15T03:16:47-03:00\",\"dateModified\":\"2026-04-15T03:16:47-03:00\"},{\"@type\":\"WebSite\",\"@id\":\"https:\\\/\\\/www.encontrafeiradesantana.com.br\\\/sobre\\\/#website\",\"url\":\"https:\\\/\\\/www.encontrafeiradesantana.com.br\\\/sobre\\\/\",\"name\":\"Encontra Feira de Santana\",\"description\":\"Not\\u00edcias, eventos, informa\\u00e7\\u00f5es e dicas na cidade Feira de Santana e regi\\u00e3o.\",\"inLanguage\":\"pt-BR\",\"publisher\":{\"@id\":\"https:\\\/\\\/www.encontrafeiradesantana.com.br\\\/sobre\\\/#organization\"}}]}\n\t\t<\/script>\n\t\t<!-- All in One SEO -->\n\n","aioseo_head_json":{"title":"II Encontro Baiano FHBA impulsiona integra\u00e7\u00e3o regional | Encontra Feira de Santana","description":"II Encontro Baiano FHBA aproxima regi\u00f5es e fortalece o turismo.","canonical_url":"https:\/\/www.encontrafeiradesantana.com.br\/sobre\/ii-encontro-baiano-fhba-impulsiona-integracao-regional\/","robots":"max-image-preview:large","keywords":"","webmasterTools":{"miscellaneous":""},"schema":{"@context":"https:\/\/schema.org","@graph":[{"@type":"Article","@id":"https:\/\/www.encontrafeiradesantana.com.br\/sobre\/ii-encontro-baiano-fhba-impulsiona-integracao-regional\/#article","name":"II Encontro Baiano FHBA impulsiona integra\u00e7\u00e3o regional | Encontra Feira de Santana","headline":"II Encontro Baiano FHBA impulsiona integra\u00e7\u00e3o regional","author":{"@id":"https:\/\/www.encontrafeiradesantana.com.br\/sobre\/author\/efeiradesantana\/#author"},"publisher":{"@id":"https:\/\/www.encontrafeiradesantana.com.br\/sobre\/#organization"},"datePublished":"2026-04-15T03:16:47-03:00","dateModified":"2026-04-15T03:16:47-03:00","inLanguage":"pt-BR","mainEntityOfPage":{"@id":"https:\/\/www.encontrafeiradesantana.com.br\/sobre\/ii-encontro-baiano-fhba-impulsiona-integracao-regional\/#webpage"},"isPartOf":{"@id":"https:\/\/www.encontrafeiradesantana.com.br\/sobre\/ii-encontro-baiano-fhba-impulsiona-integracao-regional\/#webpage"},"articleSection":"Cultura Feira de Santana"},{"@type":"BreadcrumbList","@id":"https:\/\/www.encontrafeiradesantana.com.br\/sobre\/ii-encontro-baiano-fhba-impulsiona-integracao-regional\/#breadcrumblist","itemListElement":[{"@type":"ListItem","@id":"https:\/\/www.encontrafeiradesantana.com.br\/sobre#listItem","position":1,"name":"In\u00edcio","item":"https:\/\/www.encontrafeiradesantana.com.br\/sobre","nextItem":{"@type":"ListItem","@id":"https:\/\/www.encontrafeiradesantana.com.br\/sobre\/cultura-em-feira-de-santana\/#listItem","name":"Cultura Feira de Santana"}},{"@type":"ListItem","@id":"https:\/\/www.encontrafeiradesantana.com.br\/sobre\/cultura-em-feira-de-santana\/#listItem","position":2,"name":"Cultura Feira de Santana","item":"https:\/\/www.encontrafeiradesantana.com.br\/sobre\/cultura-em-feira-de-santana\/","nextItem":{"@type":"ListItem","@id":"https:\/\/www.encontrafeiradesantana.com.br\/sobre\/ii-encontro-baiano-fhba-impulsiona-integracao-regional\/#listItem","name":"II Encontro Baiano FHBA impulsiona integra\u00e7\u00e3o regional"},"previousItem":{"@type":"ListItem","@id":"https:\/\/www.encontrafeiradesantana.com.br\/sobre#listItem","name":"In\u00edcio"}},{"@type":"ListItem","@id":"https:\/\/www.encontrafeiradesantana.com.br\/sobre\/ii-encontro-baiano-fhba-impulsiona-integracao-regional\/#listItem","position":3,"name":"II Encontro Baiano FHBA impulsiona integra\u00e7\u00e3o regional","previousItem":{"@type":"ListItem","@id":"https:\/\/www.encontrafeiradesantana.com.br\/sobre\/cultura-em-feira-de-santana\/#listItem","name":"Cultura Feira de Santana"}}]},{"@type":"Organization","@id":"https:\/\/www.encontrafeiradesantana.com.br\/sobre\/#organization","name":"Encontra Feira de Santana","description":"Not\u00edcias, eventos, informa\u00e7\u00f5es e dicas na cidade Feira de Santana e regi\u00e3o.","url":"https:\/\/www.encontrafeiradesantana.com.br\/sobre\/"},{"@type":"Person","@id":"https:\/\/www.encontrafeiradesantana.com.br\/sobre\/author\/efeiradesantana\/#author","url":"https:\/\/www.encontrafeiradesantana.com.br\/sobre\/author\/efeiradesantana\/","name":"Encontra Feira de Santana","image":{"@type":"ImageObject","@id":"https:\/\/www.encontrafeiradesantana.com.br\/sobre\/ii-encontro-baiano-fhba-impulsiona-integracao-regional\/#authorImage","url":"https:\/\/secure.gravatar.com\/avatar\/507340682b8270222e1f208e23198b6ae7e2c6a1033ae84e99bc6bce4f82a387?s=96&d=mm&r=g","width":96,"height":96,"caption":"Encontra Feira de Santana"}},{"@type":"WebPage","@id":"https:\/\/www.encontrafeiradesantana.com.br\/sobre\/ii-encontro-baiano-fhba-impulsiona-integracao-regional\/#webpage","url":"https:\/\/www.encontrafeiradesantana.com.br\/sobre\/ii-encontro-baiano-fhba-impulsiona-integracao-regional\/","name":"II Encontro Baiano FHBA impulsiona integra\u00e7\u00e3o regional | Encontra Feira de Santana","description":"II Encontro Baiano FHBA aproxima regi\u00f5es e fortalece o turismo.","inLanguage":"pt-BR","isPartOf":{"@id":"https:\/\/www.encontrafeiradesantana.com.br\/sobre\/#website"},"breadcrumb":{"@id":"https:\/\/www.encontrafeiradesantana.com.br\/sobre\/ii-encontro-baiano-fhba-impulsiona-integracao-regional\/#breadcrumblist"},"author":{"@id":"https:\/\/www.encontrafeiradesantana.com.br\/sobre\/author\/efeiradesantana\/#author"},"creator":{"@id":"https:\/\/www.encontrafeiradesantana.com.br\/sobre\/author\/efeiradesantana\/#author"},"datePublished":"2026-04-15T03:16:47-03:00","dateModified":"2026-04-15T03:16:47-03:00"},{"@type":"WebSite","@id":"https:\/\/www.encontrafeiradesantana.com.br\/sobre\/#website","url":"https:\/\/www.encontrafeiradesantana.com.br\/sobre\/","name":"Encontra Feira de Santana","description":"Not\u00edcias, eventos, informa\u00e7\u00f5es e dicas na cidade Feira de Santana e regi\u00e3o.","inLanguage":"pt-BR","publisher":{"@id":"https:\/\/www.encontrafeiradesantana.com.br\/sobre\/#organization"}}]},"og:locale":"pt_BR","og:site_name":"Encontra Feira de Santana | Not\u00edcias, eventos, informa\u00e7\u00f5es e dicas na cidade Feira de Santana e regi\u00e3o.","og:type":"article","og:title":"II Encontro Baiano FHBA impulsiona integra\u00e7\u00e3o regional | Encontra Feira de Santana","og:description":"II Encontro Baiano FHBA aproxima regi\u00f5es e fortalece o turismo.","og:url":"https:\/\/www.encontrafeiradesantana.com.br\/sobre\/ii-encontro-baiano-fhba-impulsiona-integracao-regional\/","article:published_time":"2026-04-15T06:16:47+00:00","article:modified_time":"2026-04-15T06:16:47+00:00","twitter:card":"summary","twitter:title":"II Encontro Baiano FHBA impulsiona integra\u00e7\u00e3o regional | Encontra Feira de Santana","twitter:description":"II Encontro Baiano FHBA aproxima regi\u00f5es e fortalece o turismo."},"aioseo_meta_data":{"post_id":"1927","title":null,"description":null,"keywords":null,"keyphrases":null,"primary_term":null,"canonical_url":null,"og_title":null,"og_description":null,"og_object_type":"default","og_image_type":"default","og_image_url":null,"og_image_width":null,"og_image_height":null,"og_image_custom_url":null,"og_image_custom_fields":null,"og_video":null,"og_custom_url":null,"og_article_section":null,"og_article_tags":null,"twitter_use_og":false,"twitter_card":"default","twitter_image_type":"default","twitter_image_url":null,"twitter_image_custom_url":null,"twitter_image_custom_fields":null,"twitter_title":null,"twitter_description":null,"schema":{"blockGraphs":[],"customGraphs":[],"default":{"data":{"Article":[],"Course":[],"Dataset":[],"FAQPage":[],"Movie":[],"Person":[],"Product":[],"ProductReview":[],"Car":[],"Recipe":[],"Service":[],"SoftwareApplication":[],"WebPage":[]},"graphName":"Article","isEnabled":true},"graphs":[]},"schema_type":"default","schema_type_options":null,"pillar_content":false,"robots_default":true,"robots_noindex":false,"robots_noarchive":false,"robots_nosnippet":false,"robots_nofollow":false,"robots_noimageindex":false,"robots_noodp":false,"robots_notranslate":false,"robots_max_snippet":null,"robots_max_videopreview":null,"robots_max_imagepreview":"large","priority":null,"frequency":null,"local_seo":null,"breadcrumb_settings":null,"limit_modified_date":false,"ai":null,"created":"2026-04-15 06:16:50","updated":"2026-04-15 06:32:02","focus_keyword":null,"additional_keywords":null,"truseo_locale":null,"seo_analyzer_scan_date":null},"aioseo_breadcrumb":"<div class=\"aioseo-breadcrumbs\"><span class=\"aioseo-breadcrumb\">\n\t\t\t<a href=\"https:\/\/www.encontrafeiradesantana.com.br\/sobre\" title=\"In\u00edcio\">In\u00edcio<\/a>\n\t\t<\/span><span class=\"aioseo-breadcrumb-separator\">&raquo;<\/span><span class=\"aioseo-breadcrumb\">\n\t\t\t<a href=\"https:\/\/www.encontrafeiradesantana.com.br\/sobre\/cultura-em-feira-de-santana\/\" title=\"Cultura Feira de Santana\">Cultura Feira de Santana<\/a>\n\t\t<\/span><span class=\"aioseo-breadcrumb-separator\">&raquo;<\/span><span class=\"aioseo-breadcrumb\">\n\t\t\tII Encontro Baiano FHBA impulsiona integra\u00e7\u00e3o regional\n\t\t<\/span><\/div>","aioseo_breadcrumb_json":[{"label":"In\u00edcio","link":"https:\/\/www.encontrafeiradesantana.com.br\/sobre"},{"label":"Cultura Feira de Santana","link":"https:\/\/www.encontrafeiradesantana.com.br\/sobre\/cultura-em-feira-de-santana\/"},{"label":"II Encontro Baiano FHBA impulsiona integra\u00e7\u00e3o regional","link":"https:\/\/www.encontrafeiradesantana.com.br\/sobre\/ii-encontro-baiano-fhba-impulsiona-integracao-regional\/"}],"_links":{"self":[{"href":"https:\/\/www.encontrafeiradesantana.com.br\/sobre\/wp-json\/wp\/v2\/posts\/1927","targetHints":{"allow":["GET"]}}],"collection":[{"href":"https:\/\/www.encontrafeiradesantana.com.br\/sobre\/wp-json\/wp\/v2\/posts"}],"about":[{"href":"https:\/\/www.encontrafeiradesantana.com.br\/sobre\/wp-json\/wp\/v2\/types\/post"}],"author":[{"embeddable":true,"href":"https:\/\/www.encontrafeiradesantana.com.br\/sobre\/wp-json\/wp\/v2\/users\/1"}],"replies":[{"embeddable":true,"href":"https:\/\/www.encontrafeiradesantana.com.br\/sobre\/wp-json\/wp\/v2\/comments?post=1927"}],"version-history":[{"count":0,"href":"https:\/\/www.encontrafeiradesantana.com.br\/sobre\/wp-json\/wp\/v2\/posts\/1927\/revisions"}],"wp:attachment":[{"href":"https:\/\/www.encontrafeiradesantana.com.br\/sobre\/wp-json\/wp\/v2\/media?parent=1927"}],"wp:term":[{"taxonomy":"category","embeddable":true,"href":"https:\/\/www.encontrafeiradesantana.com.br\/sobre\/wp-json\/wp\/v2\/categories?post=1927"},{"taxonomy":"post_tag","embeddable":true,"href":"https:\/\/www.encontrafeiradesantana.com.br\/sobre\/wp-json\/wp\/v2\/tags?post=1927"}],"curies":[{"name":"wp","href":"https:\/\/api.w.org\/{rel}","templated":true}]}}