{"id":1926,"date":"2026-04-15T03:15:17","date_gmt":"2026-04-15T06:15:17","guid":{"rendered":"https:\/\/www.encontrafeiradesantana.com.br\/sobre\/primeiro-dia-da\/"},"modified":"2026-04-15T03:15:17","modified_gmt":"2026-04-15T06:15:17","slug":"primeiro-dia-da","status":"publish","type":"post","link":"https:\/\/www.encontrafeiradesantana.com.br\/sobre\/primeiro-dia-da\/","title":{"rendered":"Primeiro dia da"},"content":{"rendered":"<div class=\"3f468104ad11f00a3c9ac948316f4265\" data-index=\"1\" style=\"float: none; margin:0px;\">\n<ins class=\"adsbygoogle\"\r\n     style=\"display:block\"\r\n     data-ad-client=\"ca-pub-8585364105181520\"\r\n     data-ad-slot=\"8789329856\"\r\n     data-ad-format=\"auto\"\r\n     data-full-width-responsive=\"true\"><\/ins>\r\n<script>\r\n     (adsbygoogle = window.adsbygoogle || []).push({});\r\n<\/script>\r\n\n<\/div>\n<h2>O que \u00e9 a &#8216;Semana Registre-se&#8217;?<\/h2>\n<p>A &#8220;Semana Registre-se&#8221; \u00e9 uma iniciativa promovida pela Secretaria Municipal de Desenvolvimento Social (SEDESO) que visa facilitar o acesso \u00e0 cidadania atrav\u00e9s da regulariza\u00e7\u00e3o de documentos. Realizada em Feira de Santana, essa a\u00e7\u00e3o busca proporcionar um mecanismo para que os cidad\u00e3os possam obter documentos essenciais de forma gratuita e r\u00e1pida. A semana \u00e9 um esfor\u00e7o concentrado para promover a inclus\u00e3o social e garantir direitos fundamentais que muitas vezes est\u00e3o atrelados \u00e0 posse de documentos oficiais.<\/p>\n<h2>Servi\u00e7os oferecidos durante a semana<\/h2>\n<p>Durante a &#8220;Semana Registre-se&#8221;, uma variedade de servi\u00e7os \u00e9 disponibilizada, permitindo que os cidad\u00e3os realizem diferentes tipos de regulariza\u00e7\u00f5es documentais. Os principais servi\u00e7os incluem:<\/p>\n<ul>\n<li><strong>Emiss\u00e3o de Certid\u00f5es:<\/strong> Cidad\u00e3os podem solicitar a emiss\u00e3o de certid\u00f5es de nascimento, casamento e \u00f3bito, entre outros.<\/li>\n<li><strong>Solicita\u00e7\u00e3o de Segunda Via:<\/strong> Para aqueles que perderam ou tiveram documentos danificados, a segunda via pode ser emitida sem custos.<\/li>\n<li><strong>Atualiza\u00e7\u00e3o Cadastral:<\/strong> A atualiza\u00e7\u00e3o de dados em registros existentes para refletir mudan\u00e7as como div\u00f3rcios ou altera\u00e7\u00f5es de nome \u00e9 facilitada.<\/li>\n<li><strong>Agendamento da Carteira de Identidade Nacional (CIN):<\/strong> Atendendo \u00e0 nova normativa nacional, \u00e9 poss\u00edvel agilizar a realiza\u00e7\u00e3o do documento.<\/li>\n<\/ul>\n<h2>A import\u00e2ncia da regulariza\u00e7\u00e3o documental<\/h2>\n<p>Regularizar documentos \u00e9 crucial para garantir acesso a direitos e servi\u00e7os que s\u00e3o essenciais ao bem-estar social. A falta de documenta\u00e7\u00e3o pode gerar dificuldades em diversas situa\u00e7\u00f5es, como:<\/p>\n<ul>\n<li><strong>Acesso a servi\u00e7os b\u00e1sicos:<\/strong> Muitos servi\u00e7os de sa\u00fade, educa\u00e7\u00e3o e assist\u00eancia dependem de documentos v\u00e1lidos.<\/li>\n<li><strong>Direitos de cidadania:<\/strong> A posse de documentos reconhecidos \u00e9 fundamental para que os cidad\u00e3os possam exercer plenamente seus direitos.<\/li>\n<li><strong>Participa\u00e7\u00e3o social:<\/strong> Cidad\u00e3os sem documenta\u00e7\u00e3o podem enfrentar barreiras para votar, se registrar em programas sociais ou at\u00e9 mesmo abrir contas banc\u00e1rias.<\/li>\n<\/ul>\n<h2>Depoimentos de cidad\u00e3os beneficiados<\/h2>\n<p>A a\u00e7\u00e3o tem gerado impacto positivo na vida de muitos moradores. Depoimentos de cidad\u00e3os que participaram da &#8220;Semana Registre-se&#8221; revelam a import\u00e2ncia e a efic\u00e1cia da medida. Exemplos incluem:<\/p>\n<ul>\n<li><strong>Manuela Evangelista Lopes:<\/strong> A diarista de 40 anos expressou gratid\u00e3o por conseguir corrigir o registro de sua data de nascimento ap\u00f3s anos de tentativas. &#8220;A solu\u00e7\u00e3o do meu problema foi r\u00e1pida e essencial para resolver quest\u00f5es importantes&#8221;, afirmou.<\/li>\n<li><strong>V\u00e2nia Ferreira dos Santos:<\/strong> A aposentada de 53 anos avaliou a experi\u00eancia de forma positiva. &#8220;Consegui regularizar meu registro antigo rapidamente, o que possibilitou o acesso a servi\u00e7os que antes estavam negados&#8221;, disse.<\/li>\n<li><strong>Tamires Pedreira:<\/strong> Aos 35 anos, aproveitou para solicitar a terceira via de seu registro danificado, destacando a rapidez do servi\u00e7o e a gratuidade como um grande al\u00edvio financeiro.<\/li>\n<li><strong>Daniela Santos:<\/strong> A dona de casa de 31 anos elogiou a agilidade do atendimento, enfatizando a diferen\u00e7a que a regulariza\u00e7\u00e3o gratuita fez em sua vida.  &#8220;N\u00e3o precisei esperar semanas e tudo foi resolvido em um \u00fanico dia&#8221;, comentou.<\/li>\n<\/ul>\n<h2>A din\u00e2mica do atendimento na SEDESO<\/h2>\n<p>O atendimento na SEDESO durante a &#8220;Semana Registre-se&#8221; \u00e9 estruturado para atender ao maior n\u00famero poss\u00edvel de pessoas. Desde o in\u00edcio das atividades, filas se formam na sede da secretaria, evidenciando a procura. A equipe est\u00e1 bem preparada, com pessoal capacitado para oferecer suporte e orienta\u00e7\u00e3o sobre os diferentes servi\u00e7os dispon\u00edveis. O ambiente \u00e9 acolhedor, e as pessoas s\u00e3o atendidas conforme chegam, garantindo que o processo seja organizado e eficiente.<\/p>\n<h2>Volunt\u00e1rios e equipe da SEDESO<\/h2>\n<p>A participa\u00e7\u00e3o de volunt\u00e1rios tem sido essencial para o sucesso da &#8220;Semana Registre-se&#8221;. Eles ajudam a orientar os cidad\u00e3os sobre a documenta\u00e7\u00e3o necess\u00e1ria, al\u00e9m de auxiliar no preenchimento de formul\u00e1rios e esclarecimento de d\u00favidas. A equipe da SEDESO, por sua vez, est\u00e1 focada em garantir que todos os servi\u00e7os sejam oferecidos sem contratempos, proporcionando uma experi\u00eancia positiva para todos os envolvidos.<\/p>\n<h2>Como participar da &#8216;Semana Registre-se&#8217;<\/h2>\n<p>Para participar da &#8220;Semana Registre-se&#8221;, os cidad\u00e3os devem comparecer \u00e0 sede da SEDESO durante os dias da a\u00e7\u00e3o, levando a documenta\u00e7\u00e3o necess\u00e1ria. \u00c9 recomend\u00e1vel que cada pessoa verifique os requisitos espec\u00edficos para o servi\u00e7o que deseja solicitar, al\u00e9m de levar documentos como:<\/p>\n<ul>\n<li>Documentos de identidade (RG e CPF)<\/li>\n<li>Comprovante de resid\u00eancia<\/li>\n<li>Documentos pertinentes ao servi\u00e7o que deseja realizar (certid\u00f5es antigas, comprovantes de situa\u00e7\u00f5es de div\u00f3rcio, etc.)<\/li>\n<\/ul>\n<h2>Impacto na comunidade local<\/h2>\n<p>A &#8220;Semana Registre-se&#8221; traz um impacto significativo na comunidade de Feira de Santana, refletindo um maior acesso \u00e0 cidadania e inclus\u00e3o social. A a\u00e7\u00e3o n\u00e3o s\u00f3 ajuda a resolver pend\u00eancias burocr\u00e1ticas, mas tamb\u00e9m promove a conscientiza\u00e7\u00e3o sobre a import\u00e2ncia da documenta\u00e7\u00e3o. Al\u00e9m disso, oferece oportunidades para que cidad\u00e3os possam se sentir mais empoderados e integrados \u00e0 sociedade.<\/p>\n<h2>Pr\u00f3ximos passos ap\u00f3s a regulariza\u00e7\u00e3o<\/h2>\n<p>Ap\u00f3s participar da &#8220;Semana Registre-se&#8221; e regularizar a sua documenta\u00e7\u00e3o, os cidad\u00e3os s\u00e3o incentivados a manter seus documentos atualizados e a acompanhar os prazos de validade de cada um. Al\u00e9m disso, a SEDESO sugere que aproveitem os servi\u00e7os p\u00fablicos dispon\u00edveis, como programas de sa\u00fade, educa\u00e7\u00e3o e assist\u00eancia social, que exigem documenta\u00e7\u00e3o regularizada.<\/p>\n<h2>A\u00e7\u00f5es futuras da SEDESO<\/h2>\n<p>Para al\u00e9m da &#8220;Semana Registre-se&#8221;, a SEDESO se compromete a continuar oferecendo servi\u00e7os de regulariza\u00e7\u00e3o e apoio \u00e0 popula\u00e7\u00e3o. A secretaria planeja implementar a\u00e7\u00f5es peri\u00f3dicas que ajudam a manter a documenta\u00e7\u00e3o da popula\u00e7\u00e3o em dia, assim como promover campanhas de conscientiza\u00e7\u00e3o sobre direitos e deveres dos cidad\u00e3os. O objetivo \u00e9 criar um ciclo cont\u00ednuo de inclus\u00e3o e acesso a direitos, refor\u00e7ando a import\u00e2ncia da documenta\u00e7\u00e3o civil para a cidadania.<\/p>\n\n<div style=\"font-size: 0px; height: 0px; line-height: 0px; margin: 0; padding: 0; clear: both;\"><\/div>","protected":false},"excerpt":{"rendered":"<p>Primeiro dia da &#8216;Registre-se&#8217; traz grande movimento para regulariza\u00e7\u00e3o de documentos.<\/p>\n","protected":false},"author":1,"featured_media":0,"comment_status":"open","ping_status":"closed","sticky":false,"template":"","format":"standard","meta":{"footnotes":""},"categories":[1],"tags":[],"class_list":["post-1926","post","type-post","status-publish","format-standard","hentry","category-cursos-em-feira-de-santana"],"aioseo_notices":[],"_links":{"self":[{"href":"https:\/\/www.encontrafeiradesantana.com.br\/sobre\/wp-json\/wp\/v2\/posts\/1926","targetHints":{"allow":["GET"]}}],"collection":[{"href":"https:\/\/www.encontrafeiradesantana.com.br\/sobre\/wp-json\/wp\/v2\/posts"}],"about":[{"href":"https:\/\/www.encontrafeiradesantana.com.br\/sobre\/wp-json\/wp\/v2\/types\/post"}],"author":[{"embeddable":true,"href":"https:\/\/www.encontrafeiradesantana.com.br\/sobre\/wp-json\/wp\/v2\/users\/1"}],"replies":[{"embeddable":true,"href":"https:\/\/www.encontrafeiradesantana.com.br\/sobre\/wp-json\/wp\/v2\/comments?post=1926"}],"version-history":[{"count":0,"href":"https:\/\/www.encontrafeiradesantana.com.br\/sobre\/wp-json\/wp\/v2\/posts\/1926\/revisions"}],"wp:attachment":[{"href":"https:\/\/www.encontrafeiradesantana.com.br\/sobre\/wp-json\/wp\/v2\/media?parent=1926"}],"wp:term":[{"taxonomy":"category","embeddable":true,"href":"https:\/\/www.encontrafeiradesantana.com.br\/sobre\/wp-json\/wp\/v2\/categories?post=1926"},{"taxonomy":"post_tag","embeddable":true,"href":"https:\/\/www.encontrafeiradesantana.com.br\/sobre\/wp-json\/wp\/v2\/tags?post=1926"}],"curies":[{"name":"wp","href":"https:\/\/api.w.org\/{rel}","templated":true}]}}